{"id":10319,"date":"2020-01-09T14:47:08","date_gmt":"2020-01-09T17:47:08","guid":{"rendered":"http:\/\/www.amstedmaxion.com.br\/?p=10319"},"modified":"2021-07-30T15:17:04","modified_gmt":"2021-07-30T18:17:04","slug":"governo-age-no-stf-para-evitar-reves-em-plano-de-ferrovias","status":"publish","type":"post","link":"https:\/\/www.amstedmaxion.com.br\/en\/governo-age-no-stf-para-evitar-reves-em-plano-de-ferrovias\/","title":{"rendered":"Governo age no STF para evitar rev\u00e9s em plano de ferrovias"},"content":{"rendered":"<p>O governo mobilizou suas for\u00e7as e j\u00e1 procurou pelo menos quatro ministros do Supremo Tribunal Federal nas \u00faltimas semanas, para evitar uma derrota no julgamento mais importante para seus planos na \u00e1rea de infraestrutura. Est\u00e3o em jogo mais de R$ 25 bilh\u00f5es de potenciais investimentos nas ferrovias, que j\u00e1 pediram a renova\u00e7\u00e3o antecipada dos seus contratos de concess\u00e3o.<\/p>\n<p>&nbsp;<\/p>\n<p>A constitucionalidade da Lei 13.448, de 2017, que abriu caminho para as prorroga\u00e7\u00f5es, foi questionada pela Procuradoria-Geral da Rep\u00fablica (PGR). O presidente do Supremo, Dias Toffoli, agendou para o dia 20 de fevereiro a an\u00e1lise da a\u00e7\u00e3o em plen\u00e1rio.<\/p>\n<p>&nbsp;<\/p>\n<p>Apesar do desfecho ainda desconhecido, o cen\u00e1rio j\u00e1 foi mais promissor para as concession\u00e1rias e para o governo, que tem as extens\u00f5es contratuais como prioridade.<\/p>\n<p>&nbsp;<\/p>\n<p>No fim de novembro, o Tribunal de Contas da Uni\u00e3o deu sinal verde para mais 30 anos de concess\u00e3o da Malha Paulista, controlada pela Rumo, em troca de investimentos estimados em at\u00e9 R$ 7 bilh\u00f5es. A not\u00edcia foi recebida com entusiasmo pelo governo, que esperava ter limpado o terreno para outros pleitos bilion\u00e1rios, como o das ferrovias operadas pela Vale.<\/p>\n<p>&nbsp;<\/p>\n<p>Poucos dias depois, no entanto, veio a p\u00fablico um relat\u00f3rio da \u00e1rea t\u00e9cnica do TCU colocando em xeque a prorroga\u00e7\u00e3o da Estrada de Ferro Caraj\u00e1s (EFC), uma das duas concess\u00f5es da mineradora \u2014 a outra \u00e9 a Vit\u00f3ria-Minas.<\/p>\n<p>&nbsp;<\/p>\n<p>Outro sinal de alerta para o governo vem agora com o posicionamento adotado pelo procurador-geral da Rep\u00fablica, Augusto Aras. Ele disse ao Valor Econ\u00f4mico que manter\u00e1 a linha de sua antecessora, Raquel Dodge, autora da a\u00e7\u00e3o de inconstitucionalidade, e que est\u00e1 preparado para sustentar a defesa de nova licita\u00e7\u00e3o das ferrovias.<\/p>\n<p>&nbsp;<\/p>\n<p>Dodge pediu a suspens\u00e3o de tr\u00eas dispositivos da lei: o artigo 6\u00ba (as concession\u00e1rias poder\u00e3o renovar seus contratos cumprindo apenas parte dos requisitos de seguran\u00e7a e produ\u00e7\u00e3o ao longo do tempo); o artigo 25\u00ba (que permite ao governo celebrar os novos contratos sem arrendamento dos bens existentes, repassando todos os ativos \u00e0 concession\u00e1ria); e o artigo 30\u00ba (com a possibilidade de investimentos cruzados, ou seja, em outros trechos ferrovi\u00e1rios).<\/p>\n<p>&nbsp;<\/p>\n<p>\u201cO nosso entendimento \u00e9 o mesmo, n\u00e3o alteramos nada\u201d, afirmou Aras. \u201cOs valores s\u00e3o os mesmos: assegurar o processo licitat\u00f3rio e a garantia de igualdade entre todos no certame. Em segundo, a liberdade de concorr\u00eancia, sem privilegiar quem j\u00e1 se encontra l\u00e1, de modo a se perpetuar na concess\u00e3o. E terceiro: liberdade de iniciativa. Se n\u00e3o h\u00e1 essa liberdade de concorr\u00eancia, fere-se a liberdade de iniciativa.\u201d<\/p>\n<p>&nbsp;<\/p>\n<p>Pautado inicialmente para 11 de dezembro, o julgamento foi adiado. Com receio de ver seus planos frustrados na agenda de ferrovias, o governo deflagrou uma ofensiva no STF. Os ministros Tarc\u00edsio Gomes de Freitas (Infraestrutura) e Andr\u00e9 Mendon\u00e7a (Advocacia-Geral da Uni\u00e3o) expuseram pessoalmente seus argumentos para Toffoli, Gilmar Mendes, Luiz Fux e Lu\u00eds Roberto Barroso.<\/p>\n<p>&nbsp;<\/p>\n<p>Mendon\u00e7a disse que o artigo 175 da Constitui\u00e7\u00e3o assegura a possibilidade de prorroga\u00e7\u00e3o dos contratos. \u201cAs renova\u00e7\u00f5es v\u00e3o permitir o maior programa de redimensionamento da infraestrutura log\u00edstica no Brasil, resgatando tanto investimentos como empregos e permitindo o escoamento mais barato da produ\u00e7\u00e3o\u201d, afirmou o titular da AGU.<\/p>\n<p>&nbsp;<\/p>\n<p>Al\u00e9m de modernizar a Malha Paulista, com investimentos como a duplica\u00e7\u00e3o de um trecho de 111 quil\u00f4metros entre Itirapina e Campinas, o governo prev\u00ea usar a renova\u00e7\u00e3o de outras concess\u00f5es para tirar do papel as obras da Ferrovia de Integra\u00e7\u00e3o do Centro-Oeste (Fico) e pelo menos parte da Vit\u00f3ria-Rio. Elas seriam contrapartidas do setor privado ao direito de explorar as atuais concess\u00f5es por outros 30 anos. \u201cTemos bons argumentos e estamos confiantes em um desfecho favor\u00e1vel\u201d, acrescentou Tarc\u00edsio Freitas.<\/p>\n<p>&nbsp;<\/p>\n<p>No mercado, uma avalia\u00e7\u00e3o \u00e9 que o governo tentaria assinar com a Rumo, antes do julgamento no STF, o aditivo contratual da Malha Paulista. A Ag\u00eancia Nacional de Transportes Terrestres (ANTT) est\u00e1 fazendo os ajustes determinados pelo ac\u00f3rd\u00e3o do TCU na vers\u00e3o inicial do contrato.<\/p>\n<p>&nbsp;<\/p>\n<p>Por isso, a Frente Nacional pela Volta das Ferrovias (Ferrofrente) pediu \u00e0 relatora do caso, ministra Carmen L\u00facia, uma medida cautelar enquanto o plen\u00e1rio n\u00e3o decide, alegando periculum in mora (perigo da demora). \u201cO tempo est\u00e1 passando a favor das concession\u00e1rias, o que \u00e9 p\u00e9ssimo para o Brasil\u201d, diz o presidente da entidade, Jos\u00e9 Manoel Ferreira Gon\u00e7alves.<\/p>\n<p>&nbsp;<\/p>\n<p>\u201cN\u00e3o podemos conviver com o jeitinho que a Lei 13.448 instituiu no setor ferrovi\u00e1rio, mantendo de forma indevida concession\u00e1rias incompetentes na presta\u00e7\u00e3o de servi\u00e7os estrat\u00e9gicos na integra\u00e7\u00e3o nacional, como \u00e9 o caso das ferrovias.\u201d<\/p>\n<p>&nbsp;<\/p>\n<p>Em dezembro, a Associa\u00e7\u00e3o Brasileira do Agroneg\u00f3cio (Abag) se posicionou contra um exame monocr\u00e1tico da quest\u00e3o por Carmen L\u00facia e elencou raz\u00f5es para defender as renova\u00e7\u00f5es das ferrovias. A Federa\u00e7\u00e3o das Ind\u00fastrias do Estado de S\u00e3o Paulo (Fiesp) se pronunciou no mesmo sentido.<\/p>\n<p>&nbsp;<\/p>\n<p>Fonte: Valor Econ\u00f4mico<\/p>\n","protected":false},"excerpt":{"rendered":"<p>O governo mobilizou suas for\u00e7as e j\u00e1 procurou pelo menos quatro ministros do Supremo Tribunal Federal nas \u00faltimas semanas, para evitar uma derrota no julgamento mais importante para seus planos na \u00e1rea de infraestrutura. Est\u00e3o em jogo mais de R$ 25 bilh\u00f5es de potenciais investimentos nas ferrovias, que j\u00e1 pediram a renova\u00e7\u00e3o antecipada dos seus [&hellip;]<\/p>\n","protected":false},"author":5,"featured_media":0,"comment_status":"open","ping_status":"open","sticky":false,"template":"","format":"standard","meta":{"_acf_changed":false,"footnotes":""},"categories":[2],"tags":[],"class_list":["post-10319","post","type-post","status-publish","format-standard","hentry","category-noticias"],"acf":[],"yoast_head":"<!-- This site is optimized with the Yoast SEO plugin v23.9 - https:\/\/yoast.com\/wordpress\/plugins\/seo\/ -->\n<title>Governo age no STF para evitar rev\u00e9s em plano de ferrovias - AmstedMaxion<\/title>\n<meta name=\"robots\" content=\"index, follow, max-snippet:-1, max-image-preview:large, max-video-preview:-1\" \/>\n<link rel=\"canonical\" href=\"https:\/\/www.amstedmaxion.com.br\/governo-age-no-stf-para-evitar-reves-em-plano-de-ferrovias\/\" \/>\n<meta property=\"og:locale\" content=\"en_US\" \/>\n<meta property=\"og:type\" content=\"article\" \/>\n<meta property=\"og:title\" content=\"Governo age no STF para evitar rev\u00e9s em plano de ferrovias - AmstedMaxion\" \/>\n<meta property=\"og:description\" content=\"O governo mobilizou suas for\u00e7as e j\u00e1 procurou pelo menos quatro ministros do Supremo Tribunal Federal nas \u00faltimas semanas, para evitar uma derrota no julgamento mais importante para seus planos na \u00e1rea de infraestrutura. Est\u00e3o em jogo mais de R$ 25 bilh\u00f5es de potenciais investimentos nas ferrovias, que j\u00e1 pediram a renova\u00e7\u00e3o antecipada dos seus [&hellip;]\" \/>\n<meta property=\"og:url\" content=\"https:\/\/www.amstedmaxion.com.br\/governo-age-no-stf-para-evitar-reves-em-plano-de-ferrovias\/\" \/>\n<meta property=\"og:site_name\" content=\"AmstedMaxion\" \/>\n<meta property=\"article:publisher\" content=\"https:\/\/www.facebook.com\/AmstedMaxion.Oficial\" \/>\n<meta property=\"article:published_time\" content=\"2020-01-09T17:47:08+00:00\" \/>\n<meta property=\"article:modified_time\" content=\"2021-07-30T18:17:04+00:00\" \/>\n<meta name=\"author\" content=\"Rosane Storto\" \/>\n<meta name=\"twitter:card\" content=\"summary_large_image\" \/>\n<meta name=\"twitter:label1\" content=\"Written by\" \/>\n\t<meta name=\"twitter:data1\" content=\"Rosane Storto\" \/>\n\t<meta name=\"twitter:label2\" content=\"Est. reading time\" \/>\n\t<meta name=\"twitter:data2\" content=\"4 minutes\" \/>\n<script type=\"application\/ld+json\" class=\"yoast-schema-graph\">{\"@context\":\"https:\/\/schema.org\",\"@graph\":[{\"@type\":\"Article\",\"@id\":\"https:\/\/www.amstedmaxion.com.br\/governo-age-no-stf-para-evitar-reves-em-plano-de-ferrovias\/#article\",\"isPartOf\":{\"@id\":\"https:\/\/www.amstedmaxion.com.br\/governo-age-no-stf-para-evitar-reves-em-plano-de-ferrovias\/\"},\"author\":{\"name\":\"Rosane Storto\",\"@id\":\"https:\/\/www.amstedmaxion.com.br\/#\/schema\/person\/140cb65f07d4e66dd5543c8a187bf436\"},\"headline\":\"Governo age no STF para evitar rev\u00e9s em plano de ferrovias\",\"datePublished\":\"2020-01-09T17:47:08+00:00\",\"dateModified\":\"2021-07-30T18:17:04+00:00\",\"mainEntityOfPage\":{\"@id\":\"https:\/\/www.amstedmaxion.com.br\/governo-age-no-stf-para-evitar-reves-em-plano-de-ferrovias\/\"},\"wordCount\":868,\"commentCount\":0,\"publisher\":{\"@id\":\"https:\/\/www.amstedmaxion.com.br\/#organization\"},\"articleSection\":[\"Not\u00edcias da AmstedMaxion\"],\"inLanguage\":\"en-US\",\"potentialAction\":[{\"@type\":\"CommentAction\",\"name\":\"Comment\",\"target\":[\"https:\/\/www.amstedmaxion.com.br\/governo-age-no-stf-para-evitar-reves-em-plano-de-ferrovias\/#respond\"]}]},{\"@type\":\"WebPage\",\"@id\":\"https:\/\/www.amstedmaxion.com.br\/governo-age-no-stf-para-evitar-reves-em-plano-de-ferrovias\/\",\"url\":\"https:\/\/www.amstedmaxion.com.br\/governo-age-no-stf-para-evitar-reves-em-plano-de-ferrovias\/\",\"name\":\"Governo age no STF para evitar rev\u00e9s em plano de ferrovias - AmstedMaxion\",\"isPartOf\":{\"@id\":\"https:\/\/www.amstedmaxion.com.br\/#website\"},\"datePublished\":\"2020-01-09T17:47:08+00:00\",\"dateModified\":\"2021-07-30T18:17:04+00:00\",\"breadcrumb\":{\"@id\":\"https:\/\/www.amstedmaxion.com.br\/governo-age-no-stf-para-evitar-reves-em-plano-de-ferrovias\/#breadcrumb\"},\"inLanguage\":\"en-US\",\"potentialAction\":[{\"@type\":\"ReadAction\",\"target\":[\"https:\/\/www.amstedmaxion.com.br\/governo-age-no-stf-para-evitar-reves-em-plano-de-ferrovias\/\"]}]},{\"@type\":\"BreadcrumbList\",\"@id\":\"https:\/\/www.amstedmaxion.com.br\/governo-age-no-stf-para-evitar-reves-em-plano-de-ferrovias\/#breadcrumb\",\"itemListElement\":[{\"@type\":\"ListItem\",\"position\":1,\"name\":\"In\u00edcio\",\"item\":\"https:\/\/www.amstedmaxion.com.br\/\"},{\"@type\":\"ListItem\",\"position\":2,\"name\":\"Governo age no STF para evitar rev\u00e9s em plano de ferrovias\"}]},{\"@type\":\"WebSite\",\"@id\":\"https:\/\/www.amstedmaxion.com.br\/#website\",\"url\":\"https:\/\/www.amstedmaxion.com.br\/\",\"name\":\"AmstedMaxion\",\"description\":\"AmstedMaxion - Fundi\u00e7\u00e3o e Equipamentos Ferrovi\u00e1rios\",\"publisher\":{\"@id\":\"https:\/\/www.amstedmaxion.com.br\/#organization\"},\"alternateName\":\"AmstedMaxion\",\"potentialAction\":[{\"@type\":\"SearchAction\",\"target\":{\"@type\":\"EntryPoint\",\"urlTemplate\":\"https:\/\/www.amstedmaxion.com.br\/?s={search_term_string}\"},\"query-input\":{\"@type\":\"PropertyValueSpecification\",\"valueRequired\":true,\"valueName\":\"search_term_string\"}}],\"inLanguage\":\"en-US\"},{\"@type\":\"Organization\",\"@id\":\"https:\/\/www.amstedmaxion.com.br\/#organization\",\"name\":\"AMSTEDMAXION\",\"url\":\"https:\/\/www.amstedmaxion.com.br\/\",\"logo\":{\"@type\":\"ImageObject\",\"inLanguage\":\"en-US\",\"@id\":\"https:\/\/www.amstedmaxion.com.br\/#\/schema\/logo\/image\/\",\"url\":\"https:\/\/www.amstedmaxion.com.br\/wp-content\/uploads\/2023\/11\/amsted.png\",\"contentUrl\":\"https:\/\/www.amstedmaxion.com.br\/wp-content\/uploads\/2023\/11\/amsted.png\",\"width\":500,\"height\":500,\"caption\":\"AMSTEDMAXION\"},\"image\":{\"@id\":\"https:\/\/www.amstedmaxion.com.br\/#\/schema\/logo\/image\/\"},\"sameAs\":[\"https:\/\/www.facebook.com\/AmstedMaxion.Oficial\",\"https:\/\/br.linkedin.com\/company\/amstedmaxion\"]},{\"@type\":\"Person\",\"@id\":\"https:\/\/www.amstedmaxion.com.br\/#\/schema\/person\/140cb65f07d4e66dd5543c8a187bf436\",\"name\":\"Rosane Storto\",\"image\":{\"@type\":\"ImageObject\",\"inLanguage\":\"en-US\",\"@id\":\"https:\/\/www.amstedmaxion.com.br\/#\/schema\/person\/image\/\",\"url\":\"https:\/\/secure.gravatar.com\/avatar\/0e3d021545bbe593cb0eb3ee740544fefa86d59762e63dec1dbe9480a34c98cd?s=96&d=mm&r=g\",\"contentUrl\":\"https:\/\/secure.gravatar.com\/avatar\/0e3d021545bbe593cb0eb3ee740544fefa86d59762e63dec1dbe9480a34c98cd?s=96&d=mm&r=g\",\"caption\":\"Rosane Storto\"}}]}<\/script>\n<!-- \/ Yoast SEO plugin. -->","yoast_head_json":{"title":"Governo age no STF para evitar rev\u00e9s em plano de ferrovias - AmstedMaxion","robots":{"index":"index","follow":"follow","max-snippet":"max-snippet:-1","max-image-preview":"max-image-preview:large","max-video-preview":"max-video-preview:-1"},"canonical":"https:\/\/www.amstedmaxion.com.br\/governo-age-no-stf-para-evitar-reves-em-plano-de-ferrovias\/","og_locale":"en_US","og_type":"article","og_title":"Governo age no STF para evitar rev\u00e9s em plano de ferrovias - AmstedMaxion","og_description":"O governo mobilizou suas for\u00e7as e j\u00e1 procurou pelo menos quatro ministros do Supremo Tribunal Federal nas \u00faltimas semanas, para evitar uma derrota no julgamento mais importante para seus planos na \u00e1rea de infraestrutura. Est\u00e3o em jogo mais de R$ 25 bilh\u00f5es de potenciais investimentos nas ferrovias, que j\u00e1 pediram a renova\u00e7\u00e3o antecipada dos seus [&hellip;]","og_url":"https:\/\/www.amstedmaxion.com.br\/governo-age-no-stf-para-evitar-reves-em-plano-de-ferrovias\/","og_site_name":"AmstedMaxion","article_publisher":"https:\/\/www.facebook.com\/AmstedMaxion.Oficial","article_published_time":"2020-01-09T17:47:08+00:00","article_modified_time":"2021-07-30T18:17:04+00:00","author":"Rosane Storto","twitter_card":"summary_large_image","twitter_misc":{"Written by":"Rosane Storto","Est. reading time":"4 minutes"},"schema":{"@context":"https:\/\/schema.org","@graph":[{"@type":"Article","@id":"https:\/\/www.amstedmaxion.com.br\/governo-age-no-stf-para-evitar-reves-em-plano-de-ferrovias\/#article","isPartOf":{"@id":"https:\/\/www.amstedmaxion.com.br\/governo-age-no-stf-para-evitar-reves-em-plano-de-ferrovias\/"},"author":{"name":"Rosane Storto","@id":"https:\/\/www.amstedmaxion.com.br\/#\/schema\/person\/140cb65f07d4e66dd5543c8a187bf436"},"headline":"Governo age no STF para evitar rev\u00e9s em plano de ferrovias","datePublished":"2020-01-09T17:47:08+00:00","dateModified":"2021-07-30T18:17:04+00:00","mainEntityOfPage":{"@id":"https:\/\/www.amstedmaxion.com.br\/governo-age-no-stf-para-evitar-reves-em-plano-de-ferrovias\/"},"wordCount":868,"commentCount":0,"publisher":{"@id":"https:\/\/www.amstedmaxion.com.br\/#organization"},"articleSection":["Not\u00edcias da AmstedMaxion"],"inLanguage":"en-US","potentialAction":[{"@type":"CommentAction","name":"Comment","target":["https:\/\/www.amstedmaxion.com.br\/governo-age-no-stf-para-evitar-reves-em-plano-de-ferrovias\/#respond"]}]},{"@type":"WebPage","@id":"https:\/\/www.amstedmaxion.com.br\/governo-age-no-stf-para-evitar-reves-em-plano-de-ferrovias\/","url":"https:\/\/www.amstedmaxion.com.br\/governo-age-no-stf-para-evitar-reves-em-plano-de-ferrovias\/","name":"Governo age no STF para evitar rev\u00e9s em plano de ferrovias - AmstedMaxion","isPartOf":{"@id":"https:\/\/www.amstedmaxion.com.br\/#website"},"datePublished":"2020-01-09T17:47:08+00:00","dateModified":"2021-07-30T18:17:04+00:00","breadcrumb":{"@id":"https:\/\/www.amstedmaxion.com.br\/governo-age-no-stf-para-evitar-reves-em-plano-de-ferrovias\/#breadcrumb"},"inLanguage":"en-US","potentialAction":[{"@type":"ReadAction","target":["https:\/\/www.amstedmaxion.com.br\/governo-age-no-stf-para-evitar-reves-em-plano-de-ferrovias\/"]}]},{"@type":"BreadcrumbList","@id":"https:\/\/www.amstedmaxion.com.br\/governo-age-no-stf-para-evitar-reves-em-plano-de-ferrovias\/#breadcrumb","itemListElement":[{"@type":"ListItem","position":1,"name":"In\u00edcio","item":"https:\/\/www.amstedmaxion.com.br\/"},{"@type":"ListItem","position":2,"name":"Governo age no STF para evitar rev\u00e9s em plano de ferrovias"}]},{"@type":"WebSite","@id":"https:\/\/www.amstedmaxion.com.br\/#website","url":"https:\/\/www.amstedmaxion.com.br\/","name":"AmstedMaxion","description":"AmstedMaxion - Fundi\u00e7\u00e3o e Equipamentos Ferrovi\u00e1rios","publisher":{"@id":"https:\/\/www.amstedmaxion.com.br\/#organization"},"alternateName":"AmstedMaxion","potentialAction":[{"@type":"SearchAction","target":{"@type":"EntryPoint","urlTemplate":"https:\/\/www.amstedmaxion.com.br\/?s={search_term_string}"},"query-input":{"@type":"PropertyValueSpecification","valueRequired":true,"valueName":"search_term_string"}}],"inLanguage":"en-US"},{"@type":"Organization","@id":"https:\/\/www.amstedmaxion.com.br\/#organization","name":"AMSTEDMAXION","url":"https:\/\/www.amstedmaxion.com.br\/","logo":{"@type":"ImageObject","inLanguage":"en-US","@id":"https:\/\/www.amstedmaxion.com.br\/#\/schema\/logo\/image\/","url":"https:\/\/www.amstedmaxion.com.br\/wp-content\/uploads\/2023\/11\/amsted.png","contentUrl":"https:\/\/www.amstedmaxion.com.br\/wp-content\/uploads\/2023\/11\/amsted.png","width":500,"height":500,"caption":"AMSTEDMAXION"},"image":{"@id":"https:\/\/www.amstedmaxion.com.br\/#\/schema\/logo\/image\/"},"sameAs":["https:\/\/www.facebook.com\/AmstedMaxion.Oficial","https:\/\/br.linkedin.com\/company\/amstedmaxion"]},{"@type":"Person","@id":"https:\/\/www.amstedmaxion.com.br\/#\/schema\/person\/140cb65f07d4e66dd5543c8a187bf436","name":"Rosane Storto","image":{"@type":"ImageObject","inLanguage":"en-US","@id":"https:\/\/www.amstedmaxion.com.br\/#\/schema\/person\/image\/","url":"https:\/\/secure.gravatar.com\/avatar\/0e3d021545bbe593cb0eb3ee740544fefa86d59762e63dec1dbe9480a34c98cd?s=96&d=mm&r=g","contentUrl":"https:\/\/secure.gravatar.com\/avatar\/0e3d021545bbe593cb0eb3ee740544fefa86d59762e63dec1dbe9480a34c98cd?s=96&d=mm&r=g","caption":"Rosane Storto"}}]}},"_links":{"self":[{"href":"https:\/\/www.amstedmaxion.com.br\/en\/wp-json\/wp\/v2\/posts\/10319","targetHints":{"allow":["GET"]}}],"collection":[{"href":"https:\/\/www.amstedmaxion.com.br\/en\/wp-json\/wp\/v2\/posts"}],"about":[{"href":"https:\/\/www.amstedmaxion.com.br\/en\/wp-json\/wp\/v2\/types\/post"}],"author":[{"embeddable":true,"href":"https:\/\/www.amstedmaxion.com.br\/en\/wp-json\/wp\/v2\/users\/5"}],"replies":[{"embeddable":true,"href":"https:\/\/www.amstedmaxion.com.br\/en\/wp-json\/wp\/v2\/comments?post=10319"}],"version-history":[{"count":1,"href":"https:\/\/www.amstedmaxion.com.br\/en\/wp-json\/wp\/v2\/posts\/10319\/revisions"}],"predecessor-version":[{"id":10320,"href":"https:\/\/www.amstedmaxion.com.br\/en\/wp-json\/wp\/v2\/posts\/10319\/revisions\/10320"}],"wp:attachment":[{"href":"https:\/\/www.amstedmaxion.com.br\/en\/wp-json\/wp\/v2\/media?parent=10319"}],"wp:term":[{"taxonomy":"category","embeddable":true,"href":"https:\/\/www.amstedmaxion.com.br\/en\/wp-json\/wp\/v2\/categories?post=10319"},{"taxonomy":"post_tag","embeddable":true,"href":"https:\/\/www.amstedmaxion.com.br\/en\/wp-json\/wp\/v2\/tags?post=10319"}],"curies":[{"name":"wp","href":"https:\/\/api.w.org\/{rel}","templated":true}]}}