{"id":11012,"date":"2020-02-26T10:24:00","date_gmt":"2020-02-26T13:24:00","guid":{"rendered":"http:\/\/www.amstedmaxion.com.br\/?p=11012"},"modified":"2020-02-27T10:26:54","modified_gmt":"2020-02-27T13:26:54","slug":"porto-de-santos-quer-aumentar-participacao-de-ferrovias-no-transporte-de-cargas","status":"publish","type":"post","link":"https:\/\/www.amstedmaxion.com.br\/en\/porto-de-santos-quer-aumentar-participacao-de-ferrovias-no-transporte-de-cargas\/","title":{"rendered":"Porto de Santos quer aumentar participa\u00e7\u00e3o de ferrovias no transporte de cargas"},"content":{"rendered":"\n<p>A SPA (autoridade portu\u00e1ria de Santos, antiga Codesp)\ndivulgou nesta segunda-feira (17) o plano de zoneamento que dever\u00e1 nortear o\ncrescimento do Porto de Santos, o maior do pa\u00eds, pelos pr\u00f3ximos 20 anos.<\/p>\n\n\n\n<p>O chamado PDZ (Plano de Desenvolvimento e Zoneamento),\nprev\u00ea o aumento da participa\u00e7\u00e3o do modal ferrovi\u00e1rio no transporte, al\u00e9m da\nreorganiza\u00e7\u00e3o espacial dos terminais, com agrupamentos por tipo de carga.<\/p>\n\n\n\n<p>O plano prev\u00ea a expans\u00e3o da capacidade operacional do\nporto em 49% at\u00e9 2040, dos atuais 161,9 milh\u00f5es de toneladas para 240,6 milh\u00f5es\nde toneladas.<\/p>\n\n\n\n<p>A propor\u00e7\u00e3o de cargas que hoje chegam aos terminais por\nvias f\u00e9rreas saltaria dos atuais 33% para 40% nos pr\u00f3ximos 20 anos.<\/p>\n\n\n\n<p>O plano enfrenta resist\u00eancia do Sindicam (Sindicato dos\nTrabalhadores Rodovi\u00e1rios Aut\u00f4nomos), que realiza manifesta\u00e7\u00f5es na regi\u00e3o\nportu\u00e1ria nesta segunda. O sindicato afirma que o PDZ dever\u00e1 causar demiss\u00f5es,\no que \u00e9 negado pela autoridade portu\u00e1ria.<\/p>\n\n\n\n<p>N\u00e3o faz sentido [a posi\u00e7\u00e3o do sindicato] porque o plano\nprev\u00ea aumento de demanda, de capacidade e maior efici\u00eancia. Isso gera empregos,\ne n\u00e3o o contr\u00e1rio, afirma o presidente da SPA, Casemiro T\u00e9rcio Carvalho.<\/p>\n\n\n\n<p>A jornalistas, T\u00e9rcio disse que o entendimento do\nSindicam \u00e9 paradoxal, que o PDZ foi discutido com sindicatos e que at\u00e9 alunos\nda oitava s\u00e9rie [nono ano no Ensino Fundamental] entenderiam que o plano gera\nempregos, e n\u00e3o o contr\u00e1rio.<\/p>\n\n\n\n<p>A reportagem foi at\u00e9 a sede do Sindicam em Santos e\ntelefonou para diretores da entidade, que n\u00e3o se manifestaram sobre a\nparalisa\u00e7\u00e3o nem sobre as declara\u00e7\u00f5es de T\u00e9rcio at\u00e9 a publica\u00e7\u00e3o deste texto.<\/p>\n\n\n\n<p>A SPA conseguiu no \u00faltimo domingo (17) que a Justi\u00e7a\nproibisse, em decis\u00e3o liminar, que os caminhoneiros bloqueassem acessos ao\nporto, como prometia o presidente do Sindicam, Alexsandro Viviani, conhecido\ncomo Italiano.<\/p>\n\n\n\n<p>Nesta segunda, Viviani chegou a ocupar parte de vias de\nacesso ao porto, mas foi detido pela Pol\u00edcia Federal e liberado em seguida. A\nparalisa\u00e7\u00e3o de caminhoneiros j\u00e1 havia sido encerrada por volta das 16h, quando\na Folha percorreu a regi\u00e3o portu\u00e1ria.<\/p>\n\n\n\n<p>A decis\u00e3o judicial que proibiu o bloqueio foi proferida\npelo juiz federal Roberto da Silva Oliveira, e estipulou multa di\u00e1ria de R$ 200\nmil caso o Sindicam paralisasse o porto. Outra liminar semelhante, da Justi\u00e7a\nestadual, foi dada \u00e0 operadora Rumo, e previa multa de R$ 50 mil por dia de\neventual bloqueio de caminhoneiros.<\/p>\n\n\n\n<p>Entre as principais mudan\u00e7as previstas no porto pelo\nplano est\u00e1 a reorganiza\u00e7\u00e3o do espa\u00e7o dos terminais por tipo de carga, o que\nsegundo a SPA traria ganhos de escala e efici\u00eancia no uso dos ber\u00e7os de\natraca\u00e7\u00e3o.<\/p>\n\n\n\n<p>Para fazer a mudan\u00e7a, a autoridade portu\u00e1ria n\u00e3o vai\nrenovar contratos com terminais menores que est\u00e3o prestes a vencer.<\/p>\n\n\n\n<p>Os terminais pequenos n\u00e3o capacitados para atendimento\nferrovi\u00e1rio saem, teremos a consolida\u00e7\u00e3o de terminais, diz T\u00e9rcio.<\/p>\n\n\n\n<p>Segundo ele, o PDZ tamb\u00e9m pretende diminuir a quantidade\nde manobras desnecess\u00e1rias de navios em Santos. S\u00e3o mais de 12 mil movimentos\npor ano para 4700 navios. Isso quer dizer que tem embarca\u00e7\u00e3o que faz tr\u00eas\nmovimentos no porto, isso \u00e9 inefici\u00eancia. Ocupo horas de canal com manobras\ndesnecess\u00e1rias.<\/p>\n\n\n\n<p>Com a reorganiza\u00e7\u00e3o, o transporte de cont\u00eaineres, por\nexemplo, que demandam mais transporte rodovi\u00e1rio, ficaria concentrado nas\nregi\u00f5es Morro da Penha, Sabo\u00f3 e Valongo, consideradas o fundo do porto, o que\nreduziria o tr\u00e2nsito de caminh\u00f5es dentro do per\u00edmetro urbano.<\/p>\n\n\n\n<p>Fonte: Folha de S\u00e3o Paulo<\/p>\n\n\n\n<p>O transporte de celulose, por outro lado, que utiliza de\nmaneira mais intensiva o modal ferrovi\u00e1rio, seria concentrado na ponta da\npraia.<\/p>\n","protected":false},"excerpt":{"rendered":"<p>A SPA (autoridade portu\u00e1ria de Santos, antiga Codesp) divulgou nesta segunda-feira (17) o plano de zoneamento que dever\u00e1 nortear o crescimento do Porto de Santos, o maior do pa\u00eds, pelos pr\u00f3ximos 20 anos. O chamado PDZ (Plano de Desenvolvimento e Zoneamento), prev\u00ea o aumento da participa\u00e7\u00e3o do modal ferrovi\u00e1rio no transporte, al\u00e9m da reorganiza\u00e7\u00e3o espacial [&hellip;]<\/p>\n","protected":false},"author":5,"featured_media":0,"comment_status":"open","ping_status":"open","sticky":false,"template":"","format":"standard","meta":{"_acf_changed":false,"footnotes":""},"categories":[2],"tags":[],"class_list":["post-11012","post","type-post","status-publish","format-standard","hentry","category-noticias"],"acf":[],"yoast_head":"<!-- This site is optimized with the Yoast SEO plugin v23.9 - https:\/\/yoast.com\/wordpress\/plugins\/seo\/ -->\n<title>Porto de Santos quer aumentar participa\u00e7\u00e3o de ferrovias no transporte de cargas - AmstedMaxion<\/title>\n<meta name=\"robots\" content=\"index, follow, max-snippet:-1, max-image-preview:large, max-video-preview:-1\" \/>\n<link rel=\"canonical\" href=\"https:\/\/www.amstedmaxion.com.br\/porto-de-santos-quer-aumentar-participacao-de-ferrovias-no-transporte-de-cargas\/\" \/>\n<meta property=\"og:locale\" content=\"en_US\" \/>\n<meta property=\"og:type\" content=\"article\" \/>\n<meta property=\"og:title\" content=\"Porto de Santos quer aumentar participa\u00e7\u00e3o de ferrovias no transporte de cargas - AmstedMaxion\" \/>\n<meta property=\"og:description\" content=\"A SPA (autoridade portu\u00e1ria de Santos, antiga Codesp) divulgou nesta segunda-feira (17) o plano de zoneamento que dever\u00e1 nortear o crescimento do Porto de Santos, o maior do pa\u00eds, pelos pr\u00f3ximos 20 anos. O chamado PDZ (Plano de Desenvolvimento e Zoneamento), prev\u00ea o aumento da participa\u00e7\u00e3o do modal ferrovi\u00e1rio no transporte, al\u00e9m da reorganiza\u00e7\u00e3o espacial [&hellip;]\" \/>\n<meta property=\"og:url\" content=\"https:\/\/www.amstedmaxion.com.br\/porto-de-santos-quer-aumentar-participacao-de-ferrovias-no-transporte-de-cargas\/\" \/>\n<meta property=\"og:site_name\" content=\"AmstedMaxion\" \/>\n<meta property=\"article:publisher\" content=\"https:\/\/www.facebook.com\/AmstedMaxion.Oficial\" \/>\n<meta property=\"article:published_time\" content=\"2020-02-26T13:24:00+00:00\" \/>\n<meta property=\"article:modified_time\" content=\"2020-02-27T13:26:54+00:00\" \/>\n<meta name=\"author\" content=\"Rosane Storto\" \/>\n<meta name=\"twitter:card\" content=\"summary_large_image\" \/>\n<meta name=\"twitter:label1\" content=\"Written by\" \/>\n\t<meta name=\"twitter:data1\" content=\"Rosane Storto\" \/>\n\t<meta name=\"twitter:label2\" content=\"Est. reading time\" \/>\n\t<meta name=\"twitter:data2\" content=\"3 minutes\" \/>\n<script type=\"application\/ld+json\" class=\"yoast-schema-graph\">{\"@context\":\"https:\/\/schema.org\",\"@graph\":[{\"@type\":\"Article\",\"@id\":\"https:\/\/www.amstedmaxion.com.br\/porto-de-santos-quer-aumentar-participacao-de-ferrovias-no-transporte-de-cargas\/#article\",\"isPartOf\":{\"@id\":\"https:\/\/www.amstedmaxion.com.br\/porto-de-santos-quer-aumentar-participacao-de-ferrovias-no-transporte-de-cargas\/\"},\"author\":{\"name\":\"Rosane Storto\",\"@id\":\"https:\/\/www.amstedmaxion.com.br\/#\/schema\/person\/140cb65f07d4e66dd5543c8a187bf436\"},\"headline\":\"Porto de Santos quer aumentar participa\u00e7\u00e3o de ferrovias no transporte de cargas\",\"datePublished\":\"2020-02-26T13:24:00+00:00\",\"dateModified\":\"2020-02-27T13:26:54+00:00\",\"mainEntityOfPage\":{\"@id\":\"https:\/\/www.amstedmaxion.com.br\/porto-de-santos-quer-aumentar-participacao-de-ferrovias-no-transporte-de-cargas\/\"},\"wordCount\":640,\"commentCount\":0,\"publisher\":{\"@id\":\"https:\/\/www.amstedmaxion.com.br\/#organization\"},\"articleSection\":[\"Not\u00edcias da AmstedMaxion\"],\"inLanguage\":\"en-US\",\"potentialAction\":[{\"@type\":\"CommentAction\",\"name\":\"Comment\",\"target\":[\"https:\/\/www.amstedmaxion.com.br\/porto-de-santos-quer-aumentar-participacao-de-ferrovias-no-transporte-de-cargas\/#respond\"]}]},{\"@type\":\"WebPage\",\"@id\":\"https:\/\/www.amstedmaxion.com.br\/porto-de-santos-quer-aumentar-participacao-de-ferrovias-no-transporte-de-cargas\/\",\"url\":\"https:\/\/www.amstedmaxion.com.br\/porto-de-santos-quer-aumentar-participacao-de-ferrovias-no-transporte-de-cargas\/\",\"name\":\"Porto de Santos quer aumentar participa\u00e7\u00e3o de ferrovias no transporte de cargas - AmstedMaxion\",\"isPartOf\":{\"@id\":\"https:\/\/www.amstedmaxion.com.br\/#website\"},\"datePublished\":\"2020-02-26T13:24:00+00:00\",\"dateModified\":\"2020-02-27T13:26:54+00:00\",\"breadcrumb\":{\"@id\":\"https:\/\/www.amstedmaxion.com.br\/porto-de-santos-quer-aumentar-participacao-de-ferrovias-no-transporte-de-cargas\/#breadcrumb\"},\"inLanguage\":\"en-US\",\"potentialAction\":[{\"@type\":\"ReadAction\",\"target\":[\"https:\/\/www.amstedmaxion.com.br\/porto-de-santos-quer-aumentar-participacao-de-ferrovias-no-transporte-de-cargas\/\"]}]},{\"@type\":\"BreadcrumbList\",\"@id\":\"https:\/\/www.amstedmaxion.com.br\/porto-de-santos-quer-aumentar-participacao-de-ferrovias-no-transporte-de-cargas\/#breadcrumb\",\"itemListElement\":[{\"@type\":\"ListItem\",\"position\":1,\"name\":\"In\u00edcio\",\"item\":\"https:\/\/www.amstedmaxion.com.br\/\"},{\"@type\":\"ListItem\",\"position\":2,\"name\":\"Porto de Santos quer aumentar participa\u00e7\u00e3o de ferrovias no transporte de cargas\"}]},{\"@type\":\"WebSite\",\"@id\":\"https:\/\/www.amstedmaxion.com.br\/#website\",\"url\":\"https:\/\/www.amstedmaxion.com.br\/\",\"name\":\"AmstedMaxion\",\"description\":\"AmstedMaxion - Fundi\u00e7\u00e3o e Equipamentos Ferrovi\u00e1rios\",\"publisher\":{\"@id\":\"https:\/\/www.amstedmaxion.com.br\/#organization\"},\"alternateName\":\"AmstedMaxion\",\"potentialAction\":[{\"@type\":\"SearchAction\",\"target\":{\"@type\":\"EntryPoint\",\"urlTemplate\":\"https:\/\/www.amstedmaxion.com.br\/?s={search_term_string}\"},\"query-input\":{\"@type\":\"PropertyValueSpecification\",\"valueRequired\":true,\"valueName\":\"search_term_string\"}}],\"inLanguage\":\"en-US\"},{\"@type\":\"Organization\",\"@id\":\"https:\/\/www.amstedmaxion.com.br\/#organization\",\"name\":\"AMSTEDMAXION\",\"url\":\"https:\/\/www.amstedmaxion.com.br\/\",\"logo\":{\"@type\":\"ImageObject\",\"inLanguage\":\"en-US\",\"@id\":\"https:\/\/www.amstedmaxion.com.br\/#\/schema\/logo\/image\/\",\"url\":\"https:\/\/www.amstedmaxion.com.br\/wp-content\/uploads\/2023\/11\/amsted.png\",\"contentUrl\":\"https:\/\/www.amstedmaxion.com.br\/wp-content\/uploads\/2023\/11\/amsted.png\",\"width\":500,\"height\":500,\"caption\":\"AMSTEDMAXION\"},\"image\":{\"@id\":\"https:\/\/www.amstedmaxion.com.br\/#\/schema\/logo\/image\/\"},\"sameAs\":[\"https:\/\/www.facebook.com\/AmstedMaxion.Oficial\",\"https:\/\/br.linkedin.com\/company\/amstedmaxion\"]},{\"@type\":\"Person\",\"@id\":\"https:\/\/www.amstedmaxion.com.br\/#\/schema\/person\/140cb65f07d4e66dd5543c8a187bf436\",\"name\":\"Rosane Storto\",\"image\":{\"@type\":\"ImageObject\",\"inLanguage\":\"en-US\",\"@id\":\"https:\/\/www.amstedmaxion.com.br\/#\/schema\/person\/image\/\",\"url\":\"https:\/\/secure.gravatar.com\/avatar\/0e3d021545bbe593cb0eb3ee740544fefa86d59762e63dec1dbe9480a34c98cd?s=96&d=mm&r=g\",\"contentUrl\":\"https:\/\/secure.gravatar.com\/avatar\/0e3d021545bbe593cb0eb3ee740544fefa86d59762e63dec1dbe9480a34c98cd?s=96&d=mm&r=g\",\"caption\":\"Rosane Storto\"}}]}<\/script>\n<!-- \/ Yoast SEO plugin. -->","yoast_head_json":{"title":"Porto de Santos quer aumentar participa\u00e7\u00e3o de ferrovias no transporte de cargas - AmstedMaxion","robots":{"index":"index","follow":"follow","max-snippet":"max-snippet:-1","max-image-preview":"max-image-preview:large","max-video-preview":"max-video-preview:-1"},"canonical":"https:\/\/www.amstedmaxion.com.br\/porto-de-santos-quer-aumentar-participacao-de-ferrovias-no-transporte-de-cargas\/","og_locale":"en_US","og_type":"article","og_title":"Porto de Santos quer aumentar participa\u00e7\u00e3o de ferrovias no transporte de cargas - AmstedMaxion","og_description":"A SPA (autoridade portu\u00e1ria de Santos, antiga Codesp) divulgou nesta segunda-feira (17) o plano de zoneamento que dever\u00e1 nortear o crescimento do Porto de Santos, o maior do pa\u00eds, pelos pr\u00f3ximos 20 anos. O chamado PDZ (Plano de Desenvolvimento e Zoneamento), prev\u00ea o aumento da participa\u00e7\u00e3o do modal ferrovi\u00e1rio no transporte, al\u00e9m da reorganiza\u00e7\u00e3o espacial [&hellip;]","og_url":"https:\/\/www.amstedmaxion.com.br\/porto-de-santos-quer-aumentar-participacao-de-ferrovias-no-transporte-de-cargas\/","og_site_name":"AmstedMaxion","article_publisher":"https:\/\/www.facebook.com\/AmstedMaxion.Oficial","article_published_time":"2020-02-26T13:24:00+00:00","article_modified_time":"2020-02-27T13:26:54+00:00","author":"Rosane Storto","twitter_card":"summary_large_image","twitter_misc":{"Written by":"Rosane Storto","Est. reading time":"3 minutes"},"schema":{"@context":"https:\/\/schema.org","@graph":[{"@type":"Article","@id":"https:\/\/www.amstedmaxion.com.br\/porto-de-santos-quer-aumentar-participacao-de-ferrovias-no-transporte-de-cargas\/#article","isPartOf":{"@id":"https:\/\/www.amstedmaxion.com.br\/porto-de-santos-quer-aumentar-participacao-de-ferrovias-no-transporte-de-cargas\/"},"author":{"name":"Rosane Storto","@id":"https:\/\/www.amstedmaxion.com.br\/#\/schema\/person\/140cb65f07d4e66dd5543c8a187bf436"},"headline":"Porto de Santos quer aumentar participa\u00e7\u00e3o de ferrovias no transporte de cargas","datePublished":"2020-02-26T13:24:00+00:00","dateModified":"2020-02-27T13:26:54+00:00","mainEntityOfPage":{"@id":"https:\/\/www.amstedmaxion.com.br\/porto-de-santos-quer-aumentar-participacao-de-ferrovias-no-transporte-de-cargas\/"},"wordCount":640,"commentCount":0,"publisher":{"@id":"https:\/\/www.amstedmaxion.com.br\/#organization"},"articleSection":["Not\u00edcias da AmstedMaxion"],"inLanguage":"en-US","potentialAction":[{"@type":"CommentAction","name":"Comment","target":["https:\/\/www.amstedmaxion.com.br\/porto-de-santos-quer-aumentar-participacao-de-ferrovias-no-transporte-de-cargas\/#respond"]}]},{"@type":"WebPage","@id":"https:\/\/www.amstedmaxion.com.br\/porto-de-santos-quer-aumentar-participacao-de-ferrovias-no-transporte-de-cargas\/","url":"https:\/\/www.amstedmaxion.com.br\/porto-de-santos-quer-aumentar-participacao-de-ferrovias-no-transporte-de-cargas\/","name":"Porto de Santos quer aumentar participa\u00e7\u00e3o de ferrovias no transporte de cargas - AmstedMaxion","isPartOf":{"@id":"https:\/\/www.amstedmaxion.com.br\/#website"},"datePublished":"2020-02-26T13:24:00+00:00","dateModified":"2020-02-27T13:26:54+00:00","breadcrumb":{"@id":"https:\/\/www.amstedmaxion.com.br\/porto-de-santos-quer-aumentar-participacao-de-ferrovias-no-transporte-de-cargas\/#breadcrumb"},"inLanguage":"en-US","potentialAction":[{"@type":"ReadAction","target":["https:\/\/www.amstedmaxion.com.br\/porto-de-santos-quer-aumentar-participacao-de-ferrovias-no-transporte-de-cargas\/"]}]},{"@type":"BreadcrumbList","@id":"https:\/\/www.amstedmaxion.com.br\/porto-de-santos-quer-aumentar-participacao-de-ferrovias-no-transporte-de-cargas\/#breadcrumb","itemListElement":[{"@type":"ListItem","position":1,"name":"In\u00edcio","item":"https:\/\/www.amstedmaxion.com.br\/"},{"@type":"ListItem","position":2,"name":"Porto de Santos quer aumentar participa\u00e7\u00e3o de ferrovias no transporte de cargas"}]},{"@type":"WebSite","@id":"https:\/\/www.amstedmaxion.com.br\/#website","url":"https:\/\/www.amstedmaxion.com.br\/","name":"AmstedMaxion","description":"AmstedMaxion - Fundi\u00e7\u00e3o e Equipamentos Ferrovi\u00e1rios","publisher":{"@id":"https:\/\/www.amstedmaxion.com.br\/#organization"},"alternateName":"AmstedMaxion","potentialAction":[{"@type":"SearchAction","target":{"@type":"EntryPoint","urlTemplate":"https:\/\/www.amstedmaxion.com.br\/?s={search_term_string}"},"query-input":{"@type":"PropertyValueSpecification","valueRequired":true,"valueName":"search_term_string"}}],"inLanguage":"en-US"},{"@type":"Organization","@id":"https:\/\/www.amstedmaxion.com.br\/#organization","name":"AMSTEDMAXION","url":"https:\/\/www.amstedmaxion.com.br\/","logo":{"@type":"ImageObject","inLanguage":"en-US","@id":"https:\/\/www.amstedmaxion.com.br\/#\/schema\/logo\/image\/","url":"https:\/\/www.amstedmaxion.com.br\/wp-content\/uploads\/2023\/11\/amsted.png","contentUrl":"https:\/\/www.amstedmaxion.com.br\/wp-content\/uploads\/2023\/11\/amsted.png","width":500,"height":500,"caption":"AMSTEDMAXION"},"image":{"@id":"https:\/\/www.amstedmaxion.com.br\/#\/schema\/logo\/image\/"},"sameAs":["https:\/\/www.facebook.com\/AmstedMaxion.Oficial","https:\/\/br.linkedin.com\/company\/amstedmaxion"]},{"@type":"Person","@id":"https:\/\/www.amstedmaxion.com.br\/#\/schema\/person\/140cb65f07d4e66dd5543c8a187bf436","name":"Rosane Storto","image":{"@type":"ImageObject","inLanguage":"en-US","@id":"https:\/\/www.amstedmaxion.com.br\/#\/schema\/person\/image\/","url":"https:\/\/secure.gravatar.com\/avatar\/0e3d021545bbe593cb0eb3ee740544fefa86d59762e63dec1dbe9480a34c98cd?s=96&d=mm&r=g","contentUrl":"https:\/\/secure.gravatar.com\/avatar\/0e3d021545bbe593cb0eb3ee740544fefa86d59762e63dec1dbe9480a34c98cd?s=96&d=mm&r=g","caption":"Rosane Storto"}}]}},"_links":{"self":[{"href":"https:\/\/www.amstedmaxion.com.br\/en\/wp-json\/wp\/v2\/posts\/11012","targetHints":{"allow":["GET"]}}],"collection":[{"href":"https:\/\/www.amstedmaxion.com.br\/en\/wp-json\/wp\/v2\/posts"}],"about":[{"href":"https:\/\/www.amstedmaxion.com.br\/en\/wp-json\/wp\/v2\/types\/post"}],"author":[{"embeddable":true,"href":"https:\/\/www.amstedmaxion.com.br\/en\/wp-json\/wp\/v2\/users\/5"}],"replies":[{"embeddable":true,"href":"https:\/\/www.amstedmaxion.com.br\/en\/wp-json\/wp\/v2\/comments?post=11012"}],"version-history":[{"count":1,"href":"https:\/\/www.amstedmaxion.com.br\/en\/wp-json\/wp\/v2\/posts\/11012\/revisions"}],"predecessor-version":[{"id":11014,"href":"https:\/\/www.amstedmaxion.com.br\/en\/wp-json\/wp\/v2\/posts\/11012\/revisions\/11014"}],"wp:attachment":[{"href":"https:\/\/www.amstedmaxion.com.br\/en\/wp-json\/wp\/v2\/media?parent=11012"}],"wp:term":[{"taxonomy":"category","embeddable":true,"href":"https:\/\/www.amstedmaxion.com.br\/en\/wp-json\/wp\/v2\/categories?post=11012"},{"taxonomy":"post_tag","embeddable":true,"href":"https:\/\/www.amstedmaxion.com.br\/en\/wp-json\/wp\/v2\/tags?post=11012"}],"curies":[{"name":"wp","href":"https:\/\/api.w.org\/{rel}","templated":true}]}}