{"id":11827,"date":"2020-04-21T16:12:00","date_gmt":"2020-04-21T19:12:00","guid":{"rendered":"http:\/\/www.amstedmaxion.com.br\/?p=11827"},"modified":"2021-07-28T09:35:54","modified_gmt":"2021-07-28T12:35:54","slug":"vitoria-e-rio-de-janeiro-podem-ser-conectados-por-uma-nova-ferrovia","status":"publish","type":"post","link":"https:\/\/www.amstedmaxion.com.br\/en\/vitoria-e-rio-de-janeiro-podem-ser-conectados-por-uma-nova-ferrovia\/","title":{"rendered":"Vit\u00f3ria e Rio de Janeiro podem ser conectados por uma nova ferrovia"},"content":{"rendered":"\n<p>Um projeto que ganhou for\u00e7a na d\u00e9cada passada, mas que n\u00e3o teve suas obras iniciadas, e que por outro lado est\u00e1 no radar do governo federal: \u00e9 a Ferrovia Vit\u00f3ria-Rio (EF-118), uma liga\u00e7\u00e3o ferrovi\u00e1ria longitudinal que ligar\u00e1 o munic\u00edpio de Nova Igua\u00e7u, na Regi\u00e3o metropolitana do Rio de Janeiro, a Cariacica, situado na Regi\u00e3o Metropolitana de Vit\u00f3ria, no Esp\u00edrito Santo. <\/p>\n\n\n\n<p>A ferrovia se conectar\u00e1 com a malha concedida \u00e0 MRS\nLog\u00edstica, no munic\u00edpio de Nova Igua\u00e7u (RJ) e \u00e0 Estada de Ferro Vit\u00f3riaMinas,\nconcedida \u00e0 Vale, no munic\u00edpio de Cariacica (ES). Interligar\u00e1 ainda os\nterminais portu\u00e1rios do Porto Central em Presidente Kennedy (Esp\u00edrito Santo), o\nPorto do A\u00e7u e o Distrito Industrial de S\u00e3o Jo\u00e3o da Barra (situados no norte do\nestado do Rio de Janeiro), al\u00e9m do Complexo Petroqu\u00edmico do Estado do Rio de\nJaneiro (COMPERJ), em Itabora\u00ed. <\/p>\n\n\n\n<p>O projeto foi or\u00e7ado em R$ 7,6 bilh\u00f5es prev\u00ea a constru\u00e7\u00e3o\nde 577 quil\u00f4metros de trilhos, com seis t\u00faneis, 171 viadutos rodovi\u00e1rios, 130\npontes ferrovi\u00e1rias, 117 passagens inferiores e 60 passagens de pedestres.<\/p>\n\n\n\n<p>&nbsp;Inicialmente era\nprevisto o transporte de cargas, mas em 2015, durante uma &nbsp;audi\u00eancia p\u00fablica, foi falado que a via\npoderia no futuro poderia ser usado para o transporte de passageiros, o que\nseria necess\u00e1rio empregar cerca de 3% a mais do valor previsto para o or\u00e7amento\nda ferrovia. A gest\u00e3o anterior do governo do Espirito Santo defendia o uso dos\ntrilhos ao transporte de usu\u00e1rios. <\/p>\n\n\n\n<p>Projeto consta na lista da atual gest\u00e3o<\/p>\n\n\n\n<p>&nbsp;Segundo uma\nreportagem da Folha de Vit\u00f3ria, o ministro da Infraestrutura, Tarc\u00edsio Freita,\nafirmou que a concess\u00e3o \u00e0 iniciativa privada do Porto de Vit\u00f3ria est\u00e1 adiantada\ne que o ramal ferrovi\u00e1rio da EF-118 deve sair em breve. <\/p>\n\n\n\n<p>O Esp\u00edrito Santo tamb\u00e9m ganha na avia\u00e7\u00e3o regional.\nTarc\u00edsio revelou que os aeroportos de Linhares e Cachoeiro de Itapemirim\nreceber\u00e3o investimentos para aumentarem sua capacidade e possibilitar a chegada\nde voos regionais.<\/p>\n\n\n\n<p>Fonte: Via Trolebus <\/p>\n","protected":false},"excerpt":{"rendered":"<p>Um projeto que ganhou for\u00e7a na d\u00e9cada passada, mas que n\u00e3o teve suas obras iniciadas, e que por outro lado est\u00e1 no radar do governo federal: \u00e9 a Ferrovia Vit\u00f3ria-Rio (EF-118), uma liga\u00e7\u00e3o ferrovi\u00e1ria longitudinal que ligar\u00e1 o munic\u00edpio de Nova Igua\u00e7u, na Regi\u00e3o metropolitana do Rio de Janeiro, a Cariacica, situado na Regi\u00e3o Metropolitana [&hellip;]<\/p>\n","protected":false},"author":5,"featured_media":0,"comment_status":"open","ping_status":"open","sticky":false,"template":"","format":"standard","meta":{"_acf_changed":false,"footnotes":""},"categories":[2],"tags":[],"class_list":["post-11827","post","type-post","status-publish","format-standard","hentry","category-noticias"],"acf":[],"yoast_head":"<!-- This site is optimized with the Yoast SEO plugin v23.9 - https:\/\/yoast.com\/wordpress\/plugins\/seo\/ -->\n<title>Vit\u00f3ria e Rio de Janeiro podem ser conectados por uma nova ferrovia - AmstedMaxion<\/title>\n<meta name=\"robots\" content=\"index, follow, max-snippet:-1, max-image-preview:large, max-video-preview:-1\" \/>\n<link rel=\"canonical\" href=\"https:\/\/www.amstedmaxion.com.br\/vitoria-e-rio-de-janeiro-podem-ser-conectados-por-uma-nova-ferrovia\/\" \/>\n<meta property=\"og:locale\" content=\"en_US\" \/>\n<meta property=\"og:type\" content=\"article\" \/>\n<meta property=\"og:title\" content=\"Vit\u00f3ria e Rio de Janeiro podem ser conectados por uma nova ferrovia - AmstedMaxion\" \/>\n<meta property=\"og:description\" content=\"Um projeto que ganhou for\u00e7a na d\u00e9cada passada, mas que n\u00e3o teve suas obras iniciadas, e que por outro lado est\u00e1 no radar do governo federal: \u00e9 a Ferrovia Vit\u00f3ria-Rio (EF-118), uma liga\u00e7\u00e3o ferrovi\u00e1ria longitudinal que ligar\u00e1 o munic\u00edpio de Nova Igua\u00e7u, na Regi\u00e3o metropolitana do Rio de Janeiro, a Cariacica, situado na Regi\u00e3o Metropolitana [&hellip;]\" \/>\n<meta property=\"og:url\" content=\"https:\/\/www.amstedmaxion.com.br\/vitoria-e-rio-de-janeiro-podem-ser-conectados-por-uma-nova-ferrovia\/\" \/>\n<meta property=\"og:site_name\" content=\"AmstedMaxion\" \/>\n<meta property=\"article:publisher\" content=\"https:\/\/www.facebook.com\/AmstedMaxion.Oficial\" \/>\n<meta property=\"article:published_time\" content=\"2020-04-21T19:12:00+00:00\" \/>\n<meta property=\"article:modified_time\" content=\"2021-07-28T12:35:54+00:00\" \/>\n<meta name=\"author\" content=\"Rosane Storto\" \/>\n<meta name=\"twitter:card\" content=\"summary_large_image\" \/>\n<meta name=\"twitter:label1\" content=\"Written by\" \/>\n\t<meta name=\"twitter:data1\" content=\"Rosane Storto\" \/>\n\t<meta name=\"twitter:label2\" content=\"Est. reading time\" \/>\n\t<meta name=\"twitter:data2\" content=\"2 minutes\" \/>\n<script type=\"application\/ld+json\" class=\"yoast-schema-graph\">{\"@context\":\"https:\/\/schema.org\",\"@graph\":[{\"@type\":\"Article\",\"@id\":\"https:\/\/www.amstedmaxion.com.br\/vitoria-e-rio-de-janeiro-podem-ser-conectados-por-uma-nova-ferrovia\/#article\",\"isPartOf\":{\"@id\":\"https:\/\/www.amstedmaxion.com.br\/vitoria-e-rio-de-janeiro-podem-ser-conectados-por-uma-nova-ferrovia\/\"},\"author\":{\"name\":\"Rosane Storto\",\"@id\":\"https:\/\/www.amstedmaxion.com.br\/#\/schema\/person\/140cb65f07d4e66dd5543c8a187bf436\"},\"headline\":\"Vit\u00f3ria e Rio de Janeiro podem ser conectados por uma nova ferrovia\",\"datePublished\":\"2020-04-21T19:12:00+00:00\",\"dateModified\":\"2021-07-28T12:35:54+00:00\",\"mainEntityOfPage\":{\"@id\":\"https:\/\/www.amstedmaxion.com.br\/vitoria-e-rio-de-janeiro-podem-ser-conectados-por-uma-nova-ferrovia\/\"},\"wordCount\":367,\"commentCount\":0,\"publisher\":{\"@id\":\"https:\/\/www.amstedmaxion.com.br\/#organization\"},\"articleSection\":[\"Not\u00edcias da AmstedMaxion\"],\"inLanguage\":\"en-US\",\"potentialAction\":[{\"@type\":\"CommentAction\",\"name\":\"Comment\",\"target\":[\"https:\/\/www.amstedmaxion.com.br\/vitoria-e-rio-de-janeiro-podem-ser-conectados-por-uma-nova-ferrovia\/#respond\"]}]},{\"@type\":\"WebPage\",\"@id\":\"https:\/\/www.amstedmaxion.com.br\/vitoria-e-rio-de-janeiro-podem-ser-conectados-por-uma-nova-ferrovia\/\",\"url\":\"https:\/\/www.amstedmaxion.com.br\/vitoria-e-rio-de-janeiro-podem-ser-conectados-por-uma-nova-ferrovia\/\",\"name\":\"Vit\u00f3ria e Rio de Janeiro podem ser conectados por uma nova ferrovia - AmstedMaxion\",\"isPartOf\":{\"@id\":\"https:\/\/www.amstedmaxion.com.br\/#website\"},\"datePublished\":\"2020-04-21T19:12:00+00:00\",\"dateModified\":\"2021-07-28T12:35:54+00:00\",\"breadcrumb\":{\"@id\":\"https:\/\/www.amstedmaxion.com.br\/vitoria-e-rio-de-janeiro-podem-ser-conectados-por-uma-nova-ferrovia\/#breadcrumb\"},\"inLanguage\":\"en-US\",\"potentialAction\":[{\"@type\":\"ReadAction\",\"target\":[\"https:\/\/www.amstedmaxion.com.br\/vitoria-e-rio-de-janeiro-podem-ser-conectados-por-uma-nova-ferrovia\/\"]}]},{\"@type\":\"BreadcrumbList\",\"@id\":\"https:\/\/www.amstedmaxion.com.br\/vitoria-e-rio-de-janeiro-podem-ser-conectados-por-uma-nova-ferrovia\/#breadcrumb\",\"itemListElement\":[{\"@type\":\"ListItem\",\"position\":1,\"name\":\"In\u00edcio\",\"item\":\"https:\/\/www.amstedmaxion.com.br\/\"},{\"@type\":\"ListItem\",\"position\":2,\"name\":\"Vit\u00f3ria e Rio de Janeiro podem ser conectados por uma nova ferrovia\"}]},{\"@type\":\"WebSite\",\"@id\":\"https:\/\/www.amstedmaxion.com.br\/#website\",\"url\":\"https:\/\/www.amstedmaxion.com.br\/\",\"name\":\"AmstedMaxion\",\"description\":\"AmstedMaxion - Fundi\u00e7\u00e3o e Equipamentos Ferrovi\u00e1rios\",\"publisher\":{\"@id\":\"https:\/\/www.amstedmaxion.com.br\/#organization\"},\"alternateName\":\"AmstedMaxion\",\"potentialAction\":[{\"@type\":\"SearchAction\",\"target\":{\"@type\":\"EntryPoint\",\"urlTemplate\":\"https:\/\/www.amstedmaxion.com.br\/?s={search_term_string}\"},\"query-input\":{\"@type\":\"PropertyValueSpecification\",\"valueRequired\":true,\"valueName\":\"search_term_string\"}}],\"inLanguage\":\"en-US\"},{\"@type\":\"Organization\",\"@id\":\"https:\/\/www.amstedmaxion.com.br\/#organization\",\"name\":\"AMSTEDMAXION\",\"url\":\"https:\/\/www.amstedmaxion.com.br\/\",\"logo\":{\"@type\":\"ImageObject\",\"inLanguage\":\"en-US\",\"@id\":\"https:\/\/www.amstedmaxion.com.br\/#\/schema\/logo\/image\/\",\"url\":\"https:\/\/www.amstedmaxion.com.br\/wp-content\/uploads\/2023\/11\/amsted.png\",\"contentUrl\":\"https:\/\/www.amstedmaxion.com.br\/wp-content\/uploads\/2023\/11\/amsted.png\",\"width\":500,\"height\":500,\"caption\":\"AMSTEDMAXION\"},\"image\":{\"@id\":\"https:\/\/www.amstedmaxion.com.br\/#\/schema\/logo\/image\/\"},\"sameAs\":[\"https:\/\/www.facebook.com\/AmstedMaxion.Oficial\",\"https:\/\/br.linkedin.com\/company\/amstedmaxion\"]},{\"@type\":\"Person\",\"@id\":\"https:\/\/www.amstedmaxion.com.br\/#\/schema\/person\/140cb65f07d4e66dd5543c8a187bf436\",\"name\":\"Rosane Storto\",\"image\":{\"@type\":\"ImageObject\",\"inLanguage\":\"en-US\",\"@id\":\"https:\/\/www.amstedmaxion.com.br\/#\/schema\/person\/image\/\",\"url\":\"https:\/\/secure.gravatar.com\/avatar\/0e3d021545bbe593cb0eb3ee740544fefa86d59762e63dec1dbe9480a34c98cd?s=96&d=mm&r=g\",\"contentUrl\":\"https:\/\/secure.gravatar.com\/avatar\/0e3d021545bbe593cb0eb3ee740544fefa86d59762e63dec1dbe9480a34c98cd?s=96&d=mm&r=g\",\"caption\":\"Rosane Storto\"}}]}<\/script>\n<!-- \/ Yoast SEO plugin. -->","yoast_head_json":{"title":"Vit\u00f3ria e Rio de Janeiro podem ser conectados por uma nova ferrovia - AmstedMaxion","robots":{"index":"index","follow":"follow","max-snippet":"max-snippet:-1","max-image-preview":"max-image-preview:large","max-video-preview":"max-video-preview:-1"},"canonical":"https:\/\/www.amstedmaxion.com.br\/vitoria-e-rio-de-janeiro-podem-ser-conectados-por-uma-nova-ferrovia\/","og_locale":"en_US","og_type":"article","og_title":"Vit\u00f3ria e Rio de Janeiro podem ser conectados por uma nova ferrovia - AmstedMaxion","og_description":"Um projeto que ganhou for\u00e7a na d\u00e9cada passada, mas que n\u00e3o teve suas obras iniciadas, e que por outro lado est\u00e1 no radar do governo federal: \u00e9 a Ferrovia Vit\u00f3ria-Rio (EF-118), uma liga\u00e7\u00e3o ferrovi\u00e1ria longitudinal que ligar\u00e1 o munic\u00edpio de Nova Igua\u00e7u, na Regi\u00e3o metropolitana do Rio de Janeiro, a Cariacica, situado na Regi\u00e3o Metropolitana [&hellip;]","og_url":"https:\/\/www.amstedmaxion.com.br\/vitoria-e-rio-de-janeiro-podem-ser-conectados-por-uma-nova-ferrovia\/","og_site_name":"AmstedMaxion","article_publisher":"https:\/\/www.facebook.com\/AmstedMaxion.Oficial","article_published_time":"2020-04-21T19:12:00+00:00","article_modified_time":"2021-07-28T12:35:54+00:00","author":"Rosane Storto","twitter_card":"summary_large_image","twitter_misc":{"Written by":"Rosane Storto","Est. reading time":"2 minutes"},"schema":{"@context":"https:\/\/schema.org","@graph":[{"@type":"Article","@id":"https:\/\/www.amstedmaxion.com.br\/vitoria-e-rio-de-janeiro-podem-ser-conectados-por-uma-nova-ferrovia\/#article","isPartOf":{"@id":"https:\/\/www.amstedmaxion.com.br\/vitoria-e-rio-de-janeiro-podem-ser-conectados-por-uma-nova-ferrovia\/"},"author":{"name":"Rosane Storto","@id":"https:\/\/www.amstedmaxion.com.br\/#\/schema\/person\/140cb65f07d4e66dd5543c8a187bf436"},"headline":"Vit\u00f3ria e Rio de Janeiro podem ser conectados por uma nova ferrovia","datePublished":"2020-04-21T19:12:00+00:00","dateModified":"2021-07-28T12:35:54+00:00","mainEntityOfPage":{"@id":"https:\/\/www.amstedmaxion.com.br\/vitoria-e-rio-de-janeiro-podem-ser-conectados-por-uma-nova-ferrovia\/"},"wordCount":367,"commentCount":0,"publisher":{"@id":"https:\/\/www.amstedmaxion.com.br\/#organization"},"articleSection":["Not\u00edcias da AmstedMaxion"],"inLanguage":"en-US","potentialAction":[{"@type":"CommentAction","name":"Comment","target":["https:\/\/www.amstedmaxion.com.br\/vitoria-e-rio-de-janeiro-podem-ser-conectados-por-uma-nova-ferrovia\/#respond"]}]},{"@type":"WebPage","@id":"https:\/\/www.amstedmaxion.com.br\/vitoria-e-rio-de-janeiro-podem-ser-conectados-por-uma-nova-ferrovia\/","url":"https:\/\/www.amstedmaxion.com.br\/vitoria-e-rio-de-janeiro-podem-ser-conectados-por-uma-nova-ferrovia\/","name":"Vit\u00f3ria e Rio de Janeiro podem ser conectados por uma nova ferrovia - AmstedMaxion","isPartOf":{"@id":"https:\/\/www.amstedmaxion.com.br\/#website"},"datePublished":"2020-04-21T19:12:00+00:00","dateModified":"2021-07-28T12:35:54+00:00","breadcrumb":{"@id":"https:\/\/www.amstedmaxion.com.br\/vitoria-e-rio-de-janeiro-podem-ser-conectados-por-uma-nova-ferrovia\/#breadcrumb"},"inLanguage":"en-US","potentialAction":[{"@type":"ReadAction","target":["https:\/\/www.amstedmaxion.com.br\/vitoria-e-rio-de-janeiro-podem-ser-conectados-por-uma-nova-ferrovia\/"]}]},{"@type":"BreadcrumbList","@id":"https:\/\/www.amstedmaxion.com.br\/vitoria-e-rio-de-janeiro-podem-ser-conectados-por-uma-nova-ferrovia\/#breadcrumb","itemListElement":[{"@type":"ListItem","position":1,"name":"In\u00edcio","item":"https:\/\/www.amstedmaxion.com.br\/"},{"@type":"ListItem","position":2,"name":"Vit\u00f3ria e Rio de Janeiro podem ser conectados por uma nova ferrovia"}]},{"@type":"WebSite","@id":"https:\/\/www.amstedmaxion.com.br\/#website","url":"https:\/\/www.amstedmaxion.com.br\/","name":"AmstedMaxion","description":"AmstedMaxion - Fundi\u00e7\u00e3o e Equipamentos Ferrovi\u00e1rios","publisher":{"@id":"https:\/\/www.amstedmaxion.com.br\/#organization"},"alternateName":"AmstedMaxion","potentialAction":[{"@type":"SearchAction","target":{"@type":"EntryPoint","urlTemplate":"https:\/\/www.amstedmaxion.com.br\/?s={search_term_string}"},"query-input":{"@type":"PropertyValueSpecification","valueRequired":true,"valueName":"search_term_string"}}],"inLanguage":"en-US"},{"@type":"Organization","@id":"https:\/\/www.amstedmaxion.com.br\/#organization","name":"AMSTEDMAXION","url":"https:\/\/www.amstedmaxion.com.br\/","logo":{"@type":"ImageObject","inLanguage":"en-US","@id":"https:\/\/www.amstedmaxion.com.br\/#\/schema\/logo\/image\/","url":"https:\/\/www.amstedmaxion.com.br\/wp-content\/uploads\/2023\/11\/amsted.png","contentUrl":"https:\/\/www.amstedmaxion.com.br\/wp-content\/uploads\/2023\/11\/amsted.png","width":500,"height":500,"caption":"AMSTEDMAXION"},"image":{"@id":"https:\/\/www.amstedmaxion.com.br\/#\/schema\/logo\/image\/"},"sameAs":["https:\/\/www.facebook.com\/AmstedMaxion.Oficial","https:\/\/br.linkedin.com\/company\/amstedmaxion"]},{"@type":"Person","@id":"https:\/\/www.amstedmaxion.com.br\/#\/schema\/person\/140cb65f07d4e66dd5543c8a187bf436","name":"Rosane Storto","image":{"@type":"ImageObject","inLanguage":"en-US","@id":"https:\/\/www.amstedmaxion.com.br\/#\/schema\/person\/image\/","url":"https:\/\/secure.gravatar.com\/avatar\/0e3d021545bbe593cb0eb3ee740544fefa86d59762e63dec1dbe9480a34c98cd?s=96&d=mm&r=g","contentUrl":"https:\/\/secure.gravatar.com\/avatar\/0e3d021545bbe593cb0eb3ee740544fefa86d59762e63dec1dbe9480a34c98cd?s=96&d=mm&r=g","caption":"Rosane Storto"}}]}},"_links":{"self":[{"href":"https:\/\/www.amstedmaxion.com.br\/en\/wp-json\/wp\/v2\/posts\/11827","targetHints":{"allow":["GET"]}}],"collection":[{"href":"https:\/\/www.amstedmaxion.com.br\/en\/wp-json\/wp\/v2\/posts"}],"about":[{"href":"https:\/\/www.amstedmaxion.com.br\/en\/wp-json\/wp\/v2\/types\/post"}],"author":[{"embeddable":true,"href":"https:\/\/www.amstedmaxion.com.br\/en\/wp-json\/wp\/v2\/users\/5"}],"replies":[{"embeddable":true,"href":"https:\/\/www.amstedmaxion.com.br\/en\/wp-json\/wp\/v2\/comments?post=11827"}],"version-history":[{"count":1,"href":"https:\/\/www.amstedmaxion.com.br\/en\/wp-json\/wp\/v2\/posts\/11827\/revisions"}],"predecessor-version":[{"id":11829,"href":"https:\/\/www.amstedmaxion.com.br\/en\/wp-json\/wp\/v2\/posts\/11827\/revisions\/11829"}],"wp:attachment":[{"href":"https:\/\/www.amstedmaxion.com.br\/en\/wp-json\/wp\/v2\/media?parent=11827"}],"wp:term":[{"taxonomy":"category","embeddable":true,"href":"https:\/\/www.amstedmaxion.com.br\/en\/wp-json\/wp\/v2\/categories?post=11827"},{"taxonomy":"post_tag","embeddable":true,"href":"https:\/\/www.amstedmaxion.com.br\/en\/wp-json\/wp\/v2\/tags?post=11827"}],"curies":[{"name":"wp","href":"https:\/\/api.w.org\/{rel}","templated":true}]}}