{"id":12267,"date":"2020-05-25T15:27:00","date_gmt":"2020-05-25T18:27:00","guid":{"rendered":"http:\/\/www.amstedmaxion.com.br\/?p=12267"},"modified":"2021-07-28T09:31:16","modified_gmt":"2021-07-28T12:31:16","slug":"vli-antecipa-renovacao-de-contratos-para-transporte-de-carvao-e-minerio-no-pecem","status":"publish","type":"post","link":"https:\/\/www.amstedmaxion.com.br\/en\/vli-antecipa-renovacao-de-contratos-para-transporte-de-carvao-e-minerio-no-pecem\/","title":{"rendered":"VLI antecipa renova\u00e7\u00e3o de contratos para transporte de carv\u00e3o e min\u00e9rio no Pec\u00e9m"},"content":{"rendered":"\n<p>A VLI, companhia de log\u00edsticas que integra ferrovias, terminais e portos, renovou para 2027 contratos de presta\u00e7\u00e3o de servi\u00e7os no transporte de carv\u00e3o e min\u00e9rio de ferro para o Complexo Industrial e Portu\u00e1rio do Pec\u00e9m, litoral do Cear\u00e1, informou a empresa \u00e0 Reuters. <\/p>\n\n\n\n<p>A companhia movimenta carv\u00e3o para as termel\u00e9tricas da EDP\ne Eneva, al\u00e9m da Companhia Sider\u00fargica do Pec\u00e9m (CSP) desde 2016. Segundo a\nVLI, a CSP tamb\u00e9m recebe min\u00e9rio de ferro. Os contratos venceriam em 2021. <\/p>\n\n\n\n<p>Em 2019, a opera\u00e7\u00e3o da VLI no Pec\u00e9m movimentou 8 milh\u00f5es\nde toneladas em cargas, volume 18% maior do que o registrado no ano anterior. <\/p>\n\n\n\n<p>Questionada sobre a expectativa de movimenta\u00e7\u00e3o para\n2020, a VLI disse apenas que &#8220;os novos contratos referenciam o\namadurecimento da nossa opera\u00e7\u00e3o&#8221;, destacando ainda que a perspectiva para\n2020 \u00e9 positiva. <\/p>\n\n\n\n<p>Quanto \u00e0 crise do coronav\u00edrus, a companhia destacou que\ntodas as opera\u00e7\u00f5es da VLI em portos, terminais multimodais e ferrovia passaram\npor adapta\u00e7\u00f5es para prevenir a dissemina\u00e7\u00e3o da doen\u00e7a e seguem funcionando. <\/p>\n\n\n\n<p>&#8220;Em meio \u00e0s circunst\u00e2ncias sem precedentes da pandemia,\na empresa vem monitorando os acontecimentos e executando um plano de\nconting\u00eancia. Estamos trabalhando em duas frentes priorit\u00e1rias: na preserva\u00e7\u00e3o\nda sa\u00fade das pessoas e na continuidade das opera\u00e7\u00f5es.&#8221; <\/p>\n\n\n\n<p>Algumas das medidas adotadas nos portos, por exemplo, s\u00e3o\no acesso aos navios sem contato com tripula\u00e7\u00e3o, utiliza\u00e7\u00e3o de \u00f3culos, luvas e\n\u00e1lcool em gel por parte de equipes que vistoriam embarca\u00e7\u00f5es e monitoramento de\ntemperatura dos empregados. <\/p>\n\n\n\n<p>Fonte: Reuters (Por Nayara Figueiredo; edi\u00e7\u00e3o de Roberto Samora) <\/p>\n","protected":false},"excerpt":{"rendered":"<p>A VLI, companhia de log\u00edsticas que integra ferrovias, terminais e portos, renovou para 2027 contratos de presta\u00e7\u00e3o de servi\u00e7os no transporte de carv\u00e3o e min\u00e9rio de ferro para o Complexo Industrial e Portu\u00e1rio do Pec\u00e9m, litoral do Cear\u00e1, informou a empresa \u00e0 Reuters. A companhia movimenta carv\u00e3o para as termel\u00e9tricas da EDP e Eneva, al\u00e9m [&hellip;]<\/p>\n","protected":false},"author":5,"featured_media":0,"comment_status":"open","ping_status":"open","sticky":false,"template":"","format":"standard","meta":{"_acf_changed":false,"footnotes":""},"categories":[2],"tags":[],"class_list":["post-12267","post","type-post","status-publish","format-standard","hentry","category-noticias"],"acf":[],"yoast_head":"<!-- This site is optimized with the Yoast SEO plugin v23.9 - https:\/\/yoast.com\/wordpress\/plugins\/seo\/ -->\n<title>VLI antecipa renova\u00e7\u00e3o de contratos para transporte de carv\u00e3o e min\u00e9rio no Pec\u00e9m - AmstedMaxion<\/title>\n<meta name=\"robots\" content=\"index, follow, max-snippet:-1, max-image-preview:large, max-video-preview:-1\" \/>\n<link rel=\"canonical\" href=\"https:\/\/www.amstedmaxion.com.br\/vli-antecipa-renovacao-de-contratos-para-transporte-de-carvao-e-minerio-no-pecem\/\" \/>\n<meta property=\"og:locale\" content=\"en_US\" \/>\n<meta property=\"og:type\" content=\"article\" \/>\n<meta property=\"og:title\" content=\"VLI antecipa renova\u00e7\u00e3o de contratos para transporte de carv\u00e3o e min\u00e9rio no Pec\u00e9m - AmstedMaxion\" \/>\n<meta property=\"og:description\" content=\"A VLI, companhia de log\u00edsticas que integra ferrovias, terminais e portos, renovou para 2027 contratos de presta\u00e7\u00e3o de servi\u00e7os no transporte de carv\u00e3o e min\u00e9rio de ferro para o Complexo Industrial e Portu\u00e1rio do Pec\u00e9m, litoral do Cear\u00e1, informou a empresa \u00e0 Reuters. A companhia movimenta carv\u00e3o para as termel\u00e9tricas da EDP e Eneva, al\u00e9m [&hellip;]\" \/>\n<meta property=\"og:url\" content=\"https:\/\/www.amstedmaxion.com.br\/vli-antecipa-renovacao-de-contratos-para-transporte-de-carvao-e-minerio-no-pecem\/\" \/>\n<meta property=\"og:site_name\" content=\"AmstedMaxion\" \/>\n<meta property=\"article:publisher\" content=\"https:\/\/www.facebook.com\/AmstedMaxion.Oficial\" \/>\n<meta property=\"article:published_time\" content=\"2020-05-25T18:27:00+00:00\" \/>\n<meta property=\"article:modified_time\" content=\"2021-07-28T12:31:16+00:00\" \/>\n<meta name=\"author\" content=\"Rosane Storto\" \/>\n<meta name=\"twitter:card\" content=\"summary_large_image\" \/>\n<meta name=\"twitter:label1\" content=\"Written by\" \/>\n\t<meta name=\"twitter:data1\" content=\"Rosane Storto\" \/>\n\t<meta name=\"twitter:label2\" content=\"Est. reading time\" \/>\n\t<meta name=\"twitter:data2\" content=\"2 minutes\" \/>\n<script type=\"application\/ld+json\" class=\"yoast-schema-graph\">{\"@context\":\"https:\/\/schema.org\",\"@graph\":[{\"@type\":\"Article\",\"@id\":\"https:\/\/www.amstedmaxion.com.br\/vli-antecipa-renovacao-de-contratos-para-transporte-de-carvao-e-minerio-no-pecem\/#article\",\"isPartOf\":{\"@id\":\"https:\/\/www.amstedmaxion.com.br\/vli-antecipa-renovacao-de-contratos-para-transporte-de-carvao-e-minerio-no-pecem\/\"},\"author\":{\"name\":\"Rosane Storto\",\"@id\":\"https:\/\/www.amstedmaxion.com.br\/#\/schema\/person\/140cb65f07d4e66dd5543c8a187bf436\"},\"headline\":\"VLI antecipa renova\u00e7\u00e3o de contratos para transporte de carv\u00e3o e min\u00e9rio no Pec\u00e9m\",\"datePublished\":\"2020-05-25T18:27:00+00:00\",\"dateModified\":\"2021-07-28T12:31:16+00:00\",\"mainEntityOfPage\":{\"@id\":\"https:\/\/www.amstedmaxion.com.br\/vli-antecipa-renovacao-de-contratos-para-transporte-de-carvao-e-minerio-no-pecem\/\"},\"wordCount\":291,\"commentCount\":0,\"publisher\":{\"@id\":\"https:\/\/www.amstedmaxion.com.br\/#organization\"},\"articleSection\":[\"Not\u00edcias da AmstedMaxion\"],\"inLanguage\":\"en-US\",\"potentialAction\":[{\"@type\":\"CommentAction\",\"name\":\"Comment\",\"target\":[\"https:\/\/www.amstedmaxion.com.br\/vli-antecipa-renovacao-de-contratos-para-transporte-de-carvao-e-minerio-no-pecem\/#respond\"]}]},{\"@type\":\"WebPage\",\"@id\":\"https:\/\/www.amstedmaxion.com.br\/vli-antecipa-renovacao-de-contratos-para-transporte-de-carvao-e-minerio-no-pecem\/\",\"url\":\"https:\/\/www.amstedmaxion.com.br\/vli-antecipa-renovacao-de-contratos-para-transporte-de-carvao-e-minerio-no-pecem\/\",\"name\":\"VLI antecipa renova\u00e7\u00e3o de contratos para transporte de carv\u00e3o e min\u00e9rio no Pec\u00e9m - AmstedMaxion\",\"isPartOf\":{\"@id\":\"https:\/\/www.amstedmaxion.com.br\/#website\"},\"datePublished\":\"2020-05-25T18:27:00+00:00\",\"dateModified\":\"2021-07-28T12:31:16+00:00\",\"breadcrumb\":{\"@id\":\"https:\/\/www.amstedmaxion.com.br\/vli-antecipa-renovacao-de-contratos-para-transporte-de-carvao-e-minerio-no-pecem\/#breadcrumb\"},\"inLanguage\":\"en-US\",\"potentialAction\":[{\"@type\":\"ReadAction\",\"target\":[\"https:\/\/www.amstedmaxion.com.br\/vli-antecipa-renovacao-de-contratos-para-transporte-de-carvao-e-minerio-no-pecem\/\"]}]},{\"@type\":\"BreadcrumbList\",\"@id\":\"https:\/\/www.amstedmaxion.com.br\/vli-antecipa-renovacao-de-contratos-para-transporte-de-carvao-e-minerio-no-pecem\/#breadcrumb\",\"itemListElement\":[{\"@type\":\"ListItem\",\"position\":1,\"name\":\"In\u00edcio\",\"item\":\"https:\/\/www.amstedmaxion.com.br\/\"},{\"@type\":\"ListItem\",\"position\":2,\"name\":\"VLI antecipa renova\u00e7\u00e3o de contratos para transporte de carv\u00e3o e min\u00e9rio no Pec\u00e9m\"}]},{\"@type\":\"WebSite\",\"@id\":\"https:\/\/www.amstedmaxion.com.br\/#website\",\"url\":\"https:\/\/www.amstedmaxion.com.br\/\",\"name\":\"AmstedMaxion\",\"description\":\"AmstedMaxion - Fundi\u00e7\u00e3o e Equipamentos Ferrovi\u00e1rios\",\"publisher\":{\"@id\":\"https:\/\/www.amstedmaxion.com.br\/#organization\"},\"alternateName\":\"AmstedMaxion\",\"potentialAction\":[{\"@type\":\"SearchAction\",\"target\":{\"@type\":\"EntryPoint\",\"urlTemplate\":\"https:\/\/www.amstedmaxion.com.br\/?s={search_term_string}\"},\"query-input\":{\"@type\":\"PropertyValueSpecification\",\"valueRequired\":true,\"valueName\":\"search_term_string\"}}],\"inLanguage\":\"en-US\"},{\"@type\":\"Organization\",\"@id\":\"https:\/\/www.amstedmaxion.com.br\/#organization\",\"name\":\"AMSTEDMAXION\",\"url\":\"https:\/\/www.amstedmaxion.com.br\/\",\"logo\":{\"@type\":\"ImageObject\",\"inLanguage\":\"en-US\",\"@id\":\"https:\/\/www.amstedmaxion.com.br\/#\/schema\/logo\/image\/\",\"url\":\"https:\/\/www.amstedmaxion.com.br\/wp-content\/uploads\/2023\/11\/amsted.png\",\"contentUrl\":\"https:\/\/www.amstedmaxion.com.br\/wp-content\/uploads\/2023\/11\/amsted.png\",\"width\":500,\"height\":500,\"caption\":\"AMSTEDMAXION\"},\"image\":{\"@id\":\"https:\/\/www.amstedmaxion.com.br\/#\/schema\/logo\/image\/\"},\"sameAs\":[\"https:\/\/www.facebook.com\/AmstedMaxion.Oficial\",\"https:\/\/br.linkedin.com\/company\/amstedmaxion\"]},{\"@type\":\"Person\",\"@id\":\"https:\/\/www.amstedmaxion.com.br\/#\/schema\/person\/140cb65f07d4e66dd5543c8a187bf436\",\"name\":\"Rosane Storto\",\"image\":{\"@type\":\"ImageObject\",\"inLanguage\":\"en-US\",\"@id\":\"https:\/\/www.amstedmaxion.com.br\/#\/schema\/person\/image\/\",\"url\":\"https:\/\/secure.gravatar.com\/avatar\/0e3d021545bbe593cb0eb3ee740544fefa86d59762e63dec1dbe9480a34c98cd?s=96&d=mm&r=g\",\"contentUrl\":\"https:\/\/secure.gravatar.com\/avatar\/0e3d021545bbe593cb0eb3ee740544fefa86d59762e63dec1dbe9480a34c98cd?s=96&d=mm&r=g\",\"caption\":\"Rosane Storto\"}}]}<\/script>\n<!-- \/ Yoast SEO plugin. -->","yoast_head_json":{"title":"VLI antecipa renova\u00e7\u00e3o de contratos para transporte de carv\u00e3o e min\u00e9rio no Pec\u00e9m - AmstedMaxion","robots":{"index":"index","follow":"follow","max-snippet":"max-snippet:-1","max-image-preview":"max-image-preview:large","max-video-preview":"max-video-preview:-1"},"canonical":"https:\/\/www.amstedmaxion.com.br\/vli-antecipa-renovacao-de-contratos-para-transporte-de-carvao-e-minerio-no-pecem\/","og_locale":"en_US","og_type":"article","og_title":"VLI antecipa renova\u00e7\u00e3o de contratos para transporte de carv\u00e3o e min\u00e9rio no Pec\u00e9m - AmstedMaxion","og_description":"A VLI, companhia de log\u00edsticas que integra ferrovias, terminais e portos, renovou para 2027 contratos de presta\u00e7\u00e3o de servi\u00e7os no transporte de carv\u00e3o e min\u00e9rio de ferro para o Complexo Industrial e Portu\u00e1rio do Pec\u00e9m, litoral do Cear\u00e1, informou a empresa \u00e0 Reuters. A companhia movimenta carv\u00e3o para as termel\u00e9tricas da EDP e Eneva, al\u00e9m [&hellip;]","og_url":"https:\/\/www.amstedmaxion.com.br\/vli-antecipa-renovacao-de-contratos-para-transporte-de-carvao-e-minerio-no-pecem\/","og_site_name":"AmstedMaxion","article_publisher":"https:\/\/www.facebook.com\/AmstedMaxion.Oficial","article_published_time":"2020-05-25T18:27:00+00:00","article_modified_time":"2021-07-28T12:31:16+00:00","author":"Rosane Storto","twitter_card":"summary_large_image","twitter_misc":{"Written by":"Rosane Storto","Est. reading time":"2 minutes"},"schema":{"@context":"https:\/\/schema.org","@graph":[{"@type":"Article","@id":"https:\/\/www.amstedmaxion.com.br\/vli-antecipa-renovacao-de-contratos-para-transporte-de-carvao-e-minerio-no-pecem\/#article","isPartOf":{"@id":"https:\/\/www.amstedmaxion.com.br\/vli-antecipa-renovacao-de-contratos-para-transporte-de-carvao-e-minerio-no-pecem\/"},"author":{"name":"Rosane Storto","@id":"https:\/\/www.amstedmaxion.com.br\/#\/schema\/person\/140cb65f07d4e66dd5543c8a187bf436"},"headline":"VLI antecipa renova\u00e7\u00e3o de contratos para transporte de carv\u00e3o e min\u00e9rio no Pec\u00e9m","datePublished":"2020-05-25T18:27:00+00:00","dateModified":"2021-07-28T12:31:16+00:00","mainEntityOfPage":{"@id":"https:\/\/www.amstedmaxion.com.br\/vli-antecipa-renovacao-de-contratos-para-transporte-de-carvao-e-minerio-no-pecem\/"},"wordCount":291,"commentCount":0,"publisher":{"@id":"https:\/\/www.amstedmaxion.com.br\/#organization"},"articleSection":["Not\u00edcias da AmstedMaxion"],"inLanguage":"en-US","potentialAction":[{"@type":"CommentAction","name":"Comment","target":["https:\/\/www.amstedmaxion.com.br\/vli-antecipa-renovacao-de-contratos-para-transporte-de-carvao-e-minerio-no-pecem\/#respond"]}]},{"@type":"WebPage","@id":"https:\/\/www.amstedmaxion.com.br\/vli-antecipa-renovacao-de-contratos-para-transporte-de-carvao-e-minerio-no-pecem\/","url":"https:\/\/www.amstedmaxion.com.br\/vli-antecipa-renovacao-de-contratos-para-transporte-de-carvao-e-minerio-no-pecem\/","name":"VLI antecipa renova\u00e7\u00e3o de contratos para transporte de carv\u00e3o e min\u00e9rio no Pec\u00e9m - AmstedMaxion","isPartOf":{"@id":"https:\/\/www.amstedmaxion.com.br\/#website"},"datePublished":"2020-05-25T18:27:00+00:00","dateModified":"2021-07-28T12:31:16+00:00","breadcrumb":{"@id":"https:\/\/www.amstedmaxion.com.br\/vli-antecipa-renovacao-de-contratos-para-transporte-de-carvao-e-minerio-no-pecem\/#breadcrumb"},"inLanguage":"en-US","potentialAction":[{"@type":"ReadAction","target":["https:\/\/www.amstedmaxion.com.br\/vli-antecipa-renovacao-de-contratos-para-transporte-de-carvao-e-minerio-no-pecem\/"]}]},{"@type":"BreadcrumbList","@id":"https:\/\/www.amstedmaxion.com.br\/vli-antecipa-renovacao-de-contratos-para-transporte-de-carvao-e-minerio-no-pecem\/#breadcrumb","itemListElement":[{"@type":"ListItem","position":1,"name":"In\u00edcio","item":"https:\/\/www.amstedmaxion.com.br\/"},{"@type":"ListItem","position":2,"name":"VLI antecipa renova\u00e7\u00e3o de contratos para transporte de carv\u00e3o e min\u00e9rio no Pec\u00e9m"}]},{"@type":"WebSite","@id":"https:\/\/www.amstedmaxion.com.br\/#website","url":"https:\/\/www.amstedmaxion.com.br\/","name":"AmstedMaxion","description":"AmstedMaxion - Fundi\u00e7\u00e3o e Equipamentos Ferrovi\u00e1rios","publisher":{"@id":"https:\/\/www.amstedmaxion.com.br\/#organization"},"alternateName":"AmstedMaxion","potentialAction":[{"@type":"SearchAction","target":{"@type":"EntryPoint","urlTemplate":"https:\/\/www.amstedmaxion.com.br\/?s={search_term_string}"},"query-input":{"@type":"PropertyValueSpecification","valueRequired":true,"valueName":"search_term_string"}}],"inLanguage":"en-US"},{"@type":"Organization","@id":"https:\/\/www.amstedmaxion.com.br\/#organization","name":"AMSTEDMAXION","url":"https:\/\/www.amstedmaxion.com.br\/","logo":{"@type":"ImageObject","inLanguage":"en-US","@id":"https:\/\/www.amstedmaxion.com.br\/#\/schema\/logo\/image\/","url":"https:\/\/www.amstedmaxion.com.br\/wp-content\/uploads\/2023\/11\/amsted.png","contentUrl":"https:\/\/www.amstedmaxion.com.br\/wp-content\/uploads\/2023\/11\/amsted.png","width":500,"height":500,"caption":"AMSTEDMAXION"},"image":{"@id":"https:\/\/www.amstedmaxion.com.br\/#\/schema\/logo\/image\/"},"sameAs":["https:\/\/www.facebook.com\/AmstedMaxion.Oficial","https:\/\/br.linkedin.com\/company\/amstedmaxion"]},{"@type":"Person","@id":"https:\/\/www.amstedmaxion.com.br\/#\/schema\/person\/140cb65f07d4e66dd5543c8a187bf436","name":"Rosane Storto","image":{"@type":"ImageObject","inLanguage":"en-US","@id":"https:\/\/www.amstedmaxion.com.br\/#\/schema\/person\/image\/","url":"https:\/\/secure.gravatar.com\/avatar\/0e3d021545bbe593cb0eb3ee740544fefa86d59762e63dec1dbe9480a34c98cd?s=96&d=mm&r=g","contentUrl":"https:\/\/secure.gravatar.com\/avatar\/0e3d021545bbe593cb0eb3ee740544fefa86d59762e63dec1dbe9480a34c98cd?s=96&d=mm&r=g","caption":"Rosane Storto"}}]}},"_links":{"self":[{"href":"https:\/\/www.amstedmaxion.com.br\/en\/wp-json\/wp\/v2\/posts\/12267","targetHints":{"allow":["GET"]}}],"collection":[{"href":"https:\/\/www.amstedmaxion.com.br\/en\/wp-json\/wp\/v2\/posts"}],"about":[{"href":"https:\/\/www.amstedmaxion.com.br\/en\/wp-json\/wp\/v2\/types\/post"}],"author":[{"embeddable":true,"href":"https:\/\/www.amstedmaxion.com.br\/en\/wp-json\/wp\/v2\/users\/5"}],"replies":[{"embeddable":true,"href":"https:\/\/www.amstedmaxion.com.br\/en\/wp-json\/wp\/v2\/comments?post=12267"}],"version-history":[{"count":1,"href":"https:\/\/www.amstedmaxion.com.br\/en\/wp-json\/wp\/v2\/posts\/12267\/revisions"}],"predecessor-version":[{"id":12268,"href":"https:\/\/www.amstedmaxion.com.br\/en\/wp-json\/wp\/v2\/posts\/12267\/revisions\/12268"}],"wp:attachment":[{"href":"https:\/\/www.amstedmaxion.com.br\/en\/wp-json\/wp\/v2\/media?parent=12267"}],"wp:term":[{"taxonomy":"category","embeddable":true,"href":"https:\/\/www.amstedmaxion.com.br\/en\/wp-json\/wp\/v2\/categories?post=12267"},{"taxonomy":"post_tag","embeddable":true,"href":"https:\/\/www.amstedmaxion.com.br\/en\/wp-json\/wp\/v2\/tags?post=12267"}],"curies":[{"name":"wp","href":"https:\/\/api.w.org\/{rel}","templated":true}]}}