{"id":12846,"date":"2020-07-15T17:20:40","date_gmt":"2020-07-15T20:20:40","guid":{"rendered":"http:\/\/www.amstedmaxion.com.br\/?p=12846"},"modified":"2021-07-28T09:23:44","modified_gmt":"2021-07-28T12:23:44","slug":"governo-quer-dobrar-participacao-do-modal-ferroviario-em-oito-anos","status":"publish","type":"post","link":"https:\/\/www.amstedmaxion.com.br\/en\/governo-quer-dobrar-participacao-do-modal-ferroviario-em-oito-anos\/","title":{"rendered":"Governo quer dobrar participa\u00e7\u00e3o do modal ferrovi\u00e1rio em oito anos"},"content":{"rendered":"\n<p><\/p>\n\n\n\n<p>A participa\u00e7\u00e3o\ndas ferrovias no total de transportes no Brasil deve chegar a mais de 30% em\nat\u00e9 oito anos. Esse \u00e9 o plano do governo federal, de acordo com o ministro da\nInfraestrutura, Tarc\u00edsio de Freitas. Ele discutiu as a\u00e7\u00f5es do Executivo para a\n\u00e1rea em webinar promovido pela Revista Ferrovi\u00e1ria nesta sexta (10).<\/p>\n\n\n\n<p>Atualmente, o\nmodo ferrovi\u00e1rio responde por 15% do ecossistema de transporte brasileiro. A\nmeta \u00e9 dobrar isso nos pr\u00f3ximos oito anos. Freitas defendeu que a consecu\u00e7\u00e3o\ndeste objetivo dever\u00e1 ser garantida a partir das concess\u00f5es de ferrovias\nplanejadas do Executivo.<\/p>\n\n\n\n<p>&#8220;A\nestrat\u00e9gia ferrovi\u00e1ria pretende reequilibrar a matriz de transportes e dobrar a\nparticipa\u00e7\u00e3o do modo ferrovi\u00e1rio em oito anos, a partir dos investimentos\nplanejados e plantados. Vamos trazer inova\u00e7\u00f5es para o marco regulat\u00f3rio de\nmaneira que facilite a chegada do investimento privado&#8221;, disse o ministro\nno debate virtual.<\/p>\n\n\n\n<p>O titular da\npasta da Infraestrutura defendeu e apontou benef\u00edcios das concess\u00f5es. Segundo\nele, este modelo poder\u00e1 gerar investimentos e melhorar a qualidade do servi\u00e7o\ncom redu\u00e7\u00e3o dos tempos de viagem, melhoria da seguran\u00e7a e diminui\u00e7\u00e3o dos custos\nde opera\u00e7\u00e3o.<\/p>\n\n\n\n<p>Al\u00e9m das novas\nconcess\u00f5es e autoriza\u00e7\u00f5es, o ministro citou tamb\u00e9m dentro das estrat\u00e9gias a\nrenova\u00e7\u00e3o antecipada de contratos. Ele projetou que os investimentos\nmobilizados com essas medidas podem ficar entre R$ 40 bilh\u00f5es e R$ 100 bilh\u00f5es.<\/p>\n\n\n\n<p>Fonte: Valor Investe<\/p>\n\n\n\n<p><\/p>\n","protected":false},"excerpt":{"rendered":"<p>A participa\u00e7\u00e3o das ferrovias no total de transportes no Brasil deve chegar a mais de 30% em at\u00e9 oito anos. Esse \u00e9 o plano do governo federal, de acordo com o ministro da Infraestrutura, Tarc\u00edsio de Freitas. Ele discutiu as a\u00e7\u00f5es do Executivo para a \u00e1rea em webinar promovido pela Revista Ferrovi\u00e1ria nesta sexta (10). [&hellip;]<\/p>\n","protected":false},"author":5,"featured_media":0,"comment_status":"open","ping_status":"open","sticky":false,"template":"","format":"standard","meta":{"_acf_changed":false,"footnotes":""},"categories":[2],"tags":[],"class_list":["post-12846","post","type-post","status-publish","format-standard","hentry","category-noticias"],"acf":[],"yoast_head":"<!-- This site is optimized with the Yoast SEO plugin v23.9 - https:\/\/yoast.com\/wordpress\/plugins\/seo\/ -->\n<title>Governo quer dobrar participa\u00e7\u00e3o do modal ferrovi\u00e1rio em oito anos - AmstedMaxion<\/title>\n<meta name=\"robots\" content=\"index, follow, max-snippet:-1, max-image-preview:large, max-video-preview:-1\" \/>\n<link rel=\"canonical\" href=\"https:\/\/www.amstedmaxion.com.br\/governo-quer-dobrar-participacao-do-modal-ferroviario-em-oito-anos\/\" \/>\n<meta property=\"og:locale\" content=\"en_US\" \/>\n<meta property=\"og:type\" content=\"article\" \/>\n<meta property=\"og:title\" content=\"Governo quer dobrar participa\u00e7\u00e3o do modal ferrovi\u00e1rio em oito anos - AmstedMaxion\" \/>\n<meta property=\"og:description\" content=\"A participa\u00e7\u00e3o das ferrovias no total de transportes no Brasil deve chegar a mais de 30% em at\u00e9 oito anos. Esse \u00e9 o plano do governo federal, de acordo com o ministro da Infraestrutura, Tarc\u00edsio de Freitas. Ele discutiu as a\u00e7\u00f5es do Executivo para a \u00e1rea em webinar promovido pela Revista Ferrovi\u00e1ria nesta sexta (10). [&hellip;]\" \/>\n<meta property=\"og:url\" content=\"https:\/\/www.amstedmaxion.com.br\/governo-quer-dobrar-participacao-do-modal-ferroviario-em-oito-anos\/\" \/>\n<meta property=\"og:site_name\" content=\"AmstedMaxion\" \/>\n<meta property=\"article:publisher\" content=\"https:\/\/www.facebook.com\/AmstedMaxion.Oficial\" \/>\n<meta property=\"article:published_time\" content=\"2020-07-15T20:20:40+00:00\" \/>\n<meta property=\"article:modified_time\" content=\"2021-07-28T12:23:44+00:00\" \/>\n<meta name=\"author\" content=\"Rosane Storto\" \/>\n<meta name=\"twitter:card\" content=\"summary_large_image\" \/>\n<meta name=\"twitter:label1\" content=\"Written by\" \/>\n\t<meta name=\"twitter:data1\" content=\"Rosane Storto\" \/>\n\t<meta name=\"twitter:label2\" content=\"Est. reading time\" \/>\n\t<meta name=\"twitter:data2\" content=\"1 minute\" \/>\n<script type=\"application\/ld+json\" class=\"yoast-schema-graph\">{\"@context\":\"https:\/\/schema.org\",\"@graph\":[{\"@type\":\"Article\",\"@id\":\"https:\/\/www.amstedmaxion.com.br\/governo-quer-dobrar-participacao-do-modal-ferroviario-em-oito-anos\/#article\",\"isPartOf\":{\"@id\":\"https:\/\/www.amstedmaxion.com.br\/governo-quer-dobrar-participacao-do-modal-ferroviario-em-oito-anos\/\"},\"author\":{\"name\":\"Rosane Storto\",\"@id\":\"https:\/\/www.amstedmaxion.com.br\/#\/schema\/person\/140cb65f07d4e66dd5543c8a187bf436\"},\"headline\":\"Governo quer dobrar participa\u00e7\u00e3o do modal ferrovi\u00e1rio em oito anos\",\"datePublished\":\"2020-07-15T20:20:40+00:00\",\"dateModified\":\"2021-07-28T12:23:44+00:00\",\"mainEntityOfPage\":{\"@id\":\"https:\/\/www.amstedmaxion.com.br\/governo-quer-dobrar-participacao-do-modal-ferroviario-em-oito-anos\/\"},\"wordCount\":257,\"commentCount\":0,\"publisher\":{\"@id\":\"https:\/\/www.amstedmaxion.com.br\/#organization\"},\"articleSection\":[\"Not\u00edcias da AmstedMaxion\"],\"inLanguage\":\"en-US\",\"potentialAction\":[{\"@type\":\"CommentAction\",\"name\":\"Comment\",\"target\":[\"https:\/\/www.amstedmaxion.com.br\/governo-quer-dobrar-participacao-do-modal-ferroviario-em-oito-anos\/#respond\"]}]},{\"@type\":\"WebPage\",\"@id\":\"https:\/\/www.amstedmaxion.com.br\/governo-quer-dobrar-participacao-do-modal-ferroviario-em-oito-anos\/\",\"url\":\"https:\/\/www.amstedmaxion.com.br\/governo-quer-dobrar-participacao-do-modal-ferroviario-em-oito-anos\/\",\"name\":\"Governo quer dobrar participa\u00e7\u00e3o do modal ferrovi\u00e1rio em oito anos - AmstedMaxion\",\"isPartOf\":{\"@id\":\"https:\/\/www.amstedmaxion.com.br\/#website\"},\"datePublished\":\"2020-07-15T20:20:40+00:00\",\"dateModified\":\"2021-07-28T12:23:44+00:00\",\"breadcrumb\":{\"@id\":\"https:\/\/www.amstedmaxion.com.br\/governo-quer-dobrar-participacao-do-modal-ferroviario-em-oito-anos\/#breadcrumb\"},\"inLanguage\":\"en-US\",\"potentialAction\":[{\"@type\":\"ReadAction\",\"target\":[\"https:\/\/www.amstedmaxion.com.br\/governo-quer-dobrar-participacao-do-modal-ferroviario-em-oito-anos\/\"]}]},{\"@type\":\"BreadcrumbList\",\"@id\":\"https:\/\/www.amstedmaxion.com.br\/governo-quer-dobrar-participacao-do-modal-ferroviario-em-oito-anos\/#breadcrumb\",\"itemListElement\":[{\"@type\":\"ListItem\",\"position\":1,\"name\":\"In\u00edcio\",\"item\":\"https:\/\/www.amstedmaxion.com.br\/\"},{\"@type\":\"ListItem\",\"position\":2,\"name\":\"Governo quer dobrar participa\u00e7\u00e3o do modal ferrovi\u00e1rio em oito anos\"}]},{\"@type\":\"WebSite\",\"@id\":\"https:\/\/www.amstedmaxion.com.br\/#website\",\"url\":\"https:\/\/www.amstedmaxion.com.br\/\",\"name\":\"AmstedMaxion\",\"description\":\"AmstedMaxion - Fundi\u00e7\u00e3o e Equipamentos Ferrovi\u00e1rios\",\"publisher\":{\"@id\":\"https:\/\/www.amstedmaxion.com.br\/#organization\"},\"alternateName\":\"AmstedMaxion\",\"potentialAction\":[{\"@type\":\"SearchAction\",\"target\":{\"@type\":\"EntryPoint\",\"urlTemplate\":\"https:\/\/www.amstedmaxion.com.br\/?s={search_term_string}\"},\"query-input\":{\"@type\":\"PropertyValueSpecification\",\"valueRequired\":true,\"valueName\":\"search_term_string\"}}],\"inLanguage\":\"en-US\"},{\"@type\":\"Organization\",\"@id\":\"https:\/\/www.amstedmaxion.com.br\/#organization\",\"name\":\"AMSTEDMAXION\",\"url\":\"https:\/\/www.amstedmaxion.com.br\/\",\"logo\":{\"@type\":\"ImageObject\",\"inLanguage\":\"en-US\",\"@id\":\"https:\/\/www.amstedmaxion.com.br\/#\/schema\/logo\/image\/\",\"url\":\"https:\/\/www.amstedmaxion.com.br\/wp-content\/uploads\/2023\/11\/amsted.png\",\"contentUrl\":\"https:\/\/www.amstedmaxion.com.br\/wp-content\/uploads\/2023\/11\/amsted.png\",\"width\":500,\"height\":500,\"caption\":\"AMSTEDMAXION\"},\"image\":{\"@id\":\"https:\/\/www.amstedmaxion.com.br\/#\/schema\/logo\/image\/\"},\"sameAs\":[\"https:\/\/www.facebook.com\/AmstedMaxion.Oficial\",\"https:\/\/br.linkedin.com\/company\/amstedmaxion\"]},{\"@type\":\"Person\",\"@id\":\"https:\/\/www.amstedmaxion.com.br\/#\/schema\/person\/140cb65f07d4e66dd5543c8a187bf436\",\"name\":\"Rosane Storto\",\"image\":{\"@type\":\"ImageObject\",\"inLanguage\":\"en-US\",\"@id\":\"https:\/\/www.amstedmaxion.com.br\/#\/schema\/person\/image\/\",\"url\":\"https:\/\/secure.gravatar.com\/avatar\/0e3d021545bbe593cb0eb3ee740544fefa86d59762e63dec1dbe9480a34c98cd?s=96&d=mm&r=g\",\"contentUrl\":\"https:\/\/secure.gravatar.com\/avatar\/0e3d021545bbe593cb0eb3ee740544fefa86d59762e63dec1dbe9480a34c98cd?s=96&d=mm&r=g\",\"caption\":\"Rosane Storto\"}}]}<\/script>\n<!-- \/ Yoast SEO plugin. -->","yoast_head_json":{"title":"Governo quer dobrar participa\u00e7\u00e3o do modal ferrovi\u00e1rio em oito anos - AmstedMaxion","robots":{"index":"index","follow":"follow","max-snippet":"max-snippet:-1","max-image-preview":"max-image-preview:large","max-video-preview":"max-video-preview:-1"},"canonical":"https:\/\/www.amstedmaxion.com.br\/governo-quer-dobrar-participacao-do-modal-ferroviario-em-oito-anos\/","og_locale":"en_US","og_type":"article","og_title":"Governo quer dobrar participa\u00e7\u00e3o do modal ferrovi\u00e1rio em oito anos - AmstedMaxion","og_description":"A participa\u00e7\u00e3o das ferrovias no total de transportes no Brasil deve chegar a mais de 30% em at\u00e9 oito anos. Esse \u00e9 o plano do governo federal, de acordo com o ministro da Infraestrutura, Tarc\u00edsio de Freitas. Ele discutiu as a\u00e7\u00f5es do Executivo para a \u00e1rea em webinar promovido pela Revista Ferrovi\u00e1ria nesta sexta (10). [&hellip;]","og_url":"https:\/\/www.amstedmaxion.com.br\/governo-quer-dobrar-participacao-do-modal-ferroviario-em-oito-anos\/","og_site_name":"AmstedMaxion","article_publisher":"https:\/\/www.facebook.com\/AmstedMaxion.Oficial","article_published_time":"2020-07-15T20:20:40+00:00","article_modified_time":"2021-07-28T12:23:44+00:00","author":"Rosane Storto","twitter_card":"summary_large_image","twitter_misc":{"Written by":"Rosane Storto","Est. reading time":"1 minute"},"schema":{"@context":"https:\/\/schema.org","@graph":[{"@type":"Article","@id":"https:\/\/www.amstedmaxion.com.br\/governo-quer-dobrar-participacao-do-modal-ferroviario-em-oito-anos\/#article","isPartOf":{"@id":"https:\/\/www.amstedmaxion.com.br\/governo-quer-dobrar-participacao-do-modal-ferroviario-em-oito-anos\/"},"author":{"name":"Rosane Storto","@id":"https:\/\/www.amstedmaxion.com.br\/#\/schema\/person\/140cb65f07d4e66dd5543c8a187bf436"},"headline":"Governo quer dobrar participa\u00e7\u00e3o do modal ferrovi\u00e1rio em oito anos","datePublished":"2020-07-15T20:20:40+00:00","dateModified":"2021-07-28T12:23:44+00:00","mainEntityOfPage":{"@id":"https:\/\/www.amstedmaxion.com.br\/governo-quer-dobrar-participacao-do-modal-ferroviario-em-oito-anos\/"},"wordCount":257,"commentCount":0,"publisher":{"@id":"https:\/\/www.amstedmaxion.com.br\/#organization"},"articleSection":["Not\u00edcias da AmstedMaxion"],"inLanguage":"en-US","potentialAction":[{"@type":"CommentAction","name":"Comment","target":["https:\/\/www.amstedmaxion.com.br\/governo-quer-dobrar-participacao-do-modal-ferroviario-em-oito-anos\/#respond"]}]},{"@type":"WebPage","@id":"https:\/\/www.amstedmaxion.com.br\/governo-quer-dobrar-participacao-do-modal-ferroviario-em-oito-anos\/","url":"https:\/\/www.amstedmaxion.com.br\/governo-quer-dobrar-participacao-do-modal-ferroviario-em-oito-anos\/","name":"Governo quer dobrar participa\u00e7\u00e3o do modal ferrovi\u00e1rio em oito anos - AmstedMaxion","isPartOf":{"@id":"https:\/\/www.amstedmaxion.com.br\/#website"},"datePublished":"2020-07-15T20:20:40+00:00","dateModified":"2021-07-28T12:23:44+00:00","breadcrumb":{"@id":"https:\/\/www.amstedmaxion.com.br\/governo-quer-dobrar-participacao-do-modal-ferroviario-em-oito-anos\/#breadcrumb"},"inLanguage":"en-US","potentialAction":[{"@type":"ReadAction","target":["https:\/\/www.amstedmaxion.com.br\/governo-quer-dobrar-participacao-do-modal-ferroviario-em-oito-anos\/"]}]},{"@type":"BreadcrumbList","@id":"https:\/\/www.amstedmaxion.com.br\/governo-quer-dobrar-participacao-do-modal-ferroviario-em-oito-anos\/#breadcrumb","itemListElement":[{"@type":"ListItem","position":1,"name":"In\u00edcio","item":"https:\/\/www.amstedmaxion.com.br\/"},{"@type":"ListItem","position":2,"name":"Governo quer dobrar participa\u00e7\u00e3o do modal ferrovi\u00e1rio em oito anos"}]},{"@type":"WebSite","@id":"https:\/\/www.amstedmaxion.com.br\/#website","url":"https:\/\/www.amstedmaxion.com.br\/","name":"AmstedMaxion","description":"AmstedMaxion - Fundi\u00e7\u00e3o e Equipamentos Ferrovi\u00e1rios","publisher":{"@id":"https:\/\/www.amstedmaxion.com.br\/#organization"},"alternateName":"AmstedMaxion","potentialAction":[{"@type":"SearchAction","target":{"@type":"EntryPoint","urlTemplate":"https:\/\/www.amstedmaxion.com.br\/?s={search_term_string}"},"query-input":{"@type":"PropertyValueSpecification","valueRequired":true,"valueName":"search_term_string"}}],"inLanguage":"en-US"},{"@type":"Organization","@id":"https:\/\/www.amstedmaxion.com.br\/#organization","name":"AMSTEDMAXION","url":"https:\/\/www.amstedmaxion.com.br\/","logo":{"@type":"ImageObject","inLanguage":"en-US","@id":"https:\/\/www.amstedmaxion.com.br\/#\/schema\/logo\/image\/","url":"https:\/\/www.amstedmaxion.com.br\/wp-content\/uploads\/2023\/11\/amsted.png","contentUrl":"https:\/\/www.amstedmaxion.com.br\/wp-content\/uploads\/2023\/11\/amsted.png","width":500,"height":500,"caption":"AMSTEDMAXION"},"image":{"@id":"https:\/\/www.amstedmaxion.com.br\/#\/schema\/logo\/image\/"},"sameAs":["https:\/\/www.facebook.com\/AmstedMaxion.Oficial","https:\/\/br.linkedin.com\/company\/amstedmaxion"]},{"@type":"Person","@id":"https:\/\/www.amstedmaxion.com.br\/#\/schema\/person\/140cb65f07d4e66dd5543c8a187bf436","name":"Rosane Storto","image":{"@type":"ImageObject","inLanguage":"en-US","@id":"https:\/\/www.amstedmaxion.com.br\/#\/schema\/person\/image\/","url":"https:\/\/secure.gravatar.com\/avatar\/0e3d021545bbe593cb0eb3ee740544fefa86d59762e63dec1dbe9480a34c98cd?s=96&d=mm&r=g","contentUrl":"https:\/\/secure.gravatar.com\/avatar\/0e3d021545bbe593cb0eb3ee740544fefa86d59762e63dec1dbe9480a34c98cd?s=96&d=mm&r=g","caption":"Rosane Storto"}}]}},"_links":{"self":[{"href":"https:\/\/www.amstedmaxion.com.br\/en\/wp-json\/wp\/v2\/posts\/12846","targetHints":{"allow":["GET"]}}],"collection":[{"href":"https:\/\/www.amstedmaxion.com.br\/en\/wp-json\/wp\/v2\/posts"}],"about":[{"href":"https:\/\/www.amstedmaxion.com.br\/en\/wp-json\/wp\/v2\/types\/post"}],"author":[{"embeddable":true,"href":"https:\/\/www.amstedmaxion.com.br\/en\/wp-json\/wp\/v2\/users\/5"}],"replies":[{"embeddable":true,"href":"https:\/\/www.amstedmaxion.com.br\/en\/wp-json\/wp\/v2\/comments?post=12846"}],"version-history":[{"count":1,"href":"https:\/\/www.amstedmaxion.com.br\/en\/wp-json\/wp\/v2\/posts\/12846\/revisions"}],"predecessor-version":[{"id":12847,"href":"https:\/\/www.amstedmaxion.com.br\/en\/wp-json\/wp\/v2\/posts\/12846\/revisions\/12847"}],"wp:attachment":[{"href":"https:\/\/www.amstedmaxion.com.br\/en\/wp-json\/wp\/v2\/media?parent=12846"}],"wp:term":[{"taxonomy":"category","embeddable":true,"href":"https:\/\/www.amstedmaxion.com.br\/en\/wp-json\/wp\/v2\/categories?post=12846"},{"taxonomy":"post_tag","embeddable":true,"href":"https:\/\/www.amstedmaxion.com.br\/en\/wp-json\/wp\/v2\/tags?post=12846"}],"curies":[{"name":"wp","href":"https:\/\/api.w.org\/{rel}","templated":true}]}}