{"id":18360,"date":"2020-08-06T15:39:00","date_gmt":"2020-08-06T18:39:00","guid":{"rendered":"http:\/\/www.amstedmaxion.com.br\/?p=18360"},"modified":"2021-07-28T09:18:18","modified_gmt":"2021-07-28T12:18:18","slug":"aprosoja-comemora-aprovacao-da-construcao-da-ferrovia-de-integracao-do-centro-oeste","status":"publish","type":"post","link":"https:\/\/www.amstedmaxion.com.br\/en\/aprosoja-comemora-aprovacao-da-construcao-da-ferrovia-de-integracao-do-centro-oeste\/","title":{"rendered":"Aprosoja comemora aprova\u00e7\u00e3o da constru\u00e7\u00e3o da Ferrovia de Integra\u00e7\u00e3o do Centro-Oeste"},"content":{"rendered":"\n<p><em>Obra ser\u00e1 estruturante para toda regi\u00e3o do Vale do Araguaia<\/em><\/p>\n\n\n\n<p>O Movimento\nPr\u00f3-Log\u00edstica da Associa\u00e7\u00e3o dos Produtores de Soja e Milho de Mato Grosso\n(Aprosoja) comemora a aprova\u00e7\u00e3o, por unanimidade pelo Tribunal de Contas da\nUni\u00e3o (TCU), da constru\u00e7\u00e3o da Ferrovia de Integra\u00e7\u00e3o do Centro-Oeste (FICO) no\nsegmento que liga Mara Rosa (GO) a \u00c1gua Boa (MT), pela companhia Vale.<\/p>\n\n\n\n<p>\u201cEstamos\ncomemorando mais uma grande vit\u00f3ria com aprova\u00e7\u00e3o pelo TCU da prorroga\u00e7\u00e3o\nantecipada da malha a Estrada de Ferro Vit\u00f3ria Minas e da Ferrovia dos Caraj\u00e1s.\nCom essa prorroga\u00e7\u00e3o antecipada, fica tamb\u00e9m aprovado o investimento na FICO,\nno trecho entre Mara Rosa (GO) e \u00c1gua Boa (MT). Uma super not\u00edcia para toda\nRegi\u00e3o do Vale do Araguaia, toda Regi\u00e3o Nordeste e Leste de Mato Grosso. Ser\u00e1\numa Ferrovia de 388 km que vai conectar o Vale do Araguaia na BR158, em \u00c1gua\nBoa a Mara Rosa na Ferrovia Norte Sul. Que a partir de Mara Rosa poder\u00e3o ser\nacessados portos de Itaqui ou de Santos\u201d, celebrou Edeon Vaz, diretor-executivo\ndo Movimento Pr\u00f3-Log\u00edstica.<\/p>\n\n\n\n<p>Presidente da\nAprosoja, Antonio Galvan, aponta que a obra ser\u00e1 de extrema necessidade o Vale\ndo Araguaia, importante Regi\u00e3o produtiva do Estado, que por muito tempo ficou\nesquecida pelo poder p\u00fablico. \u201cIsso foi muito aguardado por todos n\u00f3s, pelo\nMovimento Pr\u00f3-Log\u00edstica, pelos produtores e por todo Mato Grosso. Aquela Regi\u00e3o\ndemanda por muita log\u00edstica, por conta da \u00e1rea que \u00e9 plantada e agora o\nprogresso ali vai chegar\u201d, pontuou<\/p>\n\n\n\n<p>Edeon Vaz lembra\nque os trabalhos do Movimento Pr\u00f3-Log\u00edstica continuam e buscam a extens\u00e3o da\nferrovia de \u00c1gua Boa at\u00e9 Lucas do Rio Verde. \u201cOutra luta vai ser trazer a FIOL\npara Mara Rosa e, assim, passaremos a ter tr\u00eas portos. Isso ser\u00e1 muito bom e\nvai trazer um ganho substancial para a regi\u00e3o Vale do Araguaia e redu\u00e7\u00e3o de 20%\nno valor do frete que se paga hoje\u201d, assinalou.<\/p>\n\n\n\n<p>Galvan lembrou\nque o m\u00eas de julho foi produtivo para o setor log\u00edstico, primeiro com a\nassinatura da ordem de servi\u00e7o para constru\u00e7\u00e3o da ponte sobre o Rio Araguaia na\nBR-080, e agora com a aprova\u00e7\u00e3o da constru\u00e7\u00e3o da Fico. Presidente agradeceu o\nGoverno Federal pelas obras que v\u00e3o garantir mais agilidade no escoamento da\nsafra na Regi\u00e3o do Araguaia. &nbsp;<\/p>\n\n\n\n<p>\u201cAgradecer ao\nministro Tarc\u00edsio Freitas e nosso presidente Jair Bolsonaro pelo an\u00fancio de\ntantos anos de luta de duas importantes obras para Mato Grosso, em especial\npara o Vale do Araguaia. E com an\u00fancio da obra da ponte sobre o Rio Araguaia,\nna BR-080, que vai ligar os Estados de Mato Grosso e Goi\u00e1s, ganha toda Regi\u00e3o,\ne ganha todo Estado de Mato Grosso\u201d, finalizou o presidente.<\/p>\n\n\n\n<p><strong>Fonte:<\/strong>Ascom <\/p>\n","protected":false},"excerpt":{"rendered":"<p>Obra ser\u00e1 estruturante para toda regi\u00e3o do Vale do Araguaia O Movimento Pr\u00f3-Log\u00edstica da Associa\u00e7\u00e3o dos Produtores de Soja e Milho de Mato Grosso (Aprosoja) comemora a aprova\u00e7\u00e3o, por unanimidade pelo Tribunal de Contas da Uni\u00e3o (TCU), da constru\u00e7\u00e3o da Ferrovia de Integra\u00e7\u00e3o do Centro-Oeste (FICO) no segmento que liga Mara Rosa (GO) a \u00c1gua [&hellip;]<\/p>\n","protected":false},"author":5,"featured_media":0,"comment_status":"open","ping_status":"open","sticky":false,"template":"","format":"standard","meta":{"_acf_changed":false,"footnotes":""},"categories":[2],"tags":[],"class_list":["post-18360","post","type-post","status-publish","format-standard","hentry","category-noticias"],"acf":[],"yoast_head":"<!-- This site is optimized with the Yoast SEO plugin v23.9 - https:\/\/yoast.com\/wordpress\/plugins\/seo\/ -->\n<title>Aprosoja comemora aprova\u00e7\u00e3o da constru\u00e7\u00e3o da Ferrovia de Integra\u00e7\u00e3o do Centro-Oeste - AmstedMaxion<\/title>\n<meta name=\"robots\" content=\"index, follow, max-snippet:-1, max-image-preview:large, max-video-preview:-1\" \/>\n<link rel=\"canonical\" href=\"https:\/\/www.amstedmaxion.com.br\/aprosoja-comemora-aprovacao-da-construcao-da-ferrovia-de-integracao-do-centro-oeste\/\" \/>\n<meta property=\"og:locale\" content=\"en_US\" \/>\n<meta property=\"og:type\" content=\"article\" \/>\n<meta property=\"og:title\" content=\"Aprosoja comemora aprova\u00e7\u00e3o da constru\u00e7\u00e3o da Ferrovia de Integra\u00e7\u00e3o do Centro-Oeste - AmstedMaxion\" \/>\n<meta property=\"og:description\" content=\"Obra ser\u00e1 estruturante para toda regi\u00e3o do Vale do Araguaia O Movimento Pr\u00f3-Log\u00edstica da Associa\u00e7\u00e3o dos Produtores de Soja e Milho de Mato Grosso (Aprosoja) comemora a aprova\u00e7\u00e3o, por unanimidade pelo Tribunal de Contas da Uni\u00e3o (TCU), da constru\u00e7\u00e3o da Ferrovia de Integra\u00e7\u00e3o do Centro-Oeste (FICO) no segmento que liga Mara Rosa (GO) a \u00c1gua [&hellip;]\" \/>\n<meta property=\"og:url\" content=\"https:\/\/www.amstedmaxion.com.br\/aprosoja-comemora-aprovacao-da-construcao-da-ferrovia-de-integracao-do-centro-oeste\/\" \/>\n<meta property=\"og:site_name\" content=\"AmstedMaxion\" \/>\n<meta property=\"article:publisher\" content=\"https:\/\/www.facebook.com\/AmstedMaxion.Oficial\" \/>\n<meta property=\"article:published_time\" content=\"2020-08-06T18:39:00+00:00\" \/>\n<meta property=\"article:modified_time\" content=\"2021-07-28T12:18:18+00:00\" \/>\n<meta name=\"author\" content=\"Rosane Storto\" \/>\n<meta name=\"twitter:card\" content=\"summary_large_image\" \/>\n<meta name=\"twitter:label1\" content=\"Written by\" \/>\n\t<meta name=\"twitter:data1\" content=\"Rosane Storto\" \/>\n\t<meta name=\"twitter:label2\" content=\"Est. reading time\" \/>\n\t<meta name=\"twitter:data2\" content=\"2 minutes\" \/>\n<script type=\"application\/ld+json\" class=\"yoast-schema-graph\">{\"@context\":\"https:\/\/schema.org\",\"@graph\":[{\"@type\":\"Article\",\"@id\":\"https:\/\/www.amstedmaxion.com.br\/aprosoja-comemora-aprovacao-da-construcao-da-ferrovia-de-integracao-do-centro-oeste\/#article\",\"isPartOf\":{\"@id\":\"https:\/\/www.amstedmaxion.com.br\/aprosoja-comemora-aprovacao-da-construcao-da-ferrovia-de-integracao-do-centro-oeste\/\"},\"author\":{\"name\":\"Rosane Storto\",\"@id\":\"https:\/\/www.amstedmaxion.com.br\/#\/schema\/person\/140cb65f07d4e66dd5543c8a187bf436\"},\"headline\":\"Aprosoja comemora aprova\u00e7\u00e3o da constru\u00e7\u00e3o da Ferrovia de Integra\u00e7\u00e3o do Centro-Oeste\",\"datePublished\":\"2020-08-06T18:39:00+00:00\",\"dateModified\":\"2021-07-28T12:18:18+00:00\",\"mainEntityOfPage\":{\"@id\":\"https:\/\/www.amstedmaxion.com.br\/aprosoja-comemora-aprovacao-da-construcao-da-ferrovia-de-integracao-do-centro-oeste\/\"},\"wordCount\":499,\"commentCount\":0,\"publisher\":{\"@id\":\"https:\/\/www.amstedmaxion.com.br\/#organization\"},\"articleSection\":[\"Not\u00edcias da AmstedMaxion\"],\"inLanguage\":\"en-US\",\"potentialAction\":[{\"@type\":\"CommentAction\",\"name\":\"Comment\",\"target\":[\"https:\/\/www.amstedmaxion.com.br\/aprosoja-comemora-aprovacao-da-construcao-da-ferrovia-de-integracao-do-centro-oeste\/#respond\"]}]},{\"@type\":\"WebPage\",\"@id\":\"https:\/\/www.amstedmaxion.com.br\/aprosoja-comemora-aprovacao-da-construcao-da-ferrovia-de-integracao-do-centro-oeste\/\",\"url\":\"https:\/\/www.amstedmaxion.com.br\/aprosoja-comemora-aprovacao-da-construcao-da-ferrovia-de-integracao-do-centro-oeste\/\",\"name\":\"Aprosoja comemora aprova\u00e7\u00e3o da constru\u00e7\u00e3o da Ferrovia de Integra\u00e7\u00e3o do Centro-Oeste - AmstedMaxion\",\"isPartOf\":{\"@id\":\"https:\/\/www.amstedmaxion.com.br\/#website\"},\"datePublished\":\"2020-08-06T18:39:00+00:00\",\"dateModified\":\"2021-07-28T12:18:18+00:00\",\"breadcrumb\":{\"@id\":\"https:\/\/www.amstedmaxion.com.br\/aprosoja-comemora-aprovacao-da-construcao-da-ferrovia-de-integracao-do-centro-oeste\/#breadcrumb\"},\"inLanguage\":\"en-US\",\"potentialAction\":[{\"@type\":\"ReadAction\",\"target\":[\"https:\/\/www.amstedmaxion.com.br\/aprosoja-comemora-aprovacao-da-construcao-da-ferrovia-de-integracao-do-centro-oeste\/\"]}]},{\"@type\":\"BreadcrumbList\",\"@id\":\"https:\/\/www.amstedmaxion.com.br\/aprosoja-comemora-aprovacao-da-construcao-da-ferrovia-de-integracao-do-centro-oeste\/#breadcrumb\",\"itemListElement\":[{\"@type\":\"ListItem\",\"position\":1,\"name\":\"In\u00edcio\",\"item\":\"https:\/\/www.amstedmaxion.com.br\/\"},{\"@type\":\"ListItem\",\"position\":2,\"name\":\"Aprosoja comemora aprova\u00e7\u00e3o da constru\u00e7\u00e3o da Ferrovia de Integra\u00e7\u00e3o do Centro-Oeste\"}]},{\"@type\":\"WebSite\",\"@id\":\"https:\/\/www.amstedmaxion.com.br\/#website\",\"url\":\"https:\/\/www.amstedmaxion.com.br\/\",\"name\":\"AmstedMaxion\",\"description\":\"AmstedMaxion - Fundi\u00e7\u00e3o e Equipamentos Ferrovi\u00e1rios\",\"publisher\":{\"@id\":\"https:\/\/www.amstedmaxion.com.br\/#organization\"},\"alternateName\":\"AmstedMaxion\",\"potentialAction\":[{\"@type\":\"SearchAction\",\"target\":{\"@type\":\"EntryPoint\",\"urlTemplate\":\"https:\/\/www.amstedmaxion.com.br\/?s={search_term_string}\"},\"query-input\":{\"@type\":\"PropertyValueSpecification\",\"valueRequired\":true,\"valueName\":\"search_term_string\"}}],\"inLanguage\":\"en-US\"},{\"@type\":\"Organization\",\"@id\":\"https:\/\/www.amstedmaxion.com.br\/#organization\",\"name\":\"AMSTEDMAXION\",\"url\":\"https:\/\/www.amstedmaxion.com.br\/\",\"logo\":{\"@type\":\"ImageObject\",\"inLanguage\":\"en-US\",\"@id\":\"https:\/\/www.amstedmaxion.com.br\/#\/schema\/logo\/image\/\",\"url\":\"https:\/\/www.amstedmaxion.com.br\/wp-content\/uploads\/2023\/11\/amsted.png\",\"contentUrl\":\"https:\/\/www.amstedmaxion.com.br\/wp-content\/uploads\/2023\/11\/amsted.png\",\"width\":500,\"height\":500,\"caption\":\"AMSTEDMAXION\"},\"image\":{\"@id\":\"https:\/\/www.amstedmaxion.com.br\/#\/schema\/logo\/image\/\"},\"sameAs\":[\"https:\/\/www.facebook.com\/AmstedMaxion.Oficial\",\"https:\/\/br.linkedin.com\/company\/amstedmaxion\"]},{\"@type\":\"Person\",\"@id\":\"https:\/\/www.amstedmaxion.com.br\/#\/schema\/person\/140cb65f07d4e66dd5543c8a187bf436\",\"name\":\"Rosane Storto\",\"image\":{\"@type\":\"ImageObject\",\"inLanguage\":\"en-US\",\"@id\":\"https:\/\/www.amstedmaxion.com.br\/#\/schema\/person\/image\/\",\"url\":\"https:\/\/secure.gravatar.com\/avatar\/0e3d021545bbe593cb0eb3ee740544fefa86d59762e63dec1dbe9480a34c98cd?s=96&d=mm&r=g\",\"contentUrl\":\"https:\/\/secure.gravatar.com\/avatar\/0e3d021545bbe593cb0eb3ee740544fefa86d59762e63dec1dbe9480a34c98cd?s=96&d=mm&r=g\",\"caption\":\"Rosane Storto\"}}]}<\/script>\n<!-- \/ Yoast SEO plugin. -->","yoast_head_json":{"title":"Aprosoja comemora aprova\u00e7\u00e3o da constru\u00e7\u00e3o da Ferrovia de Integra\u00e7\u00e3o do Centro-Oeste - AmstedMaxion","robots":{"index":"index","follow":"follow","max-snippet":"max-snippet:-1","max-image-preview":"max-image-preview:large","max-video-preview":"max-video-preview:-1"},"canonical":"https:\/\/www.amstedmaxion.com.br\/aprosoja-comemora-aprovacao-da-construcao-da-ferrovia-de-integracao-do-centro-oeste\/","og_locale":"en_US","og_type":"article","og_title":"Aprosoja comemora aprova\u00e7\u00e3o da constru\u00e7\u00e3o da Ferrovia de Integra\u00e7\u00e3o do Centro-Oeste - AmstedMaxion","og_description":"Obra ser\u00e1 estruturante para toda regi\u00e3o do Vale do Araguaia O Movimento Pr\u00f3-Log\u00edstica da Associa\u00e7\u00e3o dos Produtores de Soja e Milho de Mato Grosso (Aprosoja) comemora a aprova\u00e7\u00e3o, por unanimidade pelo Tribunal de Contas da Uni\u00e3o (TCU), da constru\u00e7\u00e3o da Ferrovia de Integra\u00e7\u00e3o do Centro-Oeste (FICO) no segmento que liga Mara Rosa (GO) a \u00c1gua [&hellip;]","og_url":"https:\/\/www.amstedmaxion.com.br\/aprosoja-comemora-aprovacao-da-construcao-da-ferrovia-de-integracao-do-centro-oeste\/","og_site_name":"AmstedMaxion","article_publisher":"https:\/\/www.facebook.com\/AmstedMaxion.Oficial","article_published_time":"2020-08-06T18:39:00+00:00","article_modified_time":"2021-07-28T12:18:18+00:00","author":"Rosane Storto","twitter_card":"summary_large_image","twitter_misc":{"Written by":"Rosane Storto","Est. reading time":"2 minutes"},"schema":{"@context":"https:\/\/schema.org","@graph":[{"@type":"Article","@id":"https:\/\/www.amstedmaxion.com.br\/aprosoja-comemora-aprovacao-da-construcao-da-ferrovia-de-integracao-do-centro-oeste\/#article","isPartOf":{"@id":"https:\/\/www.amstedmaxion.com.br\/aprosoja-comemora-aprovacao-da-construcao-da-ferrovia-de-integracao-do-centro-oeste\/"},"author":{"name":"Rosane Storto","@id":"https:\/\/www.amstedmaxion.com.br\/#\/schema\/person\/140cb65f07d4e66dd5543c8a187bf436"},"headline":"Aprosoja comemora aprova\u00e7\u00e3o da constru\u00e7\u00e3o da Ferrovia de Integra\u00e7\u00e3o do Centro-Oeste","datePublished":"2020-08-06T18:39:00+00:00","dateModified":"2021-07-28T12:18:18+00:00","mainEntityOfPage":{"@id":"https:\/\/www.amstedmaxion.com.br\/aprosoja-comemora-aprovacao-da-construcao-da-ferrovia-de-integracao-do-centro-oeste\/"},"wordCount":499,"commentCount":0,"publisher":{"@id":"https:\/\/www.amstedmaxion.com.br\/#organization"},"articleSection":["Not\u00edcias da AmstedMaxion"],"inLanguage":"en-US","potentialAction":[{"@type":"CommentAction","name":"Comment","target":["https:\/\/www.amstedmaxion.com.br\/aprosoja-comemora-aprovacao-da-construcao-da-ferrovia-de-integracao-do-centro-oeste\/#respond"]}]},{"@type":"WebPage","@id":"https:\/\/www.amstedmaxion.com.br\/aprosoja-comemora-aprovacao-da-construcao-da-ferrovia-de-integracao-do-centro-oeste\/","url":"https:\/\/www.amstedmaxion.com.br\/aprosoja-comemora-aprovacao-da-construcao-da-ferrovia-de-integracao-do-centro-oeste\/","name":"Aprosoja comemora aprova\u00e7\u00e3o da constru\u00e7\u00e3o da Ferrovia de Integra\u00e7\u00e3o do Centro-Oeste - AmstedMaxion","isPartOf":{"@id":"https:\/\/www.amstedmaxion.com.br\/#website"},"datePublished":"2020-08-06T18:39:00+00:00","dateModified":"2021-07-28T12:18:18+00:00","breadcrumb":{"@id":"https:\/\/www.amstedmaxion.com.br\/aprosoja-comemora-aprovacao-da-construcao-da-ferrovia-de-integracao-do-centro-oeste\/#breadcrumb"},"inLanguage":"en-US","potentialAction":[{"@type":"ReadAction","target":["https:\/\/www.amstedmaxion.com.br\/aprosoja-comemora-aprovacao-da-construcao-da-ferrovia-de-integracao-do-centro-oeste\/"]}]},{"@type":"BreadcrumbList","@id":"https:\/\/www.amstedmaxion.com.br\/aprosoja-comemora-aprovacao-da-construcao-da-ferrovia-de-integracao-do-centro-oeste\/#breadcrumb","itemListElement":[{"@type":"ListItem","position":1,"name":"In\u00edcio","item":"https:\/\/www.amstedmaxion.com.br\/"},{"@type":"ListItem","position":2,"name":"Aprosoja comemora aprova\u00e7\u00e3o da constru\u00e7\u00e3o da Ferrovia de Integra\u00e7\u00e3o do Centro-Oeste"}]},{"@type":"WebSite","@id":"https:\/\/www.amstedmaxion.com.br\/#website","url":"https:\/\/www.amstedmaxion.com.br\/","name":"AmstedMaxion","description":"AmstedMaxion - Fundi\u00e7\u00e3o e Equipamentos Ferrovi\u00e1rios","publisher":{"@id":"https:\/\/www.amstedmaxion.com.br\/#organization"},"alternateName":"AmstedMaxion","potentialAction":[{"@type":"SearchAction","target":{"@type":"EntryPoint","urlTemplate":"https:\/\/www.amstedmaxion.com.br\/?s={search_term_string}"},"query-input":{"@type":"PropertyValueSpecification","valueRequired":true,"valueName":"search_term_string"}}],"inLanguage":"en-US"},{"@type":"Organization","@id":"https:\/\/www.amstedmaxion.com.br\/#organization","name":"AMSTEDMAXION","url":"https:\/\/www.amstedmaxion.com.br\/","logo":{"@type":"ImageObject","inLanguage":"en-US","@id":"https:\/\/www.amstedmaxion.com.br\/#\/schema\/logo\/image\/","url":"https:\/\/www.amstedmaxion.com.br\/wp-content\/uploads\/2023\/11\/amsted.png","contentUrl":"https:\/\/www.amstedmaxion.com.br\/wp-content\/uploads\/2023\/11\/amsted.png","width":500,"height":500,"caption":"AMSTEDMAXION"},"image":{"@id":"https:\/\/www.amstedmaxion.com.br\/#\/schema\/logo\/image\/"},"sameAs":["https:\/\/www.facebook.com\/AmstedMaxion.Oficial","https:\/\/br.linkedin.com\/company\/amstedmaxion"]},{"@type":"Person","@id":"https:\/\/www.amstedmaxion.com.br\/#\/schema\/person\/140cb65f07d4e66dd5543c8a187bf436","name":"Rosane Storto","image":{"@type":"ImageObject","inLanguage":"en-US","@id":"https:\/\/www.amstedmaxion.com.br\/#\/schema\/person\/image\/","url":"https:\/\/secure.gravatar.com\/avatar\/0e3d021545bbe593cb0eb3ee740544fefa86d59762e63dec1dbe9480a34c98cd?s=96&d=mm&r=g","contentUrl":"https:\/\/secure.gravatar.com\/avatar\/0e3d021545bbe593cb0eb3ee740544fefa86d59762e63dec1dbe9480a34c98cd?s=96&d=mm&r=g","caption":"Rosane Storto"}}]}},"_links":{"self":[{"href":"https:\/\/www.amstedmaxion.com.br\/en\/wp-json\/wp\/v2\/posts\/18360","targetHints":{"allow":["GET"]}}],"collection":[{"href":"https:\/\/www.amstedmaxion.com.br\/en\/wp-json\/wp\/v2\/posts"}],"about":[{"href":"https:\/\/www.amstedmaxion.com.br\/en\/wp-json\/wp\/v2\/types\/post"}],"author":[{"embeddable":true,"href":"https:\/\/www.amstedmaxion.com.br\/en\/wp-json\/wp\/v2\/users\/5"}],"replies":[{"embeddable":true,"href":"https:\/\/www.amstedmaxion.com.br\/en\/wp-json\/wp\/v2\/comments?post=18360"}],"version-history":[{"count":1,"href":"https:\/\/www.amstedmaxion.com.br\/en\/wp-json\/wp\/v2\/posts\/18360\/revisions"}],"predecessor-version":[{"id":18362,"href":"https:\/\/www.amstedmaxion.com.br\/en\/wp-json\/wp\/v2\/posts\/18360\/revisions\/18362"}],"wp:attachment":[{"href":"https:\/\/www.amstedmaxion.com.br\/en\/wp-json\/wp\/v2\/media?parent=18360"}],"wp:term":[{"taxonomy":"category","embeddable":true,"href":"https:\/\/www.amstedmaxion.com.br\/en\/wp-json\/wp\/v2\/categories?post=18360"},{"taxonomy":"post_tag","embeddable":true,"href":"https:\/\/www.amstedmaxion.com.br\/en\/wp-json\/wp\/v2\/tags?post=18360"}],"curies":[{"name":"wp","href":"https:\/\/api.w.org\/{rel}","templated":true}]}}