{"id":18490,"date":"2020-08-11T16:26:00","date_gmt":"2020-08-11T19:26:00","guid":{"rendered":"https:\/\/www.amstedmaxion.com.br\/?p=18490"},"modified":"2021-07-28T09:13:40","modified_gmt":"2021-07-28T12:13:40","slug":"grupo-de-trabalho-da-inicio-ao-plano-estadual-ferroviario","status":"publish","type":"post","link":"https:\/\/www.amstedmaxion.com.br\/en\/grupo-de-trabalho-da-inicio-ao-plano-estadual-ferroviario\/","title":{"rendered":"Grupo de trabalho d\u00e1 in\u00edcio ao Plano Estadual Ferrovi\u00e1rio"},"content":{"rendered":"\n<p>O grupo criado pelo governador Carlos Massa Ratinho Junior para a elabora\u00e7\u00e3o do Plano Estadual Ferrovi\u00e1rio teve a primeira reuni\u00e3o nesta ter\u00e7a-feira (4). Ele vai propor as diretrizes para a desestatiza\u00e7\u00e3o e o desenvolvimento sustent\u00e1vel dos servi\u00e7os de transporte ferrovi\u00e1rio no Estado. O grupo tem, como primeira miss\u00e3o, a contrata\u00e7\u00e3o de Estudo de Impacto Ambiental e due diligence para avalia\u00e7\u00e3o dos ativos da Ferroeste.<\/p>\n\n\n\n<p>Na abertura da\nreuni\u00e3o, o secret\u00e1rio estadual do Planejamento e Projetos Estruturantes,\nValdemar Bernardo Jorge, falou da import\u00e2ncia do modal ferrovi\u00e1rio,\nespecialmente na retomada da economia ap\u00f3s a pandemia do novo coronav\u00edrus. \u201cA\nferrovia \u00e9 essencial para potencializar o desenvolvimento econ\u00f4mico e social do\nEstado. Precisamos ganhar velocidade na contrata\u00e7\u00e3o dos estudos e nas licen\u00e7as\nambientais necess\u00e1rias para chegarmos \u00e0 efetiva transforma\u00e7\u00e3o f\u00e9rrea que o\nParan\u00e1 precisa\u201d, disse Valdemar.<\/p>\n\n\n\n<p>A inten\u00e7\u00e3o do\ngoverno \u00e9 que os primeiros trilhos da amplia\u00e7\u00e3o prevista para a malha da\nFerroeste sejam instalados em 2022. \u201cEstamos participando de um momento que\nser\u00e1 transformador para o Paran\u00e1 e para o Brasil\u201d, afirmou o engenheiro Luiz\nHenrique Fagundes, que coordena os trabalhos. \u201cEsse projeto \u00e9 fruto de uma\nvis\u00e3o de Estado do nosso governador, est\u00e1 alinhado com as iniciativas da\nSecretaria de Infraestrutura e Log\u00edstica e conta com apoio integral da\nSecretaria de Planejamento e Projetos Estruturantes\u201d, acrescentou.<\/p>\n\n\n\n<p>De acordo com o\nque est\u00e1 previsto no Decreto 5076, de 7 de julho de 2020, o grupo de trabalho \u00e9\ncomposto por dois representantes indicados pelo governador, um representante da\nCasa Civil, um da Secretaria da Fazenda, um da Secretaria de Desenvolvimento\nUrbano e de Obras P\u00fablicas, um da Secretaria do Planejamento e Projetos\nEstruturantes e um da Secretaria de Infraestrutura e Log\u00edstica.<\/p>\n\n\n\n<p>O objetivo dessa\nequipe \u00e9 dotar o Paran\u00e1 de infraestrutura de transporte ferrovi\u00e1rio adequado,\npromover o desenvolvimento social e econ\u00f4mico, promover a malha ferrovi\u00e1ria de\nacordo com o planejamento estadual para o setor, incrementar a utiliza\u00e7\u00e3o do\nmodal em bases sustent\u00e1veis, atrair investimentos para o setor, garantir\nelevados padr\u00f5es de seguran\u00e7a, respeito ao meio ambiente, governan\u00e7a e\ntranspar\u00eancia e garantir elevado grau de satisfa\u00e7\u00e3o dos usu\u00e1rios do\nservi\u00e7o.&nbsp;&nbsp;<\/p>\n\n\n\n<p>PPI \u2013 A Ferroeste,\nque \u00e9 operada pelo Governo do Paran\u00e1 e atualmente possui malha que liga os\nmunic\u00edpios de Cascavel e Guarapuava, est\u00e1 qualificada no Programa de Parcerias\nde Investimentos do Governo Federal, o que significa que a Uni\u00e3o vai ajudar o\nParan\u00e1 com apoio t\u00e9cnico regulat\u00f3rio necess\u00e1rio para a atra\u00e7\u00e3o de investidores.<\/p>\n\n\n\n<p>A expectativa \u00e9\nconcluir o Estudo de Viabilidade T\u00e9cnica, Econ\u00f4mica e Ambiental (EVTEA), o\nEstudo de Impacto Ambiental (EIA) e o Relat\u00f3rio de Impacto Ambiental (RIMA) e\nprivatizar a ferrovia at\u00e9 o fim de 2021.<\/p>\n\n\n\n<p>O cronograma\nprev\u00ea, tamb\u00e9m, estudo de viabilidade de extens\u00e3o (at\u00e9 1.371 quil\u00f4metros) de uma\nnova ferrovia entre Maracaju (MS) e Cascavel (PR), a revitaliza\u00e7\u00e3o do atual\ntrecho ferrovi\u00e1rio entre Cascavel a Guarapuava, a constru\u00e7\u00e3o de uma nova\nferrovia entre Guarapuava e Paranagu\u00e1 e a constru\u00e7\u00e3o de um ramal multimodal\nentre Cascavel e Foz do Igua\u00e7u.<\/p>\n\n\n\n<p><br> Fonte: Ag\u00eancia de Not\u00edcias do Paran\u00e1 <\/p>\n","protected":false},"excerpt":{"rendered":"<p>O grupo criado pelo governador Carlos Massa Ratinho Junior para a elabora\u00e7\u00e3o do Plano Estadual Ferrovi\u00e1rio teve a primeira reuni\u00e3o nesta ter\u00e7a-feira (4). Ele vai propor as diretrizes para a desestatiza\u00e7\u00e3o e o desenvolvimento sustent\u00e1vel dos servi\u00e7os de transporte ferrovi\u00e1rio no Estado. O grupo tem, como primeira miss\u00e3o, a contrata\u00e7\u00e3o de Estudo de Impacto Ambiental [&hellip;]<\/p>\n","protected":false},"author":5,"featured_media":0,"comment_status":"open","ping_status":"open","sticky":false,"template":"","format":"standard","meta":{"_acf_changed":false,"footnotes":""},"categories":[2],"tags":[],"class_list":["post-18490","post","type-post","status-publish","format-standard","hentry","category-noticias"],"acf":[],"yoast_head":"<!-- This site is optimized with the Yoast SEO plugin v23.9 - https:\/\/yoast.com\/wordpress\/plugins\/seo\/ -->\n<title>Grupo de trabalho d\u00e1 in\u00edcio ao Plano Estadual Ferrovi\u00e1rio - AmstedMaxion<\/title>\n<meta name=\"robots\" content=\"index, follow, max-snippet:-1, max-image-preview:large, max-video-preview:-1\" \/>\n<link rel=\"canonical\" href=\"https:\/\/www.amstedmaxion.com.br\/grupo-de-trabalho-da-inicio-ao-plano-estadual-ferroviario\/\" \/>\n<meta property=\"og:locale\" content=\"en_US\" \/>\n<meta property=\"og:type\" content=\"article\" \/>\n<meta property=\"og:title\" content=\"Grupo de trabalho d\u00e1 in\u00edcio ao Plano Estadual Ferrovi\u00e1rio - AmstedMaxion\" \/>\n<meta property=\"og:description\" content=\"O grupo criado pelo governador Carlos Massa Ratinho Junior para a elabora\u00e7\u00e3o do Plano Estadual Ferrovi\u00e1rio teve a primeira reuni\u00e3o nesta ter\u00e7a-feira (4). Ele vai propor as diretrizes para a desestatiza\u00e7\u00e3o e o desenvolvimento sustent\u00e1vel dos servi\u00e7os de transporte ferrovi\u00e1rio no Estado. O grupo tem, como primeira miss\u00e3o, a contrata\u00e7\u00e3o de Estudo de Impacto Ambiental [&hellip;]\" \/>\n<meta property=\"og:url\" content=\"https:\/\/www.amstedmaxion.com.br\/grupo-de-trabalho-da-inicio-ao-plano-estadual-ferroviario\/\" \/>\n<meta property=\"og:site_name\" content=\"AmstedMaxion\" \/>\n<meta property=\"article:publisher\" content=\"https:\/\/www.facebook.com\/AmstedMaxion.Oficial\" \/>\n<meta property=\"article:published_time\" content=\"2020-08-11T19:26:00+00:00\" \/>\n<meta property=\"article:modified_time\" content=\"2021-07-28T12:13:40+00:00\" \/>\n<meta name=\"author\" content=\"Rosane Storto\" \/>\n<meta name=\"twitter:card\" content=\"summary_large_image\" \/>\n<meta name=\"twitter:label1\" content=\"Written by\" \/>\n\t<meta name=\"twitter:data1\" content=\"Rosane Storto\" \/>\n\t<meta name=\"twitter:label2\" content=\"Est. reading time\" \/>\n\t<meta name=\"twitter:data2\" content=\"3 minutes\" \/>\n<script type=\"application\/ld+json\" class=\"yoast-schema-graph\">{\"@context\":\"https:\/\/schema.org\",\"@graph\":[{\"@type\":\"Article\",\"@id\":\"https:\/\/www.amstedmaxion.com.br\/grupo-de-trabalho-da-inicio-ao-plano-estadual-ferroviario\/#article\",\"isPartOf\":{\"@id\":\"https:\/\/www.amstedmaxion.com.br\/grupo-de-trabalho-da-inicio-ao-plano-estadual-ferroviario\/\"},\"author\":{\"name\":\"Rosane Storto\",\"@id\":\"https:\/\/www.amstedmaxion.com.br\/#\/schema\/person\/140cb65f07d4e66dd5543c8a187bf436\"},\"headline\":\"Grupo de trabalho d\u00e1 in\u00edcio ao Plano Estadual Ferrovi\u00e1rio\",\"datePublished\":\"2020-08-11T19:26:00+00:00\",\"dateModified\":\"2021-07-28T12:13:40+00:00\",\"mainEntityOfPage\":{\"@id\":\"https:\/\/www.amstedmaxion.com.br\/grupo-de-trabalho-da-inicio-ao-plano-estadual-ferroviario\/\"},\"wordCount\":554,\"commentCount\":0,\"publisher\":{\"@id\":\"https:\/\/www.amstedmaxion.com.br\/#organization\"},\"articleSection\":[\"Not\u00edcias da AmstedMaxion\"],\"inLanguage\":\"en-US\",\"potentialAction\":[{\"@type\":\"CommentAction\",\"name\":\"Comment\",\"target\":[\"https:\/\/www.amstedmaxion.com.br\/grupo-de-trabalho-da-inicio-ao-plano-estadual-ferroviario\/#respond\"]}]},{\"@type\":\"WebPage\",\"@id\":\"https:\/\/www.amstedmaxion.com.br\/grupo-de-trabalho-da-inicio-ao-plano-estadual-ferroviario\/\",\"url\":\"https:\/\/www.amstedmaxion.com.br\/grupo-de-trabalho-da-inicio-ao-plano-estadual-ferroviario\/\",\"name\":\"Grupo de trabalho d\u00e1 in\u00edcio ao Plano Estadual Ferrovi\u00e1rio - AmstedMaxion\",\"isPartOf\":{\"@id\":\"https:\/\/www.amstedmaxion.com.br\/#website\"},\"datePublished\":\"2020-08-11T19:26:00+00:00\",\"dateModified\":\"2021-07-28T12:13:40+00:00\",\"breadcrumb\":{\"@id\":\"https:\/\/www.amstedmaxion.com.br\/grupo-de-trabalho-da-inicio-ao-plano-estadual-ferroviario\/#breadcrumb\"},\"inLanguage\":\"en-US\",\"potentialAction\":[{\"@type\":\"ReadAction\",\"target\":[\"https:\/\/www.amstedmaxion.com.br\/grupo-de-trabalho-da-inicio-ao-plano-estadual-ferroviario\/\"]}]},{\"@type\":\"BreadcrumbList\",\"@id\":\"https:\/\/www.amstedmaxion.com.br\/grupo-de-trabalho-da-inicio-ao-plano-estadual-ferroviario\/#breadcrumb\",\"itemListElement\":[{\"@type\":\"ListItem\",\"position\":1,\"name\":\"In\u00edcio\",\"item\":\"https:\/\/www.amstedmaxion.com.br\/\"},{\"@type\":\"ListItem\",\"position\":2,\"name\":\"Grupo de trabalho d\u00e1 in\u00edcio ao Plano Estadual Ferrovi\u00e1rio\"}]},{\"@type\":\"WebSite\",\"@id\":\"https:\/\/www.amstedmaxion.com.br\/#website\",\"url\":\"https:\/\/www.amstedmaxion.com.br\/\",\"name\":\"AmstedMaxion\",\"description\":\"AmstedMaxion - Fundi\u00e7\u00e3o e Equipamentos Ferrovi\u00e1rios\",\"publisher\":{\"@id\":\"https:\/\/www.amstedmaxion.com.br\/#organization\"},\"alternateName\":\"AmstedMaxion\",\"potentialAction\":[{\"@type\":\"SearchAction\",\"target\":{\"@type\":\"EntryPoint\",\"urlTemplate\":\"https:\/\/www.amstedmaxion.com.br\/?s={search_term_string}\"},\"query-input\":{\"@type\":\"PropertyValueSpecification\",\"valueRequired\":true,\"valueName\":\"search_term_string\"}}],\"inLanguage\":\"en-US\"},{\"@type\":\"Organization\",\"@id\":\"https:\/\/www.amstedmaxion.com.br\/#organization\",\"name\":\"AMSTEDMAXION\",\"url\":\"https:\/\/www.amstedmaxion.com.br\/\",\"logo\":{\"@type\":\"ImageObject\",\"inLanguage\":\"en-US\",\"@id\":\"https:\/\/www.amstedmaxion.com.br\/#\/schema\/logo\/image\/\",\"url\":\"https:\/\/www.amstedmaxion.com.br\/wp-content\/uploads\/2023\/11\/amsted.png\",\"contentUrl\":\"https:\/\/www.amstedmaxion.com.br\/wp-content\/uploads\/2023\/11\/amsted.png\",\"width\":500,\"height\":500,\"caption\":\"AMSTEDMAXION\"},\"image\":{\"@id\":\"https:\/\/www.amstedmaxion.com.br\/#\/schema\/logo\/image\/\"},\"sameAs\":[\"https:\/\/www.facebook.com\/AmstedMaxion.Oficial\",\"https:\/\/br.linkedin.com\/company\/amstedmaxion\"]},{\"@type\":\"Person\",\"@id\":\"https:\/\/www.amstedmaxion.com.br\/#\/schema\/person\/140cb65f07d4e66dd5543c8a187bf436\",\"name\":\"Rosane Storto\",\"image\":{\"@type\":\"ImageObject\",\"inLanguage\":\"en-US\",\"@id\":\"https:\/\/www.amstedmaxion.com.br\/#\/schema\/person\/image\/\",\"url\":\"https:\/\/secure.gravatar.com\/avatar\/0e3d021545bbe593cb0eb3ee740544fefa86d59762e63dec1dbe9480a34c98cd?s=96&d=mm&r=g\",\"contentUrl\":\"https:\/\/secure.gravatar.com\/avatar\/0e3d021545bbe593cb0eb3ee740544fefa86d59762e63dec1dbe9480a34c98cd?s=96&d=mm&r=g\",\"caption\":\"Rosane Storto\"}}]}<\/script>\n<!-- \/ Yoast SEO plugin. -->","yoast_head_json":{"title":"Grupo de trabalho d\u00e1 in\u00edcio ao Plano Estadual Ferrovi\u00e1rio - AmstedMaxion","robots":{"index":"index","follow":"follow","max-snippet":"max-snippet:-1","max-image-preview":"max-image-preview:large","max-video-preview":"max-video-preview:-1"},"canonical":"https:\/\/www.amstedmaxion.com.br\/grupo-de-trabalho-da-inicio-ao-plano-estadual-ferroviario\/","og_locale":"en_US","og_type":"article","og_title":"Grupo de trabalho d\u00e1 in\u00edcio ao Plano Estadual Ferrovi\u00e1rio - AmstedMaxion","og_description":"O grupo criado pelo governador Carlos Massa Ratinho Junior para a elabora\u00e7\u00e3o do Plano Estadual Ferrovi\u00e1rio teve a primeira reuni\u00e3o nesta ter\u00e7a-feira (4). Ele vai propor as diretrizes para a desestatiza\u00e7\u00e3o e o desenvolvimento sustent\u00e1vel dos servi\u00e7os de transporte ferrovi\u00e1rio no Estado. O grupo tem, como primeira miss\u00e3o, a contrata\u00e7\u00e3o de Estudo de Impacto Ambiental [&hellip;]","og_url":"https:\/\/www.amstedmaxion.com.br\/grupo-de-trabalho-da-inicio-ao-plano-estadual-ferroviario\/","og_site_name":"AmstedMaxion","article_publisher":"https:\/\/www.facebook.com\/AmstedMaxion.Oficial","article_published_time":"2020-08-11T19:26:00+00:00","article_modified_time":"2021-07-28T12:13:40+00:00","author":"Rosane Storto","twitter_card":"summary_large_image","twitter_misc":{"Written by":"Rosane Storto","Est. reading time":"3 minutes"},"schema":{"@context":"https:\/\/schema.org","@graph":[{"@type":"Article","@id":"https:\/\/www.amstedmaxion.com.br\/grupo-de-trabalho-da-inicio-ao-plano-estadual-ferroviario\/#article","isPartOf":{"@id":"https:\/\/www.amstedmaxion.com.br\/grupo-de-trabalho-da-inicio-ao-plano-estadual-ferroviario\/"},"author":{"name":"Rosane Storto","@id":"https:\/\/www.amstedmaxion.com.br\/#\/schema\/person\/140cb65f07d4e66dd5543c8a187bf436"},"headline":"Grupo de trabalho d\u00e1 in\u00edcio ao Plano Estadual Ferrovi\u00e1rio","datePublished":"2020-08-11T19:26:00+00:00","dateModified":"2021-07-28T12:13:40+00:00","mainEntityOfPage":{"@id":"https:\/\/www.amstedmaxion.com.br\/grupo-de-trabalho-da-inicio-ao-plano-estadual-ferroviario\/"},"wordCount":554,"commentCount":0,"publisher":{"@id":"https:\/\/www.amstedmaxion.com.br\/#organization"},"articleSection":["Not\u00edcias da AmstedMaxion"],"inLanguage":"en-US","potentialAction":[{"@type":"CommentAction","name":"Comment","target":["https:\/\/www.amstedmaxion.com.br\/grupo-de-trabalho-da-inicio-ao-plano-estadual-ferroviario\/#respond"]}]},{"@type":"WebPage","@id":"https:\/\/www.amstedmaxion.com.br\/grupo-de-trabalho-da-inicio-ao-plano-estadual-ferroviario\/","url":"https:\/\/www.amstedmaxion.com.br\/grupo-de-trabalho-da-inicio-ao-plano-estadual-ferroviario\/","name":"Grupo de trabalho d\u00e1 in\u00edcio ao Plano Estadual Ferrovi\u00e1rio - AmstedMaxion","isPartOf":{"@id":"https:\/\/www.amstedmaxion.com.br\/#website"},"datePublished":"2020-08-11T19:26:00+00:00","dateModified":"2021-07-28T12:13:40+00:00","breadcrumb":{"@id":"https:\/\/www.amstedmaxion.com.br\/grupo-de-trabalho-da-inicio-ao-plano-estadual-ferroviario\/#breadcrumb"},"inLanguage":"en-US","potentialAction":[{"@type":"ReadAction","target":["https:\/\/www.amstedmaxion.com.br\/grupo-de-trabalho-da-inicio-ao-plano-estadual-ferroviario\/"]}]},{"@type":"BreadcrumbList","@id":"https:\/\/www.amstedmaxion.com.br\/grupo-de-trabalho-da-inicio-ao-plano-estadual-ferroviario\/#breadcrumb","itemListElement":[{"@type":"ListItem","position":1,"name":"In\u00edcio","item":"https:\/\/www.amstedmaxion.com.br\/"},{"@type":"ListItem","position":2,"name":"Grupo de trabalho d\u00e1 in\u00edcio ao Plano Estadual Ferrovi\u00e1rio"}]},{"@type":"WebSite","@id":"https:\/\/www.amstedmaxion.com.br\/#website","url":"https:\/\/www.amstedmaxion.com.br\/","name":"AmstedMaxion","description":"AmstedMaxion - Fundi\u00e7\u00e3o e Equipamentos Ferrovi\u00e1rios","publisher":{"@id":"https:\/\/www.amstedmaxion.com.br\/#organization"},"alternateName":"AmstedMaxion","potentialAction":[{"@type":"SearchAction","target":{"@type":"EntryPoint","urlTemplate":"https:\/\/www.amstedmaxion.com.br\/?s={search_term_string}"},"query-input":{"@type":"PropertyValueSpecification","valueRequired":true,"valueName":"search_term_string"}}],"inLanguage":"en-US"},{"@type":"Organization","@id":"https:\/\/www.amstedmaxion.com.br\/#organization","name":"AMSTEDMAXION","url":"https:\/\/www.amstedmaxion.com.br\/","logo":{"@type":"ImageObject","inLanguage":"en-US","@id":"https:\/\/www.amstedmaxion.com.br\/#\/schema\/logo\/image\/","url":"https:\/\/www.amstedmaxion.com.br\/wp-content\/uploads\/2023\/11\/amsted.png","contentUrl":"https:\/\/www.amstedmaxion.com.br\/wp-content\/uploads\/2023\/11\/amsted.png","width":500,"height":500,"caption":"AMSTEDMAXION"},"image":{"@id":"https:\/\/www.amstedmaxion.com.br\/#\/schema\/logo\/image\/"},"sameAs":["https:\/\/www.facebook.com\/AmstedMaxion.Oficial","https:\/\/br.linkedin.com\/company\/amstedmaxion"]},{"@type":"Person","@id":"https:\/\/www.amstedmaxion.com.br\/#\/schema\/person\/140cb65f07d4e66dd5543c8a187bf436","name":"Rosane Storto","image":{"@type":"ImageObject","inLanguage":"en-US","@id":"https:\/\/www.amstedmaxion.com.br\/#\/schema\/person\/image\/","url":"https:\/\/secure.gravatar.com\/avatar\/0e3d021545bbe593cb0eb3ee740544fefa86d59762e63dec1dbe9480a34c98cd?s=96&d=mm&r=g","contentUrl":"https:\/\/secure.gravatar.com\/avatar\/0e3d021545bbe593cb0eb3ee740544fefa86d59762e63dec1dbe9480a34c98cd?s=96&d=mm&r=g","caption":"Rosane Storto"}}]}},"_links":{"self":[{"href":"https:\/\/www.amstedmaxion.com.br\/en\/wp-json\/wp\/v2\/posts\/18490","targetHints":{"allow":["GET"]}}],"collection":[{"href":"https:\/\/www.amstedmaxion.com.br\/en\/wp-json\/wp\/v2\/posts"}],"about":[{"href":"https:\/\/www.amstedmaxion.com.br\/en\/wp-json\/wp\/v2\/types\/post"}],"author":[{"embeddable":true,"href":"https:\/\/www.amstedmaxion.com.br\/en\/wp-json\/wp\/v2\/users\/5"}],"replies":[{"embeddable":true,"href":"https:\/\/www.amstedmaxion.com.br\/en\/wp-json\/wp\/v2\/comments?post=18490"}],"version-history":[{"count":1,"href":"https:\/\/www.amstedmaxion.com.br\/en\/wp-json\/wp\/v2\/posts\/18490\/revisions"}],"predecessor-version":[{"id":18491,"href":"https:\/\/www.amstedmaxion.com.br\/en\/wp-json\/wp\/v2\/posts\/18490\/revisions\/18491"}],"wp:attachment":[{"href":"https:\/\/www.amstedmaxion.com.br\/en\/wp-json\/wp\/v2\/media?parent=18490"}],"wp:term":[{"taxonomy":"category","embeddable":true,"href":"https:\/\/www.amstedmaxion.com.br\/en\/wp-json\/wp\/v2\/categories?post=18490"},{"taxonomy":"post_tag","embeddable":true,"href":"https:\/\/www.amstedmaxion.com.br\/en\/wp-json\/wp\/v2\/tags?post=18490"}],"curies":[{"name":"wp","href":"https:\/\/api.w.org\/{rel}","templated":true}]}}