{"id":18873,"date":"2020-09-08T15:42:30","date_gmt":"2020-09-08T18:42:30","guid":{"rendered":"https:\/\/www.amstedmaxion.com.br\/?p=18873"},"modified":"2021-07-28T09:07:33","modified_gmt":"2021-07-28T12:07:33","slug":"governo-preve-investimentos-privados-de-mais-de-r-40-bi-em-ferrovias","status":"publish","type":"post","link":"https:\/\/www.amstedmaxion.com.br\/en\/governo-preve-investimentos-privados-de-mais-de-r-40-bi-em-ferrovias\/","title":{"rendered":"Governo prev\u00ea investimentos privados de mais de R$ 40 bi em ferrovias"},"content":{"rendered":"\n<p>O ministro da Infraestrutura, Tarc\u00edsio Gomes de Freitas, disse que o governo tem como meta atrair mais de R$ 40 bilh\u00f5es de investimentos privados no sistema ferrovi\u00e1rio brasileiro nos pr\u00f3ximos anos.<\/p>\n\n\n\n<p>\u201cO que est\u00e1 sendo plantado agora vai fazer com que a\nparticipa\u00e7\u00e3o do modo ferrovi\u00e1rio na matriz [de transportes] dobre nos pr\u00f3ximos\noito anos. Isso vai criar competi\u00e7\u00e3o entre os operadores e vai ter repercuss\u00e3o\nimediata no frete\u201d, disse o ministro durante a confer\u00eancia online Ind\u00fastria em\nDebate: Infraestrutura e Retomada da Economia, promovido pela Confedera\u00e7\u00e3o\nNacional da Ind\u00fastria (CNI).<\/p>\n\n\n\n<p>Ele citou como exemplo a renova\u00e7\u00e3o de concess\u00e3o de duas\nestradas de ferro administradas pela mineradora Vale, a Estrada de Ferro Vit\u00f3ria\na Minas e a Estrada de Ferro Caraj\u00e1s, que vai permitir o investimento privado\nde R$ 17 bilh\u00f5es na malha ferrovi\u00e1ria.<\/p>\n\n\n\n<p>Entre as obras citadas pelo ministro, est\u00e3o o projeto de\nconcess\u00e3o da Ferrogr\u00e3o, nova ferrovia que ligar\u00e1 Sinop, no norte de Mato Grosso,\na Itaituba, no Par\u00e1, em an\u00e1lise no Tribunal de Contas da Uni\u00e3o (TCU), e deve\natrair R$ 12 bilh\u00f5es em investimentos, e o trecho da Ferrovia Norte-Sul, que\nvai ligar o Porto de Itaqui (MA) ao Porto de Santos e ter\u00e1 R$ 2,8 bilh\u00f5es de\ninvestimento.<\/p>\n\n\n\n<p>Freitas destacou que entidades ambientais internacionais\nest\u00e3o assessorando na elabora\u00e7\u00e3o de projetos para que j\u00e1 \u201cnas\u00e7am com o selo\nverde\u201d. \u201cPrecisamos fazer projetos sustent\u00e1veis por uma raz\u00e3o muito simples,\npara ter acesso a mais uma forma de funding (financiamento). A gente sabe que\nos fluxos financeiros v\u00e3o estar atrelados aos padr\u00f5es ambientais\u201d.<\/p>\n\n\n\n<p>Fonte: Isto \u00c9 Dinheiro<\/p>\n","protected":false},"excerpt":{"rendered":"<p>O ministro da Infraestrutura, Tarc\u00edsio Gomes de Freitas, disse que o governo tem como meta atrair mais de R$ 40 bilh\u00f5es de investimentos privados no sistema ferrovi\u00e1rio brasileiro nos pr\u00f3ximos anos. \u201cO que est\u00e1 sendo plantado agora vai fazer com que a participa\u00e7\u00e3o do modo ferrovi\u00e1rio na matriz [de transportes] dobre nos pr\u00f3ximos oito anos. [&hellip;]<\/p>\n","protected":false},"author":5,"featured_media":0,"comment_status":"open","ping_status":"open","sticky":false,"template":"","format":"standard","meta":{"_acf_changed":false,"footnotes":""},"categories":[2],"tags":[],"class_list":["post-18873","post","type-post","status-publish","format-standard","hentry","category-noticias"],"acf":[],"yoast_head":"<!-- This site is optimized with the Yoast SEO plugin v23.9 - https:\/\/yoast.com\/wordpress\/plugins\/seo\/ -->\n<title>Governo prev\u00ea investimentos privados de mais de R$ 40 bi em ferrovias - AmstedMaxion<\/title>\n<meta name=\"robots\" content=\"index, follow, max-snippet:-1, max-image-preview:large, max-video-preview:-1\" \/>\n<link rel=\"canonical\" href=\"https:\/\/www.amstedmaxion.com.br\/governo-preve-investimentos-privados-de-mais-de-r-40-bi-em-ferrovias\/\" \/>\n<meta property=\"og:locale\" content=\"en_US\" \/>\n<meta property=\"og:type\" content=\"article\" \/>\n<meta property=\"og:title\" content=\"Governo prev\u00ea investimentos privados de mais de R$ 40 bi em ferrovias - AmstedMaxion\" \/>\n<meta property=\"og:description\" content=\"O ministro da Infraestrutura, Tarc\u00edsio Gomes de Freitas, disse que o governo tem como meta atrair mais de R$ 40 bilh\u00f5es de investimentos privados no sistema ferrovi\u00e1rio brasileiro nos pr\u00f3ximos anos. \u201cO que est\u00e1 sendo plantado agora vai fazer com que a participa\u00e7\u00e3o do modo ferrovi\u00e1rio na matriz [de transportes] dobre nos pr\u00f3ximos oito anos. [&hellip;]\" \/>\n<meta property=\"og:url\" content=\"https:\/\/www.amstedmaxion.com.br\/governo-preve-investimentos-privados-de-mais-de-r-40-bi-em-ferrovias\/\" \/>\n<meta property=\"og:site_name\" content=\"AmstedMaxion\" \/>\n<meta property=\"article:publisher\" content=\"https:\/\/www.facebook.com\/AmstedMaxion.Oficial\" \/>\n<meta property=\"article:published_time\" content=\"2020-09-08T18:42:30+00:00\" \/>\n<meta property=\"article:modified_time\" content=\"2021-07-28T12:07:33+00:00\" \/>\n<meta name=\"author\" content=\"Rosane Storto\" \/>\n<meta name=\"twitter:card\" content=\"summary_large_image\" \/>\n<meta name=\"twitter:label1\" content=\"Written by\" \/>\n\t<meta name=\"twitter:data1\" content=\"Rosane Storto\" \/>\n\t<meta name=\"twitter:label2\" content=\"Est. reading time\" \/>\n\t<meta name=\"twitter:data2\" content=\"2 minutes\" \/>\n<script type=\"application\/ld+json\" class=\"yoast-schema-graph\">{\"@context\":\"https:\/\/schema.org\",\"@graph\":[{\"@type\":\"Article\",\"@id\":\"https:\/\/www.amstedmaxion.com.br\/governo-preve-investimentos-privados-de-mais-de-r-40-bi-em-ferrovias\/#article\",\"isPartOf\":{\"@id\":\"https:\/\/www.amstedmaxion.com.br\/governo-preve-investimentos-privados-de-mais-de-r-40-bi-em-ferrovias\/\"},\"author\":{\"name\":\"Rosane Storto\",\"@id\":\"https:\/\/www.amstedmaxion.com.br\/#\/schema\/person\/140cb65f07d4e66dd5543c8a187bf436\"},\"headline\":\"Governo prev\u00ea investimentos privados de mais de R$ 40 bi em ferrovias\",\"datePublished\":\"2020-09-08T18:42:30+00:00\",\"dateModified\":\"2021-07-28T12:07:33+00:00\",\"mainEntityOfPage\":{\"@id\":\"https:\/\/www.amstedmaxion.com.br\/governo-preve-investimentos-privados-de-mais-de-r-40-bi-em-ferrovias\/\"},\"wordCount\":298,\"commentCount\":0,\"publisher\":{\"@id\":\"https:\/\/www.amstedmaxion.com.br\/#organization\"},\"articleSection\":[\"Not\u00edcias da AmstedMaxion\"],\"inLanguage\":\"en-US\",\"potentialAction\":[{\"@type\":\"CommentAction\",\"name\":\"Comment\",\"target\":[\"https:\/\/www.amstedmaxion.com.br\/governo-preve-investimentos-privados-de-mais-de-r-40-bi-em-ferrovias\/#respond\"]}]},{\"@type\":\"WebPage\",\"@id\":\"https:\/\/www.amstedmaxion.com.br\/governo-preve-investimentos-privados-de-mais-de-r-40-bi-em-ferrovias\/\",\"url\":\"https:\/\/www.amstedmaxion.com.br\/governo-preve-investimentos-privados-de-mais-de-r-40-bi-em-ferrovias\/\",\"name\":\"Governo prev\u00ea investimentos privados de mais de R$ 40 bi em ferrovias - AmstedMaxion\",\"isPartOf\":{\"@id\":\"https:\/\/www.amstedmaxion.com.br\/#website\"},\"datePublished\":\"2020-09-08T18:42:30+00:00\",\"dateModified\":\"2021-07-28T12:07:33+00:00\",\"breadcrumb\":{\"@id\":\"https:\/\/www.amstedmaxion.com.br\/governo-preve-investimentos-privados-de-mais-de-r-40-bi-em-ferrovias\/#breadcrumb\"},\"inLanguage\":\"en-US\",\"potentialAction\":[{\"@type\":\"ReadAction\",\"target\":[\"https:\/\/www.amstedmaxion.com.br\/governo-preve-investimentos-privados-de-mais-de-r-40-bi-em-ferrovias\/\"]}]},{\"@type\":\"BreadcrumbList\",\"@id\":\"https:\/\/www.amstedmaxion.com.br\/governo-preve-investimentos-privados-de-mais-de-r-40-bi-em-ferrovias\/#breadcrumb\",\"itemListElement\":[{\"@type\":\"ListItem\",\"position\":1,\"name\":\"In\u00edcio\",\"item\":\"https:\/\/www.amstedmaxion.com.br\/\"},{\"@type\":\"ListItem\",\"position\":2,\"name\":\"Governo prev\u00ea investimentos privados de mais de R$ 40 bi em ferrovias\"}]},{\"@type\":\"WebSite\",\"@id\":\"https:\/\/www.amstedmaxion.com.br\/#website\",\"url\":\"https:\/\/www.amstedmaxion.com.br\/\",\"name\":\"AmstedMaxion\",\"description\":\"AmstedMaxion - Fundi\u00e7\u00e3o e Equipamentos Ferrovi\u00e1rios\",\"publisher\":{\"@id\":\"https:\/\/www.amstedmaxion.com.br\/#organization\"},\"alternateName\":\"AmstedMaxion\",\"potentialAction\":[{\"@type\":\"SearchAction\",\"target\":{\"@type\":\"EntryPoint\",\"urlTemplate\":\"https:\/\/www.amstedmaxion.com.br\/?s={search_term_string}\"},\"query-input\":{\"@type\":\"PropertyValueSpecification\",\"valueRequired\":true,\"valueName\":\"search_term_string\"}}],\"inLanguage\":\"en-US\"},{\"@type\":\"Organization\",\"@id\":\"https:\/\/www.amstedmaxion.com.br\/#organization\",\"name\":\"AMSTEDMAXION\",\"url\":\"https:\/\/www.amstedmaxion.com.br\/\",\"logo\":{\"@type\":\"ImageObject\",\"inLanguage\":\"en-US\",\"@id\":\"https:\/\/www.amstedmaxion.com.br\/#\/schema\/logo\/image\/\",\"url\":\"https:\/\/www.amstedmaxion.com.br\/wp-content\/uploads\/2023\/11\/amsted.png\",\"contentUrl\":\"https:\/\/www.amstedmaxion.com.br\/wp-content\/uploads\/2023\/11\/amsted.png\",\"width\":500,\"height\":500,\"caption\":\"AMSTEDMAXION\"},\"image\":{\"@id\":\"https:\/\/www.amstedmaxion.com.br\/#\/schema\/logo\/image\/\"},\"sameAs\":[\"https:\/\/www.facebook.com\/AmstedMaxion.Oficial\",\"https:\/\/br.linkedin.com\/company\/amstedmaxion\"]},{\"@type\":\"Person\",\"@id\":\"https:\/\/www.amstedmaxion.com.br\/#\/schema\/person\/140cb65f07d4e66dd5543c8a187bf436\",\"name\":\"Rosane Storto\",\"image\":{\"@type\":\"ImageObject\",\"inLanguage\":\"en-US\",\"@id\":\"https:\/\/www.amstedmaxion.com.br\/#\/schema\/person\/image\/\",\"url\":\"https:\/\/secure.gravatar.com\/avatar\/0e3d021545bbe593cb0eb3ee740544fefa86d59762e63dec1dbe9480a34c98cd?s=96&d=mm&r=g\",\"contentUrl\":\"https:\/\/secure.gravatar.com\/avatar\/0e3d021545bbe593cb0eb3ee740544fefa86d59762e63dec1dbe9480a34c98cd?s=96&d=mm&r=g\",\"caption\":\"Rosane Storto\"}}]}<\/script>\n<!-- \/ Yoast SEO plugin. -->","yoast_head_json":{"title":"Governo prev\u00ea investimentos privados de mais de R$ 40 bi em ferrovias - AmstedMaxion","robots":{"index":"index","follow":"follow","max-snippet":"max-snippet:-1","max-image-preview":"max-image-preview:large","max-video-preview":"max-video-preview:-1"},"canonical":"https:\/\/www.amstedmaxion.com.br\/governo-preve-investimentos-privados-de-mais-de-r-40-bi-em-ferrovias\/","og_locale":"en_US","og_type":"article","og_title":"Governo prev\u00ea investimentos privados de mais de R$ 40 bi em ferrovias - AmstedMaxion","og_description":"O ministro da Infraestrutura, Tarc\u00edsio Gomes de Freitas, disse que o governo tem como meta atrair mais de R$ 40 bilh\u00f5es de investimentos privados no sistema ferrovi\u00e1rio brasileiro nos pr\u00f3ximos anos. \u201cO que est\u00e1 sendo plantado agora vai fazer com que a participa\u00e7\u00e3o do modo ferrovi\u00e1rio na matriz [de transportes] dobre nos pr\u00f3ximos oito anos. [&hellip;]","og_url":"https:\/\/www.amstedmaxion.com.br\/governo-preve-investimentos-privados-de-mais-de-r-40-bi-em-ferrovias\/","og_site_name":"AmstedMaxion","article_publisher":"https:\/\/www.facebook.com\/AmstedMaxion.Oficial","article_published_time":"2020-09-08T18:42:30+00:00","article_modified_time":"2021-07-28T12:07:33+00:00","author":"Rosane Storto","twitter_card":"summary_large_image","twitter_misc":{"Written by":"Rosane Storto","Est. reading time":"2 minutes"},"schema":{"@context":"https:\/\/schema.org","@graph":[{"@type":"Article","@id":"https:\/\/www.amstedmaxion.com.br\/governo-preve-investimentos-privados-de-mais-de-r-40-bi-em-ferrovias\/#article","isPartOf":{"@id":"https:\/\/www.amstedmaxion.com.br\/governo-preve-investimentos-privados-de-mais-de-r-40-bi-em-ferrovias\/"},"author":{"name":"Rosane Storto","@id":"https:\/\/www.amstedmaxion.com.br\/#\/schema\/person\/140cb65f07d4e66dd5543c8a187bf436"},"headline":"Governo prev\u00ea investimentos privados de mais de R$ 40 bi em ferrovias","datePublished":"2020-09-08T18:42:30+00:00","dateModified":"2021-07-28T12:07:33+00:00","mainEntityOfPage":{"@id":"https:\/\/www.amstedmaxion.com.br\/governo-preve-investimentos-privados-de-mais-de-r-40-bi-em-ferrovias\/"},"wordCount":298,"commentCount":0,"publisher":{"@id":"https:\/\/www.amstedmaxion.com.br\/#organization"},"articleSection":["Not\u00edcias da AmstedMaxion"],"inLanguage":"en-US","potentialAction":[{"@type":"CommentAction","name":"Comment","target":["https:\/\/www.amstedmaxion.com.br\/governo-preve-investimentos-privados-de-mais-de-r-40-bi-em-ferrovias\/#respond"]}]},{"@type":"WebPage","@id":"https:\/\/www.amstedmaxion.com.br\/governo-preve-investimentos-privados-de-mais-de-r-40-bi-em-ferrovias\/","url":"https:\/\/www.amstedmaxion.com.br\/governo-preve-investimentos-privados-de-mais-de-r-40-bi-em-ferrovias\/","name":"Governo prev\u00ea investimentos privados de mais de R$ 40 bi em ferrovias - AmstedMaxion","isPartOf":{"@id":"https:\/\/www.amstedmaxion.com.br\/#website"},"datePublished":"2020-09-08T18:42:30+00:00","dateModified":"2021-07-28T12:07:33+00:00","breadcrumb":{"@id":"https:\/\/www.amstedmaxion.com.br\/governo-preve-investimentos-privados-de-mais-de-r-40-bi-em-ferrovias\/#breadcrumb"},"inLanguage":"en-US","potentialAction":[{"@type":"ReadAction","target":["https:\/\/www.amstedmaxion.com.br\/governo-preve-investimentos-privados-de-mais-de-r-40-bi-em-ferrovias\/"]}]},{"@type":"BreadcrumbList","@id":"https:\/\/www.amstedmaxion.com.br\/governo-preve-investimentos-privados-de-mais-de-r-40-bi-em-ferrovias\/#breadcrumb","itemListElement":[{"@type":"ListItem","position":1,"name":"In\u00edcio","item":"https:\/\/www.amstedmaxion.com.br\/"},{"@type":"ListItem","position":2,"name":"Governo prev\u00ea investimentos privados de mais de R$ 40 bi em ferrovias"}]},{"@type":"WebSite","@id":"https:\/\/www.amstedmaxion.com.br\/#website","url":"https:\/\/www.amstedmaxion.com.br\/","name":"AmstedMaxion","description":"AmstedMaxion - Fundi\u00e7\u00e3o e Equipamentos Ferrovi\u00e1rios","publisher":{"@id":"https:\/\/www.amstedmaxion.com.br\/#organization"},"alternateName":"AmstedMaxion","potentialAction":[{"@type":"SearchAction","target":{"@type":"EntryPoint","urlTemplate":"https:\/\/www.amstedmaxion.com.br\/?s={search_term_string}"},"query-input":{"@type":"PropertyValueSpecification","valueRequired":true,"valueName":"search_term_string"}}],"inLanguage":"en-US"},{"@type":"Organization","@id":"https:\/\/www.amstedmaxion.com.br\/#organization","name":"AMSTEDMAXION","url":"https:\/\/www.amstedmaxion.com.br\/","logo":{"@type":"ImageObject","inLanguage":"en-US","@id":"https:\/\/www.amstedmaxion.com.br\/#\/schema\/logo\/image\/","url":"https:\/\/www.amstedmaxion.com.br\/wp-content\/uploads\/2023\/11\/amsted.png","contentUrl":"https:\/\/www.amstedmaxion.com.br\/wp-content\/uploads\/2023\/11\/amsted.png","width":500,"height":500,"caption":"AMSTEDMAXION"},"image":{"@id":"https:\/\/www.amstedmaxion.com.br\/#\/schema\/logo\/image\/"},"sameAs":["https:\/\/www.facebook.com\/AmstedMaxion.Oficial","https:\/\/br.linkedin.com\/company\/amstedmaxion"]},{"@type":"Person","@id":"https:\/\/www.amstedmaxion.com.br\/#\/schema\/person\/140cb65f07d4e66dd5543c8a187bf436","name":"Rosane Storto","image":{"@type":"ImageObject","inLanguage":"en-US","@id":"https:\/\/www.amstedmaxion.com.br\/#\/schema\/person\/image\/","url":"https:\/\/secure.gravatar.com\/avatar\/0e3d021545bbe593cb0eb3ee740544fefa86d59762e63dec1dbe9480a34c98cd?s=96&d=mm&r=g","contentUrl":"https:\/\/secure.gravatar.com\/avatar\/0e3d021545bbe593cb0eb3ee740544fefa86d59762e63dec1dbe9480a34c98cd?s=96&d=mm&r=g","caption":"Rosane Storto"}}]}},"_links":{"self":[{"href":"https:\/\/www.amstedmaxion.com.br\/en\/wp-json\/wp\/v2\/posts\/18873","targetHints":{"allow":["GET"]}}],"collection":[{"href":"https:\/\/www.amstedmaxion.com.br\/en\/wp-json\/wp\/v2\/posts"}],"about":[{"href":"https:\/\/www.amstedmaxion.com.br\/en\/wp-json\/wp\/v2\/types\/post"}],"author":[{"embeddable":true,"href":"https:\/\/www.amstedmaxion.com.br\/en\/wp-json\/wp\/v2\/users\/5"}],"replies":[{"embeddable":true,"href":"https:\/\/www.amstedmaxion.com.br\/en\/wp-json\/wp\/v2\/comments?post=18873"}],"version-history":[{"count":1,"href":"https:\/\/www.amstedmaxion.com.br\/en\/wp-json\/wp\/v2\/posts\/18873\/revisions"}],"predecessor-version":[{"id":18874,"href":"https:\/\/www.amstedmaxion.com.br\/en\/wp-json\/wp\/v2\/posts\/18873\/revisions\/18874"}],"wp:attachment":[{"href":"https:\/\/www.amstedmaxion.com.br\/en\/wp-json\/wp\/v2\/media?parent=18873"}],"wp:term":[{"taxonomy":"category","embeddable":true,"href":"https:\/\/www.amstedmaxion.com.br\/en\/wp-json\/wp\/v2\/categories?post=18873"},{"taxonomy":"post_tag","embeddable":true,"href":"https:\/\/www.amstedmaxion.com.br\/en\/wp-json\/wp\/v2\/tags?post=18873"}],"curies":[{"name":"wp","href":"https:\/\/api.w.org\/{rel}","templated":true}]}}