{"id":19315,"date":"2020-10-01T11:30:27","date_gmt":"2020-10-01T14:30:27","guid":{"rendered":"https:\/\/www.amstedmaxion.com.br\/?p=19315"},"modified":"2021-07-28T09:03:40","modified_gmt":"2021-07-28T12:03:40","slug":"ministro-reafirma-intencao-de-trazer-ferrovia-a-cuiaba-e-pede-apoio-de-favaro-no-senado","status":"publish","type":"post","link":"https:\/\/www.amstedmaxion.com.br\/en\/ministro-reafirma-intencao-de-trazer-ferrovia-a-cuiaba-e-pede-apoio-de-favaro-no-senado\/","title":{"rendered":"Ministro reafirma inten\u00e7\u00e3o de trazer ferrovia a Cuiab\u00e1 e pede apoio de F\u00e1varo no Senado"},"content":{"rendered":"\n<p>O senador Carlos F\u00e1varo se reuniu com o ministro da Infraestrutura, Tarc\u00edsio Gomes de Freitas. Em pauta, a expans\u00e3o da malha ferrovi\u00e1ria de Mato Grosso, especialmente a proposta de fazer com que a Ferronorte chegue a Cuiab\u00e1, uma luta de mais de 30 anos. Tarc\u00edsio assegurou a F\u00e1varo que a proposta est\u00e1 na pauta da pasta e destacou que o parlamentar pode ajudar muito com a aprova\u00e7\u00e3o de um Projeto de Lei que facilitaria a viabiliza\u00e7\u00e3o da obra.<\/p>\n\n\n\n<p>F\u00e1varo j\u00e1 havia tratado do tema na \u00faltima semana, em encontro com o presidente Jair Bolsonaro, que em resposta ao pedido de F\u00e1varo, solicitou ao ministro que priorizasse a quest\u00e3o.<\/p>\n\n\n\n<p>Diante da sinaliza\u00e7\u00e3o positiva do Governo Federal, F\u00e1varo se comprometeu a buscar o apoio dos demais senadores ao texto, viabilizando assim a chegada dos trilhos da Ferronorte a Cuiab\u00e1.<\/p>\n\n\n\n<p>Al\u00e9m da Ferronorte, F\u00e1varo e Tarc\u00edsio falaram de outras duas obras que revolucionar\u00e3o a malha ferrovi\u00e1ria de Mato Grosso, a Ferrovia de Integra\u00e7\u00e3o do Centro-Oeste (Fico) e a Ferrogr\u00e3o.<\/p>\n\n\n\n<p>Fonte: NewsJur<\/p>\n","protected":false},"excerpt":{"rendered":"<p>O senador Carlos F\u00e1varo se reuniu com o ministro da Infraestrutura, Tarc\u00edsio Gomes de Freitas. Em pauta, a expans\u00e3o da malha ferrovi\u00e1ria de Mato Grosso, especialmente a proposta de fazer com que a Ferronorte chegue a Cuiab\u00e1, uma luta de mais de 30 anos. Tarc\u00edsio assegurou a F\u00e1varo que a proposta est\u00e1 na pauta da [&hellip;]<\/p>\n","protected":false},"author":5,"featured_media":0,"comment_status":"open","ping_status":"open","sticky":false,"template":"","format":"standard","meta":{"_acf_changed":false,"footnotes":""},"categories":[2],"tags":[],"class_list":["post-19315","post","type-post","status-publish","format-standard","hentry","category-noticias"],"acf":[],"yoast_head":"<!-- This site is optimized with the Yoast SEO plugin v23.9 - https:\/\/yoast.com\/wordpress\/plugins\/seo\/ -->\n<title>Ministro reafirma inten\u00e7\u00e3o de trazer ferrovia a Cuiab\u00e1 e pede apoio de F\u00e1varo no Senado - AmstedMaxion<\/title>\n<meta name=\"robots\" content=\"index, follow, max-snippet:-1, max-image-preview:large, max-video-preview:-1\" \/>\n<link rel=\"canonical\" href=\"https:\/\/www.amstedmaxion.com.br\/ministro-reafirma-intencao-de-trazer-ferrovia-a-cuiaba-e-pede-apoio-de-favaro-no-senado\/\" \/>\n<meta property=\"og:locale\" content=\"en_US\" \/>\n<meta property=\"og:type\" content=\"article\" \/>\n<meta property=\"og:title\" content=\"Ministro reafirma inten\u00e7\u00e3o de trazer ferrovia a Cuiab\u00e1 e pede apoio de F\u00e1varo no Senado - AmstedMaxion\" \/>\n<meta property=\"og:description\" content=\"O senador Carlos F\u00e1varo se reuniu com o ministro da Infraestrutura, Tarc\u00edsio Gomes de Freitas. Em pauta, a expans\u00e3o da malha ferrovi\u00e1ria de Mato Grosso, especialmente a proposta de fazer com que a Ferronorte chegue a Cuiab\u00e1, uma luta de mais de 30 anos. Tarc\u00edsio assegurou a F\u00e1varo que a proposta est\u00e1 na pauta da [&hellip;]\" \/>\n<meta property=\"og:url\" content=\"https:\/\/www.amstedmaxion.com.br\/ministro-reafirma-intencao-de-trazer-ferrovia-a-cuiaba-e-pede-apoio-de-favaro-no-senado\/\" \/>\n<meta property=\"og:site_name\" content=\"AmstedMaxion\" \/>\n<meta property=\"article:publisher\" content=\"https:\/\/www.facebook.com\/AmstedMaxion.Oficial\" \/>\n<meta property=\"article:published_time\" content=\"2020-10-01T14:30:27+00:00\" \/>\n<meta property=\"article:modified_time\" content=\"2021-07-28T12:03:40+00:00\" \/>\n<meta name=\"author\" content=\"Rosane Storto\" \/>\n<meta name=\"twitter:card\" content=\"summary_large_image\" \/>\n<meta name=\"twitter:label1\" content=\"Written by\" \/>\n\t<meta name=\"twitter:data1\" content=\"Rosane Storto\" \/>\n\t<meta name=\"twitter:label2\" content=\"Est. reading time\" \/>\n\t<meta name=\"twitter:data2\" content=\"1 minute\" \/>\n<script type=\"application\/ld+json\" class=\"yoast-schema-graph\">{\"@context\":\"https:\/\/schema.org\",\"@graph\":[{\"@type\":\"Article\",\"@id\":\"https:\/\/www.amstedmaxion.com.br\/ministro-reafirma-intencao-de-trazer-ferrovia-a-cuiaba-e-pede-apoio-de-favaro-no-senado\/#article\",\"isPartOf\":{\"@id\":\"https:\/\/www.amstedmaxion.com.br\/ministro-reafirma-intencao-de-trazer-ferrovia-a-cuiaba-e-pede-apoio-de-favaro-no-senado\/\"},\"author\":{\"name\":\"Rosane Storto\",\"@id\":\"https:\/\/www.amstedmaxion.com.br\/#\/schema\/person\/140cb65f07d4e66dd5543c8a187bf436\"},\"headline\":\"Ministro reafirma inten\u00e7\u00e3o de trazer ferrovia a Cuiab\u00e1 e pede apoio de F\u00e1varo no Senado\",\"datePublished\":\"2020-10-01T14:30:27+00:00\",\"dateModified\":\"2021-07-28T12:03:40+00:00\",\"mainEntityOfPage\":{\"@id\":\"https:\/\/www.amstedmaxion.com.br\/ministro-reafirma-intencao-de-trazer-ferrovia-a-cuiaba-e-pede-apoio-de-favaro-no-senado\/\"},\"wordCount\":204,\"commentCount\":0,\"publisher\":{\"@id\":\"https:\/\/www.amstedmaxion.com.br\/#organization\"},\"articleSection\":[\"Not\u00edcias da AmstedMaxion\"],\"inLanguage\":\"en-US\",\"potentialAction\":[{\"@type\":\"CommentAction\",\"name\":\"Comment\",\"target\":[\"https:\/\/www.amstedmaxion.com.br\/ministro-reafirma-intencao-de-trazer-ferrovia-a-cuiaba-e-pede-apoio-de-favaro-no-senado\/#respond\"]}]},{\"@type\":\"WebPage\",\"@id\":\"https:\/\/www.amstedmaxion.com.br\/ministro-reafirma-intencao-de-trazer-ferrovia-a-cuiaba-e-pede-apoio-de-favaro-no-senado\/\",\"url\":\"https:\/\/www.amstedmaxion.com.br\/ministro-reafirma-intencao-de-trazer-ferrovia-a-cuiaba-e-pede-apoio-de-favaro-no-senado\/\",\"name\":\"Ministro reafirma inten\u00e7\u00e3o de trazer ferrovia a Cuiab\u00e1 e pede apoio de F\u00e1varo no Senado - AmstedMaxion\",\"isPartOf\":{\"@id\":\"https:\/\/www.amstedmaxion.com.br\/#website\"},\"datePublished\":\"2020-10-01T14:30:27+00:00\",\"dateModified\":\"2021-07-28T12:03:40+00:00\",\"breadcrumb\":{\"@id\":\"https:\/\/www.amstedmaxion.com.br\/ministro-reafirma-intencao-de-trazer-ferrovia-a-cuiaba-e-pede-apoio-de-favaro-no-senado\/#breadcrumb\"},\"inLanguage\":\"en-US\",\"potentialAction\":[{\"@type\":\"ReadAction\",\"target\":[\"https:\/\/www.amstedmaxion.com.br\/ministro-reafirma-intencao-de-trazer-ferrovia-a-cuiaba-e-pede-apoio-de-favaro-no-senado\/\"]}]},{\"@type\":\"BreadcrumbList\",\"@id\":\"https:\/\/www.amstedmaxion.com.br\/ministro-reafirma-intencao-de-trazer-ferrovia-a-cuiaba-e-pede-apoio-de-favaro-no-senado\/#breadcrumb\",\"itemListElement\":[{\"@type\":\"ListItem\",\"position\":1,\"name\":\"In\u00edcio\",\"item\":\"https:\/\/www.amstedmaxion.com.br\/\"},{\"@type\":\"ListItem\",\"position\":2,\"name\":\"Ministro reafirma inten\u00e7\u00e3o de trazer ferrovia a Cuiab\u00e1 e pede apoio de F\u00e1varo no Senado\"}]},{\"@type\":\"WebSite\",\"@id\":\"https:\/\/www.amstedmaxion.com.br\/#website\",\"url\":\"https:\/\/www.amstedmaxion.com.br\/\",\"name\":\"AmstedMaxion\",\"description\":\"AmstedMaxion - Fundi\u00e7\u00e3o e Equipamentos Ferrovi\u00e1rios\",\"publisher\":{\"@id\":\"https:\/\/www.amstedmaxion.com.br\/#organization\"},\"alternateName\":\"AmstedMaxion\",\"potentialAction\":[{\"@type\":\"SearchAction\",\"target\":{\"@type\":\"EntryPoint\",\"urlTemplate\":\"https:\/\/www.amstedmaxion.com.br\/?s={search_term_string}\"},\"query-input\":{\"@type\":\"PropertyValueSpecification\",\"valueRequired\":true,\"valueName\":\"search_term_string\"}}],\"inLanguage\":\"en-US\"},{\"@type\":\"Organization\",\"@id\":\"https:\/\/www.amstedmaxion.com.br\/#organization\",\"name\":\"AMSTEDMAXION\",\"url\":\"https:\/\/www.amstedmaxion.com.br\/\",\"logo\":{\"@type\":\"ImageObject\",\"inLanguage\":\"en-US\",\"@id\":\"https:\/\/www.amstedmaxion.com.br\/#\/schema\/logo\/image\/\",\"url\":\"https:\/\/www.amstedmaxion.com.br\/wp-content\/uploads\/2023\/11\/amsted.png\",\"contentUrl\":\"https:\/\/www.amstedmaxion.com.br\/wp-content\/uploads\/2023\/11\/amsted.png\",\"width\":500,\"height\":500,\"caption\":\"AMSTEDMAXION\"},\"image\":{\"@id\":\"https:\/\/www.amstedmaxion.com.br\/#\/schema\/logo\/image\/\"},\"sameAs\":[\"https:\/\/www.facebook.com\/AmstedMaxion.Oficial\",\"https:\/\/br.linkedin.com\/company\/amstedmaxion\"]},{\"@type\":\"Person\",\"@id\":\"https:\/\/www.amstedmaxion.com.br\/#\/schema\/person\/140cb65f07d4e66dd5543c8a187bf436\",\"name\":\"Rosane Storto\",\"image\":{\"@type\":\"ImageObject\",\"inLanguage\":\"en-US\",\"@id\":\"https:\/\/www.amstedmaxion.com.br\/#\/schema\/person\/image\/\",\"url\":\"https:\/\/secure.gravatar.com\/avatar\/0e3d021545bbe593cb0eb3ee740544fefa86d59762e63dec1dbe9480a34c98cd?s=96&d=mm&r=g\",\"contentUrl\":\"https:\/\/secure.gravatar.com\/avatar\/0e3d021545bbe593cb0eb3ee740544fefa86d59762e63dec1dbe9480a34c98cd?s=96&d=mm&r=g\",\"caption\":\"Rosane Storto\"}}]}<\/script>\n<!-- \/ Yoast SEO plugin. -->","yoast_head_json":{"title":"Ministro reafirma inten\u00e7\u00e3o de trazer ferrovia a Cuiab\u00e1 e pede apoio de F\u00e1varo no Senado - AmstedMaxion","robots":{"index":"index","follow":"follow","max-snippet":"max-snippet:-1","max-image-preview":"max-image-preview:large","max-video-preview":"max-video-preview:-1"},"canonical":"https:\/\/www.amstedmaxion.com.br\/ministro-reafirma-intencao-de-trazer-ferrovia-a-cuiaba-e-pede-apoio-de-favaro-no-senado\/","og_locale":"en_US","og_type":"article","og_title":"Ministro reafirma inten\u00e7\u00e3o de trazer ferrovia a Cuiab\u00e1 e pede apoio de F\u00e1varo no Senado - AmstedMaxion","og_description":"O senador Carlos F\u00e1varo se reuniu com o ministro da Infraestrutura, Tarc\u00edsio Gomes de Freitas. Em pauta, a expans\u00e3o da malha ferrovi\u00e1ria de Mato Grosso, especialmente a proposta de fazer com que a Ferronorte chegue a Cuiab\u00e1, uma luta de mais de 30 anos. Tarc\u00edsio assegurou a F\u00e1varo que a proposta est\u00e1 na pauta da [&hellip;]","og_url":"https:\/\/www.amstedmaxion.com.br\/ministro-reafirma-intencao-de-trazer-ferrovia-a-cuiaba-e-pede-apoio-de-favaro-no-senado\/","og_site_name":"AmstedMaxion","article_publisher":"https:\/\/www.facebook.com\/AmstedMaxion.Oficial","article_published_time":"2020-10-01T14:30:27+00:00","article_modified_time":"2021-07-28T12:03:40+00:00","author":"Rosane Storto","twitter_card":"summary_large_image","twitter_misc":{"Written by":"Rosane Storto","Est. reading time":"1 minute"},"schema":{"@context":"https:\/\/schema.org","@graph":[{"@type":"Article","@id":"https:\/\/www.amstedmaxion.com.br\/ministro-reafirma-intencao-de-trazer-ferrovia-a-cuiaba-e-pede-apoio-de-favaro-no-senado\/#article","isPartOf":{"@id":"https:\/\/www.amstedmaxion.com.br\/ministro-reafirma-intencao-de-trazer-ferrovia-a-cuiaba-e-pede-apoio-de-favaro-no-senado\/"},"author":{"name":"Rosane Storto","@id":"https:\/\/www.amstedmaxion.com.br\/#\/schema\/person\/140cb65f07d4e66dd5543c8a187bf436"},"headline":"Ministro reafirma inten\u00e7\u00e3o de trazer ferrovia a Cuiab\u00e1 e pede apoio de F\u00e1varo no Senado","datePublished":"2020-10-01T14:30:27+00:00","dateModified":"2021-07-28T12:03:40+00:00","mainEntityOfPage":{"@id":"https:\/\/www.amstedmaxion.com.br\/ministro-reafirma-intencao-de-trazer-ferrovia-a-cuiaba-e-pede-apoio-de-favaro-no-senado\/"},"wordCount":204,"commentCount":0,"publisher":{"@id":"https:\/\/www.amstedmaxion.com.br\/#organization"},"articleSection":["Not\u00edcias da AmstedMaxion"],"inLanguage":"en-US","potentialAction":[{"@type":"CommentAction","name":"Comment","target":["https:\/\/www.amstedmaxion.com.br\/ministro-reafirma-intencao-de-trazer-ferrovia-a-cuiaba-e-pede-apoio-de-favaro-no-senado\/#respond"]}]},{"@type":"WebPage","@id":"https:\/\/www.amstedmaxion.com.br\/ministro-reafirma-intencao-de-trazer-ferrovia-a-cuiaba-e-pede-apoio-de-favaro-no-senado\/","url":"https:\/\/www.amstedmaxion.com.br\/ministro-reafirma-intencao-de-trazer-ferrovia-a-cuiaba-e-pede-apoio-de-favaro-no-senado\/","name":"Ministro reafirma inten\u00e7\u00e3o de trazer ferrovia a Cuiab\u00e1 e pede apoio de F\u00e1varo no Senado - AmstedMaxion","isPartOf":{"@id":"https:\/\/www.amstedmaxion.com.br\/#website"},"datePublished":"2020-10-01T14:30:27+00:00","dateModified":"2021-07-28T12:03:40+00:00","breadcrumb":{"@id":"https:\/\/www.amstedmaxion.com.br\/ministro-reafirma-intencao-de-trazer-ferrovia-a-cuiaba-e-pede-apoio-de-favaro-no-senado\/#breadcrumb"},"inLanguage":"en-US","potentialAction":[{"@type":"ReadAction","target":["https:\/\/www.amstedmaxion.com.br\/ministro-reafirma-intencao-de-trazer-ferrovia-a-cuiaba-e-pede-apoio-de-favaro-no-senado\/"]}]},{"@type":"BreadcrumbList","@id":"https:\/\/www.amstedmaxion.com.br\/ministro-reafirma-intencao-de-trazer-ferrovia-a-cuiaba-e-pede-apoio-de-favaro-no-senado\/#breadcrumb","itemListElement":[{"@type":"ListItem","position":1,"name":"In\u00edcio","item":"https:\/\/www.amstedmaxion.com.br\/"},{"@type":"ListItem","position":2,"name":"Ministro reafirma inten\u00e7\u00e3o de trazer ferrovia a Cuiab\u00e1 e pede apoio de F\u00e1varo no Senado"}]},{"@type":"WebSite","@id":"https:\/\/www.amstedmaxion.com.br\/#website","url":"https:\/\/www.amstedmaxion.com.br\/","name":"AmstedMaxion","description":"AmstedMaxion - Fundi\u00e7\u00e3o e Equipamentos Ferrovi\u00e1rios","publisher":{"@id":"https:\/\/www.amstedmaxion.com.br\/#organization"},"alternateName":"AmstedMaxion","potentialAction":[{"@type":"SearchAction","target":{"@type":"EntryPoint","urlTemplate":"https:\/\/www.amstedmaxion.com.br\/?s={search_term_string}"},"query-input":{"@type":"PropertyValueSpecification","valueRequired":true,"valueName":"search_term_string"}}],"inLanguage":"en-US"},{"@type":"Organization","@id":"https:\/\/www.amstedmaxion.com.br\/#organization","name":"AMSTEDMAXION","url":"https:\/\/www.amstedmaxion.com.br\/","logo":{"@type":"ImageObject","inLanguage":"en-US","@id":"https:\/\/www.amstedmaxion.com.br\/#\/schema\/logo\/image\/","url":"https:\/\/www.amstedmaxion.com.br\/wp-content\/uploads\/2023\/11\/amsted.png","contentUrl":"https:\/\/www.amstedmaxion.com.br\/wp-content\/uploads\/2023\/11\/amsted.png","width":500,"height":500,"caption":"AMSTEDMAXION"},"image":{"@id":"https:\/\/www.amstedmaxion.com.br\/#\/schema\/logo\/image\/"},"sameAs":["https:\/\/www.facebook.com\/AmstedMaxion.Oficial","https:\/\/br.linkedin.com\/company\/amstedmaxion"]},{"@type":"Person","@id":"https:\/\/www.amstedmaxion.com.br\/#\/schema\/person\/140cb65f07d4e66dd5543c8a187bf436","name":"Rosane Storto","image":{"@type":"ImageObject","inLanguage":"en-US","@id":"https:\/\/www.amstedmaxion.com.br\/#\/schema\/person\/image\/","url":"https:\/\/secure.gravatar.com\/avatar\/0e3d021545bbe593cb0eb3ee740544fefa86d59762e63dec1dbe9480a34c98cd?s=96&d=mm&r=g","contentUrl":"https:\/\/secure.gravatar.com\/avatar\/0e3d021545bbe593cb0eb3ee740544fefa86d59762e63dec1dbe9480a34c98cd?s=96&d=mm&r=g","caption":"Rosane Storto"}}]}},"_links":{"self":[{"href":"https:\/\/www.amstedmaxion.com.br\/en\/wp-json\/wp\/v2\/posts\/19315","targetHints":{"allow":["GET"]}}],"collection":[{"href":"https:\/\/www.amstedmaxion.com.br\/en\/wp-json\/wp\/v2\/posts"}],"about":[{"href":"https:\/\/www.amstedmaxion.com.br\/en\/wp-json\/wp\/v2\/types\/post"}],"author":[{"embeddable":true,"href":"https:\/\/www.amstedmaxion.com.br\/en\/wp-json\/wp\/v2\/users\/5"}],"replies":[{"embeddable":true,"href":"https:\/\/www.amstedmaxion.com.br\/en\/wp-json\/wp\/v2\/comments?post=19315"}],"version-history":[{"count":1,"href":"https:\/\/www.amstedmaxion.com.br\/en\/wp-json\/wp\/v2\/posts\/19315\/revisions"}],"predecessor-version":[{"id":19317,"href":"https:\/\/www.amstedmaxion.com.br\/en\/wp-json\/wp\/v2\/posts\/19315\/revisions\/19317"}],"wp:attachment":[{"href":"https:\/\/www.amstedmaxion.com.br\/en\/wp-json\/wp\/v2\/media?parent=19315"}],"wp:term":[{"taxonomy":"category","embeddable":true,"href":"https:\/\/www.amstedmaxion.com.br\/en\/wp-json\/wp\/v2\/categories?post=19315"},{"taxonomy":"post_tag","embeddable":true,"href":"https:\/\/www.amstedmaxion.com.br\/en\/wp-json\/wp\/v2\/tags?post=19315"}],"curies":[{"name":"wp","href":"https:\/\/api.w.org\/{rel}","templated":true}]}}