{"id":1993,"date":"2010-07-02T00:00:00","date_gmt":"2010-07-02T03:00:00","guid":{"rendered":"http:\/\/189.16.185.54\/leilao-do-trem-bala-deve-acontecer-em-novembro\/"},"modified":"2010-07-02T00:00:00","modified_gmt":"2010-07-02T03:00:00","slug":"leilao-do-trem-bala-deve-acontecer-em-novembro","status":"publish","type":"post","link":"https:\/\/www.amstedmaxion.com.br\/en\/leilao-do-trem-bala-deve-acontecer-em-novembro\/","title":{"rendered":"Leil\u00e3o do trem-bala deve acontecer em novembro"},"content":{"rendered":"<p>O diretor-geral da Ag\u00eancia Nacional de Transportes Terrestres (ANTT), Bernardo Figueiredo, afirmou nesta quinta-feira que no edital de licita\u00e7\u00e3o do trem de alta velocidade &#8211; o trem-bala, que interligar\u00e1 as cidades de Rio de Janeiro, S\u00e3o Paulo e Campinas &#8211; ser\u00e1 publicado at\u00e9 o fim da pr\u00f3xima semana. O leil\u00e3o, segundo ele, est\u00e1 previsto para acontecer em novembro. rn<\/p>\n<p>rnCom a defini\u00e7\u00e3o do cons\u00f3rcio vencedor, o governo ter\u00e1 o tra\u00e7ado definitivo da obra e poder\u00e1 dar in\u00edcio \u00e0 fase de licenciamento ambiental. A expectativa do diretor da ANTT \u00e9 de que at\u00e9 o final do pr\u00f3ximo ano as obras sejam inicializadas. O prazo m\u00e1ximo para entrega do empreendimento \u00e9 o final de 2016. rn<\/p>\n<p>rnFigueiredo considera que h\u00e1 interesse dos empreendedores em antecipar o in\u00edcio das opera\u00e7\u00f5es. Ele esclareceu que a estatal que ser\u00e1 criada para absorver a tecnologia do cons\u00f3rcio vencedor ser\u00e1 capitalizada em R$ 3,4 bilh\u00f5es e deter\u00e1 uma participa\u00e7\u00e3o de 33% na sociedade de prop\u00f3sito espec\u00edfico que ser\u00e1 criada. Esses recursos, de acordo com o diretor-geral da ANTT, ser\u00e3o provenientes do Tesouro Nacional. A nova estatal, que se chamar\u00e1 Empresa do Trem de Alta Velocidade (ETAV), dever\u00e1 ser criada em 2011, antes da assinatura dos contratos. O ministro dos Transportes, Paulo Sergio Passos, defendeu que a constitui\u00e7\u00e3o da empresa seja feita o quanto antes. Ela vai absorver toda a tecnologia e conhecimento utilizadas no desenvolvimento do projeto at\u00e9 o in\u00edcio da opera\u00e7\u00e3o dos trens\u201d, afirmou o ministro, que n\u00e3o informou quantos funcion\u00e1rios compor\u00e3o o quadro da empresa. Passos apenas disse que ser\u00e1 \u201dreduzido e altamente qualificado\u201d. rnrn\u201d<\/p>\n","protected":false},"excerpt":{"rendered":"<p>O diretor-geral da Ag\u00eancia Nacional de Transportes Terrestres (ANTT), Bernardo Figueiredo, afirmou nesta quinta-feira que no edital de licita\u00e7\u00e3o do trem de alta velocidade &#8211; o trem-bala, que interligar\u00e1 as cidades de Rio de Janeiro, S\u00e3o Paulo e Campinas &#8211; ser\u00e1 publicado at\u00e9 o fim da pr\u00f3xima semana. O leil\u00e3o, segundo ele, est\u00e1 previsto para [&hellip;]<\/p>\n","protected":false},"author":1,"featured_media":0,"comment_status":"open","ping_status":"open","sticky":false,"template":"","format":"standard","meta":{"_acf_changed":false,"footnotes":""},"categories":[2],"tags":[],"class_list":["post-1993","post","type-post","status-publish","format-standard","hentry","category-noticias"],"acf":[],"yoast_head":"<!-- This site is optimized with the Yoast SEO plugin v23.9 - https:\/\/yoast.com\/wordpress\/plugins\/seo\/ -->\n<title>Leil\u00e3o do trem-bala deve acontecer em novembro - AmstedMaxion<\/title>\n<meta name=\"robots\" content=\"index, follow, max-snippet:-1, max-image-preview:large, max-video-preview:-1\" \/>\n<link rel=\"canonical\" href=\"https:\/\/www.amstedmaxion.com.br\/en\/leilao-do-trem-bala-deve-acontecer-em-novembro\/\" \/>\n<meta property=\"og:locale\" content=\"en_US\" \/>\n<meta property=\"og:type\" content=\"article\" \/>\n<meta property=\"og:title\" content=\"Leil\u00e3o do trem-bala deve acontecer em novembro - AmstedMaxion\" \/>\n<meta property=\"og:description\" content=\"O diretor-geral da Ag\u00eancia Nacional de Transportes Terrestres (ANTT), Bernardo Figueiredo, afirmou nesta quinta-feira que no edital de licita\u00e7\u00e3o do trem de alta velocidade &#8211; o trem-bala, que interligar\u00e1 as cidades de Rio de Janeiro, S\u00e3o Paulo e Campinas &#8211; ser\u00e1 publicado at\u00e9 o fim da pr\u00f3xima semana. O leil\u00e3o, segundo ele, est\u00e1 previsto para [&hellip;]\" \/>\n<meta property=\"og:url\" content=\"https:\/\/www.amstedmaxion.com.br\/en\/leilao-do-trem-bala-deve-acontecer-em-novembro\/\" \/>\n<meta property=\"og:site_name\" content=\"AmstedMaxion\" \/>\n<meta property=\"article:publisher\" content=\"https:\/\/www.facebook.com\/AmstedMaxion.Oficial\" \/>\n<meta property=\"article:published_time\" content=\"2010-07-02T03:00:00+00:00\" \/>\n<meta name=\"author\" content=\"juan@newmind.com.br\" \/>\n<meta name=\"twitter:card\" content=\"summary_large_image\" \/>\n<meta name=\"twitter:label1\" content=\"Written by\" \/>\n\t<meta name=\"twitter:data1\" content=\"juan@newmind.com.br\" \/>\n\t<meta name=\"twitter:label2\" content=\"Est. reading time\" \/>\n\t<meta name=\"twitter:data2\" content=\"1 minute\" \/>\n<script type=\"application\/ld+json\" class=\"yoast-schema-graph\">{\"@context\":\"https:\/\/schema.org\",\"@graph\":[{\"@type\":\"Article\",\"@id\":\"https:\/\/www.amstedmaxion.com.br\/en\/leilao-do-trem-bala-deve-acontecer-em-novembro\/#article\",\"isPartOf\":{\"@id\":\"https:\/\/www.amstedmaxion.com.br\/en\/leilao-do-trem-bala-deve-acontecer-em-novembro\/\"},\"author\":{\"name\":\"juan@newmind.com.br\",\"@id\":\"https:\/\/www.amstedmaxion.com.br\/#\/schema\/person\/0120c9e5589f92bbb25580b75edcf439\"},\"headline\":\"Leil\u00e3o do trem-bala deve acontecer em novembro\",\"datePublished\":\"2010-07-02T03:00:00+00:00\",\"dateModified\":\"2010-07-02T03:00:00+00:00\",\"mainEntityOfPage\":{\"@id\":\"https:\/\/www.amstedmaxion.com.br\/en\/leilao-do-trem-bala-deve-acontecer-em-novembro\/\"},\"wordCount\":286,\"commentCount\":0,\"publisher\":{\"@id\":\"https:\/\/www.amstedmaxion.com.br\/#organization\"},\"articleSection\":[\"Not\u00edcias da AmstedMaxion\"],\"inLanguage\":\"en-US\",\"potentialAction\":[{\"@type\":\"CommentAction\",\"name\":\"Comment\",\"target\":[\"https:\/\/www.amstedmaxion.com.br\/en\/leilao-do-trem-bala-deve-acontecer-em-novembro\/#respond\"]}]},{\"@type\":\"WebPage\",\"@id\":\"https:\/\/www.amstedmaxion.com.br\/en\/leilao-do-trem-bala-deve-acontecer-em-novembro\/\",\"url\":\"https:\/\/www.amstedmaxion.com.br\/en\/leilao-do-trem-bala-deve-acontecer-em-novembro\/\",\"name\":\"Leil\u00e3o do trem-bala deve acontecer em novembro - AmstedMaxion\",\"isPartOf\":{\"@id\":\"https:\/\/www.amstedmaxion.com.br\/#website\"},\"datePublished\":\"2010-07-02T03:00:00+00:00\",\"dateModified\":\"2010-07-02T03:00:00+00:00\",\"breadcrumb\":{\"@id\":\"https:\/\/www.amstedmaxion.com.br\/en\/leilao-do-trem-bala-deve-acontecer-em-novembro\/#breadcrumb\"},\"inLanguage\":\"en-US\",\"potentialAction\":[{\"@type\":\"ReadAction\",\"target\":[\"https:\/\/www.amstedmaxion.com.br\/en\/leilao-do-trem-bala-deve-acontecer-em-novembro\/\"]}]},{\"@type\":\"BreadcrumbList\",\"@id\":\"https:\/\/www.amstedmaxion.com.br\/en\/leilao-do-trem-bala-deve-acontecer-em-novembro\/#breadcrumb\",\"itemListElement\":[{\"@type\":\"ListItem\",\"position\":1,\"name\":\"In\u00edcio\",\"item\":\"https:\/\/www.amstedmaxion.com.br\/\"},{\"@type\":\"ListItem\",\"position\":2,\"name\":\"Leil\u00e3o do trem-bala deve acontecer em novembro\"}]},{\"@type\":\"WebSite\",\"@id\":\"https:\/\/www.amstedmaxion.com.br\/#website\",\"url\":\"https:\/\/www.amstedmaxion.com.br\/\",\"name\":\"AmstedMaxion\",\"description\":\"AmstedMaxion - Fundi\u00e7\u00e3o e Equipamentos Ferrovi\u00e1rios\",\"publisher\":{\"@id\":\"https:\/\/www.amstedmaxion.com.br\/#organization\"},\"alternateName\":\"AmstedMaxion\",\"potentialAction\":[{\"@type\":\"SearchAction\",\"target\":{\"@type\":\"EntryPoint\",\"urlTemplate\":\"https:\/\/www.amstedmaxion.com.br\/?s={search_term_string}\"},\"query-input\":{\"@type\":\"PropertyValueSpecification\",\"valueRequired\":true,\"valueName\":\"search_term_string\"}}],\"inLanguage\":\"en-US\"},{\"@type\":\"Organization\",\"@id\":\"https:\/\/www.amstedmaxion.com.br\/#organization\",\"name\":\"AMSTEDMAXION\",\"url\":\"https:\/\/www.amstedmaxion.com.br\/\",\"logo\":{\"@type\":\"ImageObject\",\"inLanguage\":\"en-US\",\"@id\":\"https:\/\/www.amstedmaxion.com.br\/#\/schema\/logo\/image\/\",\"url\":\"https:\/\/www.amstedmaxion.com.br\/wp-content\/uploads\/2023\/11\/amsted.png\",\"contentUrl\":\"https:\/\/www.amstedmaxion.com.br\/wp-content\/uploads\/2023\/11\/amsted.png\",\"width\":500,\"height\":500,\"caption\":\"AMSTEDMAXION\"},\"image\":{\"@id\":\"https:\/\/www.amstedmaxion.com.br\/#\/schema\/logo\/image\/\"},\"sameAs\":[\"https:\/\/www.facebook.com\/AmstedMaxion.Oficial\",\"https:\/\/br.linkedin.com\/company\/amstedmaxion\"]},{\"@type\":\"Person\",\"@id\":\"https:\/\/www.amstedmaxion.com.br\/#\/schema\/person\/0120c9e5589f92bbb25580b75edcf439\",\"name\":\"juan@newmind.com.br\",\"image\":{\"@type\":\"ImageObject\",\"inLanguage\":\"en-US\",\"@id\":\"https:\/\/www.amstedmaxion.com.br\/#\/schema\/person\/image\/\",\"url\":\"https:\/\/secure.gravatar.com\/avatar\/4f404a88c5e66d7c90c099fd87bb90a68baa7a7348b153c1c34f9999b4873144?s=96&d=mm&r=g\",\"contentUrl\":\"https:\/\/secure.gravatar.com\/avatar\/4f404a88c5e66d7c90c099fd87bb90a68baa7a7348b153c1c34f9999b4873144?s=96&d=mm&r=g\",\"caption\":\"juan@newmind.com.br\"}}]}<\/script>\n<!-- \/ Yoast SEO plugin. -->","yoast_head_json":{"title":"Leil\u00e3o do trem-bala deve acontecer em novembro - AmstedMaxion","robots":{"index":"index","follow":"follow","max-snippet":"max-snippet:-1","max-image-preview":"max-image-preview:large","max-video-preview":"max-video-preview:-1"},"canonical":"https:\/\/www.amstedmaxion.com.br\/en\/leilao-do-trem-bala-deve-acontecer-em-novembro\/","og_locale":"en_US","og_type":"article","og_title":"Leil\u00e3o do trem-bala deve acontecer em novembro - AmstedMaxion","og_description":"O diretor-geral da Ag\u00eancia Nacional de Transportes Terrestres (ANTT), Bernardo Figueiredo, afirmou nesta quinta-feira que no edital de licita\u00e7\u00e3o do trem de alta velocidade &#8211; o trem-bala, que interligar\u00e1 as cidades de Rio de Janeiro, S\u00e3o Paulo e Campinas &#8211; ser\u00e1 publicado at\u00e9 o fim da pr\u00f3xima semana. O leil\u00e3o, segundo ele, est\u00e1 previsto para [&hellip;]","og_url":"https:\/\/www.amstedmaxion.com.br\/en\/leilao-do-trem-bala-deve-acontecer-em-novembro\/","og_site_name":"AmstedMaxion","article_publisher":"https:\/\/www.facebook.com\/AmstedMaxion.Oficial","article_published_time":"2010-07-02T03:00:00+00:00","author":"juan@newmind.com.br","twitter_card":"summary_large_image","twitter_misc":{"Written by":"juan@newmind.com.br","Est. reading time":"1 minute"},"schema":{"@context":"https:\/\/schema.org","@graph":[{"@type":"Article","@id":"https:\/\/www.amstedmaxion.com.br\/en\/leilao-do-trem-bala-deve-acontecer-em-novembro\/#article","isPartOf":{"@id":"https:\/\/www.amstedmaxion.com.br\/en\/leilao-do-trem-bala-deve-acontecer-em-novembro\/"},"author":{"name":"juan@newmind.com.br","@id":"https:\/\/www.amstedmaxion.com.br\/#\/schema\/person\/0120c9e5589f92bbb25580b75edcf439"},"headline":"Leil\u00e3o do trem-bala deve acontecer em novembro","datePublished":"2010-07-02T03:00:00+00:00","dateModified":"2010-07-02T03:00:00+00:00","mainEntityOfPage":{"@id":"https:\/\/www.amstedmaxion.com.br\/en\/leilao-do-trem-bala-deve-acontecer-em-novembro\/"},"wordCount":286,"commentCount":0,"publisher":{"@id":"https:\/\/www.amstedmaxion.com.br\/#organization"},"articleSection":["Not\u00edcias da AmstedMaxion"],"inLanguage":"en-US","potentialAction":[{"@type":"CommentAction","name":"Comment","target":["https:\/\/www.amstedmaxion.com.br\/en\/leilao-do-trem-bala-deve-acontecer-em-novembro\/#respond"]}]},{"@type":"WebPage","@id":"https:\/\/www.amstedmaxion.com.br\/en\/leilao-do-trem-bala-deve-acontecer-em-novembro\/","url":"https:\/\/www.amstedmaxion.com.br\/en\/leilao-do-trem-bala-deve-acontecer-em-novembro\/","name":"Leil\u00e3o do trem-bala deve acontecer em novembro - AmstedMaxion","isPartOf":{"@id":"https:\/\/www.amstedmaxion.com.br\/#website"},"datePublished":"2010-07-02T03:00:00+00:00","dateModified":"2010-07-02T03:00:00+00:00","breadcrumb":{"@id":"https:\/\/www.amstedmaxion.com.br\/en\/leilao-do-trem-bala-deve-acontecer-em-novembro\/#breadcrumb"},"inLanguage":"en-US","potentialAction":[{"@type":"ReadAction","target":["https:\/\/www.amstedmaxion.com.br\/en\/leilao-do-trem-bala-deve-acontecer-em-novembro\/"]}]},{"@type":"BreadcrumbList","@id":"https:\/\/www.amstedmaxion.com.br\/en\/leilao-do-trem-bala-deve-acontecer-em-novembro\/#breadcrumb","itemListElement":[{"@type":"ListItem","position":1,"name":"In\u00edcio","item":"https:\/\/www.amstedmaxion.com.br\/"},{"@type":"ListItem","position":2,"name":"Leil\u00e3o do trem-bala deve acontecer em novembro"}]},{"@type":"WebSite","@id":"https:\/\/www.amstedmaxion.com.br\/#website","url":"https:\/\/www.amstedmaxion.com.br\/","name":"AmstedMaxion","description":"AmstedMaxion - Fundi\u00e7\u00e3o e Equipamentos Ferrovi\u00e1rios","publisher":{"@id":"https:\/\/www.amstedmaxion.com.br\/#organization"},"alternateName":"AmstedMaxion","potentialAction":[{"@type":"SearchAction","target":{"@type":"EntryPoint","urlTemplate":"https:\/\/www.amstedmaxion.com.br\/?s={search_term_string}"},"query-input":{"@type":"PropertyValueSpecification","valueRequired":true,"valueName":"search_term_string"}}],"inLanguage":"en-US"},{"@type":"Organization","@id":"https:\/\/www.amstedmaxion.com.br\/#organization","name":"AMSTEDMAXION","url":"https:\/\/www.amstedmaxion.com.br\/","logo":{"@type":"ImageObject","inLanguage":"en-US","@id":"https:\/\/www.amstedmaxion.com.br\/#\/schema\/logo\/image\/","url":"https:\/\/www.amstedmaxion.com.br\/wp-content\/uploads\/2023\/11\/amsted.png","contentUrl":"https:\/\/www.amstedmaxion.com.br\/wp-content\/uploads\/2023\/11\/amsted.png","width":500,"height":500,"caption":"AMSTEDMAXION"},"image":{"@id":"https:\/\/www.amstedmaxion.com.br\/#\/schema\/logo\/image\/"},"sameAs":["https:\/\/www.facebook.com\/AmstedMaxion.Oficial","https:\/\/br.linkedin.com\/company\/amstedmaxion"]},{"@type":"Person","@id":"https:\/\/www.amstedmaxion.com.br\/#\/schema\/person\/0120c9e5589f92bbb25580b75edcf439","name":"juan@newmind.com.br","image":{"@type":"ImageObject","inLanguage":"en-US","@id":"https:\/\/www.amstedmaxion.com.br\/#\/schema\/person\/image\/","url":"https:\/\/secure.gravatar.com\/avatar\/4f404a88c5e66d7c90c099fd87bb90a68baa7a7348b153c1c34f9999b4873144?s=96&d=mm&r=g","contentUrl":"https:\/\/secure.gravatar.com\/avatar\/4f404a88c5e66d7c90c099fd87bb90a68baa7a7348b153c1c34f9999b4873144?s=96&d=mm&r=g","caption":"juan@newmind.com.br"}}]}},"_links":{"self":[{"href":"https:\/\/www.amstedmaxion.com.br\/en\/wp-json\/wp\/v2\/posts\/1993","targetHints":{"allow":["GET"]}}],"collection":[{"href":"https:\/\/www.amstedmaxion.com.br\/en\/wp-json\/wp\/v2\/posts"}],"about":[{"href":"https:\/\/www.amstedmaxion.com.br\/en\/wp-json\/wp\/v2\/types\/post"}],"author":[{"embeddable":true,"href":"https:\/\/www.amstedmaxion.com.br\/en\/wp-json\/wp\/v2\/users\/1"}],"replies":[{"embeddable":true,"href":"https:\/\/www.amstedmaxion.com.br\/en\/wp-json\/wp\/v2\/comments?post=1993"}],"version-history":[{"count":0,"href":"https:\/\/www.amstedmaxion.com.br\/en\/wp-json\/wp\/v2\/posts\/1993\/revisions"}],"wp:attachment":[{"href":"https:\/\/www.amstedmaxion.com.br\/en\/wp-json\/wp\/v2\/media?parent=1993"}],"wp:term":[{"taxonomy":"category","embeddable":true,"href":"https:\/\/www.amstedmaxion.com.br\/en\/wp-json\/wp\/v2\/categories?post=1993"},{"taxonomy":"post_tag","embeddable":true,"href":"https:\/\/www.amstedmaxion.com.br\/en\/wp-json\/wp\/v2\/tags?post=1993"}],"curies":[{"name":"wp","href":"https:\/\/api.w.org\/{rel}","templated":true}]}}