{"id":2026,"date":"2010-08-05T00:00:00","date_gmt":"2010-08-05T03:00:00","guid":{"rendered":"http:\/\/189.16.185.54\/dilma-confirma-presenca-no-brasil-no-trilhos\/"},"modified":"2010-08-05T00:00:00","modified_gmt":"2010-08-05T03:00:00","slug":"dilma-confirma-presenca-no-brasil-no-trilhos","status":"publish","type":"post","link":"https:\/\/www.amstedmaxion.com.br\/en\/dilma-confirma-presenca-no-brasil-no-trilhos\/","title":{"rendered":"Dilma confirma presen\u00e7a no Brasil no Trilhos"},"content":{"rendered":"<p>A candidata do PT \u00e0 presid\u00eancia da Rep\u00fablica, Dilma Roussef, vai apresentar no dia 11 de agosto, durante o semin\u00e1rio Brasil nos Trilhos, seu programa de investimento para o setor ferrovi\u00e1rio. Dilma vai explicar de que maneira vai tratar, se eleita, os principais projetos iniciados no governo Lula, como a EF Norte Sul, a Transnordestina e o TAV. Este \u00faltimo projeto \u00e9 caro \u00e0 candidata, que o lan\u00e7ou em 2005 e o incluiu no PAC. Dilma fala \u00e0s 14:30, e o semin\u00e1rio ser\u00e1 no Hotel Royal Tulip, em Bras\u00edlia, organizado pela Associa\u00e7\u00e3o Nacional de Transportadores Ferrovi\u00e1rios (ANTF). rn<\/p>\n<p>rnO evento j\u00e1 recebeu confirma\u00e7\u00e3o dos palestrantes: o ministro dos Transportes, Paulo S\u00e9rgio Passos; a ministra do Meio Ambiente, Izabella Teixeira; o presidente da Comiss\u00e3o de Via\u00e7\u00e3o e Transportes da C\u00e2mara Federal, Deputado Milton Monti; o presidente da Associa\u00e7\u00e3o Nacional das Empresas de Obras Rodovi\u00e1rias (ANEOR), Jos\u00e9 Alberto Pereira Ribeiro; opresidente da Associa\u00e7\u00e3o Brasileira da Ind\u00fastria Ferrovi\u00e1ria (ABIFER), Vicente Abate, o diretor &#8211; geral do Departamento Nacional de Infraestrutura do Minist\u00e9rio dos Transportes (DNIT), Luiz Ant\u00f4nio Pagot e o diretor \u2013 geral da Ag\u00eancia Nacional de Transportes Terrestres (ANTT), Bernardo Figueiredo.rn<\/p>\n","protected":false},"excerpt":{"rendered":"<p>A candidata do PT \u00e0 presid\u00eancia da Rep\u00fablica, Dilma Roussef, vai apresentar no dia 11 de agosto, durante o semin\u00e1rio Brasil nos Trilhos, seu programa de investimento para o setor ferrovi\u00e1rio. Dilma vai explicar de que maneira vai tratar, se eleita, os principais projetos iniciados no governo Lula, como a EF Norte Sul, a Transnordestina [&hellip;]<\/p>\n","protected":false},"author":1,"featured_media":0,"comment_status":"open","ping_status":"open","sticky":false,"template":"","format":"standard","meta":{"_acf_changed":false,"footnotes":""},"categories":[2],"tags":[],"class_list":["post-2026","post","type-post","status-publish","format-standard","hentry","category-noticias"],"acf":[],"yoast_head":"<!-- This site is optimized with the Yoast SEO plugin v23.9 - https:\/\/yoast.com\/wordpress\/plugins\/seo\/ -->\n<title>Dilma confirma presen\u00e7a no Brasil no Trilhos - AmstedMaxion<\/title>\n<meta name=\"robots\" content=\"index, follow, max-snippet:-1, max-image-preview:large, max-video-preview:-1\" \/>\n<link rel=\"canonical\" href=\"https:\/\/www.amstedmaxion.com.br\/en\/dilma-confirma-presenca-no-brasil-no-trilhos\/\" \/>\n<meta property=\"og:locale\" content=\"en_US\" \/>\n<meta property=\"og:type\" content=\"article\" \/>\n<meta property=\"og:title\" content=\"Dilma confirma presen\u00e7a no Brasil no Trilhos - AmstedMaxion\" \/>\n<meta property=\"og:description\" content=\"A candidata do PT \u00e0 presid\u00eancia da Rep\u00fablica, Dilma Roussef, vai apresentar no dia 11 de agosto, durante o semin\u00e1rio Brasil nos Trilhos, seu programa de investimento para o setor ferrovi\u00e1rio. Dilma vai explicar de que maneira vai tratar, se eleita, os principais projetos iniciados no governo Lula, como a EF Norte Sul, a Transnordestina [&hellip;]\" \/>\n<meta property=\"og:url\" content=\"https:\/\/www.amstedmaxion.com.br\/en\/dilma-confirma-presenca-no-brasil-no-trilhos\/\" \/>\n<meta property=\"og:site_name\" content=\"AmstedMaxion\" \/>\n<meta property=\"article:publisher\" content=\"https:\/\/www.facebook.com\/AmstedMaxion.Oficial\" \/>\n<meta property=\"article:published_time\" content=\"2010-08-05T03:00:00+00:00\" \/>\n<meta name=\"author\" content=\"juan@newmind.com.br\" \/>\n<meta name=\"twitter:card\" content=\"summary_large_image\" \/>\n<meta name=\"twitter:label1\" content=\"Written by\" \/>\n\t<meta name=\"twitter:data1\" content=\"juan@newmind.com.br\" \/>\n\t<meta name=\"twitter:label2\" content=\"Est. reading time\" \/>\n\t<meta name=\"twitter:data2\" content=\"1 minute\" \/>\n<script type=\"application\/ld+json\" class=\"yoast-schema-graph\">{\"@context\":\"https:\/\/schema.org\",\"@graph\":[{\"@type\":\"Article\",\"@id\":\"https:\/\/www.amstedmaxion.com.br\/en\/dilma-confirma-presenca-no-brasil-no-trilhos\/#article\",\"isPartOf\":{\"@id\":\"https:\/\/www.amstedmaxion.com.br\/en\/dilma-confirma-presenca-no-brasil-no-trilhos\/\"},\"author\":{\"name\":\"juan@newmind.com.br\",\"@id\":\"https:\/\/www.amstedmaxion.com.br\/#\/schema\/person\/0120c9e5589f92bbb25580b75edcf439\"},\"headline\":\"Dilma confirma presen\u00e7a no Brasil no Trilhos\",\"datePublished\":\"2010-08-05T03:00:00+00:00\",\"dateModified\":\"2010-08-05T03:00:00+00:00\",\"mainEntityOfPage\":{\"@id\":\"https:\/\/www.amstedmaxion.com.br\/en\/dilma-confirma-presenca-no-brasil-no-trilhos\/\"},\"wordCount\":213,\"commentCount\":0,\"publisher\":{\"@id\":\"https:\/\/www.amstedmaxion.com.br\/#organization\"},\"articleSection\":[\"Not\u00edcias da AmstedMaxion\"],\"inLanguage\":\"en-US\",\"potentialAction\":[{\"@type\":\"CommentAction\",\"name\":\"Comment\",\"target\":[\"https:\/\/www.amstedmaxion.com.br\/en\/dilma-confirma-presenca-no-brasil-no-trilhos\/#respond\"]}]},{\"@type\":\"WebPage\",\"@id\":\"https:\/\/www.amstedmaxion.com.br\/en\/dilma-confirma-presenca-no-brasil-no-trilhos\/\",\"url\":\"https:\/\/www.amstedmaxion.com.br\/en\/dilma-confirma-presenca-no-brasil-no-trilhos\/\",\"name\":\"Dilma confirma presen\u00e7a no Brasil no Trilhos - AmstedMaxion\",\"isPartOf\":{\"@id\":\"https:\/\/www.amstedmaxion.com.br\/#website\"},\"datePublished\":\"2010-08-05T03:00:00+00:00\",\"dateModified\":\"2010-08-05T03:00:00+00:00\",\"breadcrumb\":{\"@id\":\"https:\/\/www.amstedmaxion.com.br\/en\/dilma-confirma-presenca-no-brasil-no-trilhos\/#breadcrumb\"},\"inLanguage\":\"en-US\",\"potentialAction\":[{\"@type\":\"ReadAction\",\"target\":[\"https:\/\/www.amstedmaxion.com.br\/en\/dilma-confirma-presenca-no-brasil-no-trilhos\/\"]}]},{\"@type\":\"BreadcrumbList\",\"@id\":\"https:\/\/www.amstedmaxion.com.br\/en\/dilma-confirma-presenca-no-brasil-no-trilhos\/#breadcrumb\",\"itemListElement\":[{\"@type\":\"ListItem\",\"position\":1,\"name\":\"In\u00edcio\",\"item\":\"https:\/\/www.amstedmaxion.com.br\/\"},{\"@type\":\"ListItem\",\"position\":2,\"name\":\"Dilma confirma presen\u00e7a no Brasil no Trilhos\"}]},{\"@type\":\"WebSite\",\"@id\":\"https:\/\/www.amstedmaxion.com.br\/#website\",\"url\":\"https:\/\/www.amstedmaxion.com.br\/\",\"name\":\"AmstedMaxion\",\"description\":\"AmstedMaxion - Fundi\u00e7\u00e3o e Equipamentos Ferrovi\u00e1rios\",\"publisher\":{\"@id\":\"https:\/\/www.amstedmaxion.com.br\/#organization\"},\"alternateName\":\"AmstedMaxion\",\"potentialAction\":[{\"@type\":\"SearchAction\",\"target\":{\"@type\":\"EntryPoint\",\"urlTemplate\":\"https:\/\/www.amstedmaxion.com.br\/?s={search_term_string}\"},\"query-input\":{\"@type\":\"PropertyValueSpecification\",\"valueRequired\":true,\"valueName\":\"search_term_string\"}}],\"inLanguage\":\"en-US\"},{\"@type\":\"Organization\",\"@id\":\"https:\/\/www.amstedmaxion.com.br\/#organization\",\"name\":\"AMSTEDMAXION\",\"url\":\"https:\/\/www.amstedmaxion.com.br\/\",\"logo\":{\"@type\":\"ImageObject\",\"inLanguage\":\"en-US\",\"@id\":\"https:\/\/www.amstedmaxion.com.br\/#\/schema\/logo\/image\/\",\"url\":\"https:\/\/www.amstedmaxion.com.br\/wp-content\/uploads\/2023\/11\/amsted.png\",\"contentUrl\":\"https:\/\/www.amstedmaxion.com.br\/wp-content\/uploads\/2023\/11\/amsted.png\",\"width\":500,\"height\":500,\"caption\":\"AMSTEDMAXION\"},\"image\":{\"@id\":\"https:\/\/www.amstedmaxion.com.br\/#\/schema\/logo\/image\/\"},\"sameAs\":[\"https:\/\/www.facebook.com\/AmstedMaxion.Oficial\",\"https:\/\/br.linkedin.com\/company\/amstedmaxion\"]},{\"@type\":\"Person\",\"@id\":\"https:\/\/www.amstedmaxion.com.br\/#\/schema\/person\/0120c9e5589f92bbb25580b75edcf439\",\"name\":\"juan@newmind.com.br\",\"image\":{\"@type\":\"ImageObject\",\"inLanguage\":\"en-US\",\"@id\":\"https:\/\/www.amstedmaxion.com.br\/#\/schema\/person\/image\/\",\"url\":\"https:\/\/secure.gravatar.com\/avatar\/4f404a88c5e66d7c90c099fd87bb90a68baa7a7348b153c1c34f9999b4873144?s=96&d=mm&r=g\",\"contentUrl\":\"https:\/\/secure.gravatar.com\/avatar\/4f404a88c5e66d7c90c099fd87bb90a68baa7a7348b153c1c34f9999b4873144?s=96&d=mm&r=g\",\"caption\":\"juan@newmind.com.br\"}}]}<\/script>\n<!-- \/ Yoast SEO plugin. -->","yoast_head_json":{"title":"Dilma confirma presen\u00e7a no Brasil no Trilhos - AmstedMaxion","robots":{"index":"index","follow":"follow","max-snippet":"max-snippet:-1","max-image-preview":"max-image-preview:large","max-video-preview":"max-video-preview:-1"},"canonical":"https:\/\/www.amstedmaxion.com.br\/en\/dilma-confirma-presenca-no-brasil-no-trilhos\/","og_locale":"en_US","og_type":"article","og_title":"Dilma confirma presen\u00e7a no Brasil no Trilhos - AmstedMaxion","og_description":"A candidata do PT \u00e0 presid\u00eancia da Rep\u00fablica, Dilma Roussef, vai apresentar no dia 11 de agosto, durante o semin\u00e1rio Brasil nos Trilhos, seu programa de investimento para o setor ferrovi\u00e1rio. Dilma vai explicar de que maneira vai tratar, se eleita, os principais projetos iniciados no governo Lula, como a EF Norte Sul, a Transnordestina [&hellip;]","og_url":"https:\/\/www.amstedmaxion.com.br\/en\/dilma-confirma-presenca-no-brasil-no-trilhos\/","og_site_name":"AmstedMaxion","article_publisher":"https:\/\/www.facebook.com\/AmstedMaxion.Oficial","article_published_time":"2010-08-05T03:00:00+00:00","author":"juan@newmind.com.br","twitter_card":"summary_large_image","twitter_misc":{"Written by":"juan@newmind.com.br","Est. reading time":"1 minute"},"schema":{"@context":"https:\/\/schema.org","@graph":[{"@type":"Article","@id":"https:\/\/www.amstedmaxion.com.br\/en\/dilma-confirma-presenca-no-brasil-no-trilhos\/#article","isPartOf":{"@id":"https:\/\/www.amstedmaxion.com.br\/en\/dilma-confirma-presenca-no-brasil-no-trilhos\/"},"author":{"name":"juan@newmind.com.br","@id":"https:\/\/www.amstedmaxion.com.br\/#\/schema\/person\/0120c9e5589f92bbb25580b75edcf439"},"headline":"Dilma confirma presen\u00e7a no Brasil no Trilhos","datePublished":"2010-08-05T03:00:00+00:00","dateModified":"2010-08-05T03:00:00+00:00","mainEntityOfPage":{"@id":"https:\/\/www.amstedmaxion.com.br\/en\/dilma-confirma-presenca-no-brasil-no-trilhos\/"},"wordCount":213,"commentCount":0,"publisher":{"@id":"https:\/\/www.amstedmaxion.com.br\/#organization"},"articleSection":["Not\u00edcias da AmstedMaxion"],"inLanguage":"en-US","potentialAction":[{"@type":"CommentAction","name":"Comment","target":["https:\/\/www.amstedmaxion.com.br\/en\/dilma-confirma-presenca-no-brasil-no-trilhos\/#respond"]}]},{"@type":"WebPage","@id":"https:\/\/www.amstedmaxion.com.br\/en\/dilma-confirma-presenca-no-brasil-no-trilhos\/","url":"https:\/\/www.amstedmaxion.com.br\/en\/dilma-confirma-presenca-no-brasil-no-trilhos\/","name":"Dilma confirma presen\u00e7a no Brasil no Trilhos - AmstedMaxion","isPartOf":{"@id":"https:\/\/www.amstedmaxion.com.br\/#website"},"datePublished":"2010-08-05T03:00:00+00:00","dateModified":"2010-08-05T03:00:00+00:00","breadcrumb":{"@id":"https:\/\/www.amstedmaxion.com.br\/en\/dilma-confirma-presenca-no-brasil-no-trilhos\/#breadcrumb"},"inLanguage":"en-US","potentialAction":[{"@type":"ReadAction","target":["https:\/\/www.amstedmaxion.com.br\/en\/dilma-confirma-presenca-no-brasil-no-trilhos\/"]}]},{"@type":"BreadcrumbList","@id":"https:\/\/www.amstedmaxion.com.br\/en\/dilma-confirma-presenca-no-brasil-no-trilhos\/#breadcrumb","itemListElement":[{"@type":"ListItem","position":1,"name":"In\u00edcio","item":"https:\/\/www.amstedmaxion.com.br\/"},{"@type":"ListItem","position":2,"name":"Dilma confirma presen\u00e7a no Brasil no Trilhos"}]},{"@type":"WebSite","@id":"https:\/\/www.amstedmaxion.com.br\/#website","url":"https:\/\/www.amstedmaxion.com.br\/","name":"AmstedMaxion","description":"AmstedMaxion - Fundi\u00e7\u00e3o e Equipamentos Ferrovi\u00e1rios","publisher":{"@id":"https:\/\/www.amstedmaxion.com.br\/#organization"},"alternateName":"AmstedMaxion","potentialAction":[{"@type":"SearchAction","target":{"@type":"EntryPoint","urlTemplate":"https:\/\/www.amstedmaxion.com.br\/?s={search_term_string}"},"query-input":{"@type":"PropertyValueSpecification","valueRequired":true,"valueName":"search_term_string"}}],"inLanguage":"en-US"},{"@type":"Organization","@id":"https:\/\/www.amstedmaxion.com.br\/#organization","name":"AMSTEDMAXION","url":"https:\/\/www.amstedmaxion.com.br\/","logo":{"@type":"ImageObject","inLanguage":"en-US","@id":"https:\/\/www.amstedmaxion.com.br\/#\/schema\/logo\/image\/","url":"https:\/\/www.amstedmaxion.com.br\/wp-content\/uploads\/2023\/11\/amsted.png","contentUrl":"https:\/\/www.amstedmaxion.com.br\/wp-content\/uploads\/2023\/11\/amsted.png","width":500,"height":500,"caption":"AMSTEDMAXION"},"image":{"@id":"https:\/\/www.amstedmaxion.com.br\/#\/schema\/logo\/image\/"},"sameAs":["https:\/\/www.facebook.com\/AmstedMaxion.Oficial","https:\/\/br.linkedin.com\/company\/amstedmaxion"]},{"@type":"Person","@id":"https:\/\/www.amstedmaxion.com.br\/#\/schema\/person\/0120c9e5589f92bbb25580b75edcf439","name":"juan@newmind.com.br","image":{"@type":"ImageObject","inLanguage":"en-US","@id":"https:\/\/www.amstedmaxion.com.br\/#\/schema\/person\/image\/","url":"https:\/\/secure.gravatar.com\/avatar\/4f404a88c5e66d7c90c099fd87bb90a68baa7a7348b153c1c34f9999b4873144?s=96&d=mm&r=g","contentUrl":"https:\/\/secure.gravatar.com\/avatar\/4f404a88c5e66d7c90c099fd87bb90a68baa7a7348b153c1c34f9999b4873144?s=96&d=mm&r=g","caption":"juan@newmind.com.br"}}]}},"_links":{"self":[{"href":"https:\/\/www.amstedmaxion.com.br\/en\/wp-json\/wp\/v2\/posts\/2026","targetHints":{"allow":["GET"]}}],"collection":[{"href":"https:\/\/www.amstedmaxion.com.br\/en\/wp-json\/wp\/v2\/posts"}],"about":[{"href":"https:\/\/www.amstedmaxion.com.br\/en\/wp-json\/wp\/v2\/types\/post"}],"author":[{"embeddable":true,"href":"https:\/\/www.amstedmaxion.com.br\/en\/wp-json\/wp\/v2\/users\/1"}],"replies":[{"embeddable":true,"href":"https:\/\/www.amstedmaxion.com.br\/en\/wp-json\/wp\/v2\/comments?post=2026"}],"version-history":[{"count":0,"href":"https:\/\/www.amstedmaxion.com.br\/en\/wp-json\/wp\/v2\/posts\/2026\/revisions"}],"wp:attachment":[{"href":"https:\/\/www.amstedmaxion.com.br\/en\/wp-json\/wp\/v2\/media?parent=2026"}],"wp:term":[{"taxonomy":"category","embeddable":true,"href":"https:\/\/www.amstedmaxion.com.br\/en\/wp-json\/wp\/v2\/categories?post=2026"},{"taxonomy":"post_tag","embeddable":true,"href":"https:\/\/www.amstedmaxion.com.br\/en\/wp-json\/wp\/v2\/tags?post=2026"}],"curies":[{"name":"wp","href":"https:\/\/api.w.org\/{rel}","templated":true}]}}