{"id":2029,"date":"2010-08-12T00:00:00","date_gmt":"2010-08-12T03:00:00","guid":{"rendered":"http:\/\/189.16.185.54\/governo-volta-atras-e-adia-marco-regulatorio-do-setor-ferroviario\/"},"modified":"2010-08-12T00:00:00","modified_gmt":"2010-08-12T03:00:00","slug":"governo-volta-atras-e-adia-marco-regulatorio-do-setor-ferroviario","status":"publish","type":"post","link":"https:\/\/www.amstedmaxion.com.br\/en\/governo-volta-atras-e-adia-marco-regulatorio-do-setor-ferroviario\/","title":{"rendered":"Governo volta atr\u00e1s e adia marco regulat\u00f3rio do setor ferrovi\u00e1rio"},"content":{"rendered":"<p>Ap\u00f3s dar praticamente como certo que conseguiria publicar nesta semana o decreto com o novo marco regulat\u00f3rio das ferrovias, o governo teve de voltar atr\u00e1s e vai sentar \u00e0 mesa de negocia\u00e7\u00e3o com as concession\u00e1rias do setor para discutir detalhes da proposta. O ministro dos Transportes, Paulo S\u00e9rgio Passos, afirmou hoje que o decreto prev\u00ea uma forma alternativa de explora\u00e7\u00e3o do servi\u00e7o ferrovi\u00e1rio de carga, mas, ao mesmo tempo, disp\u00f5e de aspectos que dizem respeito aos contratos atuais. \u00c9 importante discutir com os concession\u00e1rios e \u00e9 isso que est\u00e1 sendo feito\u201d.rn<\/p>\n<p>rnSegundo uma fonte que acompanha de perto as negocia\u00e7\u00f5es entre governo e empresas, teria havido ainda uma diverg\u00eancia interna entre a Ag\u00eancia Nacional de Transportes Terrestres (ANTT) e o Minist\u00e9rio dos Transportes. Segundo essa fonte, a ANTT queria publicar o decreto o quanto antes, enquanto o minist\u00e9rio preferia chegar a um acordo com as empresas antes de colocar as regras na rua.rn<\/p>\n<p>rnA principal novidade do decreto diz respeito aos futuros contratos, mas a maior pol\u00eamica, segundo o diretor executivo da Associa\u00e7\u00e3o Nacional dos Transportadores Ferrovi\u00e1rios (ANTF), Rodrigo Vila\u00e7a, estaria numa altera\u00e7\u00e3o dos atuais contratos. Segundo ele, o governo pretende tornar obrigat\u00f3rio o chamado direito de passagem, que consiste na autoriza\u00e7\u00e3o, por parte de uma concession\u00e1ria de ferrovias, para que um usu\u00e1rio que possua um trem pr\u00f3prio possa passar por sua malha mediante pagamento.rn<\/p>\n<p>rnHoje, o direito de passagem existe, mas depende de acordo entre as empresas. Quando ele n\u00e3o ocorre, a carga precisa ser transferida do trem do usu\u00e1rio para o trem da operadora para seguir na malha ferrovi\u00e1ria.rn<\/p>\n<p>rnVila\u00e7a ressaltou que as empresas n\u00e3o s\u00e3o contra o conceito do direito de passagem. Tanto \u00e9 que j\u00e1 o exercem, mediante acordos. A quest\u00e3o, segundo ele, \u00e9 que precisam ser definidas regras claras para regular esse direito de passagem. \u201dQueremos saber quem vai controlar o centro de opera\u00e7\u00f5es. Al\u00e9m disso, quem arcaria com os custos de um acidente e com os impactos disso no meio ambiente?\u201d, questionou.rn<\/p>\n<p>rnSegundo ele, h\u00e1 muitos clientes de ferrovias que n\u00e3o querem ser operadores de trens. \u201dEles querem \u00e9 contratar o servi\u00e7o que atende \u00e0s suas necessidades\u201d, disse Vila\u00e7a, que participa do 4\u00ba Semin\u00e1rio Brasil nos Trilhos. Vila\u00e7a confirmou que v\u00e3o ser reiniciadas as conversas com o governo, mas, segundo ele, o decreto n\u00e3o dever\u00e1 tardar a sair. \u201dImagino que ser\u00e1 publicado em 15 a 20 dias\u201d.rn\u201d<\/p>\n","protected":false},"excerpt":{"rendered":"<p>Ap\u00f3s dar praticamente como certo que conseguiria publicar nesta semana o decreto com o novo marco regulat\u00f3rio das ferrovias, o governo teve de voltar atr\u00e1s e vai sentar \u00e0 mesa de negocia\u00e7\u00e3o com as concession\u00e1rias do setor para discutir detalhes da proposta. O ministro dos Transportes, Paulo S\u00e9rgio Passos, afirmou hoje que o decreto prev\u00ea [&hellip;]<\/p>\n","protected":false},"author":1,"featured_media":0,"comment_status":"open","ping_status":"open","sticky":false,"template":"","format":"standard","meta":{"_acf_changed":false,"footnotes":""},"categories":[2],"tags":[],"class_list":["post-2029","post","type-post","status-publish","format-standard","hentry","category-noticias"],"acf":[],"yoast_head":"<!-- This site is optimized with the Yoast SEO plugin v23.9 - https:\/\/yoast.com\/wordpress\/plugins\/seo\/ -->\n<title>Governo volta atr\u00e1s e adia marco regulat\u00f3rio do setor ferrovi\u00e1rio - AmstedMaxion<\/title>\n<meta name=\"robots\" content=\"index, follow, max-snippet:-1, max-image-preview:large, max-video-preview:-1\" \/>\n<link rel=\"canonical\" href=\"https:\/\/www.amstedmaxion.com.br\/en\/governo-volta-atras-e-adia-marco-regulatorio-do-setor-ferroviario\/\" \/>\n<meta property=\"og:locale\" content=\"en_US\" \/>\n<meta property=\"og:type\" content=\"article\" \/>\n<meta property=\"og:title\" content=\"Governo volta atr\u00e1s e adia marco regulat\u00f3rio do setor ferrovi\u00e1rio - AmstedMaxion\" \/>\n<meta property=\"og:description\" content=\"Ap\u00f3s dar praticamente como certo que conseguiria publicar nesta semana o decreto com o novo marco regulat\u00f3rio das ferrovias, o governo teve de voltar atr\u00e1s e vai sentar \u00e0 mesa de negocia\u00e7\u00e3o com as concession\u00e1rias do setor para discutir detalhes da proposta. O ministro dos Transportes, Paulo S\u00e9rgio Passos, afirmou hoje que o decreto prev\u00ea [&hellip;]\" \/>\n<meta property=\"og:url\" content=\"https:\/\/www.amstedmaxion.com.br\/en\/governo-volta-atras-e-adia-marco-regulatorio-do-setor-ferroviario\/\" \/>\n<meta property=\"og:site_name\" content=\"AmstedMaxion\" \/>\n<meta property=\"article:publisher\" content=\"https:\/\/www.facebook.com\/AmstedMaxion.Oficial\" \/>\n<meta property=\"article:published_time\" content=\"2010-08-12T03:00:00+00:00\" \/>\n<meta name=\"author\" content=\"juan@newmind.com.br\" \/>\n<meta name=\"twitter:card\" content=\"summary_large_image\" \/>\n<meta name=\"twitter:label1\" content=\"Written by\" \/>\n\t<meta name=\"twitter:data1\" content=\"juan@newmind.com.br\" \/>\n\t<meta name=\"twitter:label2\" content=\"Est. reading time\" \/>\n\t<meta name=\"twitter:data2\" content=\"2 minutes\" \/>\n<script type=\"application\/ld+json\" class=\"yoast-schema-graph\">{\"@context\":\"https:\/\/schema.org\",\"@graph\":[{\"@type\":\"Article\",\"@id\":\"https:\/\/www.amstedmaxion.com.br\/en\/governo-volta-atras-e-adia-marco-regulatorio-do-setor-ferroviario\/#article\",\"isPartOf\":{\"@id\":\"https:\/\/www.amstedmaxion.com.br\/en\/governo-volta-atras-e-adia-marco-regulatorio-do-setor-ferroviario\/\"},\"author\":{\"name\":\"juan@newmind.com.br\",\"@id\":\"https:\/\/www.amstedmaxion.com.br\/#\/schema\/person\/0120c9e5589f92bbb25580b75edcf439\"},\"headline\":\"Governo volta atr\u00e1s e adia marco regulat\u00f3rio do setor ferrovi\u00e1rio\",\"datePublished\":\"2010-08-12T03:00:00+00:00\",\"dateModified\":\"2010-08-12T03:00:00+00:00\",\"mainEntityOfPage\":{\"@id\":\"https:\/\/www.amstedmaxion.com.br\/en\/governo-volta-atras-e-adia-marco-regulatorio-do-setor-ferroviario\/\"},\"wordCount\":445,\"commentCount\":0,\"publisher\":{\"@id\":\"https:\/\/www.amstedmaxion.com.br\/#organization\"},\"articleSection\":[\"Not\u00edcias da AmstedMaxion\"],\"inLanguage\":\"en-US\",\"potentialAction\":[{\"@type\":\"CommentAction\",\"name\":\"Comment\",\"target\":[\"https:\/\/www.amstedmaxion.com.br\/en\/governo-volta-atras-e-adia-marco-regulatorio-do-setor-ferroviario\/#respond\"]}]},{\"@type\":\"WebPage\",\"@id\":\"https:\/\/www.amstedmaxion.com.br\/en\/governo-volta-atras-e-adia-marco-regulatorio-do-setor-ferroviario\/\",\"url\":\"https:\/\/www.amstedmaxion.com.br\/en\/governo-volta-atras-e-adia-marco-regulatorio-do-setor-ferroviario\/\",\"name\":\"Governo volta atr\u00e1s e adia marco regulat\u00f3rio do setor ferrovi\u00e1rio - AmstedMaxion\",\"isPartOf\":{\"@id\":\"https:\/\/www.amstedmaxion.com.br\/#website\"},\"datePublished\":\"2010-08-12T03:00:00+00:00\",\"dateModified\":\"2010-08-12T03:00:00+00:00\",\"breadcrumb\":{\"@id\":\"https:\/\/www.amstedmaxion.com.br\/en\/governo-volta-atras-e-adia-marco-regulatorio-do-setor-ferroviario\/#breadcrumb\"},\"inLanguage\":\"en-US\",\"potentialAction\":[{\"@type\":\"ReadAction\",\"target\":[\"https:\/\/www.amstedmaxion.com.br\/en\/governo-volta-atras-e-adia-marco-regulatorio-do-setor-ferroviario\/\"]}]},{\"@type\":\"BreadcrumbList\",\"@id\":\"https:\/\/www.amstedmaxion.com.br\/en\/governo-volta-atras-e-adia-marco-regulatorio-do-setor-ferroviario\/#breadcrumb\",\"itemListElement\":[{\"@type\":\"ListItem\",\"position\":1,\"name\":\"In\u00edcio\",\"item\":\"https:\/\/www.amstedmaxion.com.br\/\"},{\"@type\":\"ListItem\",\"position\":2,\"name\":\"Governo volta atr\u00e1s e adia marco regulat\u00f3rio do setor ferrovi\u00e1rio\"}]},{\"@type\":\"WebSite\",\"@id\":\"https:\/\/www.amstedmaxion.com.br\/#website\",\"url\":\"https:\/\/www.amstedmaxion.com.br\/\",\"name\":\"AmstedMaxion\",\"description\":\"AmstedMaxion - Fundi\u00e7\u00e3o e Equipamentos Ferrovi\u00e1rios\",\"publisher\":{\"@id\":\"https:\/\/www.amstedmaxion.com.br\/#organization\"},\"alternateName\":\"AmstedMaxion\",\"potentialAction\":[{\"@type\":\"SearchAction\",\"target\":{\"@type\":\"EntryPoint\",\"urlTemplate\":\"https:\/\/www.amstedmaxion.com.br\/?s={search_term_string}\"},\"query-input\":{\"@type\":\"PropertyValueSpecification\",\"valueRequired\":true,\"valueName\":\"search_term_string\"}}],\"inLanguage\":\"en-US\"},{\"@type\":\"Organization\",\"@id\":\"https:\/\/www.amstedmaxion.com.br\/#organization\",\"name\":\"AMSTEDMAXION\",\"url\":\"https:\/\/www.amstedmaxion.com.br\/\",\"logo\":{\"@type\":\"ImageObject\",\"inLanguage\":\"en-US\",\"@id\":\"https:\/\/www.amstedmaxion.com.br\/#\/schema\/logo\/image\/\",\"url\":\"https:\/\/www.amstedmaxion.com.br\/wp-content\/uploads\/2023\/11\/amsted.png\",\"contentUrl\":\"https:\/\/www.amstedmaxion.com.br\/wp-content\/uploads\/2023\/11\/amsted.png\",\"width\":500,\"height\":500,\"caption\":\"AMSTEDMAXION\"},\"image\":{\"@id\":\"https:\/\/www.amstedmaxion.com.br\/#\/schema\/logo\/image\/\"},\"sameAs\":[\"https:\/\/www.facebook.com\/AmstedMaxion.Oficial\",\"https:\/\/br.linkedin.com\/company\/amstedmaxion\"]},{\"@type\":\"Person\",\"@id\":\"https:\/\/www.amstedmaxion.com.br\/#\/schema\/person\/0120c9e5589f92bbb25580b75edcf439\",\"name\":\"juan@newmind.com.br\",\"image\":{\"@type\":\"ImageObject\",\"inLanguage\":\"en-US\",\"@id\":\"https:\/\/www.amstedmaxion.com.br\/#\/schema\/person\/image\/\",\"url\":\"https:\/\/secure.gravatar.com\/avatar\/4f404a88c5e66d7c90c099fd87bb90a68baa7a7348b153c1c34f9999b4873144?s=96&d=mm&r=g\",\"contentUrl\":\"https:\/\/secure.gravatar.com\/avatar\/4f404a88c5e66d7c90c099fd87bb90a68baa7a7348b153c1c34f9999b4873144?s=96&d=mm&r=g\",\"caption\":\"juan@newmind.com.br\"}}]}<\/script>\n<!-- \/ Yoast SEO plugin. -->","yoast_head_json":{"title":"Governo volta atr\u00e1s e adia marco regulat\u00f3rio do setor ferrovi\u00e1rio - AmstedMaxion","robots":{"index":"index","follow":"follow","max-snippet":"max-snippet:-1","max-image-preview":"max-image-preview:large","max-video-preview":"max-video-preview:-1"},"canonical":"https:\/\/www.amstedmaxion.com.br\/en\/governo-volta-atras-e-adia-marco-regulatorio-do-setor-ferroviario\/","og_locale":"en_US","og_type":"article","og_title":"Governo volta atr\u00e1s e adia marco regulat\u00f3rio do setor ferrovi\u00e1rio - AmstedMaxion","og_description":"Ap\u00f3s dar praticamente como certo que conseguiria publicar nesta semana o decreto com o novo marco regulat\u00f3rio das ferrovias, o governo teve de voltar atr\u00e1s e vai sentar \u00e0 mesa de negocia\u00e7\u00e3o com as concession\u00e1rias do setor para discutir detalhes da proposta. O ministro dos Transportes, Paulo S\u00e9rgio Passos, afirmou hoje que o decreto prev\u00ea [&hellip;]","og_url":"https:\/\/www.amstedmaxion.com.br\/en\/governo-volta-atras-e-adia-marco-regulatorio-do-setor-ferroviario\/","og_site_name":"AmstedMaxion","article_publisher":"https:\/\/www.facebook.com\/AmstedMaxion.Oficial","article_published_time":"2010-08-12T03:00:00+00:00","author":"juan@newmind.com.br","twitter_card":"summary_large_image","twitter_misc":{"Written by":"juan@newmind.com.br","Est. reading time":"2 minutes"},"schema":{"@context":"https:\/\/schema.org","@graph":[{"@type":"Article","@id":"https:\/\/www.amstedmaxion.com.br\/en\/governo-volta-atras-e-adia-marco-regulatorio-do-setor-ferroviario\/#article","isPartOf":{"@id":"https:\/\/www.amstedmaxion.com.br\/en\/governo-volta-atras-e-adia-marco-regulatorio-do-setor-ferroviario\/"},"author":{"name":"juan@newmind.com.br","@id":"https:\/\/www.amstedmaxion.com.br\/#\/schema\/person\/0120c9e5589f92bbb25580b75edcf439"},"headline":"Governo volta atr\u00e1s e adia marco regulat\u00f3rio do setor ferrovi\u00e1rio","datePublished":"2010-08-12T03:00:00+00:00","dateModified":"2010-08-12T03:00:00+00:00","mainEntityOfPage":{"@id":"https:\/\/www.amstedmaxion.com.br\/en\/governo-volta-atras-e-adia-marco-regulatorio-do-setor-ferroviario\/"},"wordCount":445,"commentCount":0,"publisher":{"@id":"https:\/\/www.amstedmaxion.com.br\/#organization"},"articleSection":["Not\u00edcias da AmstedMaxion"],"inLanguage":"en-US","potentialAction":[{"@type":"CommentAction","name":"Comment","target":["https:\/\/www.amstedmaxion.com.br\/en\/governo-volta-atras-e-adia-marco-regulatorio-do-setor-ferroviario\/#respond"]}]},{"@type":"WebPage","@id":"https:\/\/www.amstedmaxion.com.br\/en\/governo-volta-atras-e-adia-marco-regulatorio-do-setor-ferroviario\/","url":"https:\/\/www.amstedmaxion.com.br\/en\/governo-volta-atras-e-adia-marco-regulatorio-do-setor-ferroviario\/","name":"Governo volta atr\u00e1s e adia marco regulat\u00f3rio do setor ferrovi\u00e1rio - AmstedMaxion","isPartOf":{"@id":"https:\/\/www.amstedmaxion.com.br\/#website"},"datePublished":"2010-08-12T03:00:00+00:00","dateModified":"2010-08-12T03:00:00+00:00","breadcrumb":{"@id":"https:\/\/www.amstedmaxion.com.br\/en\/governo-volta-atras-e-adia-marco-regulatorio-do-setor-ferroviario\/#breadcrumb"},"inLanguage":"en-US","potentialAction":[{"@type":"ReadAction","target":["https:\/\/www.amstedmaxion.com.br\/en\/governo-volta-atras-e-adia-marco-regulatorio-do-setor-ferroviario\/"]}]},{"@type":"BreadcrumbList","@id":"https:\/\/www.amstedmaxion.com.br\/en\/governo-volta-atras-e-adia-marco-regulatorio-do-setor-ferroviario\/#breadcrumb","itemListElement":[{"@type":"ListItem","position":1,"name":"In\u00edcio","item":"https:\/\/www.amstedmaxion.com.br\/"},{"@type":"ListItem","position":2,"name":"Governo volta atr\u00e1s e adia marco regulat\u00f3rio do setor ferrovi\u00e1rio"}]},{"@type":"WebSite","@id":"https:\/\/www.amstedmaxion.com.br\/#website","url":"https:\/\/www.amstedmaxion.com.br\/","name":"AmstedMaxion","description":"AmstedMaxion - Fundi\u00e7\u00e3o e Equipamentos Ferrovi\u00e1rios","publisher":{"@id":"https:\/\/www.amstedmaxion.com.br\/#organization"},"alternateName":"AmstedMaxion","potentialAction":[{"@type":"SearchAction","target":{"@type":"EntryPoint","urlTemplate":"https:\/\/www.amstedmaxion.com.br\/?s={search_term_string}"},"query-input":{"@type":"PropertyValueSpecification","valueRequired":true,"valueName":"search_term_string"}}],"inLanguage":"en-US"},{"@type":"Organization","@id":"https:\/\/www.amstedmaxion.com.br\/#organization","name":"AMSTEDMAXION","url":"https:\/\/www.amstedmaxion.com.br\/","logo":{"@type":"ImageObject","inLanguage":"en-US","@id":"https:\/\/www.amstedmaxion.com.br\/#\/schema\/logo\/image\/","url":"https:\/\/www.amstedmaxion.com.br\/wp-content\/uploads\/2023\/11\/amsted.png","contentUrl":"https:\/\/www.amstedmaxion.com.br\/wp-content\/uploads\/2023\/11\/amsted.png","width":500,"height":500,"caption":"AMSTEDMAXION"},"image":{"@id":"https:\/\/www.amstedmaxion.com.br\/#\/schema\/logo\/image\/"},"sameAs":["https:\/\/www.facebook.com\/AmstedMaxion.Oficial","https:\/\/br.linkedin.com\/company\/amstedmaxion"]},{"@type":"Person","@id":"https:\/\/www.amstedmaxion.com.br\/#\/schema\/person\/0120c9e5589f92bbb25580b75edcf439","name":"juan@newmind.com.br","image":{"@type":"ImageObject","inLanguage":"en-US","@id":"https:\/\/www.amstedmaxion.com.br\/#\/schema\/person\/image\/","url":"https:\/\/secure.gravatar.com\/avatar\/4f404a88c5e66d7c90c099fd87bb90a68baa7a7348b153c1c34f9999b4873144?s=96&d=mm&r=g","contentUrl":"https:\/\/secure.gravatar.com\/avatar\/4f404a88c5e66d7c90c099fd87bb90a68baa7a7348b153c1c34f9999b4873144?s=96&d=mm&r=g","caption":"juan@newmind.com.br"}}]}},"_links":{"self":[{"href":"https:\/\/www.amstedmaxion.com.br\/en\/wp-json\/wp\/v2\/posts\/2029","targetHints":{"allow":["GET"]}}],"collection":[{"href":"https:\/\/www.amstedmaxion.com.br\/en\/wp-json\/wp\/v2\/posts"}],"about":[{"href":"https:\/\/www.amstedmaxion.com.br\/en\/wp-json\/wp\/v2\/types\/post"}],"author":[{"embeddable":true,"href":"https:\/\/www.amstedmaxion.com.br\/en\/wp-json\/wp\/v2\/users\/1"}],"replies":[{"embeddable":true,"href":"https:\/\/www.amstedmaxion.com.br\/en\/wp-json\/wp\/v2\/comments?post=2029"}],"version-history":[{"count":0,"href":"https:\/\/www.amstedmaxion.com.br\/en\/wp-json\/wp\/v2\/posts\/2029\/revisions"}],"wp:attachment":[{"href":"https:\/\/www.amstedmaxion.com.br\/en\/wp-json\/wp\/v2\/media?parent=2029"}],"wp:term":[{"taxonomy":"category","embeddable":true,"href":"https:\/\/www.amstedmaxion.com.br\/en\/wp-json\/wp\/v2\/categories?post=2029"},{"taxonomy":"post_tag","embeddable":true,"href":"https:\/\/www.amstedmaxion.com.br\/en\/wp-json\/wp\/v2\/tags?post=2029"}],"curies":[{"name":"wp","href":"https:\/\/api.w.org\/{rel}","templated":true}]}}