{"id":2033,"date":"2010-08-17T00:00:00","date_gmt":"2010-08-17T03:00:00","guid":{"rendered":"http:\/\/189.16.185.54\/transnordestina-tem-mais-um-trecho-iniciado-no-ce\/"},"modified":"2010-08-17T00:00:00","modified_gmt":"2010-08-17T03:00:00","slug":"transnordestina-tem-mais-um-trecho-iniciado-no-ce","status":"publish","type":"post","link":"https:\/\/www.amstedmaxion.com.br\/en\/transnordestina-tem-mais-um-trecho-iniciado-no-ce\/","title":{"rendered":"Transnordestina tem mais um trecho iniciado no CE"},"content":{"rendered":"<p>A execu\u00e7\u00e3o das obras da Ferrovia Transnordestina ser\u00e1 iniciada, de fato, no Cear\u00e1. Os primeiros 50 km dos tr\u00eas trechos do projeto a serem conclu\u00eddos no Estado devem come\u00e7ar a ser constru\u00eddos a partir de Ordem de Servi\u00e7o assinada hoje, na cidade de Miss\u00e3o Velha, a 535km de Fortaleza. O trecho liga o munic\u00edpio \u00e0 cidade de Aurora. rn<\/p>\n<p>rnA ordem ser\u00e1 assinada pelo presidente da Transnordestina Tufi Daher Filho, juntamente com o ministro dos Transportes, Paulo S\u00e9rgio Passos, acompanhado do Secret\u00e1rio da Infraestrutura do Estado, Adail Fontenele e do presidente do Metrofor, R\u00f4mulo Fortes. A execu\u00e7\u00e3o neste trecho ser\u00e1 realizada pela Odebrecht, de acordo com Adail Fontenele. Para ele, o momento representa uma retomada do projeto. Esse \u00e9 o primeiro trecho para a retomada da Transnordestina. A ferrovia tem 80km j\u00e1 prontos. Faltam 527km para o Porto do Pec\u00e9m. Essa obra vai acontecer em v\u00e1rias frentes de servi\u00e7o\u201d, afirma. rn<\/p>\n<p>rnNo Cear\u00e1, a Transnordestina ser\u00e1 dividida em tr\u00eas partes:Miss\u00e3o Velha-Acopiara, Acopiara-Quixad\u00e1 e Quixad\u00e1-S\u00e3o Gon\u00e7alo do Amarante (Complexo Industrial e Portu\u00e1rio do Pec\u00e9m). rn<\/p>\n<p>rnDesapropria\u00e7\u00f5es rn<\/p>\n<p>rnUm ponto importante na obra est\u00e1 a cargo da Seinfra: as desapropria\u00e7\u00f5es das terras onde a ferrovia passar\u00e1. De acordo com Adail Fontenele, esse processo j\u00e1 est\u00e1 bem adiantado. \u201dO Governo do Estado atende o pedido do presidente Lula. Dos 527 km do projeto no Cear\u00e1 j\u00e1 se tem 200km em posse do Governo. Esse n\u00e3o vai ser um motivo de atraso\u201d, avalia o Secret\u00e1rio estadual de Infraestrutura. rn<\/p>\n<p>rnNo entanto, a falta de algumas libera\u00e7\u00f5es ainda dificultam a execu\u00e7\u00e3o das obras e dificultam previs\u00f5es de conclus\u00e3o. \u201dHoje, h\u00e1 alguns impasses por conta de mudan\u00e7as no projeto inicial, ent\u00e3o ainda tem algumas quest\u00f5es ambientais para resolver. Ainda est\u00e3o aguardando libera\u00e7\u00f5es. Um deles \u00e9 em Quixad\u00e1, na regi\u00e3o dos mon\u00f3litos\u201d, diz. A execu\u00e7\u00e3o das obras no Cear\u00e1 deve gerar, segundo o secret\u00e1rio, cerca de sete mil postos de trabalho.rnrn\u201d<\/p>\n","protected":false},"excerpt":{"rendered":"<p>A execu\u00e7\u00e3o das obras da Ferrovia Transnordestina ser\u00e1 iniciada, de fato, no Cear\u00e1. Os primeiros 50 km dos tr\u00eas trechos do projeto a serem conclu\u00eddos no Estado devem come\u00e7ar a ser constru\u00eddos a partir de Ordem de Servi\u00e7o assinada hoje, na cidade de Miss\u00e3o Velha, a 535km de Fortaleza. O trecho liga o munic\u00edpio \u00e0 [&hellip;]<\/p>\n","protected":false},"author":1,"featured_media":0,"comment_status":"open","ping_status":"open","sticky":false,"template":"","format":"standard","meta":{"_acf_changed":false,"footnotes":""},"categories":[2],"tags":[],"class_list":["post-2033","post","type-post","status-publish","format-standard","hentry","category-noticias"],"acf":[],"yoast_head":"<!-- This site is optimized with the Yoast SEO plugin v23.9 - https:\/\/yoast.com\/wordpress\/plugins\/seo\/ -->\n<title>Transnordestina tem mais um trecho iniciado no CE - AmstedMaxion<\/title>\n<meta name=\"robots\" content=\"index, follow, max-snippet:-1, max-image-preview:large, max-video-preview:-1\" \/>\n<link rel=\"canonical\" href=\"https:\/\/www.amstedmaxion.com.br\/en\/transnordestina-tem-mais-um-trecho-iniciado-no-ce\/\" \/>\n<meta property=\"og:locale\" content=\"en_US\" \/>\n<meta property=\"og:type\" content=\"article\" \/>\n<meta property=\"og:title\" content=\"Transnordestina tem mais um trecho iniciado no CE - AmstedMaxion\" \/>\n<meta property=\"og:description\" content=\"A execu\u00e7\u00e3o das obras da Ferrovia Transnordestina ser\u00e1 iniciada, de fato, no Cear\u00e1. Os primeiros 50 km dos tr\u00eas trechos do projeto a serem conclu\u00eddos no Estado devem come\u00e7ar a ser constru\u00eddos a partir de Ordem de Servi\u00e7o assinada hoje, na cidade de Miss\u00e3o Velha, a 535km de Fortaleza. O trecho liga o munic\u00edpio \u00e0 [&hellip;]\" \/>\n<meta property=\"og:url\" content=\"https:\/\/www.amstedmaxion.com.br\/en\/transnordestina-tem-mais-um-trecho-iniciado-no-ce\/\" \/>\n<meta property=\"og:site_name\" content=\"AmstedMaxion\" \/>\n<meta property=\"article:publisher\" content=\"https:\/\/www.facebook.com\/AmstedMaxion.Oficial\" \/>\n<meta property=\"article:published_time\" content=\"2010-08-17T03:00:00+00:00\" \/>\n<meta name=\"author\" content=\"juan@newmind.com.br\" \/>\n<meta name=\"twitter:card\" content=\"summary_large_image\" \/>\n<meta name=\"twitter:label1\" content=\"Written by\" \/>\n\t<meta name=\"twitter:data1\" content=\"juan@newmind.com.br\" \/>\n\t<meta name=\"twitter:label2\" content=\"Est. reading time\" \/>\n\t<meta name=\"twitter:data2\" content=\"2 minutes\" \/>\n<script type=\"application\/ld+json\" class=\"yoast-schema-graph\">{\"@context\":\"https:\/\/schema.org\",\"@graph\":[{\"@type\":\"Article\",\"@id\":\"https:\/\/www.amstedmaxion.com.br\/en\/transnordestina-tem-mais-um-trecho-iniciado-no-ce\/#article\",\"isPartOf\":{\"@id\":\"https:\/\/www.amstedmaxion.com.br\/en\/transnordestina-tem-mais-um-trecho-iniciado-no-ce\/\"},\"author\":{\"name\":\"juan@newmind.com.br\",\"@id\":\"https:\/\/www.amstedmaxion.com.br\/#\/schema\/person\/0120c9e5589f92bbb25580b75edcf439\"},\"headline\":\"Transnordestina tem mais um trecho iniciado no CE\",\"datePublished\":\"2010-08-17T03:00:00+00:00\",\"dateModified\":\"2010-08-17T03:00:00+00:00\",\"mainEntityOfPage\":{\"@id\":\"https:\/\/www.amstedmaxion.com.br\/en\/transnordestina-tem-mais-um-trecho-iniciado-no-ce\/\"},\"wordCount\":358,\"commentCount\":0,\"publisher\":{\"@id\":\"https:\/\/www.amstedmaxion.com.br\/#organization\"},\"articleSection\":[\"Not\u00edcias da AmstedMaxion\"],\"inLanguage\":\"en-US\",\"potentialAction\":[{\"@type\":\"CommentAction\",\"name\":\"Comment\",\"target\":[\"https:\/\/www.amstedmaxion.com.br\/en\/transnordestina-tem-mais-um-trecho-iniciado-no-ce\/#respond\"]}]},{\"@type\":\"WebPage\",\"@id\":\"https:\/\/www.amstedmaxion.com.br\/en\/transnordestina-tem-mais-um-trecho-iniciado-no-ce\/\",\"url\":\"https:\/\/www.amstedmaxion.com.br\/en\/transnordestina-tem-mais-um-trecho-iniciado-no-ce\/\",\"name\":\"Transnordestina tem mais um trecho iniciado no CE - AmstedMaxion\",\"isPartOf\":{\"@id\":\"https:\/\/www.amstedmaxion.com.br\/#website\"},\"datePublished\":\"2010-08-17T03:00:00+00:00\",\"dateModified\":\"2010-08-17T03:00:00+00:00\",\"breadcrumb\":{\"@id\":\"https:\/\/www.amstedmaxion.com.br\/en\/transnordestina-tem-mais-um-trecho-iniciado-no-ce\/#breadcrumb\"},\"inLanguage\":\"en-US\",\"potentialAction\":[{\"@type\":\"ReadAction\",\"target\":[\"https:\/\/www.amstedmaxion.com.br\/en\/transnordestina-tem-mais-um-trecho-iniciado-no-ce\/\"]}]},{\"@type\":\"BreadcrumbList\",\"@id\":\"https:\/\/www.amstedmaxion.com.br\/en\/transnordestina-tem-mais-um-trecho-iniciado-no-ce\/#breadcrumb\",\"itemListElement\":[{\"@type\":\"ListItem\",\"position\":1,\"name\":\"In\u00edcio\",\"item\":\"https:\/\/www.amstedmaxion.com.br\/\"},{\"@type\":\"ListItem\",\"position\":2,\"name\":\"Transnordestina tem mais um trecho iniciado no CE\"}]},{\"@type\":\"WebSite\",\"@id\":\"https:\/\/www.amstedmaxion.com.br\/#website\",\"url\":\"https:\/\/www.amstedmaxion.com.br\/\",\"name\":\"AmstedMaxion\",\"description\":\"AmstedMaxion - Fundi\u00e7\u00e3o e Equipamentos Ferrovi\u00e1rios\",\"publisher\":{\"@id\":\"https:\/\/www.amstedmaxion.com.br\/#organization\"},\"alternateName\":\"AmstedMaxion\",\"potentialAction\":[{\"@type\":\"SearchAction\",\"target\":{\"@type\":\"EntryPoint\",\"urlTemplate\":\"https:\/\/www.amstedmaxion.com.br\/?s={search_term_string}\"},\"query-input\":{\"@type\":\"PropertyValueSpecification\",\"valueRequired\":true,\"valueName\":\"search_term_string\"}}],\"inLanguage\":\"en-US\"},{\"@type\":\"Organization\",\"@id\":\"https:\/\/www.amstedmaxion.com.br\/#organization\",\"name\":\"AMSTEDMAXION\",\"url\":\"https:\/\/www.amstedmaxion.com.br\/\",\"logo\":{\"@type\":\"ImageObject\",\"inLanguage\":\"en-US\",\"@id\":\"https:\/\/www.amstedmaxion.com.br\/#\/schema\/logo\/image\/\",\"url\":\"https:\/\/www.amstedmaxion.com.br\/wp-content\/uploads\/2023\/11\/amsted.png\",\"contentUrl\":\"https:\/\/www.amstedmaxion.com.br\/wp-content\/uploads\/2023\/11\/amsted.png\",\"width\":500,\"height\":500,\"caption\":\"AMSTEDMAXION\"},\"image\":{\"@id\":\"https:\/\/www.amstedmaxion.com.br\/#\/schema\/logo\/image\/\"},\"sameAs\":[\"https:\/\/www.facebook.com\/AmstedMaxion.Oficial\",\"https:\/\/br.linkedin.com\/company\/amstedmaxion\"]},{\"@type\":\"Person\",\"@id\":\"https:\/\/www.amstedmaxion.com.br\/#\/schema\/person\/0120c9e5589f92bbb25580b75edcf439\",\"name\":\"juan@newmind.com.br\",\"image\":{\"@type\":\"ImageObject\",\"inLanguage\":\"en-US\",\"@id\":\"https:\/\/www.amstedmaxion.com.br\/#\/schema\/person\/image\/\",\"url\":\"https:\/\/secure.gravatar.com\/avatar\/4f404a88c5e66d7c90c099fd87bb90a68baa7a7348b153c1c34f9999b4873144?s=96&d=mm&r=g\",\"contentUrl\":\"https:\/\/secure.gravatar.com\/avatar\/4f404a88c5e66d7c90c099fd87bb90a68baa7a7348b153c1c34f9999b4873144?s=96&d=mm&r=g\",\"caption\":\"juan@newmind.com.br\"}}]}<\/script>\n<!-- \/ Yoast SEO plugin. -->","yoast_head_json":{"title":"Transnordestina tem mais um trecho iniciado no CE - AmstedMaxion","robots":{"index":"index","follow":"follow","max-snippet":"max-snippet:-1","max-image-preview":"max-image-preview:large","max-video-preview":"max-video-preview:-1"},"canonical":"https:\/\/www.amstedmaxion.com.br\/en\/transnordestina-tem-mais-um-trecho-iniciado-no-ce\/","og_locale":"en_US","og_type":"article","og_title":"Transnordestina tem mais um trecho iniciado no CE - AmstedMaxion","og_description":"A execu\u00e7\u00e3o das obras da Ferrovia Transnordestina ser\u00e1 iniciada, de fato, no Cear\u00e1. Os primeiros 50 km dos tr\u00eas trechos do projeto a serem conclu\u00eddos no Estado devem come\u00e7ar a ser constru\u00eddos a partir de Ordem de Servi\u00e7o assinada hoje, na cidade de Miss\u00e3o Velha, a 535km de Fortaleza. O trecho liga o munic\u00edpio \u00e0 [&hellip;]","og_url":"https:\/\/www.amstedmaxion.com.br\/en\/transnordestina-tem-mais-um-trecho-iniciado-no-ce\/","og_site_name":"AmstedMaxion","article_publisher":"https:\/\/www.facebook.com\/AmstedMaxion.Oficial","article_published_time":"2010-08-17T03:00:00+00:00","author":"juan@newmind.com.br","twitter_card":"summary_large_image","twitter_misc":{"Written by":"juan@newmind.com.br","Est. reading time":"2 minutes"},"schema":{"@context":"https:\/\/schema.org","@graph":[{"@type":"Article","@id":"https:\/\/www.amstedmaxion.com.br\/en\/transnordestina-tem-mais-um-trecho-iniciado-no-ce\/#article","isPartOf":{"@id":"https:\/\/www.amstedmaxion.com.br\/en\/transnordestina-tem-mais-um-trecho-iniciado-no-ce\/"},"author":{"name":"juan@newmind.com.br","@id":"https:\/\/www.amstedmaxion.com.br\/#\/schema\/person\/0120c9e5589f92bbb25580b75edcf439"},"headline":"Transnordestina tem mais um trecho iniciado no CE","datePublished":"2010-08-17T03:00:00+00:00","dateModified":"2010-08-17T03:00:00+00:00","mainEntityOfPage":{"@id":"https:\/\/www.amstedmaxion.com.br\/en\/transnordestina-tem-mais-um-trecho-iniciado-no-ce\/"},"wordCount":358,"commentCount":0,"publisher":{"@id":"https:\/\/www.amstedmaxion.com.br\/#organization"},"articleSection":["Not\u00edcias da AmstedMaxion"],"inLanguage":"en-US","potentialAction":[{"@type":"CommentAction","name":"Comment","target":["https:\/\/www.amstedmaxion.com.br\/en\/transnordestina-tem-mais-um-trecho-iniciado-no-ce\/#respond"]}]},{"@type":"WebPage","@id":"https:\/\/www.amstedmaxion.com.br\/en\/transnordestina-tem-mais-um-trecho-iniciado-no-ce\/","url":"https:\/\/www.amstedmaxion.com.br\/en\/transnordestina-tem-mais-um-trecho-iniciado-no-ce\/","name":"Transnordestina tem mais um trecho iniciado no CE - AmstedMaxion","isPartOf":{"@id":"https:\/\/www.amstedmaxion.com.br\/#website"},"datePublished":"2010-08-17T03:00:00+00:00","dateModified":"2010-08-17T03:00:00+00:00","breadcrumb":{"@id":"https:\/\/www.amstedmaxion.com.br\/en\/transnordestina-tem-mais-um-trecho-iniciado-no-ce\/#breadcrumb"},"inLanguage":"en-US","potentialAction":[{"@type":"ReadAction","target":["https:\/\/www.amstedmaxion.com.br\/en\/transnordestina-tem-mais-um-trecho-iniciado-no-ce\/"]}]},{"@type":"BreadcrumbList","@id":"https:\/\/www.amstedmaxion.com.br\/en\/transnordestina-tem-mais-um-trecho-iniciado-no-ce\/#breadcrumb","itemListElement":[{"@type":"ListItem","position":1,"name":"In\u00edcio","item":"https:\/\/www.amstedmaxion.com.br\/"},{"@type":"ListItem","position":2,"name":"Transnordestina tem mais um trecho iniciado no CE"}]},{"@type":"WebSite","@id":"https:\/\/www.amstedmaxion.com.br\/#website","url":"https:\/\/www.amstedmaxion.com.br\/","name":"AmstedMaxion","description":"AmstedMaxion - Fundi\u00e7\u00e3o e Equipamentos Ferrovi\u00e1rios","publisher":{"@id":"https:\/\/www.amstedmaxion.com.br\/#organization"},"alternateName":"AmstedMaxion","potentialAction":[{"@type":"SearchAction","target":{"@type":"EntryPoint","urlTemplate":"https:\/\/www.amstedmaxion.com.br\/?s={search_term_string}"},"query-input":{"@type":"PropertyValueSpecification","valueRequired":true,"valueName":"search_term_string"}}],"inLanguage":"en-US"},{"@type":"Organization","@id":"https:\/\/www.amstedmaxion.com.br\/#organization","name":"AMSTEDMAXION","url":"https:\/\/www.amstedmaxion.com.br\/","logo":{"@type":"ImageObject","inLanguage":"en-US","@id":"https:\/\/www.amstedmaxion.com.br\/#\/schema\/logo\/image\/","url":"https:\/\/www.amstedmaxion.com.br\/wp-content\/uploads\/2023\/11\/amsted.png","contentUrl":"https:\/\/www.amstedmaxion.com.br\/wp-content\/uploads\/2023\/11\/amsted.png","width":500,"height":500,"caption":"AMSTEDMAXION"},"image":{"@id":"https:\/\/www.amstedmaxion.com.br\/#\/schema\/logo\/image\/"},"sameAs":["https:\/\/www.facebook.com\/AmstedMaxion.Oficial","https:\/\/br.linkedin.com\/company\/amstedmaxion"]},{"@type":"Person","@id":"https:\/\/www.amstedmaxion.com.br\/#\/schema\/person\/0120c9e5589f92bbb25580b75edcf439","name":"juan@newmind.com.br","image":{"@type":"ImageObject","inLanguage":"en-US","@id":"https:\/\/www.amstedmaxion.com.br\/#\/schema\/person\/image\/","url":"https:\/\/secure.gravatar.com\/avatar\/4f404a88c5e66d7c90c099fd87bb90a68baa7a7348b153c1c34f9999b4873144?s=96&d=mm&r=g","contentUrl":"https:\/\/secure.gravatar.com\/avatar\/4f404a88c5e66d7c90c099fd87bb90a68baa7a7348b153c1c34f9999b4873144?s=96&d=mm&r=g","caption":"juan@newmind.com.br"}}]}},"_links":{"self":[{"href":"https:\/\/www.amstedmaxion.com.br\/en\/wp-json\/wp\/v2\/posts\/2033","targetHints":{"allow":["GET"]}}],"collection":[{"href":"https:\/\/www.amstedmaxion.com.br\/en\/wp-json\/wp\/v2\/posts"}],"about":[{"href":"https:\/\/www.amstedmaxion.com.br\/en\/wp-json\/wp\/v2\/types\/post"}],"author":[{"embeddable":true,"href":"https:\/\/www.amstedmaxion.com.br\/en\/wp-json\/wp\/v2\/users\/1"}],"replies":[{"embeddable":true,"href":"https:\/\/www.amstedmaxion.com.br\/en\/wp-json\/wp\/v2\/comments?post=2033"}],"version-history":[{"count":0,"href":"https:\/\/www.amstedmaxion.com.br\/en\/wp-json\/wp\/v2\/posts\/2033\/revisions"}],"wp:attachment":[{"href":"https:\/\/www.amstedmaxion.com.br\/en\/wp-json\/wp\/v2\/media?parent=2033"}],"wp:term":[{"taxonomy":"category","embeddable":true,"href":"https:\/\/www.amstedmaxion.com.br\/en\/wp-json\/wp\/v2\/categories?post=2033"},{"taxonomy":"post_tag","embeddable":true,"href":"https:\/\/www.amstedmaxion.com.br\/en\/wp-json\/wp\/v2\/tags?post=2033"}],"curies":[{"name":"wp","href":"https:\/\/api.w.org\/{rel}","templated":true}]}}