{"id":20588,"date":"2021-01-06T18:18:14","date_gmt":"2021-01-06T20:18:14","guid":{"rendered":"https:\/\/www.amstedmaxion.com.br\/?p=20588"},"modified":"2021-01-06T18:18:16","modified_gmt":"2021-01-06T20:18:16","slug":"edital-marca-leilao-de-ferrovia-na-bahia-para-abril-de-2021","status":"publish","type":"post","link":"https:\/\/www.amstedmaxion.com.br\/en\/edital-marca-leilao-de-ferrovia-na-bahia-para-abril-de-2021\/","title":{"rendered":"Edital marca leil\u00e3o de ferrovia na Bahia para abril de 2021"},"content":{"rendered":"\n<p>A diretoria colegiada da Ag\u00eancia Nacional de Transportes Terrestres (ANTT) usou sua \u00faltima reuni\u00e3o deste ano, na ter\u00e7a-feira passada, para analisar um pacote de decis\u00f5es envolvendo o setor ferrovi\u00e1rio. Entre os itens da pauta, constou a aprova\u00e7\u00e3o do edital de concess\u00e3o para explora\u00e7\u00e3o e desenvolvimento da Ferrovia de Integra\u00e7\u00e3o Oeste-Leste (Fiol), entre Ilh\u00e9us e Caetit\u00e9, na Bahia.<\/p>\n\n\n\n<p>Esse trecho desperta interesse em fun\u00e7\u00e3o da reserva de\nferro em Caetit\u00e9, de onde o min\u00e9rio ser\u00e1 transportado at\u00e9 o Porto de Ilh\u00e9us. O\nsegundo trecho da ferrovia, cujas obras v\u00eam sendo executadas por um batalh\u00e3o de\nengenharia e constru\u00e7\u00e3o do Ex\u00e9rcito, se estender\u00e1 at\u00e9 Barreiras, no oeste\nbaiano, com 485 quil\u00f4metros. A ferrovia possibilitar\u00e1 o escoamento da produ\u00e7\u00e3o\nagr\u00edcola da regi\u00e3o at\u00e9 o Porto Sul, na Bahia. Hoje essa carga \u00e9 transportada\npor caminh\u00f5es pela BR-242 at\u00e9 o Porto de Aratu.<\/p>\n\n\n\n<p>A expectativa \u00e9 que o leil\u00e3o da ferrovia ocorra em abril\npr\u00f3ximo. Novos investimentos a serem realizados no trecho, por parte do\nvencedor do certame, alcan\u00e7ar\u00e3o R$ 5 bilh\u00f5es ao longo da concess\u00e3o. A maior\nparte dos recursos ser\u00e1 aplicada nos primeiros cinco anos do contrato em obras\nremanescentes e complementares.<\/p>\n\n\n\n<p>Tamb\u00e9m constaram da pauta a an\u00e1lise da prorroga\u00e7\u00e3o\nantecipada das concess\u00f5es da Vale e a abertura de audi\u00eancia p\u00fablica para\ndiscutir a prorroga\u00e7\u00e3o dos contratos da Ferrovia Centro-Atl\u00e2ntica (FCA). A\nmalha \u00e9 usada pela VLI, que tem a Vale como uma de suas s\u00f3cias. A FCA\nadministra 7.223 quil\u00f4metros de ferrovias em sete estados (AL, BA, ES, GO, MG,\nRJ e SP), formando a maior malha federal concedida. O per\u00edodo para envio de\ncontribui\u00e7\u00f5es para a audi\u00eancia p\u00fablica iniciou no dia 18 deste m\u00eas e se\nestender\u00e1 at\u00e9 2 de fevereiro pr\u00f3ximo.<\/p>\n\n\n\n<p>Na reuni\u00e3o da diretoria, a ag\u00eancia reconheceu a demanda\nda Rumo em torno da Ferrovia Norte-Sul, no trecho denominado Malha Central,\nleiloado em mar\u00e7o de 2019. Foram detectadas defici\u00eancias, como \u201csoldas\ndefeituosas\u201d. Segundo o diretor relator da mat\u00e9ria, Alexandre Porto, um\nprocesso administrativo ser\u00e1 instalado pela \u00e1rea t\u00e9cnica para a apura\u00e7\u00e3o de\nvalores e o reequil\u00edbrio contratual.<\/p>\n\n\n\n<p>Fonte: Jornal Bahia Online<\/p>\n","protected":false},"excerpt":{"rendered":"<p>A diretoria colegiada da Ag\u00eancia Nacional de Transportes Terrestres (ANTT) usou sua \u00faltima reuni\u00e3o deste ano, na ter\u00e7a-feira passada, para analisar um pacote de decis\u00f5es envolvendo o setor ferrovi\u00e1rio. Entre os itens da pauta, constou a aprova\u00e7\u00e3o do edital de concess\u00e3o para explora\u00e7\u00e3o e desenvolvimento da Ferrovia de Integra\u00e7\u00e3o Oeste-Leste (Fiol), entre Ilh\u00e9us e Caetit\u00e9, [&hellip;]<\/p>\n","protected":false},"author":5,"featured_media":0,"comment_status":"open","ping_status":"open","sticky":false,"template":"","format":"standard","meta":{"_acf_changed":false,"footnotes":""},"categories":[2],"tags":[],"class_list":["post-20588","post","type-post","status-publish","format-standard","hentry","category-noticias"],"acf":[],"yoast_head":"<!-- This site is optimized with the Yoast SEO plugin v23.9 - https:\/\/yoast.com\/wordpress\/plugins\/seo\/ -->\n<title>Edital marca leil\u00e3o de ferrovia na Bahia para abril de 2021 - AmstedMaxion<\/title>\n<meta name=\"robots\" content=\"index, follow, max-snippet:-1, max-image-preview:large, max-video-preview:-1\" \/>\n<link rel=\"canonical\" href=\"https:\/\/www.amstedmaxion.com.br\/en\/edital-marca-leilao-de-ferrovia-na-bahia-para-abril-de-2021\/\" \/>\n<meta property=\"og:locale\" content=\"en_US\" \/>\n<meta property=\"og:type\" content=\"article\" \/>\n<meta property=\"og:title\" content=\"Edital marca leil\u00e3o de ferrovia na Bahia para abril de 2021 - AmstedMaxion\" \/>\n<meta property=\"og:description\" content=\"A diretoria colegiada da Ag\u00eancia Nacional de Transportes Terrestres (ANTT) usou sua \u00faltima reuni\u00e3o deste ano, na ter\u00e7a-feira passada, para analisar um pacote de decis\u00f5es envolvendo o setor ferrovi\u00e1rio. Entre os itens da pauta, constou a aprova\u00e7\u00e3o do edital de concess\u00e3o para explora\u00e7\u00e3o e desenvolvimento da Ferrovia de Integra\u00e7\u00e3o Oeste-Leste (Fiol), entre Ilh\u00e9us e Caetit\u00e9, [&hellip;]\" \/>\n<meta property=\"og:url\" content=\"https:\/\/www.amstedmaxion.com.br\/en\/edital-marca-leilao-de-ferrovia-na-bahia-para-abril-de-2021\/\" \/>\n<meta property=\"og:site_name\" content=\"AmstedMaxion\" \/>\n<meta property=\"article:publisher\" content=\"https:\/\/www.facebook.com\/AmstedMaxion.Oficial\" \/>\n<meta property=\"article:published_time\" content=\"2021-01-06T20:18:14+00:00\" \/>\n<meta property=\"article:modified_time\" content=\"2021-01-06T20:18:16+00:00\" \/>\n<meta name=\"author\" content=\"Rosane Storto\" \/>\n<meta name=\"twitter:card\" content=\"summary_large_image\" \/>\n<meta name=\"twitter:label1\" content=\"Written by\" \/>\n\t<meta name=\"twitter:data1\" content=\"Rosane Storto\" \/>\n\t<meta name=\"twitter:label2\" content=\"Est. reading time\" \/>\n\t<meta name=\"twitter:data2\" content=\"2 minutes\" \/>\n<script type=\"application\/ld+json\" class=\"yoast-schema-graph\">{\"@context\":\"https:\/\/schema.org\",\"@graph\":[{\"@type\":\"Article\",\"@id\":\"https:\/\/www.amstedmaxion.com.br\/en\/edital-marca-leilao-de-ferrovia-na-bahia-para-abril-de-2021\/#article\",\"isPartOf\":{\"@id\":\"https:\/\/www.amstedmaxion.com.br\/en\/edital-marca-leilao-de-ferrovia-na-bahia-para-abril-de-2021\/\"},\"author\":{\"name\":\"Rosane Storto\",\"@id\":\"https:\/\/www.amstedmaxion.com.br\/#\/schema\/person\/140cb65f07d4e66dd5543c8a187bf436\"},\"headline\":\"Edital marca leil\u00e3o de ferrovia na Bahia para abril de 2021\",\"datePublished\":\"2021-01-06T20:18:14+00:00\",\"dateModified\":\"2021-01-06T20:18:16+00:00\",\"mainEntityOfPage\":{\"@id\":\"https:\/\/www.amstedmaxion.com.br\/en\/edital-marca-leilao-de-ferrovia-na-bahia-para-abril-de-2021\/\"},\"wordCount\":397,\"commentCount\":0,\"publisher\":{\"@id\":\"https:\/\/www.amstedmaxion.com.br\/#organization\"},\"articleSection\":[\"Not\u00edcias da AmstedMaxion\"],\"inLanguage\":\"en-US\",\"potentialAction\":[{\"@type\":\"CommentAction\",\"name\":\"Comment\",\"target\":[\"https:\/\/www.amstedmaxion.com.br\/en\/edital-marca-leilao-de-ferrovia-na-bahia-para-abril-de-2021\/#respond\"]}]},{\"@type\":\"WebPage\",\"@id\":\"https:\/\/www.amstedmaxion.com.br\/en\/edital-marca-leilao-de-ferrovia-na-bahia-para-abril-de-2021\/\",\"url\":\"https:\/\/www.amstedmaxion.com.br\/en\/edital-marca-leilao-de-ferrovia-na-bahia-para-abril-de-2021\/\",\"name\":\"Edital marca leil\u00e3o de ferrovia na Bahia para abril de 2021 - AmstedMaxion\",\"isPartOf\":{\"@id\":\"https:\/\/www.amstedmaxion.com.br\/#website\"},\"datePublished\":\"2021-01-06T20:18:14+00:00\",\"dateModified\":\"2021-01-06T20:18:16+00:00\",\"breadcrumb\":{\"@id\":\"https:\/\/www.amstedmaxion.com.br\/en\/edital-marca-leilao-de-ferrovia-na-bahia-para-abril-de-2021\/#breadcrumb\"},\"inLanguage\":\"en-US\",\"potentialAction\":[{\"@type\":\"ReadAction\",\"target\":[\"https:\/\/www.amstedmaxion.com.br\/en\/edital-marca-leilao-de-ferrovia-na-bahia-para-abril-de-2021\/\"]}]},{\"@type\":\"BreadcrumbList\",\"@id\":\"https:\/\/www.amstedmaxion.com.br\/en\/edital-marca-leilao-de-ferrovia-na-bahia-para-abril-de-2021\/#breadcrumb\",\"itemListElement\":[{\"@type\":\"ListItem\",\"position\":1,\"name\":\"In\u00edcio\",\"item\":\"https:\/\/www.amstedmaxion.com.br\/\"},{\"@type\":\"ListItem\",\"position\":2,\"name\":\"Edital marca leil\u00e3o de ferrovia na Bahia para abril de 2021\"}]},{\"@type\":\"WebSite\",\"@id\":\"https:\/\/www.amstedmaxion.com.br\/#website\",\"url\":\"https:\/\/www.amstedmaxion.com.br\/\",\"name\":\"AmstedMaxion\",\"description\":\"AmstedMaxion - Fundi\u00e7\u00e3o e Equipamentos Ferrovi\u00e1rios\",\"publisher\":{\"@id\":\"https:\/\/www.amstedmaxion.com.br\/#organization\"},\"alternateName\":\"AmstedMaxion\",\"potentialAction\":[{\"@type\":\"SearchAction\",\"target\":{\"@type\":\"EntryPoint\",\"urlTemplate\":\"https:\/\/www.amstedmaxion.com.br\/?s={search_term_string}\"},\"query-input\":{\"@type\":\"PropertyValueSpecification\",\"valueRequired\":true,\"valueName\":\"search_term_string\"}}],\"inLanguage\":\"en-US\"},{\"@type\":\"Organization\",\"@id\":\"https:\/\/www.amstedmaxion.com.br\/#organization\",\"name\":\"AMSTEDMAXION\",\"url\":\"https:\/\/www.amstedmaxion.com.br\/\",\"logo\":{\"@type\":\"ImageObject\",\"inLanguage\":\"en-US\",\"@id\":\"https:\/\/www.amstedmaxion.com.br\/#\/schema\/logo\/image\/\",\"url\":\"https:\/\/www.amstedmaxion.com.br\/wp-content\/uploads\/2023\/11\/amsted.png\",\"contentUrl\":\"https:\/\/www.amstedmaxion.com.br\/wp-content\/uploads\/2023\/11\/amsted.png\",\"width\":500,\"height\":500,\"caption\":\"AMSTEDMAXION\"},\"image\":{\"@id\":\"https:\/\/www.amstedmaxion.com.br\/#\/schema\/logo\/image\/\"},\"sameAs\":[\"https:\/\/www.facebook.com\/AmstedMaxion.Oficial\",\"https:\/\/br.linkedin.com\/company\/amstedmaxion\"]},{\"@type\":\"Person\",\"@id\":\"https:\/\/www.amstedmaxion.com.br\/#\/schema\/person\/140cb65f07d4e66dd5543c8a187bf436\",\"name\":\"Rosane Storto\",\"image\":{\"@type\":\"ImageObject\",\"inLanguage\":\"en-US\",\"@id\":\"https:\/\/www.amstedmaxion.com.br\/#\/schema\/person\/image\/\",\"url\":\"https:\/\/secure.gravatar.com\/avatar\/0e3d021545bbe593cb0eb3ee740544fefa86d59762e63dec1dbe9480a34c98cd?s=96&d=mm&r=g\",\"contentUrl\":\"https:\/\/secure.gravatar.com\/avatar\/0e3d021545bbe593cb0eb3ee740544fefa86d59762e63dec1dbe9480a34c98cd?s=96&d=mm&r=g\",\"caption\":\"Rosane Storto\"}}]}<\/script>\n<!-- \/ Yoast SEO plugin. -->","yoast_head_json":{"title":"Edital marca leil\u00e3o de ferrovia na Bahia para abril de 2021 - AmstedMaxion","robots":{"index":"index","follow":"follow","max-snippet":"max-snippet:-1","max-image-preview":"max-image-preview:large","max-video-preview":"max-video-preview:-1"},"canonical":"https:\/\/www.amstedmaxion.com.br\/en\/edital-marca-leilao-de-ferrovia-na-bahia-para-abril-de-2021\/","og_locale":"en_US","og_type":"article","og_title":"Edital marca leil\u00e3o de ferrovia na Bahia para abril de 2021 - AmstedMaxion","og_description":"A diretoria colegiada da Ag\u00eancia Nacional de Transportes Terrestres (ANTT) usou sua \u00faltima reuni\u00e3o deste ano, na ter\u00e7a-feira passada, para analisar um pacote de decis\u00f5es envolvendo o setor ferrovi\u00e1rio. Entre os itens da pauta, constou a aprova\u00e7\u00e3o do edital de concess\u00e3o para explora\u00e7\u00e3o e desenvolvimento da Ferrovia de Integra\u00e7\u00e3o Oeste-Leste (Fiol), entre Ilh\u00e9us e Caetit\u00e9, [&hellip;]","og_url":"https:\/\/www.amstedmaxion.com.br\/en\/edital-marca-leilao-de-ferrovia-na-bahia-para-abril-de-2021\/","og_site_name":"AmstedMaxion","article_publisher":"https:\/\/www.facebook.com\/AmstedMaxion.Oficial","article_published_time":"2021-01-06T20:18:14+00:00","article_modified_time":"2021-01-06T20:18:16+00:00","author":"Rosane Storto","twitter_card":"summary_large_image","twitter_misc":{"Written by":"Rosane Storto","Est. reading time":"2 minutes"},"schema":{"@context":"https:\/\/schema.org","@graph":[{"@type":"Article","@id":"https:\/\/www.amstedmaxion.com.br\/en\/edital-marca-leilao-de-ferrovia-na-bahia-para-abril-de-2021\/#article","isPartOf":{"@id":"https:\/\/www.amstedmaxion.com.br\/en\/edital-marca-leilao-de-ferrovia-na-bahia-para-abril-de-2021\/"},"author":{"name":"Rosane Storto","@id":"https:\/\/www.amstedmaxion.com.br\/#\/schema\/person\/140cb65f07d4e66dd5543c8a187bf436"},"headline":"Edital marca leil\u00e3o de ferrovia na Bahia para abril de 2021","datePublished":"2021-01-06T20:18:14+00:00","dateModified":"2021-01-06T20:18:16+00:00","mainEntityOfPage":{"@id":"https:\/\/www.amstedmaxion.com.br\/en\/edital-marca-leilao-de-ferrovia-na-bahia-para-abril-de-2021\/"},"wordCount":397,"commentCount":0,"publisher":{"@id":"https:\/\/www.amstedmaxion.com.br\/#organization"},"articleSection":["Not\u00edcias da AmstedMaxion"],"inLanguage":"en-US","potentialAction":[{"@type":"CommentAction","name":"Comment","target":["https:\/\/www.amstedmaxion.com.br\/en\/edital-marca-leilao-de-ferrovia-na-bahia-para-abril-de-2021\/#respond"]}]},{"@type":"WebPage","@id":"https:\/\/www.amstedmaxion.com.br\/en\/edital-marca-leilao-de-ferrovia-na-bahia-para-abril-de-2021\/","url":"https:\/\/www.amstedmaxion.com.br\/en\/edital-marca-leilao-de-ferrovia-na-bahia-para-abril-de-2021\/","name":"Edital marca leil\u00e3o de ferrovia na Bahia para abril de 2021 - AmstedMaxion","isPartOf":{"@id":"https:\/\/www.amstedmaxion.com.br\/#website"},"datePublished":"2021-01-06T20:18:14+00:00","dateModified":"2021-01-06T20:18:16+00:00","breadcrumb":{"@id":"https:\/\/www.amstedmaxion.com.br\/en\/edital-marca-leilao-de-ferrovia-na-bahia-para-abril-de-2021\/#breadcrumb"},"inLanguage":"en-US","potentialAction":[{"@type":"ReadAction","target":["https:\/\/www.amstedmaxion.com.br\/en\/edital-marca-leilao-de-ferrovia-na-bahia-para-abril-de-2021\/"]}]},{"@type":"BreadcrumbList","@id":"https:\/\/www.amstedmaxion.com.br\/en\/edital-marca-leilao-de-ferrovia-na-bahia-para-abril-de-2021\/#breadcrumb","itemListElement":[{"@type":"ListItem","position":1,"name":"In\u00edcio","item":"https:\/\/www.amstedmaxion.com.br\/"},{"@type":"ListItem","position":2,"name":"Edital marca leil\u00e3o de ferrovia na Bahia para abril de 2021"}]},{"@type":"WebSite","@id":"https:\/\/www.amstedmaxion.com.br\/#website","url":"https:\/\/www.amstedmaxion.com.br\/","name":"AmstedMaxion","description":"AmstedMaxion - Fundi\u00e7\u00e3o e Equipamentos Ferrovi\u00e1rios","publisher":{"@id":"https:\/\/www.amstedmaxion.com.br\/#organization"},"alternateName":"AmstedMaxion","potentialAction":[{"@type":"SearchAction","target":{"@type":"EntryPoint","urlTemplate":"https:\/\/www.amstedmaxion.com.br\/?s={search_term_string}"},"query-input":{"@type":"PropertyValueSpecification","valueRequired":true,"valueName":"search_term_string"}}],"inLanguage":"en-US"},{"@type":"Organization","@id":"https:\/\/www.amstedmaxion.com.br\/#organization","name":"AMSTEDMAXION","url":"https:\/\/www.amstedmaxion.com.br\/","logo":{"@type":"ImageObject","inLanguage":"en-US","@id":"https:\/\/www.amstedmaxion.com.br\/#\/schema\/logo\/image\/","url":"https:\/\/www.amstedmaxion.com.br\/wp-content\/uploads\/2023\/11\/amsted.png","contentUrl":"https:\/\/www.amstedmaxion.com.br\/wp-content\/uploads\/2023\/11\/amsted.png","width":500,"height":500,"caption":"AMSTEDMAXION"},"image":{"@id":"https:\/\/www.amstedmaxion.com.br\/#\/schema\/logo\/image\/"},"sameAs":["https:\/\/www.facebook.com\/AmstedMaxion.Oficial","https:\/\/br.linkedin.com\/company\/amstedmaxion"]},{"@type":"Person","@id":"https:\/\/www.amstedmaxion.com.br\/#\/schema\/person\/140cb65f07d4e66dd5543c8a187bf436","name":"Rosane Storto","image":{"@type":"ImageObject","inLanguage":"en-US","@id":"https:\/\/www.amstedmaxion.com.br\/#\/schema\/person\/image\/","url":"https:\/\/secure.gravatar.com\/avatar\/0e3d021545bbe593cb0eb3ee740544fefa86d59762e63dec1dbe9480a34c98cd?s=96&d=mm&r=g","contentUrl":"https:\/\/secure.gravatar.com\/avatar\/0e3d021545bbe593cb0eb3ee740544fefa86d59762e63dec1dbe9480a34c98cd?s=96&d=mm&r=g","caption":"Rosane Storto"}}]}},"_links":{"self":[{"href":"https:\/\/www.amstedmaxion.com.br\/en\/wp-json\/wp\/v2\/posts\/20588","targetHints":{"allow":["GET"]}}],"collection":[{"href":"https:\/\/www.amstedmaxion.com.br\/en\/wp-json\/wp\/v2\/posts"}],"about":[{"href":"https:\/\/www.amstedmaxion.com.br\/en\/wp-json\/wp\/v2\/types\/post"}],"author":[{"embeddable":true,"href":"https:\/\/www.amstedmaxion.com.br\/en\/wp-json\/wp\/v2\/users\/5"}],"replies":[{"embeddable":true,"href":"https:\/\/www.amstedmaxion.com.br\/en\/wp-json\/wp\/v2\/comments?post=20588"}],"version-history":[{"count":1,"href":"https:\/\/www.amstedmaxion.com.br\/en\/wp-json\/wp\/v2\/posts\/20588\/revisions"}],"predecessor-version":[{"id":20590,"href":"https:\/\/www.amstedmaxion.com.br\/en\/wp-json\/wp\/v2\/posts\/20588\/revisions\/20590"}],"wp:attachment":[{"href":"https:\/\/www.amstedmaxion.com.br\/en\/wp-json\/wp\/v2\/media?parent=20588"}],"wp:term":[{"taxonomy":"category","embeddable":true,"href":"https:\/\/www.amstedmaxion.com.br\/en\/wp-json\/wp\/v2\/categories?post=20588"},{"taxonomy":"post_tag","embeddable":true,"href":"https:\/\/www.amstedmaxion.com.br\/en\/wp-json\/wp\/v2\/tags?post=20588"}],"curies":[{"name":"wp","href":"https:\/\/api.w.org\/{rel}","templated":true}]}}