{"id":2073,"date":"2010-09-23T00:00:00","date_gmt":"2010-09-23T03:00:00","guid":{"rendered":"http:\/\/189.16.185.54\/antt-acha-possivel-tav-em-2016\/"},"modified":"2010-09-23T00:00:00","modified_gmt":"2010-09-23T03:00:00","slug":"antt-acha-possivel-tav-em-2016","status":"publish","type":"post","link":"https:\/\/www.amstedmaxion.com.br\/en\/antt-acha-possivel-tav-em-2016\/","title":{"rendered":"ANTT acha poss\u00edvel TAV em 2016"},"content":{"rendered":"<p>O diretor geral da Ag\u00eancia Nacional de Transportes Terrestres (ANTT), Bernardo Figueiredo, disse nesta quarta-feira, 22, que acredita na possibilidade de inaugurar o trem de alta velocidade entre Rio-S\u00e3o Paulo-Campinas at\u00e9 as Olimp\u00edadas de 2016. \u201cVamos come\u00e7ar as obras at\u00e9 o final do ano que vem e trabalhar para que ele esteja implantado para as Olimp\u00edadas de 2016, como j\u00e1 disse o presidente Lula\u201d, afirmou Figueiredo, durante o semin\u00e1rio \u201cProjeto de trens de alta velocidade no Brasil\u201d, na Innotrans, em Berlim. rn<\/p>\n<p>rnA apresenta\u00e7\u00e3o de Bernardo Figueiredo, diante de cerca de 150 empres\u00e1rios do setor, foi seguida por uma exposi\u00e7\u00e3o do superintendente da ANTT, H\u00e9lio Mauro Fran\u00e7a, sobre os detalhes do projeto do trem de alta velocidade. O evento foi encerrado pela chefe do departamento de transportes e log\u00edstica do Banco Nacional de Desenvolvimento Econ\u00f4mico e Social (BNDES), Adely Branquinho, com a palestra \u201cPol\u00edtica de investimento do BNDES para o setor metro-ferrovi\u00e1rio\u201d. rn<\/p>\n<p>rnBernardo Figueiredo garantiu aos empres\u00e1rios internacionais a continuidade do projeto, independentemente do governo que assumir o comando do pa\u00eds no pr\u00f3ximo ano. \u201cTemos responsabilidade. A ag\u00eancia (ANTT) \u00e9 uma institui\u00e7\u00e3o que n\u00e3o \u00e9 sujeita ao momento pol\u00edtico de uma troca de governo\u201d, garantiu. \u201cTemos um edital em andamento, cronograma de realiza\u00e7\u00e3o do leil\u00e3o e vamos cumprir tudo, qualquer que seja o encaminhamento pol\u00edtico do Brasil\u201d, completou. rn<\/p>\n<p>rnSegundo Figueiredo, o projeto do trem de alta velocidade \u00e9 necess\u00e1rio e vem corrigir o que ele chamou de \u201cum equ\u00edvoco\u201d do passado, quando, segundo ele, os governos anteriores optaram por investir em obras rodovi\u00e1rias e em novos aeroportos. \u201cTemos que resolver problemas estruturais com solu\u00e7\u00f5es estruturais. O problema da liga\u00e7\u00e3o Rio-S\u00e3o Paulo \u00e9 resolvido com investimentos em uma solu\u00e7\u00e3o tecnol\u00f3gica\u201d, afirmou. \u201cConstruir uma nova Dutra e outros aeroportos n\u00e3o \u00e9 solu\u00e7\u00e3o sustent\u00e1vel\u201d, comentou. \u201cJ\u00e1 o trem de alta velocidade \u00e9 uma solu\u00e7\u00e3o tecnol\u00f3gica sustentada a longo prazo, que promove a desconcentra\u00e7\u00e3o urbana, permite que as pessoas se desloquem e tira a press\u00e3o dos centros urbanos. Temos convic\u00e7\u00e3o que ela \u00e9 a melhor alternativa.\u201d rn<\/p>\n<p>rnO presidente da ANTT afirmou, ainda, que a regi\u00e3o entre Rio e S\u00e3o Paulo \u00e9 uma das \u00e1reas mundialmente mais indicadas para um projeto de tal envergadura. \u201cN\u00e3o h\u00e1 lugar no mundo que tenha as qualidades que a regi\u00e3o tem, em termos de densidade populacional, dimens\u00e3o e quanto \u00e0s conex\u00f5es de tr\u00e1fego a\u00e9reo. Essa \u00e9 uma solu\u00e7\u00e3o que vai desviar o passageiro da infraestrutura aeroportu\u00e1ria\u201d, ressaltou.rn<\/p>\n","protected":false},"excerpt":{"rendered":"<p>O diretor geral da Ag\u00eancia Nacional de Transportes Terrestres (ANTT), Bernardo Figueiredo, disse nesta quarta-feira, 22, que acredita na possibilidade de inaugurar o trem de alta velocidade entre Rio-S\u00e3o Paulo-Campinas at\u00e9 as Olimp\u00edadas de 2016. \u201cVamos come\u00e7ar as obras at\u00e9 o final do ano que vem e trabalhar para que ele esteja implantado para as [&hellip;]<\/p>\n","protected":false},"author":1,"featured_media":0,"comment_status":"open","ping_status":"open","sticky":false,"template":"","format":"standard","meta":{"_acf_changed":false,"footnotes":""},"categories":[2],"tags":[],"class_list":["post-2073","post","type-post","status-publish","format-standard","hentry","category-noticias"],"acf":[],"yoast_head":"<!-- This site is optimized with the Yoast SEO plugin v23.9 - https:\/\/yoast.com\/wordpress\/plugins\/seo\/ -->\n<title>ANTT acha poss\u00edvel TAV em 2016 - AmstedMaxion<\/title>\n<meta name=\"robots\" content=\"index, follow, max-snippet:-1, max-image-preview:large, max-video-preview:-1\" \/>\n<link rel=\"canonical\" href=\"https:\/\/www.amstedmaxion.com.br\/antt-acha-possivel-tav-em-2016\/\" \/>\n<meta property=\"og:locale\" content=\"en_US\" \/>\n<meta property=\"og:type\" content=\"article\" \/>\n<meta property=\"og:title\" content=\"ANTT acha poss\u00edvel TAV em 2016 - AmstedMaxion\" \/>\n<meta property=\"og:description\" content=\"O diretor geral da Ag\u00eancia Nacional de Transportes Terrestres (ANTT), Bernardo Figueiredo, disse nesta quarta-feira, 22, que acredita na possibilidade de inaugurar o trem de alta velocidade entre Rio-S\u00e3o Paulo-Campinas at\u00e9 as Olimp\u00edadas de 2016. \u201cVamos come\u00e7ar as obras at\u00e9 o final do ano que vem e trabalhar para que ele esteja implantado para as [&hellip;]\" \/>\n<meta property=\"og:url\" content=\"https:\/\/www.amstedmaxion.com.br\/antt-acha-possivel-tav-em-2016\/\" \/>\n<meta property=\"og:site_name\" content=\"AmstedMaxion\" \/>\n<meta property=\"article:publisher\" content=\"https:\/\/www.facebook.com\/AmstedMaxion.Oficial\" \/>\n<meta property=\"article:published_time\" content=\"2010-09-23T03:00:00+00:00\" \/>\n<meta name=\"author\" content=\"juan@newmind.com.br\" \/>\n<meta name=\"twitter:card\" content=\"summary_large_image\" \/>\n<meta name=\"twitter:label1\" content=\"Written by\" \/>\n\t<meta name=\"twitter:data1\" content=\"juan@newmind.com.br\" \/>\n\t<meta name=\"twitter:label2\" content=\"Est. reading time\" \/>\n\t<meta name=\"twitter:data2\" content=\"2 minutes\" \/>\n<script type=\"application\/ld+json\" class=\"yoast-schema-graph\">{\"@context\":\"https:\/\/schema.org\",\"@graph\":[{\"@type\":\"Article\",\"@id\":\"https:\/\/www.amstedmaxion.com.br\/antt-acha-possivel-tav-em-2016\/#article\",\"isPartOf\":{\"@id\":\"https:\/\/www.amstedmaxion.com.br\/antt-acha-possivel-tav-em-2016\/\"},\"author\":{\"name\":\"juan@newmind.com.br\",\"@id\":\"https:\/\/www.amstedmaxion.com.br\/#\/schema\/person\/0120c9e5589f92bbb25580b75edcf439\"},\"headline\":\"ANTT acha poss\u00edvel TAV em 2016\",\"datePublished\":\"2010-09-23T03:00:00+00:00\",\"dateModified\":\"2010-09-23T03:00:00+00:00\",\"mainEntityOfPage\":{\"@id\":\"https:\/\/www.amstedmaxion.com.br\/antt-acha-possivel-tav-em-2016\/\"},\"wordCount\":446,\"commentCount\":0,\"publisher\":{\"@id\":\"https:\/\/www.amstedmaxion.com.br\/#organization\"},\"articleSection\":[\"Not\u00edcias da AmstedMaxion\"],\"inLanguage\":\"en-US\",\"potentialAction\":[{\"@type\":\"CommentAction\",\"name\":\"Comment\",\"target\":[\"https:\/\/www.amstedmaxion.com.br\/antt-acha-possivel-tav-em-2016\/#respond\"]}]},{\"@type\":\"WebPage\",\"@id\":\"https:\/\/www.amstedmaxion.com.br\/antt-acha-possivel-tav-em-2016\/\",\"url\":\"https:\/\/www.amstedmaxion.com.br\/antt-acha-possivel-tav-em-2016\/\",\"name\":\"ANTT acha poss\u00edvel TAV em 2016 - AmstedMaxion\",\"isPartOf\":{\"@id\":\"https:\/\/www.amstedmaxion.com.br\/#website\"},\"datePublished\":\"2010-09-23T03:00:00+00:00\",\"dateModified\":\"2010-09-23T03:00:00+00:00\",\"breadcrumb\":{\"@id\":\"https:\/\/www.amstedmaxion.com.br\/antt-acha-possivel-tav-em-2016\/#breadcrumb\"},\"inLanguage\":\"en-US\",\"potentialAction\":[{\"@type\":\"ReadAction\",\"target\":[\"https:\/\/www.amstedmaxion.com.br\/antt-acha-possivel-tav-em-2016\/\"]}]},{\"@type\":\"BreadcrumbList\",\"@id\":\"https:\/\/www.amstedmaxion.com.br\/antt-acha-possivel-tav-em-2016\/#breadcrumb\",\"itemListElement\":[{\"@type\":\"ListItem\",\"position\":1,\"name\":\"In\u00edcio\",\"item\":\"https:\/\/www.amstedmaxion.com.br\/\"},{\"@type\":\"ListItem\",\"position\":2,\"name\":\"ANTT acha poss\u00edvel TAV em 2016\"}]},{\"@type\":\"WebSite\",\"@id\":\"https:\/\/www.amstedmaxion.com.br\/#website\",\"url\":\"https:\/\/www.amstedmaxion.com.br\/\",\"name\":\"AmstedMaxion\",\"description\":\"AmstedMaxion - Fundi\u00e7\u00e3o e Equipamentos Ferrovi\u00e1rios\",\"publisher\":{\"@id\":\"https:\/\/www.amstedmaxion.com.br\/#organization\"},\"alternateName\":\"AmstedMaxion\",\"potentialAction\":[{\"@type\":\"SearchAction\",\"target\":{\"@type\":\"EntryPoint\",\"urlTemplate\":\"https:\/\/www.amstedmaxion.com.br\/?s={search_term_string}\"},\"query-input\":{\"@type\":\"PropertyValueSpecification\",\"valueRequired\":true,\"valueName\":\"search_term_string\"}}],\"inLanguage\":\"en-US\"},{\"@type\":\"Organization\",\"@id\":\"https:\/\/www.amstedmaxion.com.br\/#organization\",\"name\":\"AMSTEDMAXION\",\"url\":\"https:\/\/www.amstedmaxion.com.br\/\",\"logo\":{\"@type\":\"ImageObject\",\"inLanguage\":\"en-US\",\"@id\":\"https:\/\/www.amstedmaxion.com.br\/#\/schema\/logo\/image\/\",\"url\":\"https:\/\/www.amstedmaxion.com.br\/wp-content\/uploads\/2023\/11\/amsted.png\",\"contentUrl\":\"https:\/\/www.amstedmaxion.com.br\/wp-content\/uploads\/2023\/11\/amsted.png\",\"width\":500,\"height\":500,\"caption\":\"AMSTEDMAXION\"},\"image\":{\"@id\":\"https:\/\/www.amstedmaxion.com.br\/#\/schema\/logo\/image\/\"},\"sameAs\":[\"https:\/\/www.facebook.com\/AmstedMaxion.Oficial\",\"https:\/\/br.linkedin.com\/company\/amstedmaxion\"]},{\"@type\":\"Person\",\"@id\":\"https:\/\/www.amstedmaxion.com.br\/#\/schema\/person\/0120c9e5589f92bbb25580b75edcf439\",\"name\":\"juan@newmind.com.br\",\"image\":{\"@type\":\"ImageObject\",\"inLanguage\":\"en-US\",\"@id\":\"https:\/\/www.amstedmaxion.com.br\/#\/schema\/person\/image\/\",\"url\":\"https:\/\/secure.gravatar.com\/avatar\/4f404a88c5e66d7c90c099fd87bb90a68baa7a7348b153c1c34f9999b4873144?s=96&d=mm&r=g\",\"contentUrl\":\"https:\/\/secure.gravatar.com\/avatar\/4f404a88c5e66d7c90c099fd87bb90a68baa7a7348b153c1c34f9999b4873144?s=96&d=mm&r=g\",\"caption\":\"juan@newmind.com.br\"}}]}<\/script>\n<!-- \/ Yoast SEO plugin. -->","yoast_head_json":{"title":"ANTT acha poss\u00edvel TAV em 2016 - AmstedMaxion","robots":{"index":"index","follow":"follow","max-snippet":"max-snippet:-1","max-image-preview":"max-image-preview:large","max-video-preview":"max-video-preview:-1"},"canonical":"https:\/\/www.amstedmaxion.com.br\/antt-acha-possivel-tav-em-2016\/","og_locale":"en_US","og_type":"article","og_title":"ANTT acha poss\u00edvel TAV em 2016 - AmstedMaxion","og_description":"O diretor geral da Ag\u00eancia Nacional de Transportes Terrestres (ANTT), Bernardo Figueiredo, disse nesta quarta-feira, 22, que acredita na possibilidade de inaugurar o trem de alta velocidade entre Rio-S\u00e3o Paulo-Campinas at\u00e9 as Olimp\u00edadas de 2016. \u201cVamos come\u00e7ar as obras at\u00e9 o final do ano que vem e trabalhar para que ele esteja implantado para as [&hellip;]","og_url":"https:\/\/www.amstedmaxion.com.br\/antt-acha-possivel-tav-em-2016\/","og_site_name":"AmstedMaxion","article_publisher":"https:\/\/www.facebook.com\/AmstedMaxion.Oficial","article_published_time":"2010-09-23T03:00:00+00:00","author":"juan@newmind.com.br","twitter_card":"summary_large_image","twitter_misc":{"Written by":"juan@newmind.com.br","Est. reading time":"2 minutes"},"schema":{"@context":"https:\/\/schema.org","@graph":[{"@type":"Article","@id":"https:\/\/www.amstedmaxion.com.br\/antt-acha-possivel-tav-em-2016\/#article","isPartOf":{"@id":"https:\/\/www.amstedmaxion.com.br\/antt-acha-possivel-tav-em-2016\/"},"author":{"name":"juan@newmind.com.br","@id":"https:\/\/www.amstedmaxion.com.br\/#\/schema\/person\/0120c9e5589f92bbb25580b75edcf439"},"headline":"ANTT acha poss\u00edvel TAV em 2016","datePublished":"2010-09-23T03:00:00+00:00","dateModified":"2010-09-23T03:00:00+00:00","mainEntityOfPage":{"@id":"https:\/\/www.amstedmaxion.com.br\/antt-acha-possivel-tav-em-2016\/"},"wordCount":446,"commentCount":0,"publisher":{"@id":"https:\/\/www.amstedmaxion.com.br\/#organization"},"articleSection":["Not\u00edcias da AmstedMaxion"],"inLanguage":"en-US","potentialAction":[{"@type":"CommentAction","name":"Comment","target":["https:\/\/www.amstedmaxion.com.br\/antt-acha-possivel-tav-em-2016\/#respond"]}]},{"@type":"WebPage","@id":"https:\/\/www.amstedmaxion.com.br\/antt-acha-possivel-tav-em-2016\/","url":"https:\/\/www.amstedmaxion.com.br\/antt-acha-possivel-tav-em-2016\/","name":"ANTT acha poss\u00edvel TAV em 2016 - AmstedMaxion","isPartOf":{"@id":"https:\/\/www.amstedmaxion.com.br\/#website"},"datePublished":"2010-09-23T03:00:00+00:00","dateModified":"2010-09-23T03:00:00+00:00","breadcrumb":{"@id":"https:\/\/www.amstedmaxion.com.br\/antt-acha-possivel-tav-em-2016\/#breadcrumb"},"inLanguage":"en-US","potentialAction":[{"@type":"ReadAction","target":["https:\/\/www.amstedmaxion.com.br\/antt-acha-possivel-tav-em-2016\/"]}]},{"@type":"BreadcrumbList","@id":"https:\/\/www.amstedmaxion.com.br\/antt-acha-possivel-tav-em-2016\/#breadcrumb","itemListElement":[{"@type":"ListItem","position":1,"name":"In\u00edcio","item":"https:\/\/www.amstedmaxion.com.br\/"},{"@type":"ListItem","position":2,"name":"ANTT acha poss\u00edvel TAV em 2016"}]},{"@type":"WebSite","@id":"https:\/\/www.amstedmaxion.com.br\/#website","url":"https:\/\/www.amstedmaxion.com.br\/","name":"AmstedMaxion","description":"AmstedMaxion - Fundi\u00e7\u00e3o e Equipamentos Ferrovi\u00e1rios","publisher":{"@id":"https:\/\/www.amstedmaxion.com.br\/#organization"},"alternateName":"AmstedMaxion","potentialAction":[{"@type":"SearchAction","target":{"@type":"EntryPoint","urlTemplate":"https:\/\/www.amstedmaxion.com.br\/?s={search_term_string}"},"query-input":{"@type":"PropertyValueSpecification","valueRequired":true,"valueName":"search_term_string"}}],"inLanguage":"en-US"},{"@type":"Organization","@id":"https:\/\/www.amstedmaxion.com.br\/#organization","name":"AMSTEDMAXION","url":"https:\/\/www.amstedmaxion.com.br\/","logo":{"@type":"ImageObject","inLanguage":"en-US","@id":"https:\/\/www.amstedmaxion.com.br\/#\/schema\/logo\/image\/","url":"https:\/\/www.amstedmaxion.com.br\/wp-content\/uploads\/2023\/11\/amsted.png","contentUrl":"https:\/\/www.amstedmaxion.com.br\/wp-content\/uploads\/2023\/11\/amsted.png","width":500,"height":500,"caption":"AMSTEDMAXION"},"image":{"@id":"https:\/\/www.amstedmaxion.com.br\/#\/schema\/logo\/image\/"},"sameAs":["https:\/\/www.facebook.com\/AmstedMaxion.Oficial","https:\/\/br.linkedin.com\/company\/amstedmaxion"]},{"@type":"Person","@id":"https:\/\/www.amstedmaxion.com.br\/#\/schema\/person\/0120c9e5589f92bbb25580b75edcf439","name":"juan@newmind.com.br","image":{"@type":"ImageObject","inLanguage":"en-US","@id":"https:\/\/www.amstedmaxion.com.br\/#\/schema\/person\/image\/","url":"https:\/\/secure.gravatar.com\/avatar\/4f404a88c5e66d7c90c099fd87bb90a68baa7a7348b153c1c34f9999b4873144?s=96&d=mm&r=g","contentUrl":"https:\/\/secure.gravatar.com\/avatar\/4f404a88c5e66d7c90c099fd87bb90a68baa7a7348b153c1c34f9999b4873144?s=96&d=mm&r=g","caption":"juan@newmind.com.br"}}]}},"_links":{"self":[{"href":"https:\/\/www.amstedmaxion.com.br\/en\/wp-json\/wp\/v2\/posts\/2073","targetHints":{"allow":["GET"]}}],"collection":[{"href":"https:\/\/www.amstedmaxion.com.br\/en\/wp-json\/wp\/v2\/posts"}],"about":[{"href":"https:\/\/www.amstedmaxion.com.br\/en\/wp-json\/wp\/v2\/types\/post"}],"author":[{"embeddable":true,"href":"https:\/\/www.amstedmaxion.com.br\/en\/wp-json\/wp\/v2\/users\/1"}],"replies":[{"embeddable":true,"href":"https:\/\/www.amstedmaxion.com.br\/en\/wp-json\/wp\/v2\/comments?post=2073"}],"version-history":[{"count":0,"href":"https:\/\/www.amstedmaxion.com.br\/en\/wp-json\/wp\/v2\/posts\/2073\/revisions"}],"wp:attachment":[{"href":"https:\/\/www.amstedmaxion.com.br\/en\/wp-json\/wp\/v2\/media?parent=2073"}],"wp:term":[{"taxonomy":"category","embeddable":true,"href":"https:\/\/www.amstedmaxion.com.br\/en\/wp-json\/wp\/v2\/categories?post=2073"},{"taxonomy":"post_tag","embeddable":true,"href":"https:\/\/www.amstedmaxion.com.br\/en\/wp-json\/wp\/v2\/tags?post=2073"}],"curies":[{"name":"wp","href":"https:\/\/api.w.org\/{rel}","templated":true}]}}