{"id":2079,"date":"2010-10-05T00:00:00","date_gmt":"2010-10-05T03:00:00","guid":{"rendered":"http:\/\/189.16.185.54\/para-especialistas-proximo-governo-deve-priorizar-area-de-infraestrutura-do-pais\/"},"modified":"2010-10-05T00:00:00","modified_gmt":"2010-10-05T03:00:00","slug":"para-especialistas-proximo-governo-deve-priorizar-area-de-infraestrutura-do-pais","status":"publish","type":"post","link":"https:\/\/www.amstedmaxion.com.br\/en\/para-especialistas-proximo-governo-deve-priorizar-area-de-infraestrutura-do-pais\/","title":{"rendered":"Para especialistas, pr\u00f3ximo governo deve priorizar \u00e1rea de infraestrutura do pa\u00eds"},"content":{"rendered":"<p>Estradas, portos, aeroportos, ferrovias, gera\u00e7\u00e3o e transmiss\u00e3o de energia, telefonia. Tudo isso faz parte do dia a dia dos brasileiros, e por isso a supera\u00e7\u00e3o dos gargalos da infraestrutura deve ser um dos principais desafios do pr\u00f3ximo presidente do pa\u00eds para os pr\u00f3ximos quatro anos. Com a expectativa da disputa da Copa do Mundo de Futebol em 2014 e das Olimp\u00edadas de 2016 aqui no pa\u00eds, resolver os problemas desse setor se torna ainda mais importante. rn<\/p>\n<p>rnManter as contas equilibradas e ao mesmo tempo elevar a infraestrutura brasileira a uma de primeiro mundo \u00e9 o grande desafio do pr\u00f3ximo governo, na opini\u00e3o do professor da Universidade Federal do Rio de Janeiro (UFRJ) e diretor do Centro Brasileiro de Infraestrutura (CBIE), Adriano Pires. Para isso, na sua avalia\u00e7\u00e3o, ser\u00e1 preciso investir em novas formas de financiamento de projetos, al\u00e9m de apostar em planos de investimentos a longo prazo. rn<\/p>\n<p>rn\u201cO governo tem que deixar de ter planos como o PAC [Programa de Acelera\u00e7\u00e3o do Crescimento], que \u00e9 apenas uma colagem de v\u00e1rios projetos individuais, e realmente promover um grande programa de investimento em infraestrutura, com medidas para estimular a iniciativa privada a fazer a sua parte\u201d, aposta Pires. rn<\/p>\n","protected":false},"excerpt":{"rendered":"<p>Estradas, portos, aeroportos, ferrovias, gera\u00e7\u00e3o e transmiss\u00e3o de energia, telefonia. Tudo isso faz parte do dia a dia dos brasileiros, e por isso a supera\u00e7\u00e3o dos gargalos da infraestrutura deve ser um dos principais desafios do pr\u00f3ximo presidente do pa\u00eds para os pr\u00f3ximos quatro anos. Com a expectativa da disputa da Copa do Mundo de [&hellip;]<\/p>\n","protected":false},"author":1,"featured_media":0,"comment_status":"open","ping_status":"open","sticky":false,"template":"","format":"standard","meta":{"_acf_changed":false,"footnotes":""},"categories":[2],"tags":[],"class_list":["post-2079","post","type-post","status-publish","format-standard","hentry","category-noticias"],"acf":[],"yoast_head":"<!-- This site is optimized with the Yoast SEO plugin v23.9 - https:\/\/yoast.com\/wordpress\/plugins\/seo\/ -->\n<title>Para especialistas, pr\u00f3ximo governo deve priorizar \u00e1rea de infraestrutura do pa\u00eds - AmstedMaxion<\/title>\n<meta name=\"robots\" content=\"index, follow, max-snippet:-1, max-image-preview:large, max-video-preview:-1\" \/>\n<link rel=\"canonical\" href=\"https:\/\/www.amstedmaxion.com.br\/en\/para-especialistas-proximo-governo-deve-priorizar-area-de-infraestrutura-do-pais\/\" \/>\n<meta property=\"og:locale\" content=\"en_US\" \/>\n<meta property=\"og:type\" content=\"article\" \/>\n<meta property=\"og:title\" content=\"Para especialistas, pr\u00f3ximo governo deve priorizar \u00e1rea de infraestrutura do pa\u00eds - AmstedMaxion\" \/>\n<meta property=\"og:description\" content=\"Estradas, portos, aeroportos, ferrovias, gera\u00e7\u00e3o e transmiss\u00e3o de energia, telefonia. Tudo isso faz parte do dia a dia dos brasileiros, e por isso a supera\u00e7\u00e3o dos gargalos da infraestrutura deve ser um dos principais desafios do pr\u00f3ximo presidente do pa\u00eds para os pr\u00f3ximos quatro anos. Com a expectativa da disputa da Copa do Mundo de [&hellip;]\" \/>\n<meta property=\"og:url\" content=\"https:\/\/www.amstedmaxion.com.br\/en\/para-especialistas-proximo-governo-deve-priorizar-area-de-infraestrutura-do-pais\/\" \/>\n<meta property=\"og:site_name\" content=\"AmstedMaxion\" \/>\n<meta property=\"article:publisher\" content=\"https:\/\/www.facebook.com\/AmstedMaxion.Oficial\" \/>\n<meta property=\"article:published_time\" content=\"2010-10-05T03:00:00+00:00\" \/>\n<meta name=\"author\" content=\"juan@newmind.com.br\" \/>\n<meta name=\"twitter:card\" content=\"summary_large_image\" \/>\n<meta name=\"twitter:label1\" content=\"Written by\" \/>\n\t<meta name=\"twitter:data1\" content=\"juan@newmind.com.br\" \/>\n\t<meta name=\"twitter:label2\" content=\"Est. reading time\" \/>\n\t<meta name=\"twitter:data2\" content=\"1 minute\" \/>\n<script type=\"application\/ld+json\" class=\"yoast-schema-graph\">{\"@context\":\"https:\/\/schema.org\",\"@graph\":[{\"@type\":\"Article\",\"@id\":\"https:\/\/www.amstedmaxion.com.br\/en\/para-especialistas-proximo-governo-deve-priorizar-area-de-infraestrutura-do-pais\/#article\",\"isPartOf\":{\"@id\":\"https:\/\/www.amstedmaxion.com.br\/en\/para-especialistas-proximo-governo-deve-priorizar-area-de-infraestrutura-do-pais\/\"},\"author\":{\"name\":\"juan@newmind.com.br\",\"@id\":\"https:\/\/www.amstedmaxion.com.br\/#\/schema\/person\/0120c9e5589f92bbb25580b75edcf439\"},\"headline\":\"Para especialistas, pr\u00f3ximo governo deve priorizar \u00e1rea de infraestrutura do pa\u00eds\",\"datePublished\":\"2010-10-05T03:00:00+00:00\",\"dateModified\":\"2010-10-05T03:00:00+00:00\",\"mainEntityOfPage\":{\"@id\":\"https:\/\/www.amstedmaxion.com.br\/en\/para-especialistas-proximo-governo-deve-priorizar-area-de-infraestrutura-do-pais\/\"},\"wordCount\":223,\"commentCount\":0,\"publisher\":{\"@id\":\"https:\/\/www.amstedmaxion.com.br\/#organization\"},\"articleSection\":[\"Not\u00edcias da AmstedMaxion\"],\"inLanguage\":\"en-US\",\"potentialAction\":[{\"@type\":\"CommentAction\",\"name\":\"Comment\",\"target\":[\"https:\/\/www.amstedmaxion.com.br\/en\/para-especialistas-proximo-governo-deve-priorizar-area-de-infraestrutura-do-pais\/#respond\"]}]},{\"@type\":\"WebPage\",\"@id\":\"https:\/\/www.amstedmaxion.com.br\/en\/para-especialistas-proximo-governo-deve-priorizar-area-de-infraestrutura-do-pais\/\",\"url\":\"https:\/\/www.amstedmaxion.com.br\/en\/para-especialistas-proximo-governo-deve-priorizar-area-de-infraestrutura-do-pais\/\",\"name\":\"Para especialistas, pr\u00f3ximo governo deve priorizar \u00e1rea de infraestrutura do pa\u00eds - AmstedMaxion\",\"isPartOf\":{\"@id\":\"https:\/\/www.amstedmaxion.com.br\/#website\"},\"datePublished\":\"2010-10-05T03:00:00+00:00\",\"dateModified\":\"2010-10-05T03:00:00+00:00\",\"breadcrumb\":{\"@id\":\"https:\/\/www.amstedmaxion.com.br\/en\/para-especialistas-proximo-governo-deve-priorizar-area-de-infraestrutura-do-pais\/#breadcrumb\"},\"inLanguage\":\"en-US\",\"potentialAction\":[{\"@type\":\"ReadAction\",\"target\":[\"https:\/\/www.amstedmaxion.com.br\/en\/para-especialistas-proximo-governo-deve-priorizar-area-de-infraestrutura-do-pais\/\"]}]},{\"@type\":\"BreadcrumbList\",\"@id\":\"https:\/\/www.amstedmaxion.com.br\/en\/para-especialistas-proximo-governo-deve-priorizar-area-de-infraestrutura-do-pais\/#breadcrumb\",\"itemListElement\":[{\"@type\":\"ListItem\",\"position\":1,\"name\":\"In\u00edcio\",\"item\":\"https:\/\/www.amstedmaxion.com.br\/\"},{\"@type\":\"ListItem\",\"position\":2,\"name\":\"Para especialistas, pr\u00f3ximo governo deve priorizar \u00e1rea de infraestrutura do pa\u00eds\"}]},{\"@type\":\"WebSite\",\"@id\":\"https:\/\/www.amstedmaxion.com.br\/#website\",\"url\":\"https:\/\/www.amstedmaxion.com.br\/\",\"name\":\"AmstedMaxion\",\"description\":\"AmstedMaxion - Fundi\u00e7\u00e3o e Equipamentos Ferrovi\u00e1rios\",\"publisher\":{\"@id\":\"https:\/\/www.amstedmaxion.com.br\/#organization\"},\"alternateName\":\"AmstedMaxion\",\"potentialAction\":[{\"@type\":\"SearchAction\",\"target\":{\"@type\":\"EntryPoint\",\"urlTemplate\":\"https:\/\/www.amstedmaxion.com.br\/?s={search_term_string}\"},\"query-input\":{\"@type\":\"PropertyValueSpecification\",\"valueRequired\":true,\"valueName\":\"search_term_string\"}}],\"inLanguage\":\"en-US\"},{\"@type\":\"Organization\",\"@id\":\"https:\/\/www.amstedmaxion.com.br\/#organization\",\"name\":\"AMSTEDMAXION\",\"url\":\"https:\/\/www.amstedmaxion.com.br\/\",\"logo\":{\"@type\":\"ImageObject\",\"inLanguage\":\"en-US\",\"@id\":\"https:\/\/www.amstedmaxion.com.br\/#\/schema\/logo\/image\/\",\"url\":\"https:\/\/www.amstedmaxion.com.br\/wp-content\/uploads\/2023\/11\/amsted.png\",\"contentUrl\":\"https:\/\/www.amstedmaxion.com.br\/wp-content\/uploads\/2023\/11\/amsted.png\",\"width\":500,\"height\":500,\"caption\":\"AMSTEDMAXION\"},\"image\":{\"@id\":\"https:\/\/www.amstedmaxion.com.br\/#\/schema\/logo\/image\/\"},\"sameAs\":[\"https:\/\/www.facebook.com\/AmstedMaxion.Oficial\",\"https:\/\/br.linkedin.com\/company\/amstedmaxion\"]},{\"@type\":\"Person\",\"@id\":\"https:\/\/www.amstedmaxion.com.br\/#\/schema\/person\/0120c9e5589f92bbb25580b75edcf439\",\"name\":\"juan@newmind.com.br\",\"image\":{\"@type\":\"ImageObject\",\"inLanguage\":\"en-US\",\"@id\":\"https:\/\/www.amstedmaxion.com.br\/#\/schema\/person\/image\/\",\"url\":\"https:\/\/secure.gravatar.com\/avatar\/4f404a88c5e66d7c90c099fd87bb90a68baa7a7348b153c1c34f9999b4873144?s=96&d=mm&r=g\",\"contentUrl\":\"https:\/\/secure.gravatar.com\/avatar\/4f404a88c5e66d7c90c099fd87bb90a68baa7a7348b153c1c34f9999b4873144?s=96&d=mm&r=g\",\"caption\":\"juan@newmind.com.br\"}}]}<\/script>\n<!-- \/ Yoast SEO plugin. -->","yoast_head_json":{"title":"Para especialistas, pr\u00f3ximo governo deve priorizar \u00e1rea de infraestrutura do pa\u00eds - AmstedMaxion","robots":{"index":"index","follow":"follow","max-snippet":"max-snippet:-1","max-image-preview":"max-image-preview:large","max-video-preview":"max-video-preview:-1"},"canonical":"https:\/\/www.amstedmaxion.com.br\/en\/para-especialistas-proximo-governo-deve-priorizar-area-de-infraestrutura-do-pais\/","og_locale":"en_US","og_type":"article","og_title":"Para especialistas, pr\u00f3ximo governo deve priorizar \u00e1rea de infraestrutura do pa\u00eds - AmstedMaxion","og_description":"Estradas, portos, aeroportos, ferrovias, gera\u00e7\u00e3o e transmiss\u00e3o de energia, telefonia. Tudo isso faz parte do dia a dia dos brasileiros, e por isso a supera\u00e7\u00e3o dos gargalos da infraestrutura deve ser um dos principais desafios do pr\u00f3ximo presidente do pa\u00eds para os pr\u00f3ximos quatro anos. Com a expectativa da disputa da Copa do Mundo de [&hellip;]","og_url":"https:\/\/www.amstedmaxion.com.br\/en\/para-especialistas-proximo-governo-deve-priorizar-area-de-infraestrutura-do-pais\/","og_site_name":"AmstedMaxion","article_publisher":"https:\/\/www.facebook.com\/AmstedMaxion.Oficial","article_published_time":"2010-10-05T03:00:00+00:00","author":"juan@newmind.com.br","twitter_card":"summary_large_image","twitter_misc":{"Written by":"juan@newmind.com.br","Est. reading time":"1 minute"},"schema":{"@context":"https:\/\/schema.org","@graph":[{"@type":"Article","@id":"https:\/\/www.amstedmaxion.com.br\/en\/para-especialistas-proximo-governo-deve-priorizar-area-de-infraestrutura-do-pais\/#article","isPartOf":{"@id":"https:\/\/www.amstedmaxion.com.br\/en\/para-especialistas-proximo-governo-deve-priorizar-area-de-infraestrutura-do-pais\/"},"author":{"name":"juan@newmind.com.br","@id":"https:\/\/www.amstedmaxion.com.br\/#\/schema\/person\/0120c9e5589f92bbb25580b75edcf439"},"headline":"Para especialistas, pr\u00f3ximo governo deve priorizar \u00e1rea de infraestrutura do pa\u00eds","datePublished":"2010-10-05T03:00:00+00:00","dateModified":"2010-10-05T03:00:00+00:00","mainEntityOfPage":{"@id":"https:\/\/www.amstedmaxion.com.br\/en\/para-especialistas-proximo-governo-deve-priorizar-area-de-infraestrutura-do-pais\/"},"wordCount":223,"commentCount":0,"publisher":{"@id":"https:\/\/www.amstedmaxion.com.br\/#organization"},"articleSection":["Not\u00edcias da AmstedMaxion"],"inLanguage":"en-US","potentialAction":[{"@type":"CommentAction","name":"Comment","target":["https:\/\/www.amstedmaxion.com.br\/en\/para-especialistas-proximo-governo-deve-priorizar-area-de-infraestrutura-do-pais\/#respond"]}]},{"@type":"WebPage","@id":"https:\/\/www.amstedmaxion.com.br\/en\/para-especialistas-proximo-governo-deve-priorizar-area-de-infraestrutura-do-pais\/","url":"https:\/\/www.amstedmaxion.com.br\/en\/para-especialistas-proximo-governo-deve-priorizar-area-de-infraestrutura-do-pais\/","name":"Para especialistas, pr\u00f3ximo governo deve priorizar \u00e1rea de infraestrutura do pa\u00eds - AmstedMaxion","isPartOf":{"@id":"https:\/\/www.amstedmaxion.com.br\/#website"},"datePublished":"2010-10-05T03:00:00+00:00","dateModified":"2010-10-05T03:00:00+00:00","breadcrumb":{"@id":"https:\/\/www.amstedmaxion.com.br\/en\/para-especialistas-proximo-governo-deve-priorizar-area-de-infraestrutura-do-pais\/#breadcrumb"},"inLanguage":"en-US","potentialAction":[{"@type":"ReadAction","target":["https:\/\/www.amstedmaxion.com.br\/en\/para-especialistas-proximo-governo-deve-priorizar-area-de-infraestrutura-do-pais\/"]}]},{"@type":"BreadcrumbList","@id":"https:\/\/www.amstedmaxion.com.br\/en\/para-especialistas-proximo-governo-deve-priorizar-area-de-infraestrutura-do-pais\/#breadcrumb","itemListElement":[{"@type":"ListItem","position":1,"name":"In\u00edcio","item":"https:\/\/www.amstedmaxion.com.br\/"},{"@type":"ListItem","position":2,"name":"Para especialistas, pr\u00f3ximo governo deve priorizar \u00e1rea de infraestrutura do pa\u00eds"}]},{"@type":"WebSite","@id":"https:\/\/www.amstedmaxion.com.br\/#website","url":"https:\/\/www.amstedmaxion.com.br\/","name":"AmstedMaxion","description":"AmstedMaxion - Fundi\u00e7\u00e3o e Equipamentos Ferrovi\u00e1rios","publisher":{"@id":"https:\/\/www.amstedmaxion.com.br\/#organization"},"alternateName":"AmstedMaxion","potentialAction":[{"@type":"SearchAction","target":{"@type":"EntryPoint","urlTemplate":"https:\/\/www.amstedmaxion.com.br\/?s={search_term_string}"},"query-input":{"@type":"PropertyValueSpecification","valueRequired":true,"valueName":"search_term_string"}}],"inLanguage":"en-US"},{"@type":"Organization","@id":"https:\/\/www.amstedmaxion.com.br\/#organization","name":"AMSTEDMAXION","url":"https:\/\/www.amstedmaxion.com.br\/","logo":{"@type":"ImageObject","inLanguage":"en-US","@id":"https:\/\/www.amstedmaxion.com.br\/#\/schema\/logo\/image\/","url":"https:\/\/www.amstedmaxion.com.br\/wp-content\/uploads\/2023\/11\/amsted.png","contentUrl":"https:\/\/www.amstedmaxion.com.br\/wp-content\/uploads\/2023\/11\/amsted.png","width":500,"height":500,"caption":"AMSTEDMAXION"},"image":{"@id":"https:\/\/www.amstedmaxion.com.br\/#\/schema\/logo\/image\/"},"sameAs":["https:\/\/www.facebook.com\/AmstedMaxion.Oficial","https:\/\/br.linkedin.com\/company\/amstedmaxion"]},{"@type":"Person","@id":"https:\/\/www.amstedmaxion.com.br\/#\/schema\/person\/0120c9e5589f92bbb25580b75edcf439","name":"juan@newmind.com.br","image":{"@type":"ImageObject","inLanguage":"en-US","@id":"https:\/\/www.amstedmaxion.com.br\/#\/schema\/person\/image\/","url":"https:\/\/secure.gravatar.com\/avatar\/4f404a88c5e66d7c90c099fd87bb90a68baa7a7348b153c1c34f9999b4873144?s=96&d=mm&r=g","contentUrl":"https:\/\/secure.gravatar.com\/avatar\/4f404a88c5e66d7c90c099fd87bb90a68baa7a7348b153c1c34f9999b4873144?s=96&d=mm&r=g","caption":"juan@newmind.com.br"}}]}},"_links":{"self":[{"href":"https:\/\/www.amstedmaxion.com.br\/en\/wp-json\/wp\/v2\/posts\/2079","targetHints":{"allow":["GET"]}}],"collection":[{"href":"https:\/\/www.amstedmaxion.com.br\/en\/wp-json\/wp\/v2\/posts"}],"about":[{"href":"https:\/\/www.amstedmaxion.com.br\/en\/wp-json\/wp\/v2\/types\/post"}],"author":[{"embeddable":true,"href":"https:\/\/www.amstedmaxion.com.br\/en\/wp-json\/wp\/v2\/users\/1"}],"replies":[{"embeddable":true,"href":"https:\/\/www.amstedmaxion.com.br\/en\/wp-json\/wp\/v2\/comments?post=2079"}],"version-history":[{"count":0,"href":"https:\/\/www.amstedmaxion.com.br\/en\/wp-json\/wp\/v2\/posts\/2079\/revisions"}],"wp:attachment":[{"href":"https:\/\/www.amstedmaxion.com.br\/en\/wp-json\/wp\/v2\/media?parent=2079"}],"wp:term":[{"taxonomy":"category","embeddable":true,"href":"https:\/\/www.amstedmaxion.com.br\/en\/wp-json\/wp\/v2\/categories?post=2079"},{"taxonomy":"post_tag","embeddable":true,"href":"https:\/\/www.amstedmaxion.com.br\/en\/wp-json\/wp\/v2\/tags?post=2079"}],"curies":[{"name":"wp","href":"https:\/\/api.w.org\/{rel}","templated":true}]}}