{"id":2081,"date":"2010-10-13T00:00:00","date_gmt":"2010-10-13T03:00:00","guid":{"rendered":"http:\/\/189.16.185.54\/nt-2010-amplia-area-no-centernorte\/"},"modified":"2010-10-13T00:00:00","modified_gmt":"2010-10-13T03:00:00","slug":"nt-2010-amplia-area-no-centernorte","status":"publish","type":"post","link":"https:\/\/www.amstedmaxion.com.br\/en\/nt-2010-amplia-area-no-centernorte\/","title":{"rendered":"NT 2010 amplia \u00e1rea no CenterNorte"},"content":{"rendered":"<p>Para atender a demanda de expositores, a Feira Neg\u00f3cios nos Trilhos 2010 aumentou sua \u00e1rea em 20%, passando de 12 mil metros quadrados para 14,4 mil metros quadrados. rn<\/p>\n<p>rnRealizado e organizado pela Revista Ferrovi\u00e1ria, o evento, que acontece de 9 a 11 de novembro no Pavilh\u00e3o Vermelho do Expo Center Norte, em S\u00e3o, Paulo, das 14 \u00e0s 20h, est\u00e1 consolidada como a maior exposi\u00e7\u00e3o ferrovi\u00e1ria da Am\u00e9rica Latina. rn<\/p>\n<p>rnA 13\u00aa edi\u00e7\u00e3o do NT j\u00e1 conta com mais de 160 expositores, entre eles a AmstedMaxion, que ir\u00e3o apresentar as novas tecnologias do setor. Na edi\u00e7\u00e3o do ano passado, mais de 7 mil profissionais de operadoras, clientes, empresas de log\u00edstica, t\u00e9cnicos do governo e interessados no setor ferrovi\u00e1rio, visitaram os estandes de 13 pa\u00edses: \u00c1frica do Sul, Alemanha, Argentina, Brasil, Canad\u00e1, China, Fran\u00e7a, Espanha, Estados Unidos, It\u00e1lia, Pol\u00f4nia, Jap\u00e3o e Su\u00ed\u00e7a. rn<\/p>\n<p>rnDurante o evento ser\u00e1 realizado o Semin\u00e1rio Neg\u00f3cios nos Trilhos, onde dirigentes das operadoras de carga e passageiros apresentar\u00e3o seus planos de neg\u00f3cio para o setor metroferrovi\u00e1rio. As inscri\u00e7\u00f5es j\u00e1 est\u00e3o abertas. rn<\/p>\n<p>rnNa abertura, dia 09 de novembro, acontecer\u00e1 a entrega do VII Pr\u00eamio Alstom de Tecnologia MetroFerrovi\u00e1ria, VIII Pr\u00eamio AmstedMaxion de Tecnologia Ferrovi\u00e1ria e do II Pr\u00eamio EDLP de Produtividade do Cliente Ferrovi\u00e1rio. Em seguida, ser\u00e1 realizado um encontro com a imprensa. Esta prevista para o \u00faltimo dia do evento, 11 de novembro, uma mesa redonda sobre o TAV e as Cidades. rn<\/p>\n<p>rnA Revista Ferrovi\u00e1ria ter\u00e1 uma edi\u00e7\u00e3o especial para o evento, com uma tiragem extra para o NT 2010. Uma oportunidade \u00edmpar para as empresas que est\u00e3o expondo e para as que n\u00e3o est\u00e3o apresentarem seus produtos.<\/p>\n","protected":false},"excerpt":{"rendered":"<p>Para atender a demanda de expositores, a Feira Neg\u00f3cios nos Trilhos 2010 aumentou sua \u00e1rea em 20%, passando de 12 mil metros quadrados para 14,4 mil metros quadrados. rn rnRealizado e organizado pela Revista Ferrovi\u00e1ria, o evento, que acontece de 9 a 11 de novembro no Pavilh\u00e3o Vermelho do Expo Center Norte, em S\u00e3o, Paulo, [&hellip;]<\/p>\n","protected":false},"author":1,"featured_media":0,"comment_status":"open","ping_status":"open","sticky":false,"template":"","format":"standard","meta":{"_acf_changed":false,"footnotes":""},"categories":[2],"tags":[],"class_list":["post-2081","post","type-post","status-publish","format-standard","hentry","category-noticias"],"acf":[],"yoast_head":"<!-- This site is optimized with the Yoast SEO plugin v23.9 - https:\/\/yoast.com\/wordpress\/plugins\/seo\/ -->\n<title>NT 2010 amplia \u00e1rea no CenterNorte - AmstedMaxion<\/title>\n<meta name=\"robots\" content=\"index, follow, max-snippet:-1, max-image-preview:large, max-video-preview:-1\" \/>\n<link rel=\"canonical\" href=\"https:\/\/www.amstedmaxion.com.br\/nt-2010-amplia-area-no-centernorte\/\" \/>\n<meta property=\"og:locale\" content=\"en_US\" \/>\n<meta property=\"og:type\" content=\"article\" \/>\n<meta property=\"og:title\" content=\"NT 2010 amplia \u00e1rea no CenterNorte - AmstedMaxion\" \/>\n<meta property=\"og:description\" content=\"Para atender a demanda de expositores, a Feira Neg\u00f3cios nos Trilhos 2010 aumentou sua \u00e1rea em 20%, passando de 12 mil metros quadrados para 14,4 mil metros quadrados. rn rnRealizado e organizado pela Revista Ferrovi\u00e1ria, o evento, que acontece de 9 a 11 de novembro no Pavilh\u00e3o Vermelho do Expo Center Norte, em S\u00e3o, Paulo, [&hellip;]\" \/>\n<meta property=\"og:url\" content=\"https:\/\/www.amstedmaxion.com.br\/nt-2010-amplia-area-no-centernorte\/\" \/>\n<meta property=\"og:site_name\" content=\"AmstedMaxion\" \/>\n<meta property=\"article:publisher\" content=\"https:\/\/www.facebook.com\/AmstedMaxion.Oficial\" \/>\n<meta property=\"article:published_time\" content=\"2010-10-13T03:00:00+00:00\" \/>\n<meta name=\"author\" content=\"juan@newmind.com.br\" \/>\n<meta name=\"twitter:card\" content=\"summary_large_image\" \/>\n<meta name=\"twitter:label1\" content=\"Written by\" \/>\n\t<meta name=\"twitter:data1\" content=\"juan@newmind.com.br\" \/>\n\t<meta name=\"twitter:label2\" content=\"Est. reading time\" \/>\n\t<meta name=\"twitter:data2\" content=\"1 minute\" \/>\n<script type=\"application\/ld+json\" class=\"yoast-schema-graph\">{\"@context\":\"https:\/\/schema.org\",\"@graph\":[{\"@type\":\"Article\",\"@id\":\"https:\/\/www.amstedmaxion.com.br\/nt-2010-amplia-area-no-centernorte\/#article\",\"isPartOf\":{\"@id\":\"https:\/\/www.amstedmaxion.com.br\/nt-2010-amplia-area-no-centernorte\/\"},\"author\":{\"name\":\"juan@newmind.com.br\",\"@id\":\"https:\/\/www.amstedmaxion.com.br\/#\/schema\/person\/0120c9e5589f92bbb25580b75edcf439\"},\"headline\":\"NT 2010 amplia \u00e1rea no CenterNorte\",\"datePublished\":\"2010-10-13T03:00:00+00:00\",\"dateModified\":\"2010-10-13T03:00:00+00:00\",\"mainEntityOfPage\":{\"@id\":\"https:\/\/www.amstedmaxion.com.br\/nt-2010-amplia-area-no-centernorte\/\"},\"wordCount\":301,\"commentCount\":0,\"publisher\":{\"@id\":\"https:\/\/www.amstedmaxion.com.br\/#organization\"},\"articleSection\":[\"Not\u00edcias da AmstedMaxion\"],\"inLanguage\":\"en-US\",\"potentialAction\":[{\"@type\":\"CommentAction\",\"name\":\"Comment\",\"target\":[\"https:\/\/www.amstedmaxion.com.br\/nt-2010-amplia-area-no-centernorte\/#respond\"]}]},{\"@type\":\"WebPage\",\"@id\":\"https:\/\/www.amstedmaxion.com.br\/nt-2010-amplia-area-no-centernorte\/\",\"url\":\"https:\/\/www.amstedmaxion.com.br\/nt-2010-amplia-area-no-centernorte\/\",\"name\":\"NT 2010 amplia \u00e1rea no CenterNorte - AmstedMaxion\",\"isPartOf\":{\"@id\":\"https:\/\/www.amstedmaxion.com.br\/#website\"},\"datePublished\":\"2010-10-13T03:00:00+00:00\",\"dateModified\":\"2010-10-13T03:00:00+00:00\",\"breadcrumb\":{\"@id\":\"https:\/\/www.amstedmaxion.com.br\/nt-2010-amplia-area-no-centernorte\/#breadcrumb\"},\"inLanguage\":\"en-US\",\"potentialAction\":[{\"@type\":\"ReadAction\",\"target\":[\"https:\/\/www.amstedmaxion.com.br\/nt-2010-amplia-area-no-centernorte\/\"]}]},{\"@type\":\"BreadcrumbList\",\"@id\":\"https:\/\/www.amstedmaxion.com.br\/nt-2010-amplia-area-no-centernorte\/#breadcrumb\",\"itemListElement\":[{\"@type\":\"ListItem\",\"position\":1,\"name\":\"In\u00edcio\",\"item\":\"https:\/\/www.amstedmaxion.com.br\/\"},{\"@type\":\"ListItem\",\"position\":2,\"name\":\"NT 2010 amplia \u00e1rea no CenterNorte\"}]},{\"@type\":\"WebSite\",\"@id\":\"https:\/\/www.amstedmaxion.com.br\/#website\",\"url\":\"https:\/\/www.amstedmaxion.com.br\/\",\"name\":\"AmstedMaxion\",\"description\":\"AmstedMaxion - Fundi\u00e7\u00e3o e Equipamentos Ferrovi\u00e1rios\",\"publisher\":{\"@id\":\"https:\/\/www.amstedmaxion.com.br\/#organization\"},\"alternateName\":\"AmstedMaxion\",\"potentialAction\":[{\"@type\":\"SearchAction\",\"target\":{\"@type\":\"EntryPoint\",\"urlTemplate\":\"https:\/\/www.amstedmaxion.com.br\/?s={search_term_string}\"},\"query-input\":{\"@type\":\"PropertyValueSpecification\",\"valueRequired\":true,\"valueName\":\"search_term_string\"}}],\"inLanguage\":\"en-US\"},{\"@type\":\"Organization\",\"@id\":\"https:\/\/www.amstedmaxion.com.br\/#organization\",\"name\":\"AMSTEDMAXION\",\"url\":\"https:\/\/www.amstedmaxion.com.br\/\",\"logo\":{\"@type\":\"ImageObject\",\"inLanguage\":\"en-US\",\"@id\":\"https:\/\/www.amstedmaxion.com.br\/#\/schema\/logo\/image\/\",\"url\":\"https:\/\/www.amstedmaxion.com.br\/wp-content\/uploads\/2023\/11\/amsted.png\",\"contentUrl\":\"https:\/\/www.amstedmaxion.com.br\/wp-content\/uploads\/2023\/11\/amsted.png\",\"width\":500,\"height\":500,\"caption\":\"AMSTEDMAXION\"},\"image\":{\"@id\":\"https:\/\/www.amstedmaxion.com.br\/#\/schema\/logo\/image\/\"},\"sameAs\":[\"https:\/\/www.facebook.com\/AmstedMaxion.Oficial\",\"https:\/\/br.linkedin.com\/company\/amstedmaxion\"]},{\"@type\":\"Person\",\"@id\":\"https:\/\/www.amstedmaxion.com.br\/#\/schema\/person\/0120c9e5589f92bbb25580b75edcf439\",\"name\":\"juan@newmind.com.br\",\"image\":{\"@type\":\"ImageObject\",\"inLanguage\":\"en-US\",\"@id\":\"https:\/\/www.amstedmaxion.com.br\/#\/schema\/person\/image\/\",\"url\":\"https:\/\/secure.gravatar.com\/avatar\/4f404a88c5e66d7c90c099fd87bb90a68baa7a7348b153c1c34f9999b4873144?s=96&d=mm&r=g\",\"contentUrl\":\"https:\/\/secure.gravatar.com\/avatar\/4f404a88c5e66d7c90c099fd87bb90a68baa7a7348b153c1c34f9999b4873144?s=96&d=mm&r=g\",\"caption\":\"juan@newmind.com.br\"}}]}<\/script>\n<!-- \/ Yoast SEO plugin. -->","yoast_head_json":{"title":"NT 2010 amplia \u00e1rea no CenterNorte - AmstedMaxion","robots":{"index":"index","follow":"follow","max-snippet":"max-snippet:-1","max-image-preview":"max-image-preview:large","max-video-preview":"max-video-preview:-1"},"canonical":"https:\/\/www.amstedmaxion.com.br\/nt-2010-amplia-area-no-centernorte\/","og_locale":"en_US","og_type":"article","og_title":"NT 2010 amplia \u00e1rea no CenterNorte - AmstedMaxion","og_description":"Para atender a demanda de expositores, a Feira Neg\u00f3cios nos Trilhos 2010 aumentou sua \u00e1rea em 20%, passando de 12 mil metros quadrados para 14,4 mil metros quadrados. rn rnRealizado e organizado pela Revista Ferrovi\u00e1ria, o evento, que acontece de 9 a 11 de novembro no Pavilh\u00e3o Vermelho do Expo Center Norte, em S\u00e3o, Paulo, [&hellip;]","og_url":"https:\/\/www.amstedmaxion.com.br\/nt-2010-amplia-area-no-centernorte\/","og_site_name":"AmstedMaxion","article_publisher":"https:\/\/www.facebook.com\/AmstedMaxion.Oficial","article_published_time":"2010-10-13T03:00:00+00:00","author":"juan@newmind.com.br","twitter_card":"summary_large_image","twitter_misc":{"Written by":"juan@newmind.com.br","Est. reading time":"1 minute"},"schema":{"@context":"https:\/\/schema.org","@graph":[{"@type":"Article","@id":"https:\/\/www.amstedmaxion.com.br\/nt-2010-amplia-area-no-centernorte\/#article","isPartOf":{"@id":"https:\/\/www.amstedmaxion.com.br\/nt-2010-amplia-area-no-centernorte\/"},"author":{"name":"juan@newmind.com.br","@id":"https:\/\/www.amstedmaxion.com.br\/#\/schema\/person\/0120c9e5589f92bbb25580b75edcf439"},"headline":"NT 2010 amplia \u00e1rea no CenterNorte","datePublished":"2010-10-13T03:00:00+00:00","dateModified":"2010-10-13T03:00:00+00:00","mainEntityOfPage":{"@id":"https:\/\/www.amstedmaxion.com.br\/nt-2010-amplia-area-no-centernorte\/"},"wordCount":301,"commentCount":0,"publisher":{"@id":"https:\/\/www.amstedmaxion.com.br\/#organization"},"articleSection":["Not\u00edcias da AmstedMaxion"],"inLanguage":"en-US","potentialAction":[{"@type":"CommentAction","name":"Comment","target":["https:\/\/www.amstedmaxion.com.br\/nt-2010-amplia-area-no-centernorte\/#respond"]}]},{"@type":"WebPage","@id":"https:\/\/www.amstedmaxion.com.br\/nt-2010-amplia-area-no-centernorte\/","url":"https:\/\/www.amstedmaxion.com.br\/nt-2010-amplia-area-no-centernorte\/","name":"NT 2010 amplia \u00e1rea no CenterNorte - AmstedMaxion","isPartOf":{"@id":"https:\/\/www.amstedmaxion.com.br\/#website"},"datePublished":"2010-10-13T03:00:00+00:00","dateModified":"2010-10-13T03:00:00+00:00","breadcrumb":{"@id":"https:\/\/www.amstedmaxion.com.br\/nt-2010-amplia-area-no-centernorte\/#breadcrumb"},"inLanguage":"en-US","potentialAction":[{"@type":"ReadAction","target":["https:\/\/www.amstedmaxion.com.br\/nt-2010-amplia-area-no-centernorte\/"]}]},{"@type":"BreadcrumbList","@id":"https:\/\/www.amstedmaxion.com.br\/nt-2010-amplia-area-no-centernorte\/#breadcrumb","itemListElement":[{"@type":"ListItem","position":1,"name":"In\u00edcio","item":"https:\/\/www.amstedmaxion.com.br\/"},{"@type":"ListItem","position":2,"name":"NT 2010 amplia \u00e1rea no CenterNorte"}]},{"@type":"WebSite","@id":"https:\/\/www.amstedmaxion.com.br\/#website","url":"https:\/\/www.amstedmaxion.com.br\/","name":"AmstedMaxion","description":"AmstedMaxion - Fundi\u00e7\u00e3o e Equipamentos Ferrovi\u00e1rios","publisher":{"@id":"https:\/\/www.amstedmaxion.com.br\/#organization"},"alternateName":"AmstedMaxion","potentialAction":[{"@type":"SearchAction","target":{"@type":"EntryPoint","urlTemplate":"https:\/\/www.amstedmaxion.com.br\/?s={search_term_string}"},"query-input":{"@type":"PropertyValueSpecification","valueRequired":true,"valueName":"search_term_string"}}],"inLanguage":"en-US"},{"@type":"Organization","@id":"https:\/\/www.amstedmaxion.com.br\/#organization","name":"AMSTEDMAXION","url":"https:\/\/www.amstedmaxion.com.br\/","logo":{"@type":"ImageObject","inLanguage":"en-US","@id":"https:\/\/www.amstedmaxion.com.br\/#\/schema\/logo\/image\/","url":"https:\/\/www.amstedmaxion.com.br\/wp-content\/uploads\/2023\/11\/amsted.png","contentUrl":"https:\/\/www.amstedmaxion.com.br\/wp-content\/uploads\/2023\/11\/amsted.png","width":500,"height":500,"caption":"AMSTEDMAXION"},"image":{"@id":"https:\/\/www.amstedmaxion.com.br\/#\/schema\/logo\/image\/"},"sameAs":["https:\/\/www.facebook.com\/AmstedMaxion.Oficial","https:\/\/br.linkedin.com\/company\/amstedmaxion"]},{"@type":"Person","@id":"https:\/\/www.amstedmaxion.com.br\/#\/schema\/person\/0120c9e5589f92bbb25580b75edcf439","name":"juan@newmind.com.br","image":{"@type":"ImageObject","inLanguage":"en-US","@id":"https:\/\/www.amstedmaxion.com.br\/#\/schema\/person\/image\/","url":"https:\/\/secure.gravatar.com\/avatar\/4f404a88c5e66d7c90c099fd87bb90a68baa7a7348b153c1c34f9999b4873144?s=96&d=mm&r=g","contentUrl":"https:\/\/secure.gravatar.com\/avatar\/4f404a88c5e66d7c90c099fd87bb90a68baa7a7348b153c1c34f9999b4873144?s=96&d=mm&r=g","caption":"juan@newmind.com.br"}}]}},"_links":{"self":[{"href":"https:\/\/www.amstedmaxion.com.br\/en\/wp-json\/wp\/v2\/posts\/2081","targetHints":{"allow":["GET"]}}],"collection":[{"href":"https:\/\/www.amstedmaxion.com.br\/en\/wp-json\/wp\/v2\/posts"}],"about":[{"href":"https:\/\/www.amstedmaxion.com.br\/en\/wp-json\/wp\/v2\/types\/post"}],"author":[{"embeddable":true,"href":"https:\/\/www.amstedmaxion.com.br\/en\/wp-json\/wp\/v2\/users\/1"}],"replies":[{"embeddable":true,"href":"https:\/\/www.amstedmaxion.com.br\/en\/wp-json\/wp\/v2\/comments?post=2081"}],"version-history":[{"count":0,"href":"https:\/\/www.amstedmaxion.com.br\/en\/wp-json\/wp\/v2\/posts\/2081\/revisions"}],"wp:attachment":[{"href":"https:\/\/www.amstedmaxion.com.br\/en\/wp-json\/wp\/v2\/media?parent=2081"}],"wp:term":[{"taxonomy":"category","embeddable":true,"href":"https:\/\/www.amstedmaxion.com.br\/en\/wp-json\/wp\/v2\/categories?post=2081"},{"taxonomy":"post_tag","embeddable":true,"href":"https:\/\/www.amstedmaxion.com.br\/en\/wp-json\/wp\/v2\/tags?post=2081"}],"curies":[{"name":"wp","href":"https:\/\/api.w.org\/{rel}","templated":true}]}}