{"id":2082,"date":"2010-10-18T00:00:00","date_gmt":"2010-10-18T02:00:00","guid":{"rendered":"http:\/\/189.16.185.54\/amstedmaxion-participa-da-semana-de-tecnologia-fatec-em-cruzeiro\/"},"modified":"2010-10-18T00:00:00","modified_gmt":"2010-10-18T02:00:00","slug":"amstedmaxion-participa-da-semana-de-tecnologia-fatec-em-cruzeiro","status":"publish","type":"post","link":"https:\/\/www.amstedmaxion.com.br\/en\/amstedmaxion-participa-da-semana-de-tecnologia-fatec-em-cruzeiro\/","title":{"rendered":"AmstedMaxion participa da Semana de Tecnologia FATEC em Cruzeiro"},"content":{"rendered":"<p>A AmstedMaxion estar\u00e1 presente na V Semana de Tecnologia da FATEC \u201cProf. Waldomiro May\u201d, que acontece na cidade de Cruzeiro entre os dias 20 e 22 de outubro, das 17h00 \u00e0s 21h30, no Centro Cultural Rotunda. A empresa ir\u00e1 apresentar seus produtos e a tecnologia sustent\u00e1vel aplicada na fabrica\u00e7\u00e3o de vag\u00f5es e componentes ferrovi\u00e1rios.rn<\/p>\n<p>rnEm sua quinta edi\u00e7\u00e3o, o evento tem como objetivo estimular a busca de conhecimento Cient\u00edfico e Tecnol\u00f3gico, al\u00e9m de valorizar o esp\u00edrito inovador e criativo e conscientizar alunos e a comunidade em geral sobre a ess\u00eancia da sustentabilidade e o papel do homem no planeta. A Semana Tecnol\u00f3gica apresenta e divulga os projetos desenvolvidos pelos alunos, ampliando, assim, a rede de relacionamentos e cria v\u00ednculos entre futuros profissionais e investidores.rn<\/p>\n<p>rnA V Semana de Tecnologia da FATEC est\u00e1 inserida no contexto da Semana Nacional de Ci\u00eancia e Tecnologia, que acontece entre os dias 18 e 24 de outubro, realizada anualmente pelo Minist\u00e9rio de Ci\u00eancia e Tecnologia (MCT) do Governo Federal. Neste ano, o evento tem como tema central \u201cCi\u00eancia para o Desenvolvimento Sustent\u00e1vel\u201d. O calend\u00e1rio e as institui\u00e7\u00f5es envolvidas na Semana Nacional de Ci\u00eancia e Tecnologia podem ser vistos no site: http:\/\/semanact.mct.gov.br.<\/p>\n","protected":false},"excerpt":{"rendered":"<p>A AmstedMaxion estar\u00e1 presente na V Semana de Tecnologia da FATEC \u201cProf. Waldomiro May\u201d, que acontece na cidade de Cruzeiro entre os dias 20 e 22 de outubro, das 17h00 \u00e0s 21h30, no Centro Cultural Rotunda. A empresa ir\u00e1 apresentar seus produtos e a tecnologia sustent\u00e1vel aplicada na fabrica\u00e7\u00e3o de vag\u00f5es e componentes ferrovi\u00e1rios.rn rnEm [&hellip;]<\/p>\n","protected":false},"author":1,"featured_media":0,"comment_status":"open","ping_status":"open","sticky":false,"template":"","format":"standard","meta":{"_acf_changed":false,"footnotes":""},"categories":[2],"tags":[],"class_list":["post-2082","post","type-post","status-publish","format-standard","hentry","category-noticias"],"acf":[],"yoast_head":"<!-- This site is optimized with the Yoast SEO plugin v23.9 - https:\/\/yoast.com\/wordpress\/plugins\/seo\/ -->\n<title>AmstedMaxion participa da Semana de Tecnologia FATEC em Cruzeiro - AmstedMaxion<\/title>\n<meta name=\"robots\" content=\"index, follow, max-snippet:-1, max-image-preview:large, max-video-preview:-1\" \/>\n<link rel=\"canonical\" href=\"https:\/\/www.amstedmaxion.com.br\/en\/amstedmaxion-participa-da-semana-de-tecnologia-fatec-em-cruzeiro\/\" \/>\n<meta property=\"og:locale\" content=\"en_US\" \/>\n<meta property=\"og:type\" content=\"article\" \/>\n<meta property=\"og:title\" content=\"AmstedMaxion participa da Semana de Tecnologia FATEC em Cruzeiro - AmstedMaxion\" \/>\n<meta property=\"og:description\" content=\"A AmstedMaxion estar\u00e1 presente na V Semana de Tecnologia da FATEC \u201cProf. Waldomiro May\u201d, que acontece na cidade de Cruzeiro entre os dias 20 e 22 de outubro, das 17h00 \u00e0s 21h30, no Centro Cultural Rotunda. A empresa ir\u00e1 apresentar seus produtos e a tecnologia sustent\u00e1vel aplicada na fabrica\u00e7\u00e3o de vag\u00f5es e componentes ferrovi\u00e1rios.rn rnEm [&hellip;]\" \/>\n<meta property=\"og:url\" content=\"https:\/\/www.amstedmaxion.com.br\/en\/amstedmaxion-participa-da-semana-de-tecnologia-fatec-em-cruzeiro\/\" \/>\n<meta property=\"og:site_name\" content=\"AmstedMaxion\" \/>\n<meta property=\"article:publisher\" content=\"https:\/\/www.facebook.com\/AmstedMaxion.Oficial\" \/>\n<meta property=\"article:published_time\" content=\"2010-10-18T02:00:00+00:00\" \/>\n<meta name=\"author\" content=\"juan@newmind.com.br\" \/>\n<meta name=\"twitter:card\" content=\"summary_large_image\" \/>\n<meta name=\"twitter:label1\" content=\"Written by\" \/>\n\t<meta name=\"twitter:data1\" content=\"juan@newmind.com.br\" \/>\n\t<meta name=\"twitter:label2\" content=\"Est. reading time\" \/>\n\t<meta name=\"twitter:data2\" content=\"1 minute\" \/>\n<script type=\"application\/ld+json\" class=\"yoast-schema-graph\">{\"@context\":\"https:\/\/schema.org\",\"@graph\":[{\"@type\":\"Article\",\"@id\":\"https:\/\/www.amstedmaxion.com.br\/en\/amstedmaxion-participa-da-semana-de-tecnologia-fatec-em-cruzeiro\/#article\",\"isPartOf\":{\"@id\":\"https:\/\/www.amstedmaxion.com.br\/en\/amstedmaxion-participa-da-semana-de-tecnologia-fatec-em-cruzeiro\/\"},\"author\":{\"name\":\"juan@newmind.com.br\",\"@id\":\"https:\/\/www.amstedmaxion.com.br\/#\/schema\/person\/0120c9e5589f92bbb25580b75edcf439\"},\"headline\":\"AmstedMaxion participa da Semana de Tecnologia FATEC em Cruzeiro\",\"datePublished\":\"2010-10-18T02:00:00+00:00\",\"dateModified\":\"2010-10-18T02:00:00+00:00\",\"mainEntityOfPage\":{\"@id\":\"https:\/\/www.amstedmaxion.com.br\/en\/amstedmaxion-participa-da-semana-de-tecnologia-fatec-em-cruzeiro\/\"},\"wordCount\":227,\"commentCount\":0,\"publisher\":{\"@id\":\"https:\/\/www.amstedmaxion.com.br\/#organization\"},\"articleSection\":[\"Not\u00edcias da AmstedMaxion\"],\"inLanguage\":\"en-US\",\"potentialAction\":[{\"@type\":\"CommentAction\",\"name\":\"Comment\",\"target\":[\"https:\/\/www.amstedmaxion.com.br\/en\/amstedmaxion-participa-da-semana-de-tecnologia-fatec-em-cruzeiro\/#respond\"]}]},{\"@type\":\"WebPage\",\"@id\":\"https:\/\/www.amstedmaxion.com.br\/en\/amstedmaxion-participa-da-semana-de-tecnologia-fatec-em-cruzeiro\/\",\"url\":\"https:\/\/www.amstedmaxion.com.br\/en\/amstedmaxion-participa-da-semana-de-tecnologia-fatec-em-cruzeiro\/\",\"name\":\"AmstedMaxion participa da Semana de Tecnologia FATEC em Cruzeiro - AmstedMaxion\",\"isPartOf\":{\"@id\":\"https:\/\/www.amstedmaxion.com.br\/#website\"},\"datePublished\":\"2010-10-18T02:00:00+00:00\",\"dateModified\":\"2010-10-18T02:00:00+00:00\",\"breadcrumb\":{\"@id\":\"https:\/\/www.amstedmaxion.com.br\/en\/amstedmaxion-participa-da-semana-de-tecnologia-fatec-em-cruzeiro\/#breadcrumb\"},\"inLanguage\":\"en-US\",\"potentialAction\":[{\"@type\":\"ReadAction\",\"target\":[\"https:\/\/www.amstedmaxion.com.br\/en\/amstedmaxion-participa-da-semana-de-tecnologia-fatec-em-cruzeiro\/\"]}]},{\"@type\":\"BreadcrumbList\",\"@id\":\"https:\/\/www.amstedmaxion.com.br\/en\/amstedmaxion-participa-da-semana-de-tecnologia-fatec-em-cruzeiro\/#breadcrumb\",\"itemListElement\":[{\"@type\":\"ListItem\",\"position\":1,\"name\":\"In\u00edcio\",\"item\":\"https:\/\/www.amstedmaxion.com.br\/\"},{\"@type\":\"ListItem\",\"position\":2,\"name\":\"AmstedMaxion participa da Semana de Tecnologia FATEC em Cruzeiro\"}]},{\"@type\":\"WebSite\",\"@id\":\"https:\/\/www.amstedmaxion.com.br\/#website\",\"url\":\"https:\/\/www.amstedmaxion.com.br\/\",\"name\":\"AmstedMaxion\",\"description\":\"AmstedMaxion - Fundi\u00e7\u00e3o e Equipamentos Ferrovi\u00e1rios\",\"publisher\":{\"@id\":\"https:\/\/www.amstedmaxion.com.br\/#organization\"},\"alternateName\":\"AmstedMaxion\",\"potentialAction\":[{\"@type\":\"SearchAction\",\"target\":{\"@type\":\"EntryPoint\",\"urlTemplate\":\"https:\/\/www.amstedmaxion.com.br\/?s={search_term_string}\"},\"query-input\":{\"@type\":\"PropertyValueSpecification\",\"valueRequired\":true,\"valueName\":\"search_term_string\"}}],\"inLanguage\":\"en-US\"},{\"@type\":\"Organization\",\"@id\":\"https:\/\/www.amstedmaxion.com.br\/#organization\",\"name\":\"AMSTEDMAXION\",\"url\":\"https:\/\/www.amstedmaxion.com.br\/\",\"logo\":{\"@type\":\"ImageObject\",\"inLanguage\":\"en-US\",\"@id\":\"https:\/\/www.amstedmaxion.com.br\/#\/schema\/logo\/image\/\",\"url\":\"https:\/\/www.amstedmaxion.com.br\/wp-content\/uploads\/2023\/11\/amsted.png\",\"contentUrl\":\"https:\/\/www.amstedmaxion.com.br\/wp-content\/uploads\/2023\/11\/amsted.png\",\"width\":500,\"height\":500,\"caption\":\"AMSTEDMAXION\"},\"image\":{\"@id\":\"https:\/\/www.amstedmaxion.com.br\/#\/schema\/logo\/image\/\"},\"sameAs\":[\"https:\/\/www.facebook.com\/AmstedMaxion.Oficial\",\"https:\/\/br.linkedin.com\/company\/amstedmaxion\"]},{\"@type\":\"Person\",\"@id\":\"https:\/\/www.amstedmaxion.com.br\/#\/schema\/person\/0120c9e5589f92bbb25580b75edcf439\",\"name\":\"juan@newmind.com.br\",\"image\":{\"@type\":\"ImageObject\",\"inLanguage\":\"en-US\",\"@id\":\"https:\/\/www.amstedmaxion.com.br\/#\/schema\/person\/image\/\",\"url\":\"https:\/\/secure.gravatar.com\/avatar\/4f404a88c5e66d7c90c099fd87bb90a68baa7a7348b153c1c34f9999b4873144?s=96&d=mm&r=g\",\"contentUrl\":\"https:\/\/secure.gravatar.com\/avatar\/4f404a88c5e66d7c90c099fd87bb90a68baa7a7348b153c1c34f9999b4873144?s=96&d=mm&r=g\",\"caption\":\"juan@newmind.com.br\"}}]}<\/script>\n<!-- \/ Yoast SEO plugin. -->","yoast_head_json":{"title":"AmstedMaxion participa da Semana de Tecnologia FATEC em Cruzeiro - AmstedMaxion","robots":{"index":"index","follow":"follow","max-snippet":"max-snippet:-1","max-image-preview":"max-image-preview:large","max-video-preview":"max-video-preview:-1"},"canonical":"https:\/\/www.amstedmaxion.com.br\/en\/amstedmaxion-participa-da-semana-de-tecnologia-fatec-em-cruzeiro\/","og_locale":"en_US","og_type":"article","og_title":"AmstedMaxion participa da Semana de Tecnologia FATEC em Cruzeiro - AmstedMaxion","og_description":"A AmstedMaxion estar\u00e1 presente na V Semana de Tecnologia da FATEC \u201cProf. Waldomiro May\u201d, que acontece na cidade de Cruzeiro entre os dias 20 e 22 de outubro, das 17h00 \u00e0s 21h30, no Centro Cultural Rotunda. A empresa ir\u00e1 apresentar seus produtos e a tecnologia sustent\u00e1vel aplicada na fabrica\u00e7\u00e3o de vag\u00f5es e componentes ferrovi\u00e1rios.rn rnEm [&hellip;]","og_url":"https:\/\/www.amstedmaxion.com.br\/en\/amstedmaxion-participa-da-semana-de-tecnologia-fatec-em-cruzeiro\/","og_site_name":"AmstedMaxion","article_publisher":"https:\/\/www.facebook.com\/AmstedMaxion.Oficial","article_published_time":"2010-10-18T02:00:00+00:00","author":"juan@newmind.com.br","twitter_card":"summary_large_image","twitter_misc":{"Written by":"juan@newmind.com.br","Est. reading time":"1 minute"},"schema":{"@context":"https:\/\/schema.org","@graph":[{"@type":"Article","@id":"https:\/\/www.amstedmaxion.com.br\/en\/amstedmaxion-participa-da-semana-de-tecnologia-fatec-em-cruzeiro\/#article","isPartOf":{"@id":"https:\/\/www.amstedmaxion.com.br\/en\/amstedmaxion-participa-da-semana-de-tecnologia-fatec-em-cruzeiro\/"},"author":{"name":"juan@newmind.com.br","@id":"https:\/\/www.amstedmaxion.com.br\/#\/schema\/person\/0120c9e5589f92bbb25580b75edcf439"},"headline":"AmstedMaxion participa da Semana de Tecnologia FATEC em Cruzeiro","datePublished":"2010-10-18T02:00:00+00:00","dateModified":"2010-10-18T02:00:00+00:00","mainEntityOfPage":{"@id":"https:\/\/www.amstedmaxion.com.br\/en\/amstedmaxion-participa-da-semana-de-tecnologia-fatec-em-cruzeiro\/"},"wordCount":227,"commentCount":0,"publisher":{"@id":"https:\/\/www.amstedmaxion.com.br\/#organization"},"articleSection":["Not\u00edcias da AmstedMaxion"],"inLanguage":"en-US","potentialAction":[{"@type":"CommentAction","name":"Comment","target":["https:\/\/www.amstedmaxion.com.br\/en\/amstedmaxion-participa-da-semana-de-tecnologia-fatec-em-cruzeiro\/#respond"]}]},{"@type":"WebPage","@id":"https:\/\/www.amstedmaxion.com.br\/en\/amstedmaxion-participa-da-semana-de-tecnologia-fatec-em-cruzeiro\/","url":"https:\/\/www.amstedmaxion.com.br\/en\/amstedmaxion-participa-da-semana-de-tecnologia-fatec-em-cruzeiro\/","name":"AmstedMaxion participa da Semana de Tecnologia FATEC em Cruzeiro - AmstedMaxion","isPartOf":{"@id":"https:\/\/www.amstedmaxion.com.br\/#website"},"datePublished":"2010-10-18T02:00:00+00:00","dateModified":"2010-10-18T02:00:00+00:00","breadcrumb":{"@id":"https:\/\/www.amstedmaxion.com.br\/en\/amstedmaxion-participa-da-semana-de-tecnologia-fatec-em-cruzeiro\/#breadcrumb"},"inLanguage":"en-US","potentialAction":[{"@type":"ReadAction","target":["https:\/\/www.amstedmaxion.com.br\/en\/amstedmaxion-participa-da-semana-de-tecnologia-fatec-em-cruzeiro\/"]}]},{"@type":"BreadcrumbList","@id":"https:\/\/www.amstedmaxion.com.br\/en\/amstedmaxion-participa-da-semana-de-tecnologia-fatec-em-cruzeiro\/#breadcrumb","itemListElement":[{"@type":"ListItem","position":1,"name":"In\u00edcio","item":"https:\/\/www.amstedmaxion.com.br\/"},{"@type":"ListItem","position":2,"name":"AmstedMaxion participa da Semana de Tecnologia FATEC em Cruzeiro"}]},{"@type":"WebSite","@id":"https:\/\/www.amstedmaxion.com.br\/#website","url":"https:\/\/www.amstedmaxion.com.br\/","name":"AmstedMaxion","description":"AmstedMaxion - Fundi\u00e7\u00e3o e Equipamentos Ferrovi\u00e1rios","publisher":{"@id":"https:\/\/www.amstedmaxion.com.br\/#organization"},"alternateName":"AmstedMaxion","potentialAction":[{"@type":"SearchAction","target":{"@type":"EntryPoint","urlTemplate":"https:\/\/www.amstedmaxion.com.br\/?s={search_term_string}"},"query-input":{"@type":"PropertyValueSpecification","valueRequired":true,"valueName":"search_term_string"}}],"inLanguage":"en-US"},{"@type":"Organization","@id":"https:\/\/www.amstedmaxion.com.br\/#organization","name":"AMSTEDMAXION","url":"https:\/\/www.amstedmaxion.com.br\/","logo":{"@type":"ImageObject","inLanguage":"en-US","@id":"https:\/\/www.amstedmaxion.com.br\/#\/schema\/logo\/image\/","url":"https:\/\/www.amstedmaxion.com.br\/wp-content\/uploads\/2023\/11\/amsted.png","contentUrl":"https:\/\/www.amstedmaxion.com.br\/wp-content\/uploads\/2023\/11\/amsted.png","width":500,"height":500,"caption":"AMSTEDMAXION"},"image":{"@id":"https:\/\/www.amstedmaxion.com.br\/#\/schema\/logo\/image\/"},"sameAs":["https:\/\/www.facebook.com\/AmstedMaxion.Oficial","https:\/\/br.linkedin.com\/company\/amstedmaxion"]},{"@type":"Person","@id":"https:\/\/www.amstedmaxion.com.br\/#\/schema\/person\/0120c9e5589f92bbb25580b75edcf439","name":"juan@newmind.com.br","image":{"@type":"ImageObject","inLanguage":"en-US","@id":"https:\/\/www.amstedmaxion.com.br\/#\/schema\/person\/image\/","url":"https:\/\/secure.gravatar.com\/avatar\/4f404a88c5e66d7c90c099fd87bb90a68baa7a7348b153c1c34f9999b4873144?s=96&d=mm&r=g","contentUrl":"https:\/\/secure.gravatar.com\/avatar\/4f404a88c5e66d7c90c099fd87bb90a68baa7a7348b153c1c34f9999b4873144?s=96&d=mm&r=g","caption":"juan@newmind.com.br"}}]}},"_links":{"self":[{"href":"https:\/\/www.amstedmaxion.com.br\/en\/wp-json\/wp\/v2\/posts\/2082","targetHints":{"allow":["GET"]}}],"collection":[{"href":"https:\/\/www.amstedmaxion.com.br\/en\/wp-json\/wp\/v2\/posts"}],"about":[{"href":"https:\/\/www.amstedmaxion.com.br\/en\/wp-json\/wp\/v2\/types\/post"}],"author":[{"embeddable":true,"href":"https:\/\/www.amstedmaxion.com.br\/en\/wp-json\/wp\/v2\/users\/1"}],"replies":[{"embeddable":true,"href":"https:\/\/www.amstedmaxion.com.br\/en\/wp-json\/wp\/v2\/comments?post=2082"}],"version-history":[{"count":0,"href":"https:\/\/www.amstedmaxion.com.br\/en\/wp-json\/wp\/v2\/posts\/2082\/revisions"}],"wp:attachment":[{"href":"https:\/\/www.amstedmaxion.com.br\/en\/wp-json\/wp\/v2\/media?parent=2082"}],"wp:term":[{"taxonomy":"category","embeddable":true,"href":"https:\/\/www.amstedmaxion.com.br\/en\/wp-json\/wp\/v2\/categories?post=2082"},{"taxonomy":"post_tag","embeddable":true,"href":"https:\/\/www.amstedmaxion.com.br\/en\/wp-json\/wp\/v2\/tags?post=2082"}],"curies":[{"name":"wp","href":"https:\/\/api.w.org\/{rel}","templated":true}]}}