{"id":2129,"date":"2011-04-09T00:00:00","date_gmt":"2011-04-09T03:00:00","guid":{"rendered":"http:\/\/mini01.local\/gbmx\/csv\/transporte-de-carga-por-ferrovias-cresce-12-em-2011-diz-antf\/"},"modified":"2011-04-09T00:00:00","modified_gmt":"2011-04-09T03:00:00","slug":"transporte-de-carga-por-ferrovias-cresce-12-em-2011-diz-antf","status":"publish","type":"post","link":"https:\/\/www.amstedmaxion.com.br\/en\/transporte-de-carga-por-ferrovias-cresce-12-em-2011-diz-antf\/","title":{"rendered":"Transporte de carga por ferrovias cresce 1,2% em 2011, diz ANTF"},"content":{"rendered":"<p>A movimenta\u00e7\u00e3o de cargas pelas concession\u00e1rias do setor ferrovi\u00e1rio atingiu em 2011 475,1 milh\u00f5es de toneladas \u00fateis, resultado 1,2% maior que o registrado em 2010 (470,1 milh\u00f5es), informou nesta segunda-feira (9) a Associa\u00e7\u00e3o Nacional dos Transportadores Ferrovi\u00e1rios (ANTF).rn<\/p>\n<p>rnSegundo a associa\u00e7\u00e3o, foram investidos no ano passado na malha ferrovi\u00e1ria existente e sob administra\u00e7\u00e3o da iniciativa privada R$ 4,739 bilh\u00f5es, sendo R$ 4,596 bilh\u00f5es feitos pelas concession\u00e1rias e os outros R$ 143 milh\u00f5es pela Uni\u00e3o.rn<\/p>\n<p>rnAs cargas mais transportadas por ferrovias no ano passado foram o min\u00e9rio de ferro e o carv\u00e3o mineral (76,61%). O agroneg\u00f3cio representou 11,51% de toda a movimenta\u00e7\u00e3o.rn<\/p>\n<p>rnA ANTF fez tamb\u00e9m um balan\u00e7o dos 15 anos de concess\u00e3o das ferrovias. De acordo com a entidade, de 1997 a 2011, a movimenta\u00e7\u00e3o de carga cresceu 87,6% (de 253,3 milh\u00f5es para 475,1 milh\u00f5es de toneladas \u00fateis) e o investimento no per\u00edodo totalizou R$ 29,7 bilh\u00f5es \u2013 R$ 28,58 bilh\u00f5es realizados pelas concession\u00e1rias.rn<\/p>\n<p>rnEntre 1997 e 2011, ainda segundo a ANTF, o n\u00famero de empregos diretos e indiretos na malha ferrovi\u00e1ria aumentou 148,8% &#8211; passou de 16.662 para 41.455. J\u00e1 o \u00edndice de acidentes nas linhas caiu 81,2% no per\u00edodo, informou a entidade.rn<\/p>\n<p>rnO n\u00famero de locomotivas passou de 1.154 para 3.045, e o de vag\u00f5es, de 43.816 para 100.924 nesse intervalo de 15 anos. Segundo a ANTF, at\u00e9 2020 as concession\u00e1rias devem ter 5.000 locomotivas e 140.000 vag\u00f5es.rn<\/p>\n<p>rnPara o presidente-executivo da ANTF, Rodrigo Vila\u00e7a, os n\u00fameros mostram que \u201ca privatiza\u00e7\u00e3o das ferrovias deu certo e est\u00e1 no caminho certo.\u201drn<\/p>\n<p>rnVila\u00e7a cobrou do governo a concess\u00e3o de benef\u00edcios fiscais e, principalmente, linha de cr\u00e9dito com juros baixos e prazo longo para a produ\u00e7\u00e3o de vag\u00f5es e locomotivas no pa\u00eds. De acordo com ele, se isso for feito o setor deve chegar a 6.000 locomotivas e 200.000 vag\u00f5es em 2020.rn<\/p>\n<p>rn\u201cN\u00f3s levaremos esse pleito aos ministros Fernando Pimentel (Desenvolvimento, Ind\u00fastria e Com\u00e9rcio) e Guido Mantega (Fazenda)\u201d, disse o presidente da ANTF.rn<\/p>\n<p>rnPara 2012rn<\/p>\n<p>rnNeste ano, a estimativa da associa\u00e7\u00e3o \u00e9 que as concession\u00e1rias invistam cerca de R$ 5,3 bilh\u00f5es na malha ferrovi\u00e1ria. J\u00e1 a movimenta\u00e7\u00e3o de carga deve fechar 2012 em 522 milh\u00f5es de toneladas \u00fateis.<\/p>\n","protected":false},"excerpt":{"rendered":"<p>A movimenta\u00e7\u00e3o de cargas pelas concession\u00e1rias do setor ferrovi\u00e1rio atingiu em 2011 475,1 milh\u00f5es de toneladas \u00fateis, resultado 1,2% maior que o registrado em 2010 (470,1 milh\u00f5es), informou nesta segunda-feira (9) a Associa\u00e7\u00e3o Nacional dos Transportadores Ferrovi\u00e1rios (ANTF).rn rnSegundo a associa\u00e7\u00e3o, foram investidos no ano passado na malha ferrovi\u00e1ria existente e sob administra\u00e7\u00e3o da iniciativa [&hellip;]<\/p>\n","protected":false},"author":1,"featured_media":0,"comment_status":"open","ping_status":"open","sticky":false,"template":"","format":"standard","meta":{"_acf_changed":false,"footnotes":""},"categories":[2],"tags":[],"class_list":["post-2129","post","type-post","status-publish","format-standard","hentry","category-noticias"],"acf":[],"yoast_head":"<!-- This site is optimized with the Yoast SEO plugin v23.9 - https:\/\/yoast.com\/wordpress\/plugins\/seo\/ -->\n<title>Transporte de carga por ferrovias cresce 1,2% em 2011, diz ANTF - AmstedMaxion<\/title>\n<meta name=\"robots\" content=\"index, follow, max-snippet:-1, max-image-preview:large, max-video-preview:-1\" \/>\n<link rel=\"canonical\" href=\"https:\/\/www.amstedmaxion.com.br\/transporte-de-carga-por-ferrovias-cresce-12-em-2011-diz-antf\/\" \/>\n<meta property=\"og:locale\" content=\"en_US\" \/>\n<meta property=\"og:type\" content=\"article\" \/>\n<meta property=\"og:title\" content=\"Transporte de carga por ferrovias cresce 1,2% em 2011, diz ANTF - AmstedMaxion\" \/>\n<meta property=\"og:description\" content=\"A movimenta\u00e7\u00e3o de cargas pelas concession\u00e1rias do setor ferrovi\u00e1rio atingiu em 2011 475,1 milh\u00f5es de toneladas \u00fateis, resultado 1,2% maior que o registrado em 2010 (470,1 milh\u00f5es), informou nesta segunda-feira (9) a Associa\u00e7\u00e3o Nacional dos Transportadores Ferrovi\u00e1rios (ANTF).rn rnSegundo a associa\u00e7\u00e3o, foram investidos no ano passado na malha ferrovi\u00e1ria existente e sob administra\u00e7\u00e3o da iniciativa [&hellip;]\" \/>\n<meta property=\"og:url\" content=\"https:\/\/www.amstedmaxion.com.br\/transporte-de-carga-por-ferrovias-cresce-12-em-2011-diz-antf\/\" \/>\n<meta property=\"og:site_name\" content=\"AmstedMaxion\" \/>\n<meta property=\"article:publisher\" content=\"https:\/\/www.facebook.com\/AmstedMaxion.Oficial\" \/>\n<meta property=\"article:published_time\" content=\"2011-04-09T03:00:00+00:00\" \/>\n<meta name=\"author\" content=\"juan@newmind.com.br\" \/>\n<meta name=\"twitter:card\" content=\"summary_large_image\" \/>\n<meta name=\"twitter:label1\" content=\"Written by\" \/>\n\t<meta name=\"twitter:data1\" content=\"juan@newmind.com.br\" \/>\n\t<meta name=\"twitter:label2\" content=\"Est. reading time\" \/>\n\t<meta name=\"twitter:data2\" content=\"2 minutes\" \/>\n<script type=\"application\/ld+json\" class=\"yoast-schema-graph\">{\"@context\":\"https:\/\/schema.org\",\"@graph\":[{\"@type\":\"Article\",\"@id\":\"https:\/\/www.amstedmaxion.com.br\/transporte-de-carga-por-ferrovias-cresce-12-em-2011-diz-antf\/#article\",\"isPartOf\":{\"@id\":\"https:\/\/www.amstedmaxion.com.br\/transporte-de-carga-por-ferrovias-cresce-12-em-2011-diz-antf\/\"},\"author\":{\"name\":\"juan@newmind.com.br\",\"@id\":\"https:\/\/www.amstedmaxion.com.br\/#\/schema\/person\/0120c9e5589f92bbb25580b75edcf439\"},\"headline\":\"Transporte de carga por ferrovias cresce 1,2% em 2011, diz ANTF\",\"datePublished\":\"2011-04-09T03:00:00+00:00\",\"dateModified\":\"2011-04-09T03:00:00+00:00\",\"mainEntityOfPage\":{\"@id\":\"https:\/\/www.amstedmaxion.com.br\/transporte-de-carga-por-ferrovias-cresce-12-em-2011-diz-antf\/\"},\"wordCount\":391,\"commentCount\":0,\"publisher\":{\"@id\":\"https:\/\/www.amstedmaxion.com.br\/#organization\"},\"articleSection\":[\"Not\u00edcias da AmstedMaxion\"],\"inLanguage\":\"en-US\",\"potentialAction\":[{\"@type\":\"CommentAction\",\"name\":\"Comment\",\"target\":[\"https:\/\/www.amstedmaxion.com.br\/transporte-de-carga-por-ferrovias-cresce-12-em-2011-diz-antf\/#respond\"]}]},{\"@type\":\"WebPage\",\"@id\":\"https:\/\/www.amstedmaxion.com.br\/transporte-de-carga-por-ferrovias-cresce-12-em-2011-diz-antf\/\",\"url\":\"https:\/\/www.amstedmaxion.com.br\/transporte-de-carga-por-ferrovias-cresce-12-em-2011-diz-antf\/\",\"name\":\"Transporte de carga por ferrovias cresce 1,2% em 2011, diz ANTF - AmstedMaxion\",\"isPartOf\":{\"@id\":\"https:\/\/www.amstedmaxion.com.br\/#website\"},\"datePublished\":\"2011-04-09T03:00:00+00:00\",\"dateModified\":\"2011-04-09T03:00:00+00:00\",\"breadcrumb\":{\"@id\":\"https:\/\/www.amstedmaxion.com.br\/transporte-de-carga-por-ferrovias-cresce-12-em-2011-diz-antf\/#breadcrumb\"},\"inLanguage\":\"en-US\",\"potentialAction\":[{\"@type\":\"ReadAction\",\"target\":[\"https:\/\/www.amstedmaxion.com.br\/transporte-de-carga-por-ferrovias-cresce-12-em-2011-diz-antf\/\"]}]},{\"@type\":\"BreadcrumbList\",\"@id\":\"https:\/\/www.amstedmaxion.com.br\/transporte-de-carga-por-ferrovias-cresce-12-em-2011-diz-antf\/#breadcrumb\",\"itemListElement\":[{\"@type\":\"ListItem\",\"position\":1,\"name\":\"In\u00edcio\",\"item\":\"https:\/\/www.amstedmaxion.com.br\/\"},{\"@type\":\"ListItem\",\"position\":2,\"name\":\"Transporte de carga por ferrovias cresce 1,2% em 2011, diz ANTF\"}]},{\"@type\":\"WebSite\",\"@id\":\"https:\/\/www.amstedmaxion.com.br\/#website\",\"url\":\"https:\/\/www.amstedmaxion.com.br\/\",\"name\":\"AmstedMaxion\",\"description\":\"AmstedMaxion - Fundi\u00e7\u00e3o e Equipamentos Ferrovi\u00e1rios\",\"publisher\":{\"@id\":\"https:\/\/www.amstedmaxion.com.br\/#organization\"},\"alternateName\":\"AmstedMaxion\",\"potentialAction\":[{\"@type\":\"SearchAction\",\"target\":{\"@type\":\"EntryPoint\",\"urlTemplate\":\"https:\/\/www.amstedmaxion.com.br\/?s={search_term_string}\"},\"query-input\":{\"@type\":\"PropertyValueSpecification\",\"valueRequired\":true,\"valueName\":\"search_term_string\"}}],\"inLanguage\":\"en-US\"},{\"@type\":\"Organization\",\"@id\":\"https:\/\/www.amstedmaxion.com.br\/#organization\",\"name\":\"AMSTEDMAXION\",\"url\":\"https:\/\/www.amstedmaxion.com.br\/\",\"logo\":{\"@type\":\"ImageObject\",\"inLanguage\":\"en-US\",\"@id\":\"https:\/\/www.amstedmaxion.com.br\/#\/schema\/logo\/image\/\",\"url\":\"https:\/\/www.amstedmaxion.com.br\/wp-content\/uploads\/2023\/11\/amsted.png\",\"contentUrl\":\"https:\/\/www.amstedmaxion.com.br\/wp-content\/uploads\/2023\/11\/amsted.png\",\"width\":500,\"height\":500,\"caption\":\"AMSTEDMAXION\"},\"image\":{\"@id\":\"https:\/\/www.amstedmaxion.com.br\/#\/schema\/logo\/image\/\"},\"sameAs\":[\"https:\/\/www.facebook.com\/AmstedMaxion.Oficial\",\"https:\/\/br.linkedin.com\/company\/amstedmaxion\"]},{\"@type\":\"Person\",\"@id\":\"https:\/\/www.amstedmaxion.com.br\/#\/schema\/person\/0120c9e5589f92bbb25580b75edcf439\",\"name\":\"juan@newmind.com.br\",\"image\":{\"@type\":\"ImageObject\",\"inLanguage\":\"en-US\",\"@id\":\"https:\/\/www.amstedmaxion.com.br\/#\/schema\/person\/image\/\",\"url\":\"https:\/\/secure.gravatar.com\/avatar\/4f404a88c5e66d7c90c099fd87bb90a68baa7a7348b153c1c34f9999b4873144?s=96&d=mm&r=g\",\"contentUrl\":\"https:\/\/secure.gravatar.com\/avatar\/4f404a88c5e66d7c90c099fd87bb90a68baa7a7348b153c1c34f9999b4873144?s=96&d=mm&r=g\",\"caption\":\"juan@newmind.com.br\"}}]}<\/script>\n<!-- \/ Yoast SEO plugin. -->","yoast_head_json":{"title":"Transporte de carga por ferrovias cresce 1,2% em 2011, diz ANTF - AmstedMaxion","robots":{"index":"index","follow":"follow","max-snippet":"max-snippet:-1","max-image-preview":"max-image-preview:large","max-video-preview":"max-video-preview:-1"},"canonical":"https:\/\/www.amstedmaxion.com.br\/transporte-de-carga-por-ferrovias-cresce-12-em-2011-diz-antf\/","og_locale":"en_US","og_type":"article","og_title":"Transporte de carga por ferrovias cresce 1,2% em 2011, diz ANTF - AmstedMaxion","og_description":"A movimenta\u00e7\u00e3o de cargas pelas concession\u00e1rias do setor ferrovi\u00e1rio atingiu em 2011 475,1 milh\u00f5es de toneladas \u00fateis, resultado 1,2% maior que o registrado em 2010 (470,1 milh\u00f5es), informou nesta segunda-feira (9) a Associa\u00e7\u00e3o Nacional dos Transportadores Ferrovi\u00e1rios (ANTF).rn rnSegundo a associa\u00e7\u00e3o, foram investidos no ano passado na malha ferrovi\u00e1ria existente e sob administra\u00e7\u00e3o da iniciativa [&hellip;]","og_url":"https:\/\/www.amstedmaxion.com.br\/transporte-de-carga-por-ferrovias-cresce-12-em-2011-diz-antf\/","og_site_name":"AmstedMaxion","article_publisher":"https:\/\/www.facebook.com\/AmstedMaxion.Oficial","article_published_time":"2011-04-09T03:00:00+00:00","author":"juan@newmind.com.br","twitter_card":"summary_large_image","twitter_misc":{"Written by":"juan@newmind.com.br","Est. reading time":"2 minutes"},"schema":{"@context":"https:\/\/schema.org","@graph":[{"@type":"Article","@id":"https:\/\/www.amstedmaxion.com.br\/transporte-de-carga-por-ferrovias-cresce-12-em-2011-diz-antf\/#article","isPartOf":{"@id":"https:\/\/www.amstedmaxion.com.br\/transporte-de-carga-por-ferrovias-cresce-12-em-2011-diz-antf\/"},"author":{"name":"juan@newmind.com.br","@id":"https:\/\/www.amstedmaxion.com.br\/#\/schema\/person\/0120c9e5589f92bbb25580b75edcf439"},"headline":"Transporte de carga por ferrovias cresce 1,2% em 2011, diz ANTF","datePublished":"2011-04-09T03:00:00+00:00","dateModified":"2011-04-09T03:00:00+00:00","mainEntityOfPage":{"@id":"https:\/\/www.amstedmaxion.com.br\/transporte-de-carga-por-ferrovias-cresce-12-em-2011-diz-antf\/"},"wordCount":391,"commentCount":0,"publisher":{"@id":"https:\/\/www.amstedmaxion.com.br\/#organization"},"articleSection":["Not\u00edcias da AmstedMaxion"],"inLanguage":"en-US","potentialAction":[{"@type":"CommentAction","name":"Comment","target":["https:\/\/www.amstedmaxion.com.br\/transporte-de-carga-por-ferrovias-cresce-12-em-2011-diz-antf\/#respond"]}]},{"@type":"WebPage","@id":"https:\/\/www.amstedmaxion.com.br\/transporte-de-carga-por-ferrovias-cresce-12-em-2011-diz-antf\/","url":"https:\/\/www.amstedmaxion.com.br\/transporte-de-carga-por-ferrovias-cresce-12-em-2011-diz-antf\/","name":"Transporte de carga por ferrovias cresce 1,2% em 2011, diz ANTF - AmstedMaxion","isPartOf":{"@id":"https:\/\/www.amstedmaxion.com.br\/#website"},"datePublished":"2011-04-09T03:00:00+00:00","dateModified":"2011-04-09T03:00:00+00:00","breadcrumb":{"@id":"https:\/\/www.amstedmaxion.com.br\/transporte-de-carga-por-ferrovias-cresce-12-em-2011-diz-antf\/#breadcrumb"},"inLanguage":"en-US","potentialAction":[{"@type":"ReadAction","target":["https:\/\/www.amstedmaxion.com.br\/transporte-de-carga-por-ferrovias-cresce-12-em-2011-diz-antf\/"]}]},{"@type":"BreadcrumbList","@id":"https:\/\/www.amstedmaxion.com.br\/transporte-de-carga-por-ferrovias-cresce-12-em-2011-diz-antf\/#breadcrumb","itemListElement":[{"@type":"ListItem","position":1,"name":"In\u00edcio","item":"https:\/\/www.amstedmaxion.com.br\/"},{"@type":"ListItem","position":2,"name":"Transporte de carga por ferrovias cresce 1,2% em 2011, diz ANTF"}]},{"@type":"WebSite","@id":"https:\/\/www.amstedmaxion.com.br\/#website","url":"https:\/\/www.amstedmaxion.com.br\/","name":"AmstedMaxion","description":"AmstedMaxion - Fundi\u00e7\u00e3o e Equipamentos Ferrovi\u00e1rios","publisher":{"@id":"https:\/\/www.amstedmaxion.com.br\/#organization"},"alternateName":"AmstedMaxion","potentialAction":[{"@type":"SearchAction","target":{"@type":"EntryPoint","urlTemplate":"https:\/\/www.amstedmaxion.com.br\/?s={search_term_string}"},"query-input":{"@type":"PropertyValueSpecification","valueRequired":true,"valueName":"search_term_string"}}],"inLanguage":"en-US"},{"@type":"Organization","@id":"https:\/\/www.amstedmaxion.com.br\/#organization","name":"AMSTEDMAXION","url":"https:\/\/www.amstedmaxion.com.br\/","logo":{"@type":"ImageObject","inLanguage":"en-US","@id":"https:\/\/www.amstedmaxion.com.br\/#\/schema\/logo\/image\/","url":"https:\/\/www.amstedmaxion.com.br\/wp-content\/uploads\/2023\/11\/amsted.png","contentUrl":"https:\/\/www.amstedmaxion.com.br\/wp-content\/uploads\/2023\/11\/amsted.png","width":500,"height":500,"caption":"AMSTEDMAXION"},"image":{"@id":"https:\/\/www.amstedmaxion.com.br\/#\/schema\/logo\/image\/"},"sameAs":["https:\/\/www.facebook.com\/AmstedMaxion.Oficial","https:\/\/br.linkedin.com\/company\/amstedmaxion"]},{"@type":"Person","@id":"https:\/\/www.amstedmaxion.com.br\/#\/schema\/person\/0120c9e5589f92bbb25580b75edcf439","name":"juan@newmind.com.br","image":{"@type":"ImageObject","inLanguage":"en-US","@id":"https:\/\/www.amstedmaxion.com.br\/#\/schema\/person\/image\/","url":"https:\/\/secure.gravatar.com\/avatar\/4f404a88c5e66d7c90c099fd87bb90a68baa7a7348b153c1c34f9999b4873144?s=96&d=mm&r=g","contentUrl":"https:\/\/secure.gravatar.com\/avatar\/4f404a88c5e66d7c90c099fd87bb90a68baa7a7348b153c1c34f9999b4873144?s=96&d=mm&r=g","caption":"juan@newmind.com.br"}}]}},"_links":{"self":[{"href":"https:\/\/www.amstedmaxion.com.br\/en\/wp-json\/wp\/v2\/posts\/2129","targetHints":{"allow":["GET"]}}],"collection":[{"href":"https:\/\/www.amstedmaxion.com.br\/en\/wp-json\/wp\/v2\/posts"}],"about":[{"href":"https:\/\/www.amstedmaxion.com.br\/en\/wp-json\/wp\/v2\/types\/post"}],"author":[{"embeddable":true,"href":"https:\/\/www.amstedmaxion.com.br\/en\/wp-json\/wp\/v2\/users\/1"}],"replies":[{"embeddable":true,"href":"https:\/\/www.amstedmaxion.com.br\/en\/wp-json\/wp\/v2\/comments?post=2129"}],"version-history":[{"count":0,"href":"https:\/\/www.amstedmaxion.com.br\/en\/wp-json\/wp\/v2\/posts\/2129\/revisions"}],"wp:attachment":[{"href":"https:\/\/www.amstedmaxion.com.br\/en\/wp-json\/wp\/v2\/media?parent=2129"}],"wp:term":[{"taxonomy":"category","embeddable":true,"href":"https:\/\/www.amstedmaxion.com.br\/en\/wp-json\/wp\/v2\/categories?post=2129"},{"taxonomy":"post_tag","embeddable":true,"href":"https:\/\/www.amstedmaxion.com.br\/en\/wp-json\/wp\/v2\/tags?post=2129"}],"curies":[{"name":"wp","href":"https:\/\/api.w.org\/{rel}","templated":true}]}}