{"id":2130,"date":"2012-04-09T00:00:00","date_gmt":"2012-04-09T03:00:00","guid":{"rendered":"http:\/\/mini01.local\/gbmx\/csv\/antf-ve-aumento-de-99-na-carga-de-ferrovias-em-2012\/"},"modified":"2012-04-09T00:00:00","modified_gmt":"2012-04-09T03:00:00","slug":"antf-ve-aumento-de-99-na-carga-de-ferrovias-em-2012","status":"publish","type":"post","link":"https:\/\/www.amstedmaxion.com.br\/en\/antf-ve-aumento-de-99-na-carga-de-ferrovias-em-2012\/","title":{"rendered":"ANTF v\u00ea aumento de 9,9% na carga de ferrovias em 2012"},"content":{"rendered":"<p>As ferrovias de cargas concedidas no Brasil dever\u00e3o transportar cerca de 522 milh\u00f5es de toneladas \u00fateis (TUs) em 2012, um aumento de cerca de 9,9 por cento em rela\u00e7\u00e3o \u00e0s 475,1 milh\u00f5es de TUs transportadas em 2011, informou nesta segunda-feira a Associa\u00e7\u00e3o Nacional dos Transportadores Ferrovi\u00e1rios (ANTF).rn<\/p>\n<p>rnOs investimentos das concession\u00e1rias dever\u00e3o somar 5,3 bilh\u00f5es de reais neste ano, aumento de 15,2 por cento ante os 4,6 bilh\u00f5es de reais investidos pelas empresas no ano passado.rn<\/p>\n<p>rnSegundo o presidente-executivo da ANTF, Rodrigo Vila\u00e7a, dos investimentos esperados para 2012, cerca de 1,5 bilh\u00e3o devem ser investidos em equipamentos ferrovi\u00e1rios e outros 2 bilh\u00f5es em vias permanentes.rn<\/p>\n<p>rnA ANTF estima que, at\u00e9 2020, o n\u00famero de ferrovias usadas no sistema deve aumentar das atuais 3.045 para cerca de 5 mil e os vag\u00f5es, de 100,9 mil para 140 mil.rn<\/p>\n<p>rnVila\u00e7a ressaltou, entretanto, que apresentar\u00e1 aos ministros do Desenvolvimento, Fernando Pimentel, e da Fazenda, Guido Mantega, pedido para que \u00e0s ferrovias sejam disponibilizadas linhas de financiamento com prazos maiores, al\u00e9m de benef\u00edcios fiscais para compra de equipamentos, como a desonera\u00e7\u00e3o da folha de pagamento.rn<\/p>\n<p>rnO que mais queremos s\u00e3o linhas de financiamentos com prazo de 20 a 25 anos, com taxas reduzidas\u201d, disse Vila\u00e7a, durante entrevista para apresenta\u00e7\u00e3o do balan\u00e7o do setor em 2011.rn<\/p>\n<p>rnSegundo Vila\u00e7a, se conseguir os benef\u00edcios, as concession\u00e1rias podem aumentar ainda mais a frota e chegar, em 2020, com cerca de 200 mil vag\u00f5es e 6 mil locomotivas.rn<\/p>\n<p>rnCONT\u00caINERESrn<\/p>\n<p>rnO transporte de cont\u00eaineres nas ferrovias concedidas cresceu 23,7 por cento em 2011, ante 2010, chegando a 287.458 TEUs -cont\u00eaineres com tamanho equivalente a 20 p\u00e9s. Em 2012, a expectativa \u00e9 de que o transporte de cont\u00eaineres suba 7,1 por cento, para 308 mil TEUs.rn<\/p>\n<p>rnA chamada \u201dprodu\u00e7\u00e3o ferrovi\u00e1ria\u201d, medida em toneladas por quil\u00f4metro \u00fatil (TKU), cresceu dos 278,5 bilh\u00f5es de TKUs em 2010 para 290,5 bilh\u00f5es em 2011. Neste ano, a estimativa \u00e9 de que a produ\u00e7\u00e3o fique em 320 bilh\u00f5es de TKUs.rn\u201d<\/p>\n","protected":false},"excerpt":{"rendered":"<p>As ferrovias de cargas concedidas no Brasil dever\u00e3o transportar cerca de 522 milh\u00f5es de toneladas \u00fateis (TUs) em 2012, um aumento de cerca de 9,9 por cento em rela\u00e7\u00e3o \u00e0s 475,1 milh\u00f5es de TUs transportadas em 2011, informou nesta segunda-feira a Associa\u00e7\u00e3o Nacional dos Transportadores Ferrovi\u00e1rios (ANTF).rn rnOs investimentos das concession\u00e1rias dever\u00e3o somar 5,3 bilh\u00f5es [&hellip;]<\/p>\n","protected":false},"author":1,"featured_media":0,"comment_status":"open","ping_status":"open","sticky":false,"template":"","format":"standard","meta":{"_acf_changed":false,"footnotes":""},"categories":[2],"tags":[],"class_list":["post-2130","post","type-post","status-publish","format-standard","hentry","category-noticias"],"acf":[],"yoast_head":"<!-- This site is optimized with the Yoast SEO plugin v23.9 - https:\/\/yoast.com\/wordpress\/plugins\/seo\/ -->\n<title>ANTF v\u00ea aumento de 9,9% na carga de ferrovias em 2012 - AmstedMaxion<\/title>\n<meta name=\"robots\" content=\"index, follow, max-snippet:-1, max-image-preview:large, max-video-preview:-1\" \/>\n<link rel=\"canonical\" href=\"https:\/\/www.amstedmaxion.com.br\/antf-ve-aumento-de-99-na-carga-de-ferrovias-em-2012\/\" \/>\n<meta property=\"og:locale\" content=\"en_US\" \/>\n<meta property=\"og:type\" content=\"article\" \/>\n<meta property=\"og:title\" content=\"ANTF v\u00ea aumento de 9,9% na carga de ferrovias em 2012 - AmstedMaxion\" \/>\n<meta property=\"og:description\" content=\"As ferrovias de cargas concedidas no Brasil dever\u00e3o transportar cerca de 522 milh\u00f5es de toneladas \u00fateis (TUs) em 2012, um aumento de cerca de 9,9 por cento em rela\u00e7\u00e3o \u00e0s 475,1 milh\u00f5es de TUs transportadas em 2011, informou nesta segunda-feira a Associa\u00e7\u00e3o Nacional dos Transportadores Ferrovi\u00e1rios (ANTF).rn rnOs investimentos das concession\u00e1rias dever\u00e3o somar 5,3 bilh\u00f5es [&hellip;]\" \/>\n<meta property=\"og:url\" content=\"https:\/\/www.amstedmaxion.com.br\/antf-ve-aumento-de-99-na-carga-de-ferrovias-em-2012\/\" \/>\n<meta property=\"og:site_name\" content=\"AmstedMaxion\" \/>\n<meta property=\"article:publisher\" content=\"https:\/\/www.facebook.com\/AmstedMaxion.Oficial\" \/>\n<meta property=\"article:published_time\" content=\"2012-04-09T03:00:00+00:00\" \/>\n<meta name=\"author\" content=\"juan@newmind.com.br\" \/>\n<meta name=\"twitter:card\" content=\"summary_large_image\" \/>\n<meta name=\"twitter:label1\" content=\"Written by\" \/>\n\t<meta name=\"twitter:data1\" content=\"juan@newmind.com.br\" \/>\n\t<meta name=\"twitter:label2\" content=\"Est. reading time\" \/>\n\t<meta name=\"twitter:data2\" content=\"2 minutes\" \/>\n<script type=\"application\/ld+json\" class=\"yoast-schema-graph\">{\"@context\":\"https:\/\/schema.org\",\"@graph\":[{\"@type\":\"Article\",\"@id\":\"https:\/\/www.amstedmaxion.com.br\/antf-ve-aumento-de-99-na-carga-de-ferrovias-em-2012\/#article\",\"isPartOf\":{\"@id\":\"https:\/\/www.amstedmaxion.com.br\/antf-ve-aumento-de-99-na-carga-de-ferrovias-em-2012\/\"},\"author\":{\"name\":\"juan@newmind.com.br\",\"@id\":\"https:\/\/www.amstedmaxion.com.br\/#\/schema\/person\/0120c9e5589f92bbb25580b75edcf439\"},\"headline\":\"ANTF v\u00ea aumento de 9,9% na carga de ferrovias em 2012\",\"datePublished\":\"2012-04-09T03:00:00+00:00\",\"dateModified\":\"2012-04-09T03:00:00+00:00\",\"mainEntityOfPage\":{\"@id\":\"https:\/\/www.amstedmaxion.com.br\/antf-ve-aumento-de-99-na-carga-de-ferrovias-em-2012\/\"},\"wordCount\":345,\"commentCount\":0,\"publisher\":{\"@id\":\"https:\/\/www.amstedmaxion.com.br\/#organization\"},\"articleSection\":[\"Not\u00edcias da AmstedMaxion\"],\"inLanguage\":\"en-US\",\"potentialAction\":[{\"@type\":\"CommentAction\",\"name\":\"Comment\",\"target\":[\"https:\/\/www.amstedmaxion.com.br\/antf-ve-aumento-de-99-na-carga-de-ferrovias-em-2012\/#respond\"]}]},{\"@type\":\"WebPage\",\"@id\":\"https:\/\/www.amstedmaxion.com.br\/antf-ve-aumento-de-99-na-carga-de-ferrovias-em-2012\/\",\"url\":\"https:\/\/www.amstedmaxion.com.br\/antf-ve-aumento-de-99-na-carga-de-ferrovias-em-2012\/\",\"name\":\"ANTF v\u00ea aumento de 9,9% na carga de ferrovias em 2012 - AmstedMaxion\",\"isPartOf\":{\"@id\":\"https:\/\/www.amstedmaxion.com.br\/#website\"},\"datePublished\":\"2012-04-09T03:00:00+00:00\",\"dateModified\":\"2012-04-09T03:00:00+00:00\",\"breadcrumb\":{\"@id\":\"https:\/\/www.amstedmaxion.com.br\/antf-ve-aumento-de-99-na-carga-de-ferrovias-em-2012\/#breadcrumb\"},\"inLanguage\":\"en-US\",\"potentialAction\":[{\"@type\":\"ReadAction\",\"target\":[\"https:\/\/www.amstedmaxion.com.br\/antf-ve-aumento-de-99-na-carga-de-ferrovias-em-2012\/\"]}]},{\"@type\":\"BreadcrumbList\",\"@id\":\"https:\/\/www.amstedmaxion.com.br\/antf-ve-aumento-de-99-na-carga-de-ferrovias-em-2012\/#breadcrumb\",\"itemListElement\":[{\"@type\":\"ListItem\",\"position\":1,\"name\":\"In\u00edcio\",\"item\":\"https:\/\/www.amstedmaxion.com.br\/\"},{\"@type\":\"ListItem\",\"position\":2,\"name\":\"ANTF v\u00ea aumento de 9,9% na carga de ferrovias em 2012\"}]},{\"@type\":\"WebSite\",\"@id\":\"https:\/\/www.amstedmaxion.com.br\/#website\",\"url\":\"https:\/\/www.amstedmaxion.com.br\/\",\"name\":\"AmstedMaxion\",\"description\":\"AmstedMaxion - Fundi\u00e7\u00e3o e Equipamentos Ferrovi\u00e1rios\",\"publisher\":{\"@id\":\"https:\/\/www.amstedmaxion.com.br\/#organization\"},\"alternateName\":\"AmstedMaxion\",\"potentialAction\":[{\"@type\":\"SearchAction\",\"target\":{\"@type\":\"EntryPoint\",\"urlTemplate\":\"https:\/\/www.amstedmaxion.com.br\/?s={search_term_string}\"},\"query-input\":{\"@type\":\"PropertyValueSpecification\",\"valueRequired\":true,\"valueName\":\"search_term_string\"}}],\"inLanguage\":\"en-US\"},{\"@type\":\"Organization\",\"@id\":\"https:\/\/www.amstedmaxion.com.br\/#organization\",\"name\":\"AMSTEDMAXION\",\"url\":\"https:\/\/www.amstedmaxion.com.br\/\",\"logo\":{\"@type\":\"ImageObject\",\"inLanguage\":\"en-US\",\"@id\":\"https:\/\/www.amstedmaxion.com.br\/#\/schema\/logo\/image\/\",\"url\":\"https:\/\/www.amstedmaxion.com.br\/wp-content\/uploads\/2023\/11\/amsted.png\",\"contentUrl\":\"https:\/\/www.amstedmaxion.com.br\/wp-content\/uploads\/2023\/11\/amsted.png\",\"width\":500,\"height\":500,\"caption\":\"AMSTEDMAXION\"},\"image\":{\"@id\":\"https:\/\/www.amstedmaxion.com.br\/#\/schema\/logo\/image\/\"},\"sameAs\":[\"https:\/\/www.facebook.com\/AmstedMaxion.Oficial\",\"https:\/\/br.linkedin.com\/company\/amstedmaxion\"]},{\"@type\":\"Person\",\"@id\":\"https:\/\/www.amstedmaxion.com.br\/#\/schema\/person\/0120c9e5589f92bbb25580b75edcf439\",\"name\":\"juan@newmind.com.br\",\"image\":{\"@type\":\"ImageObject\",\"inLanguage\":\"en-US\",\"@id\":\"https:\/\/www.amstedmaxion.com.br\/#\/schema\/person\/image\/\",\"url\":\"https:\/\/secure.gravatar.com\/avatar\/4f404a88c5e66d7c90c099fd87bb90a68baa7a7348b153c1c34f9999b4873144?s=96&d=mm&r=g\",\"contentUrl\":\"https:\/\/secure.gravatar.com\/avatar\/4f404a88c5e66d7c90c099fd87bb90a68baa7a7348b153c1c34f9999b4873144?s=96&d=mm&r=g\",\"caption\":\"juan@newmind.com.br\"}}]}<\/script>\n<!-- \/ Yoast SEO plugin. -->","yoast_head_json":{"title":"ANTF v\u00ea aumento de 9,9% na carga de ferrovias em 2012 - AmstedMaxion","robots":{"index":"index","follow":"follow","max-snippet":"max-snippet:-1","max-image-preview":"max-image-preview:large","max-video-preview":"max-video-preview:-1"},"canonical":"https:\/\/www.amstedmaxion.com.br\/antf-ve-aumento-de-99-na-carga-de-ferrovias-em-2012\/","og_locale":"en_US","og_type":"article","og_title":"ANTF v\u00ea aumento de 9,9% na carga de ferrovias em 2012 - AmstedMaxion","og_description":"As ferrovias de cargas concedidas no Brasil dever\u00e3o transportar cerca de 522 milh\u00f5es de toneladas \u00fateis (TUs) em 2012, um aumento de cerca de 9,9 por cento em rela\u00e7\u00e3o \u00e0s 475,1 milh\u00f5es de TUs transportadas em 2011, informou nesta segunda-feira a Associa\u00e7\u00e3o Nacional dos Transportadores Ferrovi\u00e1rios (ANTF).rn rnOs investimentos das concession\u00e1rias dever\u00e3o somar 5,3 bilh\u00f5es [&hellip;]","og_url":"https:\/\/www.amstedmaxion.com.br\/antf-ve-aumento-de-99-na-carga-de-ferrovias-em-2012\/","og_site_name":"AmstedMaxion","article_publisher":"https:\/\/www.facebook.com\/AmstedMaxion.Oficial","article_published_time":"2012-04-09T03:00:00+00:00","author":"juan@newmind.com.br","twitter_card":"summary_large_image","twitter_misc":{"Written by":"juan@newmind.com.br","Est. reading time":"2 minutes"},"schema":{"@context":"https:\/\/schema.org","@graph":[{"@type":"Article","@id":"https:\/\/www.amstedmaxion.com.br\/antf-ve-aumento-de-99-na-carga-de-ferrovias-em-2012\/#article","isPartOf":{"@id":"https:\/\/www.amstedmaxion.com.br\/antf-ve-aumento-de-99-na-carga-de-ferrovias-em-2012\/"},"author":{"name":"juan@newmind.com.br","@id":"https:\/\/www.amstedmaxion.com.br\/#\/schema\/person\/0120c9e5589f92bbb25580b75edcf439"},"headline":"ANTF v\u00ea aumento de 9,9% na carga de ferrovias em 2012","datePublished":"2012-04-09T03:00:00+00:00","dateModified":"2012-04-09T03:00:00+00:00","mainEntityOfPage":{"@id":"https:\/\/www.amstedmaxion.com.br\/antf-ve-aumento-de-99-na-carga-de-ferrovias-em-2012\/"},"wordCount":345,"commentCount":0,"publisher":{"@id":"https:\/\/www.amstedmaxion.com.br\/#organization"},"articleSection":["Not\u00edcias da AmstedMaxion"],"inLanguage":"en-US","potentialAction":[{"@type":"CommentAction","name":"Comment","target":["https:\/\/www.amstedmaxion.com.br\/antf-ve-aumento-de-99-na-carga-de-ferrovias-em-2012\/#respond"]}]},{"@type":"WebPage","@id":"https:\/\/www.amstedmaxion.com.br\/antf-ve-aumento-de-99-na-carga-de-ferrovias-em-2012\/","url":"https:\/\/www.amstedmaxion.com.br\/antf-ve-aumento-de-99-na-carga-de-ferrovias-em-2012\/","name":"ANTF v\u00ea aumento de 9,9% na carga de ferrovias em 2012 - AmstedMaxion","isPartOf":{"@id":"https:\/\/www.amstedmaxion.com.br\/#website"},"datePublished":"2012-04-09T03:00:00+00:00","dateModified":"2012-04-09T03:00:00+00:00","breadcrumb":{"@id":"https:\/\/www.amstedmaxion.com.br\/antf-ve-aumento-de-99-na-carga-de-ferrovias-em-2012\/#breadcrumb"},"inLanguage":"en-US","potentialAction":[{"@type":"ReadAction","target":["https:\/\/www.amstedmaxion.com.br\/antf-ve-aumento-de-99-na-carga-de-ferrovias-em-2012\/"]}]},{"@type":"BreadcrumbList","@id":"https:\/\/www.amstedmaxion.com.br\/antf-ve-aumento-de-99-na-carga-de-ferrovias-em-2012\/#breadcrumb","itemListElement":[{"@type":"ListItem","position":1,"name":"In\u00edcio","item":"https:\/\/www.amstedmaxion.com.br\/"},{"@type":"ListItem","position":2,"name":"ANTF v\u00ea aumento de 9,9% na carga de ferrovias em 2012"}]},{"@type":"WebSite","@id":"https:\/\/www.amstedmaxion.com.br\/#website","url":"https:\/\/www.amstedmaxion.com.br\/","name":"AmstedMaxion","description":"AmstedMaxion - Fundi\u00e7\u00e3o e Equipamentos Ferrovi\u00e1rios","publisher":{"@id":"https:\/\/www.amstedmaxion.com.br\/#organization"},"alternateName":"AmstedMaxion","potentialAction":[{"@type":"SearchAction","target":{"@type":"EntryPoint","urlTemplate":"https:\/\/www.amstedmaxion.com.br\/?s={search_term_string}"},"query-input":{"@type":"PropertyValueSpecification","valueRequired":true,"valueName":"search_term_string"}}],"inLanguage":"en-US"},{"@type":"Organization","@id":"https:\/\/www.amstedmaxion.com.br\/#organization","name":"AMSTEDMAXION","url":"https:\/\/www.amstedmaxion.com.br\/","logo":{"@type":"ImageObject","inLanguage":"en-US","@id":"https:\/\/www.amstedmaxion.com.br\/#\/schema\/logo\/image\/","url":"https:\/\/www.amstedmaxion.com.br\/wp-content\/uploads\/2023\/11\/amsted.png","contentUrl":"https:\/\/www.amstedmaxion.com.br\/wp-content\/uploads\/2023\/11\/amsted.png","width":500,"height":500,"caption":"AMSTEDMAXION"},"image":{"@id":"https:\/\/www.amstedmaxion.com.br\/#\/schema\/logo\/image\/"},"sameAs":["https:\/\/www.facebook.com\/AmstedMaxion.Oficial","https:\/\/br.linkedin.com\/company\/amstedmaxion"]},{"@type":"Person","@id":"https:\/\/www.amstedmaxion.com.br\/#\/schema\/person\/0120c9e5589f92bbb25580b75edcf439","name":"juan@newmind.com.br","image":{"@type":"ImageObject","inLanguage":"en-US","@id":"https:\/\/www.amstedmaxion.com.br\/#\/schema\/person\/image\/","url":"https:\/\/secure.gravatar.com\/avatar\/4f404a88c5e66d7c90c099fd87bb90a68baa7a7348b153c1c34f9999b4873144?s=96&d=mm&r=g","contentUrl":"https:\/\/secure.gravatar.com\/avatar\/4f404a88c5e66d7c90c099fd87bb90a68baa7a7348b153c1c34f9999b4873144?s=96&d=mm&r=g","caption":"juan@newmind.com.br"}}]}},"_links":{"self":[{"href":"https:\/\/www.amstedmaxion.com.br\/en\/wp-json\/wp\/v2\/posts\/2130","targetHints":{"allow":["GET"]}}],"collection":[{"href":"https:\/\/www.amstedmaxion.com.br\/en\/wp-json\/wp\/v2\/posts"}],"about":[{"href":"https:\/\/www.amstedmaxion.com.br\/en\/wp-json\/wp\/v2\/types\/post"}],"author":[{"embeddable":true,"href":"https:\/\/www.amstedmaxion.com.br\/en\/wp-json\/wp\/v2\/users\/1"}],"replies":[{"embeddable":true,"href":"https:\/\/www.amstedmaxion.com.br\/en\/wp-json\/wp\/v2\/comments?post=2130"}],"version-history":[{"count":0,"href":"https:\/\/www.amstedmaxion.com.br\/en\/wp-json\/wp\/v2\/posts\/2130\/revisions"}],"wp:attachment":[{"href":"https:\/\/www.amstedmaxion.com.br\/en\/wp-json\/wp\/v2\/media?parent=2130"}],"wp:term":[{"taxonomy":"category","embeddable":true,"href":"https:\/\/www.amstedmaxion.com.br\/en\/wp-json\/wp\/v2\/categories?post=2130"},{"taxonomy":"post_tag","embeddable":true,"href":"https:\/\/www.amstedmaxion.com.br\/en\/wp-json\/wp\/v2\/tags?post=2130"}],"curies":[{"name":"wp","href":"https:\/\/api.w.org\/{rel}","templated":true}]}}