{"id":2131,"date":"2012-04-11T00:00:00","date_gmt":"2012-04-11T03:00:00","guid":{"rendered":"http:\/\/mini01.local\/gbmx\/csv\/amstedmaxion-marca-presenca-no-capacitarh-2012\/"},"modified":"2012-04-11T00:00:00","modified_gmt":"2012-04-11T03:00:00","slug":"amstedmaxion-marca-presenca-no-capacitarh-2012","status":"publish","type":"post","link":"https:\/\/www.amstedmaxion.com.br\/en\/amstedmaxion-marca-presenca-no-capacitarh-2012\/","title":{"rendered":"AmstedMaxion marca presen\u00e7a no Capacitarh 2012"},"content":{"rendered":"<p>O gerente de planejamento e gest\u00e3o da AmstedMaxion, Joaquim Vianna, ir\u00e1 participar da segunda edi\u00e7\u00e3o do Capacitarh &#8211; F\u00f3rum de Capacita\u00e7\u00e3o, Gest\u00e3o de Pessoas e Estrat\u00e9gias Empresariais. O evento, promovido pelo IBC, acontece entre os dias 17 e 19 de abril, em S\u00e3o Paulo, e tem como objetivo discutir e analisar as atribui\u00e7\u00f5es do RH \u2013 gest\u00e3o de pessoas, colocando este no centro das decis\u00f5es estrat\u00e9gicas das empresas.rn<\/p>\n<p>rnAo longo dos tr\u00eas dias do encontro, est\u00e3o programadas sess\u00f5es simult\u00e2neas e pain\u00e9is de debates que reunir\u00e3o os profissionais para compartilhar conhecimentos sobre temas como engajamento, planejamento estrat\u00e9gico, desenvolvimento de l\u00edderes e reten\u00e7\u00e3o de talentos. Ao todo, ser\u00e3o mais de 50 palestrantes em tr\u00eas dias de intenso networking e troca de experi\u00eancias.rn<\/p>\n<p>rnJoaquim Vianna far\u00e1 palestra nodia 18 de abril abordando as m\u00e9tricas intang\u00edveis e integra\u00e7\u00e3o estrat\u00e9gia\/pessoas. Este \u00e9 um f\u00f3rum importante onde todos os pilares da gest\u00e3o de gente s\u00e3o trabalhados a partir de pain\u00e9is e exposi\u00e7\u00f5es entre os palestrantes e p\u00fablico presente. Este encontro, segundo Joaquim, possibilita a troca de conhecimento, networking e atualiza\u00e7\u00e3o profissional.rn<\/p>\n<p>rnMais informa\u00e7\u00f5es no <a href=\"http:\/\/www.capacitarh-ibc.com.br\u201d\" target=\"\u201d_blank\u201d\">www.capacitarh-ibc.com.br<\/a>.rn<\/p>\n<p>rnOutros eventos rn<\/p>\n<p>rnJoaquim Vianna tamb\u00e9m participou de outros dois importantes eventos de gest\u00e3o: a Jornada Infinity \u2013 Excel\u00eancia Operacional, no dia 14 de mar\u00e7o, e o PMO Summit 2012, no dia 29 de mar\u00e7o. Nos dois eventos, Joaquim falou sobre a experi\u00eancia e os trabalhos realizados pela AmstedMaxion, que desenvolve o conceito de Project Lean aproveitando as pr\u00e1ticas de manufatura enxuta, o link com BSC, a gest\u00e3o de portf\u00f3lio e as boas pr\u00e1ticas de escrit\u00f3rio de projetos,. Os conceitos tiveram excelente aceita\u00e7\u00e3o no p\u00fablico presente.rn<\/p>\n<p>rnPara Joaquim, esses eventos s\u00e3o importantes para a imagem da AmstedMaxion, que passa a ser reconhecida externamente em v\u00e1rios ramos de atua\u00e7\u00e3o, al\u00e9m de possibilitar relacionamentos com futuros clientes e parceiros. \u201cSem contar, que estes eventos destacam as atividades estrat\u00e9gicas que j\u00e1 foram e est\u00e3o sendo implementadas na nossa empresa, bem como o nosso modelo de gest\u00e3o de neg\u00f3cios, possibilitando interc\u00e2mbio entre empresas e busca de novas pr\u00e1ticas gerenciais\u201d, observa.\u201d<\/p>\n","protected":false},"excerpt":{"rendered":"<p>O gerente de planejamento e gest\u00e3o da AmstedMaxion, Joaquim Vianna, ir\u00e1 participar da segunda edi\u00e7\u00e3o do Capacitarh &#8211; F\u00f3rum de Capacita\u00e7\u00e3o, Gest\u00e3o de Pessoas e Estrat\u00e9gias Empresariais. O evento, promovido pelo IBC, acontece entre os dias 17 e 19 de abril, em S\u00e3o Paulo, e tem como objetivo discutir e analisar as atribui\u00e7\u00f5es do RH [&hellip;]<\/p>\n","protected":false},"author":1,"featured_media":0,"comment_status":"open","ping_status":"open","sticky":false,"template":"","format":"standard","meta":{"_acf_changed":false,"footnotes":""},"categories":[2],"tags":[],"class_list":["post-2131","post","type-post","status-publish","format-standard","hentry","category-noticias"],"acf":[],"yoast_head":"<!-- This site is optimized with the Yoast SEO plugin v23.9 - https:\/\/yoast.com\/wordpress\/plugins\/seo\/ -->\n<title>AmstedMaxion marca presen\u00e7a no Capacitarh 2012 - AmstedMaxion<\/title>\n<meta name=\"robots\" content=\"index, follow, max-snippet:-1, max-image-preview:large, max-video-preview:-1\" \/>\n<link rel=\"canonical\" href=\"https:\/\/www.amstedmaxion.com.br\/amstedmaxion-marca-presenca-no-capacitarh-2012\/\" \/>\n<meta property=\"og:locale\" content=\"en_US\" \/>\n<meta property=\"og:type\" content=\"article\" \/>\n<meta property=\"og:title\" content=\"AmstedMaxion marca presen\u00e7a no Capacitarh 2012 - AmstedMaxion\" \/>\n<meta property=\"og:description\" content=\"O gerente de planejamento e gest\u00e3o da AmstedMaxion, Joaquim Vianna, ir\u00e1 participar da segunda edi\u00e7\u00e3o do Capacitarh &#8211; F\u00f3rum de Capacita\u00e7\u00e3o, Gest\u00e3o de Pessoas e Estrat\u00e9gias Empresariais. O evento, promovido pelo IBC, acontece entre os dias 17 e 19 de abril, em S\u00e3o Paulo, e tem como objetivo discutir e analisar as atribui\u00e7\u00f5es do RH [&hellip;]\" \/>\n<meta property=\"og:url\" content=\"https:\/\/www.amstedmaxion.com.br\/amstedmaxion-marca-presenca-no-capacitarh-2012\/\" \/>\n<meta property=\"og:site_name\" content=\"AmstedMaxion\" \/>\n<meta property=\"article:publisher\" content=\"https:\/\/www.facebook.com\/AmstedMaxion.Oficial\" \/>\n<meta property=\"article:published_time\" content=\"2012-04-11T03:00:00+00:00\" \/>\n<meta name=\"author\" content=\"juan@newmind.com.br\" \/>\n<meta name=\"twitter:card\" content=\"summary_large_image\" \/>\n<meta name=\"twitter:label1\" content=\"Written by\" \/>\n\t<meta name=\"twitter:data1\" content=\"juan@newmind.com.br\" \/>\n\t<meta name=\"twitter:label2\" content=\"Est. reading time\" \/>\n\t<meta name=\"twitter:data2\" content=\"2 minutes\" \/>\n<script type=\"application\/ld+json\" class=\"yoast-schema-graph\">{\"@context\":\"https:\/\/schema.org\",\"@graph\":[{\"@type\":\"Article\",\"@id\":\"https:\/\/www.amstedmaxion.com.br\/amstedmaxion-marca-presenca-no-capacitarh-2012\/#article\",\"isPartOf\":{\"@id\":\"https:\/\/www.amstedmaxion.com.br\/amstedmaxion-marca-presenca-no-capacitarh-2012\/\"},\"author\":{\"name\":\"juan@newmind.com.br\",\"@id\":\"https:\/\/www.amstedmaxion.com.br\/#\/schema\/person\/0120c9e5589f92bbb25580b75edcf439\"},\"headline\":\"AmstedMaxion marca presen\u00e7a no Capacitarh 2012\",\"datePublished\":\"2012-04-11T03:00:00+00:00\",\"dateModified\":\"2012-04-11T03:00:00+00:00\",\"mainEntityOfPage\":{\"@id\":\"https:\/\/www.amstedmaxion.com.br\/amstedmaxion-marca-presenca-no-capacitarh-2012\/\"},\"wordCount\":398,\"commentCount\":0,\"publisher\":{\"@id\":\"https:\/\/www.amstedmaxion.com.br\/#organization\"},\"articleSection\":[\"Not\u00edcias da AmstedMaxion\"],\"inLanguage\":\"en-US\",\"potentialAction\":[{\"@type\":\"CommentAction\",\"name\":\"Comment\",\"target\":[\"https:\/\/www.amstedmaxion.com.br\/amstedmaxion-marca-presenca-no-capacitarh-2012\/#respond\"]}]},{\"@type\":\"WebPage\",\"@id\":\"https:\/\/www.amstedmaxion.com.br\/amstedmaxion-marca-presenca-no-capacitarh-2012\/\",\"url\":\"https:\/\/www.amstedmaxion.com.br\/amstedmaxion-marca-presenca-no-capacitarh-2012\/\",\"name\":\"AmstedMaxion marca presen\u00e7a no Capacitarh 2012 - AmstedMaxion\",\"isPartOf\":{\"@id\":\"https:\/\/www.amstedmaxion.com.br\/#website\"},\"datePublished\":\"2012-04-11T03:00:00+00:00\",\"dateModified\":\"2012-04-11T03:00:00+00:00\",\"breadcrumb\":{\"@id\":\"https:\/\/www.amstedmaxion.com.br\/amstedmaxion-marca-presenca-no-capacitarh-2012\/#breadcrumb\"},\"inLanguage\":\"en-US\",\"potentialAction\":[{\"@type\":\"ReadAction\",\"target\":[\"https:\/\/www.amstedmaxion.com.br\/amstedmaxion-marca-presenca-no-capacitarh-2012\/\"]}]},{\"@type\":\"BreadcrumbList\",\"@id\":\"https:\/\/www.amstedmaxion.com.br\/amstedmaxion-marca-presenca-no-capacitarh-2012\/#breadcrumb\",\"itemListElement\":[{\"@type\":\"ListItem\",\"position\":1,\"name\":\"In\u00edcio\",\"item\":\"https:\/\/www.amstedmaxion.com.br\/\"},{\"@type\":\"ListItem\",\"position\":2,\"name\":\"AmstedMaxion marca presen\u00e7a no Capacitarh 2012\"}]},{\"@type\":\"WebSite\",\"@id\":\"https:\/\/www.amstedmaxion.com.br\/#website\",\"url\":\"https:\/\/www.amstedmaxion.com.br\/\",\"name\":\"AmstedMaxion\",\"description\":\"AmstedMaxion - Fundi\u00e7\u00e3o e Equipamentos Ferrovi\u00e1rios\",\"publisher\":{\"@id\":\"https:\/\/www.amstedmaxion.com.br\/#organization\"},\"alternateName\":\"AmstedMaxion\",\"potentialAction\":[{\"@type\":\"SearchAction\",\"target\":{\"@type\":\"EntryPoint\",\"urlTemplate\":\"https:\/\/www.amstedmaxion.com.br\/?s={search_term_string}\"},\"query-input\":{\"@type\":\"PropertyValueSpecification\",\"valueRequired\":true,\"valueName\":\"search_term_string\"}}],\"inLanguage\":\"en-US\"},{\"@type\":\"Organization\",\"@id\":\"https:\/\/www.amstedmaxion.com.br\/#organization\",\"name\":\"AMSTEDMAXION\",\"url\":\"https:\/\/www.amstedmaxion.com.br\/\",\"logo\":{\"@type\":\"ImageObject\",\"inLanguage\":\"en-US\",\"@id\":\"https:\/\/www.amstedmaxion.com.br\/#\/schema\/logo\/image\/\",\"url\":\"https:\/\/www.amstedmaxion.com.br\/wp-content\/uploads\/2023\/11\/amsted.png\",\"contentUrl\":\"https:\/\/www.amstedmaxion.com.br\/wp-content\/uploads\/2023\/11\/amsted.png\",\"width\":500,\"height\":500,\"caption\":\"AMSTEDMAXION\"},\"image\":{\"@id\":\"https:\/\/www.amstedmaxion.com.br\/#\/schema\/logo\/image\/\"},\"sameAs\":[\"https:\/\/www.facebook.com\/AmstedMaxion.Oficial\",\"https:\/\/br.linkedin.com\/company\/amstedmaxion\"]},{\"@type\":\"Person\",\"@id\":\"https:\/\/www.amstedmaxion.com.br\/#\/schema\/person\/0120c9e5589f92bbb25580b75edcf439\",\"name\":\"juan@newmind.com.br\",\"image\":{\"@type\":\"ImageObject\",\"inLanguage\":\"en-US\",\"@id\":\"https:\/\/www.amstedmaxion.com.br\/#\/schema\/person\/image\/\",\"url\":\"https:\/\/secure.gravatar.com\/avatar\/4f404a88c5e66d7c90c099fd87bb90a68baa7a7348b153c1c34f9999b4873144?s=96&d=mm&r=g\",\"contentUrl\":\"https:\/\/secure.gravatar.com\/avatar\/4f404a88c5e66d7c90c099fd87bb90a68baa7a7348b153c1c34f9999b4873144?s=96&d=mm&r=g\",\"caption\":\"juan@newmind.com.br\"}}]}<\/script>\n<!-- \/ Yoast SEO plugin. -->","yoast_head_json":{"title":"AmstedMaxion marca presen\u00e7a no Capacitarh 2012 - AmstedMaxion","robots":{"index":"index","follow":"follow","max-snippet":"max-snippet:-1","max-image-preview":"max-image-preview:large","max-video-preview":"max-video-preview:-1"},"canonical":"https:\/\/www.amstedmaxion.com.br\/amstedmaxion-marca-presenca-no-capacitarh-2012\/","og_locale":"en_US","og_type":"article","og_title":"AmstedMaxion marca presen\u00e7a no Capacitarh 2012 - AmstedMaxion","og_description":"O gerente de planejamento e gest\u00e3o da AmstedMaxion, Joaquim Vianna, ir\u00e1 participar da segunda edi\u00e7\u00e3o do Capacitarh &#8211; F\u00f3rum de Capacita\u00e7\u00e3o, Gest\u00e3o de Pessoas e Estrat\u00e9gias Empresariais. O evento, promovido pelo IBC, acontece entre os dias 17 e 19 de abril, em S\u00e3o Paulo, e tem como objetivo discutir e analisar as atribui\u00e7\u00f5es do RH [&hellip;]","og_url":"https:\/\/www.amstedmaxion.com.br\/amstedmaxion-marca-presenca-no-capacitarh-2012\/","og_site_name":"AmstedMaxion","article_publisher":"https:\/\/www.facebook.com\/AmstedMaxion.Oficial","article_published_time":"2012-04-11T03:00:00+00:00","author":"juan@newmind.com.br","twitter_card":"summary_large_image","twitter_misc":{"Written by":"juan@newmind.com.br","Est. reading time":"2 minutes"},"schema":{"@context":"https:\/\/schema.org","@graph":[{"@type":"Article","@id":"https:\/\/www.amstedmaxion.com.br\/amstedmaxion-marca-presenca-no-capacitarh-2012\/#article","isPartOf":{"@id":"https:\/\/www.amstedmaxion.com.br\/amstedmaxion-marca-presenca-no-capacitarh-2012\/"},"author":{"name":"juan@newmind.com.br","@id":"https:\/\/www.amstedmaxion.com.br\/#\/schema\/person\/0120c9e5589f92bbb25580b75edcf439"},"headline":"AmstedMaxion marca presen\u00e7a no Capacitarh 2012","datePublished":"2012-04-11T03:00:00+00:00","dateModified":"2012-04-11T03:00:00+00:00","mainEntityOfPage":{"@id":"https:\/\/www.amstedmaxion.com.br\/amstedmaxion-marca-presenca-no-capacitarh-2012\/"},"wordCount":398,"commentCount":0,"publisher":{"@id":"https:\/\/www.amstedmaxion.com.br\/#organization"},"articleSection":["Not\u00edcias da AmstedMaxion"],"inLanguage":"en-US","potentialAction":[{"@type":"CommentAction","name":"Comment","target":["https:\/\/www.amstedmaxion.com.br\/amstedmaxion-marca-presenca-no-capacitarh-2012\/#respond"]}]},{"@type":"WebPage","@id":"https:\/\/www.amstedmaxion.com.br\/amstedmaxion-marca-presenca-no-capacitarh-2012\/","url":"https:\/\/www.amstedmaxion.com.br\/amstedmaxion-marca-presenca-no-capacitarh-2012\/","name":"AmstedMaxion marca presen\u00e7a no Capacitarh 2012 - AmstedMaxion","isPartOf":{"@id":"https:\/\/www.amstedmaxion.com.br\/#website"},"datePublished":"2012-04-11T03:00:00+00:00","dateModified":"2012-04-11T03:00:00+00:00","breadcrumb":{"@id":"https:\/\/www.amstedmaxion.com.br\/amstedmaxion-marca-presenca-no-capacitarh-2012\/#breadcrumb"},"inLanguage":"en-US","potentialAction":[{"@type":"ReadAction","target":["https:\/\/www.amstedmaxion.com.br\/amstedmaxion-marca-presenca-no-capacitarh-2012\/"]}]},{"@type":"BreadcrumbList","@id":"https:\/\/www.amstedmaxion.com.br\/amstedmaxion-marca-presenca-no-capacitarh-2012\/#breadcrumb","itemListElement":[{"@type":"ListItem","position":1,"name":"In\u00edcio","item":"https:\/\/www.amstedmaxion.com.br\/"},{"@type":"ListItem","position":2,"name":"AmstedMaxion marca presen\u00e7a no Capacitarh 2012"}]},{"@type":"WebSite","@id":"https:\/\/www.amstedmaxion.com.br\/#website","url":"https:\/\/www.amstedmaxion.com.br\/","name":"AmstedMaxion","description":"AmstedMaxion - Fundi\u00e7\u00e3o e Equipamentos Ferrovi\u00e1rios","publisher":{"@id":"https:\/\/www.amstedmaxion.com.br\/#organization"},"alternateName":"AmstedMaxion","potentialAction":[{"@type":"SearchAction","target":{"@type":"EntryPoint","urlTemplate":"https:\/\/www.amstedmaxion.com.br\/?s={search_term_string}"},"query-input":{"@type":"PropertyValueSpecification","valueRequired":true,"valueName":"search_term_string"}}],"inLanguage":"en-US"},{"@type":"Organization","@id":"https:\/\/www.amstedmaxion.com.br\/#organization","name":"AMSTEDMAXION","url":"https:\/\/www.amstedmaxion.com.br\/","logo":{"@type":"ImageObject","inLanguage":"en-US","@id":"https:\/\/www.amstedmaxion.com.br\/#\/schema\/logo\/image\/","url":"https:\/\/www.amstedmaxion.com.br\/wp-content\/uploads\/2023\/11\/amsted.png","contentUrl":"https:\/\/www.amstedmaxion.com.br\/wp-content\/uploads\/2023\/11\/amsted.png","width":500,"height":500,"caption":"AMSTEDMAXION"},"image":{"@id":"https:\/\/www.amstedmaxion.com.br\/#\/schema\/logo\/image\/"},"sameAs":["https:\/\/www.facebook.com\/AmstedMaxion.Oficial","https:\/\/br.linkedin.com\/company\/amstedmaxion"]},{"@type":"Person","@id":"https:\/\/www.amstedmaxion.com.br\/#\/schema\/person\/0120c9e5589f92bbb25580b75edcf439","name":"juan@newmind.com.br","image":{"@type":"ImageObject","inLanguage":"en-US","@id":"https:\/\/www.amstedmaxion.com.br\/#\/schema\/person\/image\/","url":"https:\/\/secure.gravatar.com\/avatar\/4f404a88c5e66d7c90c099fd87bb90a68baa7a7348b153c1c34f9999b4873144?s=96&d=mm&r=g","contentUrl":"https:\/\/secure.gravatar.com\/avatar\/4f404a88c5e66d7c90c099fd87bb90a68baa7a7348b153c1c34f9999b4873144?s=96&d=mm&r=g","caption":"juan@newmind.com.br"}}]}},"_links":{"self":[{"href":"https:\/\/www.amstedmaxion.com.br\/en\/wp-json\/wp\/v2\/posts\/2131","targetHints":{"allow":["GET"]}}],"collection":[{"href":"https:\/\/www.amstedmaxion.com.br\/en\/wp-json\/wp\/v2\/posts"}],"about":[{"href":"https:\/\/www.amstedmaxion.com.br\/en\/wp-json\/wp\/v2\/types\/post"}],"author":[{"embeddable":true,"href":"https:\/\/www.amstedmaxion.com.br\/en\/wp-json\/wp\/v2\/users\/1"}],"replies":[{"embeddable":true,"href":"https:\/\/www.amstedmaxion.com.br\/en\/wp-json\/wp\/v2\/comments?post=2131"}],"version-history":[{"count":0,"href":"https:\/\/www.amstedmaxion.com.br\/en\/wp-json\/wp\/v2\/posts\/2131\/revisions"}],"wp:attachment":[{"href":"https:\/\/www.amstedmaxion.com.br\/en\/wp-json\/wp\/v2\/media?parent=2131"}],"wp:term":[{"taxonomy":"category","embeddable":true,"href":"https:\/\/www.amstedmaxion.com.br\/en\/wp-json\/wp\/v2\/categories?post=2131"},{"taxonomy":"post_tag","embeddable":true,"href":"https:\/\/www.amstedmaxion.com.br\/en\/wp-json\/wp\/v2\/tags?post=2131"}],"curies":[{"name":"wp","href":"https:\/\/api.w.org\/{rel}","templated":true}]}}