{"id":2154,"date":"2012-01-04T00:00:00","date_gmt":"2012-01-04T02:00:00","guid":{"rendered":"http:\/\/mini01.local\/gbmx\/csv\/mudanca-no-tracado-da-fiol-deve-ser-apresentado-em-2012\/"},"modified":"2012-01-04T00:00:00","modified_gmt":"2012-01-04T02:00:00","slug":"mudanca-no-tracado-da-fiol-deve-ser-apresentado-em-2012","status":"publish","type":"post","link":"https:\/\/www.amstedmaxion.com.br\/en\/mudanca-no-tracado-da-fiol-deve-ser-apresentado-em-2012\/","title":{"rendered":"Mudan\u00e7a no tra\u00e7ado da Fiol deve ser apresentado em 2012"},"content":{"rendered":"<p>Valec deve apresentar at\u00e9 o primeiro trimestre de 2012 as mudan\u00e7as no tra\u00e7ado da Ferrovia Oeste Leste. Essa nova altera\u00e7\u00e3o se fez necess\u00e1ria em virtude de parte dos trechos da ferrovia, previstos no projeto original, passarem em regi\u00f5es de cavernas. Os locais situados na regi\u00e3o do S\u00e3o Francisco, oeste baiano, e em trechos das cidades de Barreiras, S\u00e3o Felix do Coribe, Santa Maria da Vit\u00f3ria e S\u00e3o Desid\u00e9rio, foram apontados pelo Ibama como \u00e1reas de cavernas e vistos como impeditivos \u00e0 constru\u00e7\u00e3o da Fiol, pelo projeto original. rn<\/p>\n<p>rnA assessoria da estatal se manifestou alegando que foi preciso refazer o projeto e por este motivo ainda n\u00e3o foi reapresentado ao Ibama. \u201cPor enquanto ainda n\u00e3o foram conclu\u00eddos os estudos de altera\u00e7\u00e3o do tra\u00e7ado nos trechos citados. Trata-se de um local at\u00edpico, com topografia bastante acidentada e irregular, passando por \u00e1reas de serra e propriedades rurais. Uma coisa \u00e9 fazer a constru\u00e7\u00e3o num terreno plano e outra numa regi\u00e3o bastante complexa que necessita de maior aten\u00e7\u00e3o. Quando os estudos estiverem conclu\u00eddos apresentaremos o projeto ao Ibama que dever\u00e1 se manifestar a partir da libera\u00e7\u00e3o de licen\u00e7as. Ent\u00e3o iniciaremos as obras para dar in\u00edcio a constru\u00e7\u00e3o nos trechos de Caetit\u00e9 at\u00e9 Barreiras\u201d, cita.rn<\/p>\n<p>rnA Valec ressaltou ainda que, com a mudan\u00e7a do tra\u00e7ado, os valores iniciais previstos para a constru\u00e7\u00e3o da Fiol devem sofrer altera\u00e7\u00e3o. Atualmente os custos de investimento da Ferrovia s\u00e3o estimados em R$ 7,43 bilh\u00f5es at\u00e9 2014 e ter\u00e1 1.527 km de extens\u00e3o. \u201cA Fiol promover\u00e1 a dinamiza\u00e7\u00e3o das economias locais, alavancando novos empreendimentos na regi\u00e3o, com aumento da arrecada\u00e7\u00e3o de impostos, al\u00e9m de gera\u00e7\u00e3o de cerca de 30 mil empregos diretos. A ferrovia deve fomentar ainda mais o desenvolvimento agr\u00edcola da regi\u00e3o oeste do Estado, cuja previs\u00e3o \u00e9 de uma produ\u00e7\u00e3o de 6,7 milh\u00f5es de toneladas em 2015. Os principais produtos a serem transportados s\u00e3o soja, farelo de soja e milho, al\u00e9m de fertilizantes, combust\u00edveis e min\u00e9rio de ferro\u201d, ressalta.<\/p>\n","protected":false},"excerpt":{"rendered":"<p>Valec deve apresentar at\u00e9 o primeiro trimestre de 2012 as mudan\u00e7as no tra\u00e7ado da Ferrovia Oeste Leste. Essa nova altera\u00e7\u00e3o se fez necess\u00e1ria em virtude de parte dos trechos da ferrovia, previstos no projeto original, passarem em regi\u00f5es de cavernas. Os locais situados na regi\u00e3o do S\u00e3o Francisco, oeste baiano, e em trechos das cidades [&hellip;]<\/p>\n","protected":false},"author":1,"featured_media":0,"comment_status":"open","ping_status":"open","sticky":false,"template":"","format":"standard","meta":{"_acf_changed":false,"footnotes":""},"categories":[2],"tags":[],"class_list":["post-2154","post","type-post","status-publish","format-standard","hentry","category-noticias"],"acf":[],"yoast_head":"<!-- This site is optimized with the Yoast SEO plugin v23.9 - https:\/\/yoast.com\/wordpress\/plugins\/seo\/ -->\n<title>Mudan\u00e7a no tra\u00e7ado da Fiol deve ser apresentado em 2012 - AmstedMaxion<\/title>\n<meta name=\"robots\" content=\"index, follow, max-snippet:-1, max-image-preview:large, max-video-preview:-1\" \/>\n<link rel=\"canonical\" href=\"https:\/\/www.amstedmaxion.com.br\/mudanca-no-tracado-da-fiol-deve-ser-apresentado-em-2012\/\" \/>\n<meta property=\"og:locale\" content=\"en_US\" \/>\n<meta property=\"og:type\" content=\"article\" \/>\n<meta property=\"og:title\" content=\"Mudan\u00e7a no tra\u00e7ado da Fiol deve ser apresentado em 2012 - AmstedMaxion\" \/>\n<meta property=\"og:description\" content=\"Valec deve apresentar at\u00e9 o primeiro trimestre de 2012 as mudan\u00e7as no tra\u00e7ado da Ferrovia Oeste Leste. Essa nova altera\u00e7\u00e3o se fez necess\u00e1ria em virtude de parte dos trechos da ferrovia, previstos no projeto original, passarem em regi\u00f5es de cavernas. Os locais situados na regi\u00e3o do S\u00e3o Francisco, oeste baiano, e em trechos das cidades [&hellip;]\" \/>\n<meta property=\"og:url\" content=\"https:\/\/www.amstedmaxion.com.br\/mudanca-no-tracado-da-fiol-deve-ser-apresentado-em-2012\/\" \/>\n<meta property=\"og:site_name\" content=\"AmstedMaxion\" \/>\n<meta property=\"article:publisher\" content=\"https:\/\/www.facebook.com\/AmstedMaxion.Oficial\" \/>\n<meta property=\"article:published_time\" content=\"2012-01-04T02:00:00+00:00\" \/>\n<meta name=\"author\" content=\"juan@newmind.com.br\" \/>\n<meta name=\"twitter:card\" content=\"summary_large_image\" \/>\n<meta name=\"twitter:label1\" content=\"Written by\" \/>\n\t<meta name=\"twitter:data1\" content=\"juan@newmind.com.br\" \/>\n\t<meta name=\"twitter:label2\" content=\"Est. reading time\" \/>\n\t<meta name=\"twitter:data2\" content=\"2 minutes\" \/>\n<script type=\"application\/ld+json\" class=\"yoast-schema-graph\">{\"@context\":\"https:\/\/schema.org\",\"@graph\":[{\"@type\":\"Article\",\"@id\":\"https:\/\/www.amstedmaxion.com.br\/mudanca-no-tracado-da-fiol-deve-ser-apresentado-em-2012\/#article\",\"isPartOf\":{\"@id\":\"https:\/\/www.amstedmaxion.com.br\/mudanca-no-tracado-da-fiol-deve-ser-apresentado-em-2012\/\"},\"author\":{\"name\":\"juan@newmind.com.br\",\"@id\":\"https:\/\/www.amstedmaxion.com.br\/#\/schema\/person\/0120c9e5589f92bbb25580b75edcf439\"},\"headline\":\"Mudan\u00e7a no tra\u00e7ado da Fiol deve ser apresentado em 2012\",\"datePublished\":\"2012-01-04T02:00:00+00:00\",\"dateModified\":\"2012-01-04T02:00:00+00:00\",\"mainEntityOfPage\":{\"@id\":\"https:\/\/www.amstedmaxion.com.br\/mudanca-no-tracado-da-fiol-deve-ser-apresentado-em-2012\/\"},\"wordCount\":372,\"commentCount\":0,\"publisher\":{\"@id\":\"https:\/\/www.amstedmaxion.com.br\/#organization\"},\"articleSection\":[\"Not\u00edcias da AmstedMaxion\"],\"inLanguage\":\"en-US\",\"potentialAction\":[{\"@type\":\"CommentAction\",\"name\":\"Comment\",\"target\":[\"https:\/\/www.amstedmaxion.com.br\/mudanca-no-tracado-da-fiol-deve-ser-apresentado-em-2012\/#respond\"]}]},{\"@type\":\"WebPage\",\"@id\":\"https:\/\/www.amstedmaxion.com.br\/mudanca-no-tracado-da-fiol-deve-ser-apresentado-em-2012\/\",\"url\":\"https:\/\/www.amstedmaxion.com.br\/mudanca-no-tracado-da-fiol-deve-ser-apresentado-em-2012\/\",\"name\":\"Mudan\u00e7a no tra\u00e7ado da Fiol deve ser apresentado em 2012 - AmstedMaxion\",\"isPartOf\":{\"@id\":\"https:\/\/www.amstedmaxion.com.br\/#website\"},\"datePublished\":\"2012-01-04T02:00:00+00:00\",\"dateModified\":\"2012-01-04T02:00:00+00:00\",\"breadcrumb\":{\"@id\":\"https:\/\/www.amstedmaxion.com.br\/mudanca-no-tracado-da-fiol-deve-ser-apresentado-em-2012\/#breadcrumb\"},\"inLanguage\":\"en-US\",\"potentialAction\":[{\"@type\":\"ReadAction\",\"target\":[\"https:\/\/www.amstedmaxion.com.br\/mudanca-no-tracado-da-fiol-deve-ser-apresentado-em-2012\/\"]}]},{\"@type\":\"BreadcrumbList\",\"@id\":\"https:\/\/www.amstedmaxion.com.br\/mudanca-no-tracado-da-fiol-deve-ser-apresentado-em-2012\/#breadcrumb\",\"itemListElement\":[{\"@type\":\"ListItem\",\"position\":1,\"name\":\"In\u00edcio\",\"item\":\"https:\/\/www.amstedmaxion.com.br\/\"},{\"@type\":\"ListItem\",\"position\":2,\"name\":\"Mudan\u00e7a no tra\u00e7ado da Fiol deve ser apresentado em 2012\"}]},{\"@type\":\"WebSite\",\"@id\":\"https:\/\/www.amstedmaxion.com.br\/#website\",\"url\":\"https:\/\/www.amstedmaxion.com.br\/\",\"name\":\"AmstedMaxion\",\"description\":\"AmstedMaxion - Fundi\u00e7\u00e3o e Equipamentos Ferrovi\u00e1rios\",\"publisher\":{\"@id\":\"https:\/\/www.amstedmaxion.com.br\/#organization\"},\"alternateName\":\"AmstedMaxion\",\"potentialAction\":[{\"@type\":\"SearchAction\",\"target\":{\"@type\":\"EntryPoint\",\"urlTemplate\":\"https:\/\/www.amstedmaxion.com.br\/?s={search_term_string}\"},\"query-input\":{\"@type\":\"PropertyValueSpecification\",\"valueRequired\":true,\"valueName\":\"search_term_string\"}}],\"inLanguage\":\"en-US\"},{\"@type\":\"Organization\",\"@id\":\"https:\/\/www.amstedmaxion.com.br\/#organization\",\"name\":\"AMSTEDMAXION\",\"url\":\"https:\/\/www.amstedmaxion.com.br\/\",\"logo\":{\"@type\":\"ImageObject\",\"inLanguage\":\"en-US\",\"@id\":\"https:\/\/www.amstedmaxion.com.br\/#\/schema\/logo\/image\/\",\"url\":\"https:\/\/www.amstedmaxion.com.br\/wp-content\/uploads\/2023\/11\/amsted.png\",\"contentUrl\":\"https:\/\/www.amstedmaxion.com.br\/wp-content\/uploads\/2023\/11\/amsted.png\",\"width\":500,\"height\":500,\"caption\":\"AMSTEDMAXION\"},\"image\":{\"@id\":\"https:\/\/www.amstedmaxion.com.br\/#\/schema\/logo\/image\/\"},\"sameAs\":[\"https:\/\/www.facebook.com\/AmstedMaxion.Oficial\",\"https:\/\/br.linkedin.com\/company\/amstedmaxion\"]},{\"@type\":\"Person\",\"@id\":\"https:\/\/www.amstedmaxion.com.br\/#\/schema\/person\/0120c9e5589f92bbb25580b75edcf439\",\"name\":\"juan@newmind.com.br\",\"image\":{\"@type\":\"ImageObject\",\"inLanguage\":\"en-US\",\"@id\":\"https:\/\/www.amstedmaxion.com.br\/#\/schema\/person\/image\/\",\"url\":\"https:\/\/secure.gravatar.com\/avatar\/4f404a88c5e66d7c90c099fd87bb90a68baa7a7348b153c1c34f9999b4873144?s=96&d=mm&r=g\",\"contentUrl\":\"https:\/\/secure.gravatar.com\/avatar\/4f404a88c5e66d7c90c099fd87bb90a68baa7a7348b153c1c34f9999b4873144?s=96&d=mm&r=g\",\"caption\":\"juan@newmind.com.br\"}}]}<\/script>\n<!-- \/ Yoast SEO plugin. -->","yoast_head_json":{"title":"Mudan\u00e7a no tra\u00e7ado da Fiol deve ser apresentado em 2012 - AmstedMaxion","robots":{"index":"index","follow":"follow","max-snippet":"max-snippet:-1","max-image-preview":"max-image-preview:large","max-video-preview":"max-video-preview:-1"},"canonical":"https:\/\/www.amstedmaxion.com.br\/mudanca-no-tracado-da-fiol-deve-ser-apresentado-em-2012\/","og_locale":"en_US","og_type":"article","og_title":"Mudan\u00e7a no tra\u00e7ado da Fiol deve ser apresentado em 2012 - AmstedMaxion","og_description":"Valec deve apresentar at\u00e9 o primeiro trimestre de 2012 as mudan\u00e7as no tra\u00e7ado da Ferrovia Oeste Leste. Essa nova altera\u00e7\u00e3o se fez necess\u00e1ria em virtude de parte dos trechos da ferrovia, previstos no projeto original, passarem em regi\u00f5es de cavernas. Os locais situados na regi\u00e3o do S\u00e3o Francisco, oeste baiano, e em trechos das cidades [&hellip;]","og_url":"https:\/\/www.amstedmaxion.com.br\/mudanca-no-tracado-da-fiol-deve-ser-apresentado-em-2012\/","og_site_name":"AmstedMaxion","article_publisher":"https:\/\/www.facebook.com\/AmstedMaxion.Oficial","article_published_time":"2012-01-04T02:00:00+00:00","author":"juan@newmind.com.br","twitter_card":"summary_large_image","twitter_misc":{"Written by":"juan@newmind.com.br","Est. reading time":"2 minutes"},"schema":{"@context":"https:\/\/schema.org","@graph":[{"@type":"Article","@id":"https:\/\/www.amstedmaxion.com.br\/mudanca-no-tracado-da-fiol-deve-ser-apresentado-em-2012\/#article","isPartOf":{"@id":"https:\/\/www.amstedmaxion.com.br\/mudanca-no-tracado-da-fiol-deve-ser-apresentado-em-2012\/"},"author":{"name":"juan@newmind.com.br","@id":"https:\/\/www.amstedmaxion.com.br\/#\/schema\/person\/0120c9e5589f92bbb25580b75edcf439"},"headline":"Mudan\u00e7a no tra\u00e7ado da Fiol deve ser apresentado em 2012","datePublished":"2012-01-04T02:00:00+00:00","dateModified":"2012-01-04T02:00:00+00:00","mainEntityOfPage":{"@id":"https:\/\/www.amstedmaxion.com.br\/mudanca-no-tracado-da-fiol-deve-ser-apresentado-em-2012\/"},"wordCount":372,"commentCount":0,"publisher":{"@id":"https:\/\/www.amstedmaxion.com.br\/#organization"},"articleSection":["Not\u00edcias da AmstedMaxion"],"inLanguage":"en-US","potentialAction":[{"@type":"CommentAction","name":"Comment","target":["https:\/\/www.amstedmaxion.com.br\/mudanca-no-tracado-da-fiol-deve-ser-apresentado-em-2012\/#respond"]}]},{"@type":"WebPage","@id":"https:\/\/www.amstedmaxion.com.br\/mudanca-no-tracado-da-fiol-deve-ser-apresentado-em-2012\/","url":"https:\/\/www.amstedmaxion.com.br\/mudanca-no-tracado-da-fiol-deve-ser-apresentado-em-2012\/","name":"Mudan\u00e7a no tra\u00e7ado da Fiol deve ser apresentado em 2012 - AmstedMaxion","isPartOf":{"@id":"https:\/\/www.amstedmaxion.com.br\/#website"},"datePublished":"2012-01-04T02:00:00+00:00","dateModified":"2012-01-04T02:00:00+00:00","breadcrumb":{"@id":"https:\/\/www.amstedmaxion.com.br\/mudanca-no-tracado-da-fiol-deve-ser-apresentado-em-2012\/#breadcrumb"},"inLanguage":"en-US","potentialAction":[{"@type":"ReadAction","target":["https:\/\/www.amstedmaxion.com.br\/mudanca-no-tracado-da-fiol-deve-ser-apresentado-em-2012\/"]}]},{"@type":"BreadcrumbList","@id":"https:\/\/www.amstedmaxion.com.br\/mudanca-no-tracado-da-fiol-deve-ser-apresentado-em-2012\/#breadcrumb","itemListElement":[{"@type":"ListItem","position":1,"name":"In\u00edcio","item":"https:\/\/www.amstedmaxion.com.br\/"},{"@type":"ListItem","position":2,"name":"Mudan\u00e7a no tra\u00e7ado da Fiol deve ser apresentado em 2012"}]},{"@type":"WebSite","@id":"https:\/\/www.amstedmaxion.com.br\/#website","url":"https:\/\/www.amstedmaxion.com.br\/","name":"AmstedMaxion","description":"AmstedMaxion - Fundi\u00e7\u00e3o e Equipamentos Ferrovi\u00e1rios","publisher":{"@id":"https:\/\/www.amstedmaxion.com.br\/#organization"},"alternateName":"AmstedMaxion","potentialAction":[{"@type":"SearchAction","target":{"@type":"EntryPoint","urlTemplate":"https:\/\/www.amstedmaxion.com.br\/?s={search_term_string}"},"query-input":{"@type":"PropertyValueSpecification","valueRequired":true,"valueName":"search_term_string"}}],"inLanguage":"en-US"},{"@type":"Organization","@id":"https:\/\/www.amstedmaxion.com.br\/#organization","name":"AMSTEDMAXION","url":"https:\/\/www.amstedmaxion.com.br\/","logo":{"@type":"ImageObject","inLanguage":"en-US","@id":"https:\/\/www.amstedmaxion.com.br\/#\/schema\/logo\/image\/","url":"https:\/\/www.amstedmaxion.com.br\/wp-content\/uploads\/2023\/11\/amsted.png","contentUrl":"https:\/\/www.amstedmaxion.com.br\/wp-content\/uploads\/2023\/11\/amsted.png","width":500,"height":500,"caption":"AMSTEDMAXION"},"image":{"@id":"https:\/\/www.amstedmaxion.com.br\/#\/schema\/logo\/image\/"},"sameAs":["https:\/\/www.facebook.com\/AmstedMaxion.Oficial","https:\/\/br.linkedin.com\/company\/amstedmaxion"]},{"@type":"Person","@id":"https:\/\/www.amstedmaxion.com.br\/#\/schema\/person\/0120c9e5589f92bbb25580b75edcf439","name":"juan@newmind.com.br","image":{"@type":"ImageObject","inLanguage":"en-US","@id":"https:\/\/www.amstedmaxion.com.br\/#\/schema\/person\/image\/","url":"https:\/\/secure.gravatar.com\/avatar\/4f404a88c5e66d7c90c099fd87bb90a68baa7a7348b153c1c34f9999b4873144?s=96&d=mm&r=g","contentUrl":"https:\/\/secure.gravatar.com\/avatar\/4f404a88c5e66d7c90c099fd87bb90a68baa7a7348b153c1c34f9999b4873144?s=96&d=mm&r=g","caption":"juan@newmind.com.br"}}]}},"_links":{"self":[{"href":"https:\/\/www.amstedmaxion.com.br\/en\/wp-json\/wp\/v2\/posts\/2154","targetHints":{"allow":["GET"]}}],"collection":[{"href":"https:\/\/www.amstedmaxion.com.br\/en\/wp-json\/wp\/v2\/posts"}],"about":[{"href":"https:\/\/www.amstedmaxion.com.br\/en\/wp-json\/wp\/v2\/types\/post"}],"author":[{"embeddable":true,"href":"https:\/\/www.amstedmaxion.com.br\/en\/wp-json\/wp\/v2\/users\/1"}],"replies":[{"embeddable":true,"href":"https:\/\/www.amstedmaxion.com.br\/en\/wp-json\/wp\/v2\/comments?post=2154"}],"version-history":[{"count":0,"href":"https:\/\/www.amstedmaxion.com.br\/en\/wp-json\/wp\/v2\/posts\/2154\/revisions"}],"wp:attachment":[{"href":"https:\/\/www.amstedmaxion.com.br\/en\/wp-json\/wp\/v2\/media?parent=2154"}],"wp:term":[{"taxonomy":"category","embeddable":true,"href":"https:\/\/www.amstedmaxion.com.br\/en\/wp-json\/wp\/v2\/categories?post=2154"},{"taxonomy":"post_tag","embeddable":true,"href":"https:\/\/www.amstedmaxion.com.br\/en\/wp-json\/wp\/v2\/tags?post=2154"}],"curies":[{"name":"wp","href":"https:\/\/api.w.org\/{rel}","templated":true}]}}