{"id":21714,"date":"2021-02-18T16:54:00","date_gmt":"2021-02-18T19:54:00","guid":{"rendered":"https:\/\/www.amstedmaxion.com.br\/?p=21714"},"modified":"2021-02-24T16:56:32","modified_gmt":"2021-02-24T19:56:32","slug":"nova-diretoria-da-abifer-e-eleita-para-o-bienio-2021-2023","status":"publish","type":"post","link":"https:\/\/www.amstedmaxion.com.br\/en\/nova-diretoria-da-abifer-e-eleita-para-o-bienio-2021-2023\/","title":{"rendered":"Nova diretoria da ABIFER \u00e9 eleita para o bi\u00eanio 2021\/2023"},"content":{"rendered":"\n<p>Na \u00faltima quinta-feira, 11, foi realizada a Assembleia Geral Ordin\u00e1ria (A.G.O.) anual da Associa\u00e7\u00e3o Brasileira da Ind\u00fastria Ferrovi\u00e1ria (ABIFER), em que as Associadas da entidade elegeram a diretoria para o bi\u00eanio 2021\/2023.<\/p>\n\n\n\n<p>Vicente Abate, da Greenbrier Maxion e da Amsted-Maxion, foi reeleito presidente.<\/p>\n\n\n\n<p>A nova gest\u00e3o assumir\u00e1 a partir do pr\u00f3ximo dia 3 de maio, com a seguinte composi\u00e7\u00e3o:<\/p>\n\n\n\n<p>Presidente: Vicente Abate \u2013 Greenbrier Maxion Equipamentos e Servi\u00e7os Ferrovi\u00e1rios S.A. e Amsted-Maxion Fundi\u00e7\u00e3o e Equipamentos Ferrovi\u00e1rios Ltda.<\/p>\n\n\n\n<p>1\u00ba Vice-Presidente: Alexandre Massaki Oiwa Gomes \u2013 Alstom Brasil Energia e Transporte Ltda<\/p>\n\n\n\n<p>Vice-presidentes<\/p>\n\n\n\n<p>Arauc\u00e1ria Rail Technology S.A.: Carlos Rafael Martins Jardim<\/p>\n\n\n\n<p>Brastan Ind. E Com\u00e9rcio de M\u00e1quinas Ltda.: Diego Henrique Darli<\/p>\n\n\n\n<p>CAF Brasil Ind\u00fastria e Com\u00e9rcio S\/A.: Agenor Marinho<\/p>\n\n\n\n<p>Greenbrier Maxion Equipamentos e Servi\u00e7os Ferrovi\u00e1rios S.A.: Eduardo Scolari<\/p>\n\n\n\n<p>Hyundai Rotem Brasil Ind. e Com\u00e9rcio de Trens Ltda.: Edyval Antonio Campanelli Junior<\/p>\n\n\n\n<p>Pandrol Ind\u00fastria e Solu\u00e7\u00f5es Ferrovi\u00e1rias Ltda.: Sandro Mois\u00e9s Fagundes da Silva<\/p>\n\n\n\n<p>Progress Rail Equipamentos e Serv. Ferrovi\u00e1rios do Brasil Ltda.: Andreas N\u00e4f<\/p>\n\n\n\n<p>Randon S.A. Implementos e Participa\u00e7\u00f5es: Wilson Roberto Ferri<\/p>\n\n\n\n<p>Retesp Ind\u00fastria de Vedantes Ltda.: Dejair Aguiar<\/p>\n\n\n\n<p>Thermit do Brasil Ind\u00fastria e Com\u00e9rcio Ltda.: Amilcar Debone<\/p>\n\n\n\n<p>Voestalpine VAE Brasil Produtos Ferrovi\u00e1rios Ltda.: Hubert Kundegraber<\/p>\n\n\n\n<p>Wabtec Corporation: Danilo Miyasato<\/p>\n\n\n\n<p>Conselho Fiscal \u2013 Efetivos<\/p>\n\n\n\n<p>Hidremec Ind. de Materiais Ferrovi\u00e1rios Ltda.: Antonio Braga<\/p>\n\n\n\n<p>MIC S\/A Metalurgia Ind\u00fastria e Com\u00e9rcio: Kirkior Mikaelian<\/p>\n\n\n\n<p>Voith Turbo Ltda: Adelson Portela Martins Junior<\/p>\n\n\n\n<p>Conselho Fiscal \u2013 Suplentes<\/p>\n\n\n\n<p>Aeromovel Brasil S.A.: Eduardo Chrysostomo Silva<\/p>\n\n\n\n<p>Amsted Rail Brasil Equipamentos Ferrovi\u00e1rios Ltda.: Celso Antunes<\/p>\n\n\n\n<p>Cavan Pr\u00e9-Moldado S\/A.: Pedro Massucato<\/p>\n\n\n\n<p>Fonte: ABIFER<\/p>\n","protected":false},"excerpt":{"rendered":"<p>Na \u00faltima quinta-feira, 11, foi realizada a Assembleia Geral Ordin\u00e1ria (A.G.O.) anual da Associa\u00e7\u00e3o Brasileira da Ind\u00fastria Ferrovi\u00e1ria (ABIFER), em que as Associadas da entidade elegeram a diretoria para o bi\u00eanio 2021\/2023. Vicente Abate, da Greenbrier Maxion e da Amsted-Maxion, foi reeleito presidente. A nova gest\u00e3o assumir\u00e1 a partir do pr\u00f3ximo dia 3 de maio, [&hellip;]<\/p>\n","protected":false},"author":5,"featured_media":21715,"comment_status":"open","ping_status":"open","sticky":false,"template":"","format":"standard","meta":{"_acf_changed":false,"footnotes":""},"categories":[2],"tags":[],"class_list":["post-21714","post","type-post","status-publish","format-standard","has-post-thumbnail","hentry","category-noticias"],"acf":[],"yoast_head":"<!-- This site is optimized with the Yoast SEO plugin v23.9 - https:\/\/yoast.com\/wordpress\/plugins\/seo\/ -->\n<title>Nova diretoria da ABIFER \u00e9 eleita para o bi\u00eanio 2021\/2023 - AmstedMaxion<\/title>\n<meta name=\"robots\" content=\"index, follow, max-snippet:-1, max-image-preview:large, max-video-preview:-1\" \/>\n<link rel=\"canonical\" href=\"https:\/\/www.amstedmaxion.com.br\/nova-diretoria-da-abifer-e-eleita-para-o-bienio-2021-2023\/\" \/>\n<meta property=\"og:locale\" content=\"en_US\" \/>\n<meta property=\"og:type\" content=\"article\" \/>\n<meta property=\"og:title\" content=\"Nova diretoria da ABIFER \u00e9 eleita para o bi\u00eanio 2021\/2023 - AmstedMaxion\" \/>\n<meta property=\"og:description\" content=\"Na \u00faltima quinta-feira, 11, foi realizada a Assembleia Geral Ordin\u00e1ria (A.G.O.) anual da Associa\u00e7\u00e3o Brasileira da Ind\u00fastria Ferrovi\u00e1ria (ABIFER), em que as Associadas da entidade elegeram a diretoria para o bi\u00eanio 2021\/2023. Vicente Abate, da Greenbrier Maxion e da Amsted-Maxion, foi reeleito presidente. A nova gest\u00e3o assumir\u00e1 a partir do pr\u00f3ximo dia 3 de maio, [&hellip;]\" \/>\n<meta property=\"og:url\" content=\"https:\/\/www.amstedmaxion.com.br\/nova-diretoria-da-abifer-e-eleita-para-o-bienio-2021-2023\/\" \/>\n<meta property=\"og:site_name\" content=\"AmstedMaxion\" \/>\n<meta property=\"article:publisher\" content=\"https:\/\/www.facebook.com\/AmstedMaxion.Oficial\" \/>\n<meta property=\"article:published_time\" content=\"2021-02-18T19:54:00+00:00\" \/>\n<meta property=\"article:modified_time\" content=\"2021-02-24T19:56:32+00:00\" \/>\n<meta property=\"og:image\" content=\"https:\/\/www.amstedmaxion.com.br\/wp-content\/uploads\/2021\/02\/Vicente.jpg\" \/>\n\t<meta property=\"og:image:width\" content=\"512\" \/>\n\t<meta property=\"og:image:height\" content=\"368\" \/>\n\t<meta property=\"og:image:type\" content=\"image\/jpeg\" \/>\n<meta name=\"author\" content=\"Rosane Storto\" \/>\n<meta name=\"twitter:card\" content=\"summary_large_image\" \/>\n<meta name=\"twitter:label1\" content=\"Written by\" \/>\n\t<meta name=\"twitter:data1\" content=\"Rosane Storto\" \/>\n\t<meta name=\"twitter:label2\" content=\"Est. reading time\" \/>\n\t<meta name=\"twitter:data2\" content=\"2 minutes\" \/>\n<script type=\"application\/ld+json\" class=\"yoast-schema-graph\">{\"@context\":\"https:\/\/schema.org\",\"@graph\":[{\"@type\":\"Article\",\"@id\":\"https:\/\/www.amstedmaxion.com.br\/nova-diretoria-da-abifer-e-eleita-para-o-bienio-2021-2023\/#article\",\"isPartOf\":{\"@id\":\"https:\/\/www.amstedmaxion.com.br\/nova-diretoria-da-abifer-e-eleita-para-o-bienio-2021-2023\/\"},\"author\":{\"name\":\"Rosane Storto\",\"@id\":\"https:\/\/www.amstedmaxion.com.br\/#\/schema\/person\/140cb65f07d4e66dd5543c8a187bf436\"},\"headline\":\"Nova diretoria da ABIFER \u00e9 eleita para o bi\u00eanio 2021\/2023\",\"datePublished\":\"2021-02-18T19:54:00+00:00\",\"dateModified\":\"2021-02-24T19:56:32+00:00\",\"mainEntityOfPage\":{\"@id\":\"https:\/\/www.amstedmaxion.com.br\/nova-diretoria-da-abifer-e-eleita-para-o-bienio-2021-2023\/\"},\"wordCount\":296,\"commentCount\":0,\"publisher\":{\"@id\":\"https:\/\/www.amstedmaxion.com.br\/#organization\"},\"image\":{\"@id\":\"https:\/\/www.amstedmaxion.com.br\/nova-diretoria-da-abifer-e-eleita-para-o-bienio-2021-2023\/#primaryimage\"},\"thumbnailUrl\":\"https:\/\/www.amstedmaxion.com.br\/wp-content\/uploads\/2021\/02\/Vicente.jpg\",\"articleSection\":[\"Not\u00edcias da AmstedMaxion\"],\"inLanguage\":\"en-US\",\"potentialAction\":[{\"@type\":\"CommentAction\",\"name\":\"Comment\",\"target\":[\"https:\/\/www.amstedmaxion.com.br\/nova-diretoria-da-abifer-e-eleita-para-o-bienio-2021-2023\/#respond\"]}]},{\"@type\":\"WebPage\",\"@id\":\"https:\/\/www.amstedmaxion.com.br\/nova-diretoria-da-abifer-e-eleita-para-o-bienio-2021-2023\/\",\"url\":\"https:\/\/www.amstedmaxion.com.br\/nova-diretoria-da-abifer-e-eleita-para-o-bienio-2021-2023\/\",\"name\":\"Nova diretoria da ABIFER \u00e9 eleita para o bi\u00eanio 2021\/2023 - AmstedMaxion\",\"isPartOf\":{\"@id\":\"https:\/\/www.amstedmaxion.com.br\/#website\"},\"primaryImageOfPage\":{\"@id\":\"https:\/\/www.amstedmaxion.com.br\/nova-diretoria-da-abifer-e-eleita-para-o-bienio-2021-2023\/#primaryimage\"},\"image\":{\"@id\":\"https:\/\/www.amstedmaxion.com.br\/nova-diretoria-da-abifer-e-eleita-para-o-bienio-2021-2023\/#primaryimage\"},\"thumbnailUrl\":\"https:\/\/www.amstedmaxion.com.br\/wp-content\/uploads\/2021\/02\/Vicente.jpg\",\"datePublished\":\"2021-02-18T19:54:00+00:00\",\"dateModified\":\"2021-02-24T19:56:32+00:00\",\"breadcrumb\":{\"@id\":\"https:\/\/www.amstedmaxion.com.br\/nova-diretoria-da-abifer-e-eleita-para-o-bienio-2021-2023\/#breadcrumb\"},\"inLanguage\":\"en-US\",\"potentialAction\":[{\"@type\":\"ReadAction\",\"target\":[\"https:\/\/www.amstedmaxion.com.br\/nova-diretoria-da-abifer-e-eleita-para-o-bienio-2021-2023\/\"]}]},{\"@type\":\"ImageObject\",\"inLanguage\":\"en-US\",\"@id\":\"https:\/\/www.amstedmaxion.com.br\/nova-diretoria-da-abifer-e-eleita-para-o-bienio-2021-2023\/#primaryimage\",\"url\":\"https:\/\/www.amstedmaxion.com.br\/wp-content\/uploads\/2021\/02\/Vicente.jpg\",\"contentUrl\":\"https:\/\/www.amstedmaxion.com.br\/wp-content\/uploads\/2021\/02\/Vicente.jpg\",\"width\":512,\"height\":368},{\"@type\":\"BreadcrumbList\",\"@id\":\"https:\/\/www.amstedmaxion.com.br\/nova-diretoria-da-abifer-e-eleita-para-o-bienio-2021-2023\/#breadcrumb\",\"itemListElement\":[{\"@type\":\"ListItem\",\"position\":1,\"name\":\"In\u00edcio\",\"item\":\"https:\/\/www.amstedmaxion.com.br\/\"},{\"@type\":\"ListItem\",\"position\":2,\"name\":\"Nova diretoria da ABIFER \u00e9 eleita para o bi\u00eanio 2021\/2023\"}]},{\"@type\":\"WebSite\",\"@id\":\"https:\/\/www.amstedmaxion.com.br\/#website\",\"url\":\"https:\/\/www.amstedmaxion.com.br\/\",\"name\":\"AmstedMaxion\",\"description\":\"AmstedMaxion - Fundi\u00e7\u00e3o e Equipamentos Ferrovi\u00e1rios\",\"publisher\":{\"@id\":\"https:\/\/www.amstedmaxion.com.br\/#organization\"},\"alternateName\":\"AmstedMaxion\",\"potentialAction\":[{\"@type\":\"SearchAction\",\"target\":{\"@type\":\"EntryPoint\",\"urlTemplate\":\"https:\/\/www.amstedmaxion.com.br\/?s={search_term_string}\"},\"query-input\":{\"@type\":\"PropertyValueSpecification\",\"valueRequired\":true,\"valueName\":\"search_term_string\"}}],\"inLanguage\":\"en-US\"},{\"@type\":\"Organization\",\"@id\":\"https:\/\/www.amstedmaxion.com.br\/#organization\",\"name\":\"AMSTEDMAXION\",\"url\":\"https:\/\/www.amstedmaxion.com.br\/\",\"logo\":{\"@type\":\"ImageObject\",\"inLanguage\":\"en-US\",\"@id\":\"https:\/\/www.amstedmaxion.com.br\/#\/schema\/logo\/image\/\",\"url\":\"https:\/\/www.amstedmaxion.com.br\/wp-content\/uploads\/2023\/11\/amsted.png\",\"contentUrl\":\"https:\/\/www.amstedmaxion.com.br\/wp-content\/uploads\/2023\/11\/amsted.png\",\"width\":500,\"height\":500,\"caption\":\"AMSTEDMAXION\"},\"image\":{\"@id\":\"https:\/\/www.amstedmaxion.com.br\/#\/schema\/logo\/image\/\"},\"sameAs\":[\"https:\/\/www.facebook.com\/AmstedMaxion.Oficial\",\"https:\/\/br.linkedin.com\/company\/amstedmaxion\"]},{\"@type\":\"Person\",\"@id\":\"https:\/\/www.amstedmaxion.com.br\/#\/schema\/person\/140cb65f07d4e66dd5543c8a187bf436\",\"name\":\"Rosane Storto\",\"image\":{\"@type\":\"ImageObject\",\"inLanguage\":\"en-US\",\"@id\":\"https:\/\/www.amstedmaxion.com.br\/#\/schema\/person\/image\/\",\"url\":\"https:\/\/secure.gravatar.com\/avatar\/0e3d021545bbe593cb0eb3ee740544fefa86d59762e63dec1dbe9480a34c98cd?s=96&d=mm&r=g\",\"contentUrl\":\"https:\/\/secure.gravatar.com\/avatar\/0e3d021545bbe593cb0eb3ee740544fefa86d59762e63dec1dbe9480a34c98cd?s=96&d=mm&r=g\",\"caption\":\"Rosane Storto\"}}]}<\/script>\n<!-- \/ Yoast SEO plugin. -->","yoast_head_json":{"title":"Nova diretoria da ABIFER \u00e9 eleita para o bi\u00eanio 2021\/2023 - AmstedMaxion","robots":{"index":"index","follow":"follow","max-snippet":"max-snippet:-1","max-image-preview":"max-image-preview:large","max-video-preview":"max-video-preview:-1"},"canonical":"https:\/\/www.amstedmaxion.com.br\/nova-diretoria-da-abifer-e-eleita-para-o-bienio-2021-2023\/","og_locale":"en_US","og_type":"article","og_title":"Nova diretoria da ABIFER \u00e9 eleita para o bi\u00eanio 2021\/2023 - AmstedMaxion","og_description":"Na \u00faltima quinta-feira, 11, foi realizada a Assembleia Geral Ordin\u00e1ria (A.G.O.) anual da Associa\u00e7\u00e3o Brasileira da Ind\u00fastria Ferrovi\u00e1ria (ABIFER), em que as Associadas da entidade elegeram a diretoria para o bi\u00eanio 2021\/2023. Vicente Abate, da Greenbrier Maxion e da Amsted-Maxion, foi reeleito presidente. A nova gest\u00e3o assumir\u00e1 a partir do pr\u00f3ximo dia 3 de maio, [&hellip;]","og_url":"https:\/\/www.amstedmaxion.com.br\/nova-diretoria-da-abifer-e-eleita-para-o-bienio-2021-2023\/","og_site_name":"AmstedMaxion","article_publisher":"https:\/\/www.facebook.com\/AmstedMaxion.Oficial","article_published_time":"2021-02-18T19:54:00+00:00","article_modified_time":"2021-02-24T19:56:32+00:00","og_image":[{"width":512,"height":368,"url":"https:\/\/www.amstedmaxion.com.br\/wp-content\/uploads\/2021\/02\/Vicente.jpg","type":"image\/jpeg"}],"author":"Rosane Storto","twitter_card":"summary_large_image","twitter_misc":{"Written by":"Rosane Storto","Est. reading time":"2 minutes"},"schema":{"@context":"https:\/\/schema.org","@graph":[{"@type":"Article","@id":"https:\/\/www.amstedmaxion.com.br\/nova-diretoria-da-abifer-e-eleita-para-o-bienio-2021-2023\/#article","isPartOf":{"@id":"https:\/\/www.amstedmaxion.com.br\/nova-diretoria-da-abifer-e-eleita-para-o-bienio-2021-2023\/"},"author":{"name":"Rosane Storto","@id":"https:\/\/www.amstedmaxion.com.br\/#\/schema\/person\/140cb65f07d4e66dd5543c8a187bf436"},"headline":"Nova diretoria da ABIFER \u00e9 eleita para o bi\u00eanio 2021\/2023","datePublished":"2021-02-18T19:54:00+00:00","dateModified":"2021-02-24T19:56:32+00:00","mainEntityOfPage":{"@id":"https:\/\/www.amstedmaxion.com.br\/nova-diretoria-da-abifer-e-eleita-para-o-bienio-2021-2023\/"},"wordCount":296,"commentCount":0,"publisher":{"@id":"https:\/\/www.amstedmaxion.com.br\/#organization"},"image":{"@id":"https:\/\/www.amstedmaxion.com.br\/nova-diretoria-da-abifer-e-eleita-para-o-bienio-2021-2023\/#primaryimage"},"thumbnailUrl":"https:\/\/www.amstedmaxion.com.br\/wp-content\/uploads\/2021\/02\/Vicente.jpg","articleSection":["Not\u00edcias da AmstedMaxion"],"inLanguage":"en-US","potentialAction":[{"@type":"CommentAction","name":"Comment","target":["https:\/\/www.amstedmaxion.com.br\/nova-diretoria-da-abifer-e-eleita-para-o-bienio-2021-2023\/#respond"]}]},{"@type":"WebPage","@id":"https:\/\/www.amstedmaxion.com.br\/nova-diretoria-da-abifer-e-eleita-para-o-bienio-2021-2023\/","url":"https:\/\/www.amstedmaxion.com.br\/nova-diretoria-da-abifer-e-eleita-para-o-bienio-2021-2023\/","name":"Nova diretoria da ABIFER \u00e9 eleita para o bi\u00eanio 2021\/2023 - AmstedMaxion","isPartOf":{"@id":"https:\/\/www.amstedmaxion.com.br\/#website"},"primaryImageOfPage":{"@id":"https:\/\/www.amstedmaxion.com.br\/nova-diretoria-da-abifer-e-eleita-para-o-bienio-2021-2023\/#primaryimage"},"image":{"@id":"https:\/\/www.amstedmaxion.com.br\/nova-diretoria-da-abifer-e-eleita-para-o-bienio-2021-2023\/#primaryimage"},"thumbnailUrl":"https:\/\/www.amstedmaxion.com.br\/wp-content\/uploads\/2021\/02\/Vicente.jpg","datePublished":"2021-02-18T19:54:00+00:00","dateModified":"2021-02-24T19:56:32+00:00","breadcrumb":{"@id":"https:\/\/www.amstedmaxion.com.br\/nova-diretoria-da-abifer-e-eleita-para-o-bienio-2021-2023\/#breadcrumb"},"inLanguage":"en-US","potentialAction":[{"@type":"ReadAction","target":["https:\/\/www.amstedmaxion.com.br\/nova-diretoria-da-abifer-e-eleita-para-o-bienio-2021-2023\/"]}]},{"@type":"ImageObject","inLanguage":"en-US","@id":"https:\/\/www.amstedmaxion.com.br\/nova-diretoria-da-abifer-e-eleita-para-o-bienio-2021-2023\/#primaryimage","url":"https:\/\/www.amstedmaxion.com.br\/wp-content\/uploads\/2021\/02\/Vicente.jpg","contentUrl":"https:\/\/www.amstedmaxion.com.br\/wp-content\/uploads\/2021\/02\/Vicente.jpg","width":512,"height":368},{"@type":"BreadcrumbList","@id":"https:\/\/www.amstedmaxion.com.br\/nova-diretoria-da-abifer-e-eleita-para-o-bienio-2021-2023\/#breadcrumb","itemListElement":[{"@type":"ListItem","position":1,"name":"In\u00edcio","item":"https:\/\/www.amstedmaxion.com.br\/"},{"@type":"ListItem","position":2,"name":"Nova diretoria da ABIFER \u00e9 eleita para o bi\u00eanio 2021\/2023"}]},{"@type":"WebSite","@id":"https:\/\/www.amstedmaxion.com.br\/#website","url":"https:\/\/www.amstedmaxion.com.br\/","name":"AmstedMaxion","description":"AmstedMaxion - Fundi\u00e7\u00e3o e Equipamentos Ferrovi\u00e1rios","publisher":{"@id":"https:\/\/www.amstedmaxion.com.br\/#organization"},"alternateName":"AmstedMaxion","potentialAction":[{"@type":"SearchAction","target":{"@type":"EntryPoint","urlTemplate":"https:\/\/www.amstedmaxion.com.br\/?s={search_term_string}"},"query-input":{"@type":"PropertyValueSpecification","valueRequired":true,"valueName":"search_term_string"}}],"inLanguage":"en-US"},{"@type":"Organization","@id":"https:\/\/www.amstedmaxion.com.br\/#organization","name":"AMSTEDMAXION","url":"https:\/\/www.amstedmaxion.com.br\/","logo":{"@type":"ImageObject","inLanguage":"en-US","@id":"https:\/\/www.amstedmaxion.com.br\/#\/schema\/logo\/image\/","url":"https:\/\/www.amstedmaxion.com.br\/wp-content\/uploads\/2023\/11\/amsted.png","contentUrl":"https:\/\/www.amstedmaxion.com.br\/wp-content\/uploads\/2023\/11\/amsted.png","width":500,"height":500,"caption":"AMSTEDMAXION"},"image":{"@id":"https:\/\/www.amstedmaxion.com.br\/#\/schema\/logo\/image\/"},"sameAs":["https:\/\/www.facebook.com\/AmstedMaxion.Oficial","https:\/\/br.linkedin.com\/company\/amstedmaxion"]},{"@type":"Person","@id":"https:\/\/www.amstedmaxion.com.br\/#\/schema\/person\/140cb65f07d4e66dd5543c8a187bf436","name":"Rosane Storto","image":{"@type":"ImageObject","inLanguage":"en-US","@id":"https:\/\/www.amstedmaxion.com.br\/#\/schema\/person\/image\/","url":"https:\/\/secure.gravatar.com\/avatar\/0e3d021545bbe593cb0eb3ee740544fefa86d59762e63dec1dbe9480a34c98cd?s=96&d=mm&r=g","contentUrl":"https:\/\/secure.gravatar.com\/avatar\/0e3d021545bbe593cb0eb3ee740544fefa86d59762e63dec1dbe9480a34c98cd?s=96&d=mm&r=g","caption":"Rosane Storto"}}]}},"_links":{"self":[{"href":"https:\/\/www.amstedmaxion.com.br\/en\/wp-json\/wp\/v2\/posts\/21714","targetHints":{"allow":["GET"]}}],"collection":[{"href":"https:\/\/www.amstedmaxion.com.br\/en\/wp-json\/wp\/v2\/posts"}],"about":[{"href":"https:\/\/www.amstedmaxion.com.br\/en\/wp-json\/wp\/v2\/types\/post"}],"author":[{"embeddable":true,"href":"https:\/\/www.amstedmaxion.com.br\/en\/wp-json\/wp\/v2\/users\/5"}],"replies":[{"embeddable":true,"href":"https:\/\/www.amstedmaxion.com.br\/en\/wp-json\/wp\/v2\/comments?post=21714"}],"version-history":[{"count":1,"href":"https:\/\/www.amstedmaxion.com.br\/en\/wp-json\/wp\/v2\/posts\/21714\/revisions"}],"predecessor-version":[{"id":21716,"href":"https:\/\/www.amstedmaxion.com.br\/en\/wp-json\/wp\/v2\/posts\/21714\/revisions\/21716"}],"wp:featuredmedia":[{"embeddable":true,"href":"https:\/\/www.amstedmaxion.com.br\/en\/wp-json\/wp\/v2\/media\/21715"}],"wp:attachment":[{"href":"https:\/\/www.amstedmaxion.com.br\/en\/wp-json\/wp\/v2\/media?parent=21714"}],"wp:term":[{"taxonomy":"category","embeddable":true,"href":"https:\/\/www.amstedmaxion.com.br\/en\/wp-json\/wp\/v2\/categories?post=21714"},{"taxonomy":"post_tag","embeddable":true,"href":"https:\/\/www.amstedmaxion.com.br\/en\/wp-json\/wp\/v2\/tags?post=21714"}],"curies":[{"name":"wp","href":"https:\/\/api.w.org\/{rel}","templated":true}]}}