{"id":22444,"date":"2021-03-29T17:18:09","date_gmt":"2021-03-29T20:18:09","guid":{"rendered":"https:\/\/www.amstedmaxion.com.br\/?p=22444"},"modified":"2021-03-31T12:43:39","modified_gmt":"2021-03-31T15:43:39","slug":"multinacional-alema-de-maquinas-e-equipamentos-investira-r-200-milhoes-em-nova-fabrica-no-parana","status":"publish","type":"post","link":"https:\/\/www.amstedmaxion.com.br\/en\/multinacional-alema-de-maquinas-e-equipamentos-investira-r-200-milhoes-em-nova-fabrica-no-parana\/","title":{"rendered":"Multinacional alem\u00e3 de m\u00e1quinas e equipamentos investir\u00e1 R$ 200 milh\u00f5es em nova f\u00e1brica no Paran\u00e1"},"content":{"rendered":"\n<p>A Horsch, multinacional alem\u00e3 de m\u00e1quinas e equipamentos agr\u00edcolas, anuncia investimento na constru\u00e7\u00e3o de sua primeira f\u00e1brica no Paran\u00e1 e tamb\u00e9m a primeira na Am\u00e9rica do Sul<\/p>\n\n\n\n<p>A Horsch, multinacional alem\u00e3 que \u00e9 fabricante de m\u00e1quinas e equipamentos agr\u00edcolas, anunciou investimento de 200 milh\u00f5es de reais para construir uma f\u00e1brica na Cidade Industrial de Curitiba, no estado do Paran\u00e1. A nova unidade pode iniciar as opera\u00e7\u00f5es no in\u00edcio do pr\u00f3ximo ano, dando continuidade ao plano da empresa de fortalecer seus neg\u00f3cios no pa\u00eds e se tornar uma base fornecedora na Am\u00e9rica do Sul.<\/p>\n\n\n\n<p>Nova f\u00e1brica no Paran\u00e1<\/p>\n\n\n\n<p>A multinacional alem\u00e3 de m\u00e1quinas e equipamentos agr\u00edcolas n\u00e3o \u00e9 totalmente nova no Brasil. Ele trabalha no pa\u00eds desde 2017, em um galp\u00e3o de aluguel na capital do Paran\u00e1, no Campo do Santana. Com o novo aporte, a empresa transferir\u00e1 uma opera\u00e7\u00e3o limitada a um galp\u00e3o de 3 mil m\u00b2 em terreno de 18 mil m\u00b2 para uma \u00e1rea de 158 mil m\u00b2, dos quais 32 mil m\u00b2 de cobertos.<\/p>\n\n\n\n<p>Estima-se que aumentar\u00e1 dos atuais 120 funcion\u00e1rios para 400 em cinco anos em Joinville no Paran\u00e1. At\u00e9 o momento, para implantar a primeira fase, j\u00e1 foram investidos R$ 50 milh\u00f5es. Com a f\u00e1brica da multinacional alem\u00e3 em plena fun\u00e7\u00e3o, apenas o mercado brasileiro j\u00e1 ir\u00e1 representar uma posi\u00e7\u00e3o significativa para o resultado geral do grupo no mundo.<\/p>\n\n\n\n<p>Projetos e empregos gerados com a nova f\u00e1brica de m\u00e1quinas e equipamentos<\/p>\n\n\n\n<p>O Diretor Geral da HORSCH do Brasil, Rodrigo Duck, diz que&nbsp;<em>\u201cCom a nova f\u00e1brica entrando em opera\u00e7\u00e3o, o que est\u00e1 previsto para in\u00edcio de 2023, a gera\u00e7\u00e3o de novos postos de trabalho diretos e indiretos ser\u00e1 bem maior\u201d.<\/em><\/p>\n\n\n\n<p>Rodrigo destaca que a empresa est\u00e1 pronta para iniciar uma s\u00f3lida expans\u00e3o no Brasil, que \u00e9 um excelente laborat\u00f3rio que pode tornar a adaptabilidade mais r\u00e1pida e atender com mais precis\u00e3o as necessidades de produ\u00e7\u00e3o de diferentes culturas e regi\u00f5es do Brasil.<\/p>\n\n\n\n<p>O executivo da multinacional alem\u00e3 diz ainda que a empresa vai produzir no Brasil m\u00e1quinas com avan\u00e7adas tecnologias como Intelig\u00eancia Artificial que consegue aprender e resolver no mais r\u00e1pido instante, problemas que acontecem no campo, durante a opera\u00e7\u00e3o.<\/p>\n\n\n\n<figure class=\"wp-block-image size-large is-resized\"><img loading=\"lazy\" decoding=\"async\" src=\"https:\/\/www.amstedmaxion.com.br\/wp-content\/uploads\/2021\/03\/Horsch.jpg\" alt=\"\" class=\"wp-image-22445\" width=\"393\" height=\"221\"\/><\/figure>\n\n\n\n<p>Fonte: Click Petr\u00f3leo e G\u00e1s (<a href=\"https:\/\/clickpetroleoegas.com.br\/multinacional-alema-de-maquinas-e-equipamentos-investira-r-200-milhoes-em-nova-fabrica-no-parana\/\">https:\/\/clickpetroleoegas.com.br\/multinacional-alema-de-maquinas-e-equipamentos-investira-r-200-milhoes-em-nova-fabrica-no-parana\/<\/a>)<\/p>\n","protected":false},"excerpt":{"rendered":"<p>A Horsch, multinacional alem\u00e3 de m\u00e1quinas e equipamentos agr\u00edcolas, anuncia investimento na constru\u00e7\u00e3o de sua primeira f\u00e1brica no Paran\u00e1 e tamb\u00e9m a primeira na Am\u00e9rica do Sul A Horsch, multinacional alem\u00e3 que \u00e9 fabricante de m\u00e1quinas e equipamentos agr\u00edcolas, anunciou investimento de 200 milh\u00f5es de reais para construir uma f\u00e1brica na Cidade Industrial de Curitiba, [&hellip;]<\/p>\n","protected":false},"author":5,"featured_media":0,"comment_status":"open","ping_status":"open","sticky":false,"template":"","format":"standard","meta":{"_acf_changed":false,"footnotes":""},"categories":[148,2],"tags":[],"class_list":["post-22444","post","type-post","status-publish","format-standard","hentry","category-newsletter","category-noticias"],"acf":[],"yoast_head":"<!-- This site is optimized with the Yoast SEO plugin v23.9 - https:\/\/yoast.com\/wordpress\/plugins\/seo\/ -->\n<title>Multinacional alem\u00e3 de m\u00e1quinas e equipamentos investir\u00e1 R$ 200 milh\u00f5es em nova f\u00e1brica no Paran\u00e1 - AmstedMaxion<\/title>\n<meta name=\"robots\" content=\"index, follow, max-snippet:-1, max-image-preview:large, max-video-preview:-1\" \/>\n<link rel=\"canonical\" href=\"https:\/\/www.amstedmaxion.com.br\/multinacional-alema-de-maquinas-e-equipamentos-investira-r-200-milhoes-em-nova-fabrica-no-parana\/\" \/>\n<meta property=\"og:locale\" content=\"en_US\" \/>\n<meta property=\"og:type\" content=\"article\" \/>\n<meta property=\"og:title\" content=\"Multinacional alem\u00e3 de m\u00e1quinas e equipamentos investir\u00e1 R$ 200 milh\u00f5es em nova f\u00e1brica no Paran\u00e1 - AmstedMaxion\" \/>\n<meta property=\"og:description\" content=\"A Horsch, multinacional alem\u00e3 de m\u00e1quinas e equipamentos agr\u00edcolas, anuncia investimento na constru\u00e7\u00e3o de sua primeira f\u00e1brica no Paran\u00e1 e tamb\u00e9m a primeira na Am\u00e9rica do Sul A Horsch, multinacional alem\u00e3 que \u00e9 fabricante de m\u00e1quinas e equipamentos agr\u00edcolas, anunciou investimento de 200 milh\u00f5es de reais para construir uma f\u00e1brica na Cidade Industrial de Curitiba, [&hellip;]\" \/>\n<meta property=\"og:url\" content=\"https:\/\/www.amstedmaxion.com.br\/multinacional-alema-de-maquinas-e-equipamentos-investira-r-200-milhoes-em-nova-fabrica-no-parana\/\" \/>\n<meta property=\"og:site_name\" content=\"AmstedMaxion\" \/>\n<meta property=\"article:publisher\" content=\"https:\/\/www.facebook.com\/AmstedMaxion.Oficial\" \/>\n<meta property=\"article:published_time\" content=\"2021-03-29T20:18:09+00:00\" \/>\n<meta property=\"article:modified_time\" content=\"2021-03-31T15:43:39+00:00\" \/>\n<meta property=\"og:image\" content=\"https:\/\/www.amstedmaxion.com.br\/wp-content\/uploads\/2021\/03\/Horsch.jpg\" \/>\n<meta name=\"author\" content=\"Rosane Storto\" \/>\n<meta name=\"twitter:card\" content=\"summary_large_image\" \/>\n<meta name=\"twitter:label1\" content=\"Written by\" \/>\n\t<meta name=\"twitter:data1\" content=\"Rosane Storto\" \/>\n\t<meta name=\"twitter:label2\" content=\"Est. reading time\" \/>\n\t<meta name=\"twitter:data2\" content=\"2 minutes\" \/>\n<script type=\"application\/ld+json\" class=\"yoast-schema-graph\">{\"@context\":\"https:\/\/schema.org\",\"@graph\":[{\"@type\":\"Article\",\"@id\":\"https:\/\/www.amstedmaxion.com.br\/multinacional-alema-de-maquinas-e-equipamentos-investira-r-200-milhoes-em-nova-fabrica-no-parana\/#article\",\"isPartOf\":{\"@id\":\"https:\/\/www.amstedmaxion.com.br\/multinacional-alema-de-maquinas-e-equipamentos-investira-r-200-milhoes-em-nova-fabrica-no-parana\/\"},\"author\":{\"name\":\"Rosane Storto\",\"@id\":\"https:\/\/www.amstedmaxion.com.br\/#\/schema\/person\/140cb65f07d4e66dd5543c8a187bf436\"},\"headline\":\"Multinacional alem\u00e3 de m\u00e1quinas e equipamentos investir\u00e1 R$ 200 milh\u00f5es em nova f\u00e1brica no Paran\u00e1\",\"datePublished\":\"2021-03-29T20:18:09+00:00\",\"dateModified\":\"2021-03-31T15:43:39+00:00\",\"mainEntityOfPage\":{\"@id\":\"https:\/\/www.amstedmaxion.com.br\/multinacional-alema-de-maquinas-e-equipamentos-investira-r-200-milhoes-em-nova-fabrica-no-parana\/\"},\"wordCount\":420,\"commentCount\":0,\"publisher\":{\"@id\":\"https:\/\/www.amstedmaxion.com.br\/#organization\"},\"image\":{\"@id\":\"https:\/\/www.amstedmaxion.com.br\/multinacional-alema-de-maquinas-e-equipamentos-investira-r-200-milhoes-em-nova-fabrica-no-parana\/#primaryimage\"},\"thumbnailUrl\":\"https:\/\/www.amstedmaxion.com.br\/wp-content\/uploads\/2021\/03\/Horsch.jpg\",\"articleSection\":[\"Newsletter\",\"Not\u00edcias da AmstedMaxion\"],\"inLanguage\":\"en-US\",\"potentialAction\":[{\"@type\":\"CommentAction\",\"name\":\"Comment\",\"target\":[\"https:\/\/www.amstedmaxion.com.br\/multinacional-alema-de-maquinas-e-equipamentos-investira-r-200-milhoes-em-nova-fabrica-no-parana\/#respond\"]}]},{\"@type\":\"WebPage\",\"@id\":\"https:\/\/www.amstedmaxion.com.br\/multinacional-alema-de-maquinas-e-equipamentos-investira-r-200-milhoes-em-nova-fabrica-no-parana\/\",\"url\":\"https:\/\/www.amstedmaxion.com.br\/multinacional-alema-de-maquinas-e-equipamentos-investira-r-200-milhoes-em-nova-fabrica-no-parana\/\",\"name\":\"Multinacional alem\u00e3 de m\u00e1quinas e equipamentos investir\u00e1 R$ 200 milh\u00f5es em nova f\u00e1brica no Paran\u00e1 - AmstedMaxion\",\"isPartOf\":{\"@id\":\"https:\/\/www.amstedmaxion.com.br\/#website\"},\"primaryImageOfPage\":{\"@id\":\"https:\/\/www.amstedmaxion.com.br\/multinacional-alema-de-maquinas-e-equipamentos-investira-r-200-milhoes-em-nova-fabrica-no-parana\/#primaryimage\"},\"image\":{\"@id\":\"https:\/\/www.amstedmaxion.com.br\/multinacional-alema-de-maquinas-e-equipamentos-investira-r-200-milhoes-em-nova-fabrica-no-parana\/#primaryimage\"},\"thumbnailUrl\":\"https:\/\/www.amstedmaxion.com.br\/wp-content\/uploads\/2021\/03\/Horsch.jpg\",\"datePublished\":\"2021-03-29T20:18:09+00:00\",\"dateModified\":\"2021-03-31T15:43:39+00:00\",\"breadcrumb\":{\"@id\":\"https:\/\/www.amstedmaxion.com.br\/multinacional-alema-de-maquinas-e-equipamentos-investira-r-200-milhoes-em-nova-fabrica-no-parana\/#breadcrumb\"},\"inLanguage\":\"en-US\",\"potentialAction\":[{\"@type\":\"ReadAction\",\"target\":[\"https:\/\/www.amstedmaxion.com.br\/multinacional-alema-de-maquinas-e-equipamentos-investira-r-200-milhoes-em-nova-fabrica-no-parana\/\"]}]},{\"@type\":\"ImageObject\",\"inLanguage\":\"en-US\",\"@id\":\"https:\/\/www.amstedmaxion.com.br\/multinacional-alema-de-maquinas-e-equipamentos-investira-r-200-milhoes-em-nova-fabrica-no-parana\/#primaryimage\",\"url\":\"https:\/\/www.amstedmaxion.com.br\/wp-content\/uploads\/2021\/03\/Horsch.jpg\",\"contentUrl\":\"https:\/\/www.amstedmaxion.com.br\/wp-content\/uploads\/2021\/03\/Horsch.jpg\"},{\"@type\":\"BreadcrumbList\",\"@id\":\"https:\/\/www.amstedmaxion.com.br\/multinacional-alema-de-maquinas-e-equipamentos-investira-r-200-milhoes-em-nova-fabrica-no-parana\/#breadcrumb\",\"itemListElement\":[{\"@type\":\"ListItem\",\"position\":1,\"name\":\"In\u00edcio\",\"item\":\"https:\/\/www.amstedmaxion.com.br\/\"},{\"@type\":\"ListItem\",\"position\":2,\"name\":\"Multinacional alem\u00e3 de m\u00e1quinas e equipamentos investir\u00e1 R$ 200 milh\u00f5es em nova f\u00e1brica no Paran\u00e1\"}]},{\"@type\":\"WebSite\",\"@id\":\"https:\/\/www.amstedmaxion.com.br\/#website\",\"url\":\"https:\/\/www.amstedmaxion.com.br\/\",\"name\":\"AmstedMaxion\",\"description\":\"AmstedMaxion - Fundi\u00e7\u00e3o e Equipamentos Ferrovi\u00e1rios\",\"publisher\":{\"@id\":\"https:\/\/www.amstedmaxion.com.br\/#organization\"},\"alternateName\":\"AmstedMaxion\",\"potentialAction\":[{\"@type\":\"SearchAction\",\"target\":{\"@type\":\"EntryPoint\",\"urlTemplate\":\"https:\/\/www.amstedmaxion.com.br\/?s={search_term_string}\"},\"query-input\":{\"@type\":\"PropertyValueSpecification\",\"valueRequired\":true,\"valueName\":\"search_term_string\"}}],\"inLanguage\":\"en-US\"},{\"@type\":\"Organization\",\"@id\":\"https:\/\/www.amstedmaxion.com.br\/#organization\",\"name\":\"AMSTEDMAXION\",\"url\":\"https:\/\/www.amstedmaxion.com.br\/\",\"logo\":{\"@type\":\"ImageObject\",\"inLanguage\":\"en-US\",\"@id\":\"https:\/\/www.amstedmaxion.com.br\/#\/schema\/logo\/image\/\",\"url\":\"https:\/\/www.amstedmaxion.com.br\/wp-content\/uploads\/2023\/11\/amsted.png\",\"contentUrl\":\"https:\/\/www.amstedmaxion.com.br\/wp-content\/uploads\/2023\/11\/amsted.png\",\"width\":500,\"height\":500,\"caption\":\"AMSTEDMAXION\"},\"image\":{\"@id\":\"https:\/\/www.amstedmaxion.com.br\/#\/schema\/logo\/image\/\"},\"sameAs\":[\"https:\/\/www.facebook.com\/AmstedMaxion.Oficial\",\"https:\/\/br.linkedin.com\/company\/amstedmaxion\"]},{\"@type\":\"Person\",\"@id\":\"https:\/\/www.amstedmaxion.com.br\/#\/schema\/person\/140cb65f07d4e66dd5543c8a187bf436\",\"name\":\"Rosane Storto\",\"image\":{\"@type\":\"ImageObject\",\"inLanguage\":\"en-US\",\"@id\":\"https:\/\/www.amstedmaxion.com.br\/#\/schema\/person\/image\/\",\"url\":\"https:\/\/secure.gravatar.com\/avatar\/0e3d021545bbe593cb0eb3ee740544fefa86d59762e63dec1dbe9480a34c98cd?s=96&d=mm&r=g\",\"contentUrl\":\"https:\/\/secure.gravatar.com\/avatar\/0e3d021545bbe593cb0eb3ee740544fefa86d59762e63dec1dbe9480a34c98cd?s=96&d=mm&r=g\",\"caption\":\"Rosane Storto\"}}]}<\/script>\n<!-- \/ Yoast SEO plugin. -->","yoast_head_json":{"title":"Multinacional alem\u00e3 de m\u00e1quinas e equipamentos investir\u00e1 R$ 200 milh\u00f5es em nova f\u00e1brica no Paran\u00e1 - AmstedMaxion","robots":{"index":"index","follow":"follow","max-snippet":"max-snippet:-1","max-image-preview":"max-image-preview:large","max-video-preview":"max-video-preview:-1"},"canonical":"https:\/\/www.amstedmaxion.com.br\/multinacional-alema-de-maquinas-e-equipamentos-investira-r-200-milhoes-em-nova-fabrica-no-parana\/","og_locale":"en_US","og_type":"article","og_title":"Multinacional alem\u00e3 de m\u00e1quinas e equipamentos investir\u00e1 R$ 200 milh\u00f5es em nova f\u00e1brica no Paran\u00e1 - AmstedMaxion","og_description":"A Horsch, multinacional alem\u00e3 de m\u00e1quinas e equipamentos agr\u00edcolas, anuncia investimento na constru\u00e7\u00e3o de sua primeira f\u00e1brica no Paran\u00e1 e tamb\u00e9m a primeira na Am\u00e9rica do Sul A Horsch, multinacional alem\u00e3 que \u00e9 fabricante de m\u00e1quinas e equipamentos agr\u00edcolas, anunciou investimento de 200 milh\u00f5es de reais para construir uma f\u00e1brica na Cidade Industrial de Curitiba, [&hellip;]","og_url":"https:\/\/www.amstedmaxion.com.br\/multinacional-alema-de-maquinas-e-equipamentos-investira-r-200-milhoes-em-nova-fabrica-no-parana\/","og_site_name":"AmstedMaxion","article_publisher":"https:\/\/www.facebook.com\/AmstedMaxion.Oficial","article_published_time":"2021-03-29T20:18:09+00:00","article_modified_time":"2021-03-31T15:43:39+00:00","og_image":[{"url":"https:\/\/www.amstedmaxion.com.br\/wp-content\/uploads\/2021\/03\/Horsch.jpg"}],"author":"Rosane Storto","twitter_card":"summary_large_image","twitter_misc":{"Written by":"Rosane Storto","Est. reading time":"2 minutes"},"schema":{"@context":"https:\/\/schema.org","@graph":[{"@type":"Article","@id":"https:\/\/www.amstedmaxion.com.br\/multinacional-alema-de-maquinas-e-equipamentos-investira-r-200-milhoes-em-nova-fabrica-no-parana\/#article","isPartOf":{"@id":"https:\/\/www.amstedmaxion.com.br\/multinacional-alema-de-maquinas-e-equipamentos-investira-r-200-milhoes-em-nova-fabrica-no-parana\/"},"author":{"name":"Rosane Storto","@id":"https:\/\/www.amstedmaxion.com.br\/#\/schema\/person\/140cb65f07d4e66dd5543c8a187bf436"},"headline":"Multinacional alem\u00e3 de m\u00e1quinas e equipamentos investir\u00e1 R$ 200 milh\u00f5es em nova f\u00e1brica no Paran\u00e1","datePublished":"2021-03-29T20:18:09+00:00","dateModified":"2021-03-31T15:43:39+00:00","mainEntityOfPage":{"@id":"https:\/\/www.amstedmaxion.com.br\/multinacional-alema-de-maquinas-e-equipamentos-investira-r-200-milhoes-em-nova-fabrica-no-parana\/"},"wordCount":420,"commentCount":0,"publisher":{"@id":"https:\/\/www.amstedmaxion.com.br\/#organization"},"image":{"@id":"https:\/\/www.amstedmaxion.com.br\/multinacional-alema-de-maquinas-e-equipamentos-investira-r-200-milhoes-em-nova-fabrica-no-parana\/#primaryimage"},"thumbnailUrl":"https:\/\/www.amstedmaxion.com.br\/wp-content\/uploads\/2021\/03\/Horsch.jpg","articleSection":["Newsletter","Not\u00edcias da AmstedMaxion"],"inLanguage":"en-US","potentialAction":[{"@type":"CommentAction","name":"Comment","target":["https:\/\/www.amstedmaxion.com.br\/multinacional-alema-de-maquinas-e-equipamentos-investira-r-200-milhoes-em-nova-fabrica-no-parana\/#respond"]}]},{"@type":"WebPage","@id":"https:\/\/www.amstedmaxion.com.br\/multinacional-alema-de-maquinas-e-equipamentos-investira-r-200-milhoes-em-nova-fabrica-no-parana\/","url":"https:\/\/www.amstedmaxion.com.br\/multinacional-alema-de-maquinas-e-equipamentos-investira-r-200-milhoes-em-nova-fabrica-no-parana\/","name":"Multinacional alem\u00e3 de m\u00e1quinas e equipamentos investir\u00e1 R$ 200 milh\u00f5es em nova f\u00e1brica no Paran\u00e1 - AmstedMaxion","isPartOf":{"@id":"https:\/\/www.amstedmaxion.com.br\/#website"},"primaryImageOfPage":{"@id":"https:\/\/www.amstedmaxion.com.br\/multinacional-alema-de-maquinas-e-equipamentos-investira-r-200-milhoes-em-nova-fabrica-no-parana\/#primaryimage"},"image":{"@id":"https:\/\/www.amstedmaxion.com.br\/multinacional-alema-de-maquinas-e-equipamentos-investira-r-200-milhoes-em-nova-fabrica-no-parana\/#primaryimage"},"thumbnailUrl":"https:\/\/www.amstedmaxion.com.br\/wp-content\/uploads\/2021\/03\/Horsch.jpg","datePublished":"2021-03-29T20:18:09+00:00","dateModified":"2021-03-31T15:43:39+00:00","breadcrumb":{"@id":"https:\/\/www.amstedmaxion.com.br\/multinacional-alema-de-maquinas-e-equipamentos-investira-r-200-milhoes-em-nova-fabrica-no-parana\/#breadcrumb"},"inLanguage":"en-US","potentialAction":[{"@type":"ReadAction","target":["https:\/\/www.amstedmaxion.com.br\/multinacional-alema-de-maquinas-e-equipamentos-investira-r-200-milhoes-em-nova-fabrica-no-parana\/"]}]},{"@type":"ImageObject","inLanguage":"en-US","@id":"https:\/\/www.amstedmaxion.com.br\/multinacional-alema-de-maquinas-e-equipamentos-investira-r-200-milhoes-em-nova-fabrica-no-parana\/#primaryimage","url":"https:\/\/www.amstedmaxion.com.br\/wp-content\/uploads\/2021\/03\/Horsch.jpg","contentUrl":"https:\/\/www.amstedmaxion.com.br\/wp-content\/uploads\/2021\/03\/Horsch.jpg"},{"@type":"BreadcrumbList","@id":"https:\/\/www.amstedmaxion.com.br\/multinacional-alema-de-maquinas-e-equipamentos-investira-r-200-milhoes-em-nova-fabrica-no-parana\/#breadcrumb","itemListElement":[{"@type":"ListItem","position":1,"name":"In\u00edcio","item":"https:\/\/www.amstedmaxion.com.br\/"},{"@type":"ListItem","position":2,"name":"Multinacional alem\u00e3 de m\u00e1quinas e equipamentos investir\u00e1 R$ 200 milh\u00f5es em nova f\u00e1brica no Paran\u00e1"}]},{"@type":"WebSite","@id":"https:\/\/www.amstedmaxion.com.br\/#website","url":"https:\/\/www.amstedmaxion.com.br\/","name":"AmstedMaxion","description":"AmstedMaxion - Fundi\u00e7\u00e3o e Equipamentos Ferrovi\u00e1rios","publisher":{"@id":"https:\/\/www.amstedmaxion.com.br\/#organization"},"alternateName":"AmstedMaxion","potentialAction":[{"@type":"SearchAction","target":{"@type":"EntryPoint","urlTemplate":"https:\/\/www.amstedmaxion.com.br\/?s={search_term_string}"},"query-input":{"@type":"PropertyValueSpecification","valueRequired":true,"valueName":"search_term_string"}}],"inLanguage":"en-US"},{"@type":"Organization","@id":"https:\/\/www.amstedmaxion.com.br\/#organization","name":"AMSTEDMAXION","url":"https:\/\/www.amstedmaxion.com.br\/","logo":{"@type":"ImageObject","inLanguage":"en-US","@id":"https:\/\/www.amstedmaxion.com.br\/#\/schema\/logo\/image\/","url":"https:\/\/www.amstedmaxion.com.br\/wp-content\/uploads\/2023\/11\/amsted.png","contentUrl":"https:\/\/www.amstedmaxion.com.br\/wp-content\/uploads\/2023\/11\/amsted.png","width":500,"height":500,"caption":"AMSTEDMAXION"},"image":{"@id":"https:\/\/www.amstedmaxion.com.br\/#\/schema\/logo\/image\/"},"sameAs":["https:\/\/www.facebook.com\/AmstedMaxion.Oficial","https:\/\/br.linkedin.com\/company\/amstedmaxion"]},{"@type":"Person","@id":"https:\/\/www.amstedmaxion.com.br\/#\/schema\/person\/140cb65f07d4e66dd5543c8a187bf436","name":"Rosane Storto","image":{"@type":"ImageObject","inLanguage":"en-US","@id":"https:\/\/www.amstedmaxion.com.br\/#\/schema\/person\/image\/","url":"https:\/\/secure.gravatar.com\/avatar\/0e3d021545bbe593cb0eb3ee740544fefa86d59762e63dec1dbe9480a34c98cd?s=96&d=mm&r=g","contentUrl":"https:\/\/secure.gravatar.com\/avatar\/0e3d021545bbe593cb0eb3ee740544fefa86d59762e63dec1dbe9480a34c98cd?s=96&d=mm&r=g","caption":"Rosane Storto"}}]}},"_links":{"self":[{"href":"https:\/\/www.amstedmaxion.com.br\/en\/wp-json\/wp\/v2\/posts\/22444","targetHints":{"allow":["GET"]}}],"collection":[{"href":"https:\/\/www.amstedmaxion.com.br\/en\/wp-json\/wp\/v2\/posts"}],"about":[{"href":"https:\/\/www.amstedmaxion.com.br\/en\/wp-json\/wp\/v2\/types\/post"}],"author":[{"embeddable":true,"href":"https:\/\/www.amstedmaxion.com.br\/en\/wp-json\/wp\/v2\/users\/5"}],"replies":[{"embeddable":true,"href":"https:\/\/www.amstedmaxion.com.br\/en\/wp-json\/wp\/v2\/comments?post=22444"}],"version-history":[{"count":1,"href":"https:\/\/www.amstedmaxion.com.br\/en\/wp-json\/wp\/v2\/posts\/22444\/revisions"}],"predecessor-version":[{"id":22446,"href":"https:\/\/www.amstedmaxion.com.br\/en\/wp-json\/wp\/v2\/posts\/22444\/revisions\/22446"}],"wp:attachment":[{"href":"https:\/\/www.amstedmaxion.com.br\/en\/wp-json\/wp\/v2\/media?parent=22444"}],"wp:term":[{"taxonomy":"category","embeddable":true,"href":"https:\/\/www.amstedmaxion.com.br\/en\/wp-json\/wp\/v2\/categories?post=22444"},{"taxonomy":"post_tag","embeddable":true,"href":"https:\/\/www.amstedmaxion.com.br\/en\/wp-json\/wp\/v2\/tags?post=22444"}],"curies":[{"name":"wp","href":"https:\/\/api.w.org\/{rel}","templated":true}]}}