{"id":24774,"date":"2021-08-04T15:56:04","date_gmt":"2021-08-04T18:56:04","guid":{"rendered":"https:\/\/www.amstedmaxion.com.br\/?p=24774"},"modified":"2021-08-04T15:56:07","modified_gmt":"2021-08-04T18:56:07","slug":"metade-da-industria-tem-nivel-de-producao-abaixo-do-pre-pandemia-diz-ibge","status":"publish","type":"post","link":"https:\/\/www.amstedmaxion.com.br\/en\/metade-da-industria-tem-nivel-de-producao-abaixo-do-pre-pandemia-diz-ibge\/","title":{"rendered":"Metade da ind\u00fastria tem n\u00edvel de produ\u00e7\u00e3o abaixo do pr\u00e9-pandemia, diz IBGE"},"content":{"rendered":"\n<p>Com o desempenho do m\u00eas de junho, duas das quatro categorias econ\u00f4micas e 14 dos 26 ramos da ind\u00fastria brasileira est\u00e3o com patamar de produ\u00e7\u00e3o abaixo do pr\u00e9-pandemia, em fevereiro de 2020, segundo a Pesquisa Industrial Mensal \u2013 Produ\u00e7\u00e3o F\u00edsica (PIM-PF), divulgada nesta ter\u00e7a-feira pelo Instituto Brasileiro de Geografia e Estat\u00edstica (IBGE). Na m\u00e9dia, a ind\u00fastria geral encontra-se no mesmo n\u00edvel de produ\u00e7\u00e3o daquele m\u00eas.<\/p>\n\n\n\n<p>Entre as categorias econ\u00f4micas, os bens de consumo dur\u00e1veis est\u00e3o com o n\u00edvel de produ\u00e7\u00e3o 14,8% abaixo de fevereiro de 2020, sob influ\u00eancia principalmente dos ve\u00edculos automotores, reboques e carrocerias (-15,9%). A outra atividade que tamb\u00e9m n\u00e3o recuperou o patamar pr\u00e9-pandemia foi a de bens de consumo semi e n\u00e3o dur\u00e1veis (-7,6%).<\/p>\n\n\n\n<p>Na outra ponta, j\u00e1 superaram o patamar pr\u00e9-pandemia a ind\u00fastria de bens de capital (+16%) e a de bens intermedi\u00e1rios (+1,5%).<\/p>\n\n\n\n<p>Quando se considera o ponto mais alto da s\u00e9rie hist\u00f3rica da pesquisa, no entanto, todas as quatro categorias econ\u00f4micas encontram-se abaixo dele, embora em intensidades diferentes: bens de consumo dur\u00e1veis (-37,8%, em junho de 2013), bens de consumo semi e n\u00e3o dur\u00e1veis (-16,4%, em junho de 2013), bens de capital (-25,4%, em setembro de 2013) e bens intermedi\u00e1rios (-15%, em fevereiro de 2011).<\/p>\n\n\n\n<p>Na an\u00e1lise dos ramos da ind\u00fastria, chamam aten\u00e7\u00e3o, al\u00e9m do setor automobil\u00edstico, confec\u00e7\u00e3o de artigos do vestu\u00e1rio e acess\u00f3rios (-15,9%), manuten\u00e7\u00e3o, repara\u00e7\u00e3o e instala\u00e7\u00e3o de m\u00e1quinas e equipamentos (-10,5%), m\u00f3veis (-9,2%) e produtos t\u00eaxteis (-7,2%) como os de pior situa\u00e7\u00e3o frente ao patamar pr\u00e9-pandemia.<\/p>\n\n\n\n<p>J\u00e1 no lado positivo, m\u00e1quinas e equipamentos (23,1%), outros equipamentos de transporte (16,6%), produtos de minerais n\u00e3o-met\u00e1licos (14%) e metalurgia (12,7%) s\u00e3o os destaques em recupera\u00e7\u00e3o do n\u00edvel de produ\u00e7\u00e3o.<\/p>\n\n\n\n<p>Mat\u00e9rias-primas<\/p>\n\n\n\n<p>A falta de mat\u00e9ria-prima tem sido uma das principais justificativas para a redu\u00e7\u00e3o do ritmo de produ\u00e7\u00e3o ou para a paralisa\u00e7\u00e3o das atividades pelos informantes da Pesquisa, segundo seu gerente, Andr\u00e9 Macedo. N\u00e3o h\u00e1 informa\u00e7\u00f5es, segundo ele, sobre processo de forma\u00e7\u00e3o de estoques, que ajudou em alguns momentos do ano passado na recupera\u00e7\u00e3o da ind\u00fastria.<\/p>\n\n\n\n<p>\u201cO que a gente observa a partir de relatos dos informantes \u00e9 a informa\u00e7\u00e3o de dificuldade de acesso a mat\u00e9rias-primas. Isso permeia diferentes segmentos industriais, e ajuda muito a entender essa redu\u00e7\u00e3o de ritmo. Inclusive alguns justificam muito a redu\u00e7\u00e3o da produ\u00e7\u00e3o do m\u00eas ou as paralisa\u00e7\u00f5es com a dificuldade de acesso a mat\u00e9ria-prima\u201d, diz ele.<\/p>\n\n\n\n<p>De acordo com Macedo, as estat\u00edsticas dispon\u00edveis e at\u00e9 as mais individualizadas nos segmentos industriais mostram os estoques em n\u00edvel \u201cadequado\u201d. \u201cN\u00e3o tem forma\u00e7\u00e3o de estoques, n\u00e3o tem nada acima do padr\u00e3o desejado\u201d, afirma. <\/p>\n\n\n\n<figure class=\"wp-block-image size-large is-resized\"><img loading=\"lazy\" decoding=\"async\" src=\"https:\/\/www.amstedmaxion.com.br\/wp-content\/uploads\/2021\/08\/industria-Valor.jpg\" alt=\"\" class=\"wp-image-24775\" width=\"388\" height=\"258\"\/><figcaption>Foto: Ilustra\u00e7\u00e3o<\/figcaption><\/figure>\n\n\n\n<p>Fonte: Valor Econ\u00f4mico (<a href=\"https:\/\/valor.globo.com\/brasil\/noticia\/2021\/08\/03\/metade-da-indstria-tem-nvel-de-produo-abaixo-do-pr-pandemia-diz-ibge.ghtml\">https:\/\/valor.globo.com\/brasil\/noticia\/2021\/08\/03\/metade-da-indstria-tem-nvel-de-produo-abaixo-do-pr-pandemia-diz-ibge.ghtml<\/a>)<\/p>\n","protected":false},"excerpt":{"rendered":"<p>Com o desempenho do m\u00eas de junho, duas das quatro categorias econ\u00f4micas e 14 dos 26 ramos da ind\u00fastria brasileira est\u00e3o com patamar de produ\u00e7\u00e3o abaixo do pr\u00e9-pandemia, em fevereiro de 2020, segundo a Pesquisa Industrial Mensal \u2013 Produ\u00e7\u00e3o F\u00edsica (PIM-PF), divulgada nesta ter\u00e7a-feira pelo Instituto Brasileiro de Geografia e Estat\u00edstica (IBGE). Na m\u00e9dia, a [&hellip;]<\/p>\n","protected":false},"author":5,"featured_media":0,"comment_status":"open","ping_status":"open","sticky":false,"template":"","format":"standard","meta":{"_acf_changed":false,"footnotes":""},"categories":[148],"tags":[],"class_list":["post-24774","post","type-post","status-publish","format-standard","hentry","category-newsletter"],"acf":[],"yoast_head":"<!-- This site is optimized with the Yoast SEO plugin v23.9 - https:\/\/yoast.com\/wordpress\/plugins\/seo\/ -->\n<title>Metade da ind\u00fastria tem n\u00edvel de produ\u00e7\u00e3o abaixo do pr\u00e9-pandemia, diz IBGE - AmstedMaxion<\/title>\n<meta name=\"robots\" content=\"index, follow, max-snippet:-1, max-image-preview:large, max-video-preview:-1\" \/>\n<link rel=\"canonical\" href=\"https:\/\/www.amstedmaxion.com.br\/metade-da-industria-tem-nivel-de-producao-abaixo-do-pre-pandemia-diz-ibge\/\" \/>\n<meta property=\"og:locale\" content=\"en_US\" \/>\n<meta property=\"og:type\" content=\"article\" \/>\n<meta property=\"og:title\" content=\"Metade da ind\u00fastria tem n\u00edvel de produ\u00e7\u00e3o abaixo do pr\u00e9-pandemia, diz IBGE - AmstedMaxion\" \/>\n<meta property=\"og:description\" content=\"Com o desempenho do m\u00eas de junho, duas das quatro categorias econ\u00f4micas e 14 dos 26 ramos da ind\u00fastria brasileira est\u00e3o com patamar de produ\u00e7\u00e3o abaixo do pr\u00e9-pandemia, em fevereiro de 2020, segundo a Pesquisa Industrial Mensal \u2013 Produ\u00e7\u00e3o F\u00edsica (PIM-PF), divulgada nesta ter\u00e7a-feira pelo Instituto Brasileiro de Geografia e Estat\u00edstica (IBGE). Na m\u00e9dia, a [&hellip;]\" \/>\n<meta property=\"og:url\" content=\"https:\/\/www.amstedmaxion.com.br\/metade-da-industria-tem-nivel-de-producao-abaixo-do-pre-pandemia-diz-ibge\/\" \/>\n<meta property=\"og:site_name\" content=\"AmstedMaxion\" \/>\n<meta property=\"article:publisher\" content=\"https:\/\/www.facebook.com\/AmstedMaxion.Oficial\" \/>\n<meta property=\"article:published_time\" content=\"2021-08-04T18:56:04+00:00\" \/>\n<meta property=\"article:modified_time\" content=\"2021-08-04T18:56:07+00:00\" \/>\n<meta property=\"og:image\" content=\"https:\/\/www.amstedmaxion.com.br\/wp-content\/uploads\/2021\/08\/industria-Valor.jpg\" \/>\n<meta name=\"author\" content=\"Rosane Storto\" \/>\n<meta name=\"twitter:card\" content=\"summary_large_image\" \/>\n<meta name=\"twitter:label1\" content=\"Written by\" \/>\n\t<meta name=\"twitter:data1\" content=\"Rosane Storto\" \/>\n\t<meta name=\"twitter:label2\" content=\"Est. reading time\" \/>\n\t<meta name=\"twitter:data2\" content=\"3 minutes\" \/>\n<script type=\"application\/ld+json\" class=\"yoast-schema-graph\">{\"@context\":\"https:\/\/schema.org\",\"@graph\":[{\"@type\":\"Article\",\"@id\":\"https:\/\/www.amstedmaxion.com.br\/metade-da-industria-tem-nivel-de-producao-abaixo-do-pre-pandemia-diz-ibge\/#article\",\"isPartOf\":{\"@id\":\"https:\/\/www.amstedmaxion.com.br\/metade-da-industria-tem-nivel-de-producao-abaixo-do-pre-pandemia-diz-ibge\/\"},\"author\":{\"name\":\"Rosane Storto\",\"@id\":\"https:\/\/www.amstedmaxion.com.br\/#\/schema\/person\/140cb65f07d4e66dd5543c8a187bf436\"},\"headline\":\"Metade da ind\u00fastria tem n\u00edvel de produ\u00e7\u00e3o abaixo do pr\u00e9-pandemia, diz IBGE\",\"datePublished\":\"2021-08-04T18:56:04+00:00\",\"dateModified\":\"2021-08-04T18:56:07+00:00\",\"mainEntityOfPage\":{\"@id\":\"https:\/\/www.amstedmaxion.com.br\/metade-da-industria-tem-nivel-de-producao-abaixo-do-pre-pandemia-diz-ibge\/\"},\"wordCount\":520,\"commentCount\":0,\"publisher\":{\"@id\":\"https:\/\/www.amstedmaxion.com.br\/#organization\"},\"image\":{\"@id\":\"https:\/\/www.amstedmaxion.com.br\/metade-da-industria-tem-nivel-de-producao-abaixo-do-pre-pandemia-diz-ibge\/#primaryimage\"},\"thumbnailUrl\":\"https:\/\/www.amstedmaxion.com.br\/wp-content\/uploads\/2021\/08\/industria-Valor.jpg\",\"articleSection\":[\"Newsletter\"],\"inLanguage\":\"en-US\",\"potentialAction\":[{\"@type\":\"CommentAction\",\"name\":\"Comment\",\"target\":[\"https:\/\/www.amstedmaxion.com.br\/metade-da-industria-tem-nivel-de-producao-abaixo-do-pre-pandemia-diz-ibge\/#respond\"]}]},{\"@type\":\"WebPage\",\"@id\":\"https:\/\/www.amstedmaxion.com.br\/metade-da-industria-tem-nivel-de-producao-abaixo-do-pre-pandemia-diz-ibge\/\",\"url\":\"https:\/\/www.amstedmaxion.com.br\/metade-da-industria-tem-nivel-de-producao-abaixo-do-pre-pandemia-diz-ibge\/\",\"name\":\"Metade da ind\u00fastria tem n\u00edvel de produ\u00e7\u00e3o abaixo do pr\u00e9-pandemia, diz IBGE - AmstedMaxion\",\"isPartOf\":{\"@id\":\"https:\/\/www.amstedmaxion.com.br\/#website\"},\"primaryImageOfPage\":{\"@id\":\"https:\/\/www.amstedmaxion.com.br\/metade-da-industria-tem-nivel-de-producao-abaixo-do-pre-pandemia-diz-ibge\/#primaryimage\"},\"image\":{\"@id\":\"https:\/\/www.amstedmaxion.com.br\/metade-da-industria-tem-nivel-de-producao-abaixo-do-pre-pandemia-diz-ibge\/#primaryimage\"},\"thumbnailUrl\":\"https:\/\/www.amstedmaxion.com.br\/wp-content\/uploads\/2021\/08\/industria-Valor.jpg\",\"datePublished\":\"2021-08-04T18:56:04+00:00\",\"dateModified\":\"2021-08-04T18:56:07+00:00\",\"breadcrumb\":{\"@id\":\"https:\/\/www.amstedmaxion.com.br\/metade-da-industria-tem-nivel-de-producao-abaixo-do-pre-pandemia-diz-ibge\/#breadcrumb\"},\"inLanguage\":\"en-US\",\"potentialAction\":[{\"@type\":\"ReadAction\",\"target\":[\"https:\/\/www.amstedmaxion.com.br\/metade-da-industria-tem-nivel-de-producao-abaixo-do-pre-pandemia-diz-ibge\/\"]}]},{\"@type\":\"ImageObject\",\"inLanguage\":\"en-US\",\"@id\":\"https:\/\/www.amstedmaxion.com.br\/metade-da-industria-tem-nivel-de-producao-abaixo-do-pre-pandemia-diz-ibge\/#primaryimage\",\"url\":\"https:\/\/www.amstedmaxion.com.br\/wp-content\/uploads\/2021\/08\/industria-Valor.jpg\",\"contentUrl\":\"https:\/\/www.amstedmaxion.com.br\/wp-content\/uploads\/2021\/08\/industria-Valor.jpg\"},{\"@type\":\"BreadcrumbList\",\"@id\":\"https:\/\/www.amstedmaxion.com.br\/metade-da-industria-tem-nivel-de-producao-abaixo-do-pre-pandemia-diz-ibge\/#breadcrumb\",\"itemListElement\":[{\"@type\":\"ListItem\",\"position\":1,\"name\":\"In\u00edcio\",\"item\":\"https:\/\/www.amstedmaxion.com.br\/\"},{\"@type\":\"ListItem\",\"position\":2,\"name\":\"Metade da ind\u00fastria tem n\u00edvel de produ\u00e7\u00e3o abaixo do pr\u00e9-pandemia, diz IBGE\"}]},{\"@type\":\"WebSite\",\"@id\":\"https:\/\/www.amstedmaxion.com.br\/#website\",\"url\":\"https:\/\/www.amstedmaxion.com.br\/\",\"name\":\"AmstedMaxion\",\"description\":\"AmstedMaxion - Fundi\u00e7\u00e3o e Equipamentos Ferrovi\u00e1rios\",\"publisher\":{\"@id\":\"https:\/\/www.amstedmaxion.com.br\/#organization\"},\"alternateName\":\"AmstedMaxion\",\"potentialAction\":[{\"@type\":\"SearchAction\",\"target\":{\"@type\":\"EntryPoint\",\"urlTemplate\":\"https:\/\/www.amstedmaxion.com.br\/?s={search_term_string}\"},\"query-input\":{\"@type\":\"PropertyValueSpecification\",\"valueRequired\":true,\"valueName\":\"search_term_string\"}}],\"inLanguage\":\"en-US\"},{\"@type\":\"Organization\",\"@id\":\"https:\/\/www.amstedmaxion.com.br\/#organization\",\"name\":\"AMSTEDMAXION\",\"url\":\"https:\/\/www.amstedmaxion.com.br\/\",\"logo\":{\"@type\":\"ImageObject\",\"inLanguage\":\"en-US\",\"@id\":\"https:\/\/www.amstedmaxion.com.br\/#\/schema\/logo\/image\/\",\"url\":\"https:\/\/www.amstedmaxion.com.br\/wp-content\/uploads\/2023\/11\/amsted.png\",\"contentUrl\":\"https:\/\/www.amstedmaxion.com.br\/wp-content\/uploads\/2023\/11\/amsted.png\",\"width\":500,\"height\":500,\"caption\":\"AMSTEDMAXION\"},\"image\":{\"@id\":\"https:\/\/www.amstedmaxion.com.br\/#\/schema\/logo\/image\/\"},\"sameAs\":[\"https:\/\/www.facebook.com\/AmstedMaxion.Oficial\",\"https:\/\/br.linkedin.com\/company\/amstedmaxion\"]},{\"@type\":\"Person\",\"@id\":\"https:\/\/www.amstedmaxion.com.br\/#\/schema\/person\/140cb65f07d4e66dd5543c8a187bf436\",\"name\":\"Rosane Storto\",\"image\":{\"@type\":\"ImageObject\",\"inLanguage\":\"en-US\",\"@id\":\"https:\/\/www.amstedmaxion.com.br\/#\/schema\/person\/image\/\",\"url\":\"https:\/\/secure.gravatar.com\/avatar\/0e3d021545bbe593cb0eb3ee740544fefa86d59762e63dec1dbe9480a34c98cd?s=96&d=mm&r=g\",\"contentUrl\":\"https:\/\/secure.gravatar.com\/avatar\/0e3d021545bbe593cb0eb3ee740544fefa86d59762e63dec1dbe9480a34c98cd?s=96&d=mm&r=g\",\"caption\":\"Rosane Storto\"}}]}<\/script>\n<!-- \/ Yoast SEO plugin. -->","yoast_head_json":{"title":"Metade da ind\u00fastria tem n\u00edvel de produ\u00e7\u00e3o abaixo do pr\u00e9-pandemia, diz IBGE - AmstedMaxion","robots":{"index":"index","follow":"follow","max-snippet":"max-snippet:-1","max-image-preview":"max-image-preview:large","max-video-preview":"max-video-preview:-1"},"canonical":"https:\/\/www.amstedmaxion.com.br\/metade-da-industria-tem-nivel-de-producao-abaixo-do-pre-pandemia-diz-ibge\/","og_locale":"en_US","og_type":"article","og_title":"Metade da ind\u00fastria tem n\u00edvel de produ\u00e7\u00e3o abaixo do pr\u00e9-pandemia, diz IBGE - AmstedMaxion","og_description":"Com o desempenho do m\u00eas de junho, duas das quatro categorias econ\u00f4micas e 14 dos 26 ramos da ind\u00fastria brasileira est\u00e3o com patamar de produ\u00e7\u00e3o abaixo do pr\u00e9-pandemia, em fevereiro de 2020, segundo a Pesquisa Industrial Mensal \u2013 Produ\u00e7\u00e3o F\u00edsica (PIM-PF), divulgada nesta ter\u00e7a-feira pelo Instituto Brasileiro de Geografia e Estat\u00edstica (IBGE). Na m\u00e9dia, a [&hellip;]","og_url":"https:\/\/www.amstedmaxion.com.br\/metade-da-industria-tem-nivel-de-producao-abaixo-do-pre-pandemia-diz-ibge\/","og_site_name":"AmstedMaxion","article_publisher":"https:\/\/www.facebook.com\/AmstedMaxion.Oficial","article_published_time":"2021-08-04T18:56:04+00:00","article_modified_time":"2021-08-04T18:56:07+00:00","og_image":[{"url":"https:\/\/www.amstedmaxion.com.br\/wp-content\/uploads\/2021\/08\/industria-Valor.jpg"}],"author":"Rosane Storto","twitter_card":"summary_large_image","twitter_misc":{"Written by":"Rosane Storto","Est. reading time":"3 minutes"},"schema":{"@context":"https:\/\/schema.org","@graph":[{"@type":"Article","@id":"https:\/\/www.amstedmaxion.com.br\/metade-da-industria-tem-nivel-de-producao-abaixo-do-pre-pandemia-diz-ibge\/#article","isPartOf":{"@id":"https:\/\/www.amstedmaxion.com.br\/metade-da-industria-tem-nivel-de-producao-abaixo-do-pre-pandemia-diz-ibge\/"},"author":{"name":"Rosane Storto","@id":"https:\/\/www.amstedmaxion.com.br\/#\/schema\/person\/140cb65f07d4e66dd5543c8a187bf436"},"headline":"Metade da ind\u00fastria tem n\u00edvel de produ\u00e7\u00e3o abaixo do pr\u00e9-pandemia, diz IBGE","datePublished":"2021-08-04T18:56:04+00:00","dateModified":"2021-08-04T18:56:07+00:00","mainEntityOfPage":{"@id":"https:\/\/www.amstedmaxion.com.br\/metade-da-industria-tem-nivel-de-producao-abaixo-do-pre-pandemia-diz-ibge\/"},"wordCount":520,"commentCount":0,"publisher":{"@id":"https:\/\/www.amstedmaxion.com.br\/#organization"},"image":{"@id":"https:\/\/www.amstedmaxion.com.br\/metade-da-industria-tem-nivel-de-producao-abaixo-do-pre-pandemia-diz-ibge\/#primaryimage"},"thumbnailUrl":"https:\/\/www.amstedmaxion.com.br\/wp-content\/uploads\/2021\/08\/industria-Valor.jpg","articleSection":["Newsletter"],"inLanguage":"en-US","potentialAction":[{"@type":"CommentAction","name":"Comment","target":["https:\/\/www.amstedmaxion.com.br\/metade-da-industria-tem-nivel-de-producao-abaixo-do-pre-pandemia-diz-ibge\/#respond"]}]},{"@type":"WebPage","@id":"https:\/\/www.amstedmaxion.com.br\/metade-da-industria-tem-nivel-de-producao-abaixo-do-pre-pandemia-diz-ibge\/","url":"https:\/\/www.amstedmaxion.com.br\/metade-da-industria-tem-nivel-de-producao-abaixo-do-pre-pandemia-diz-ibge\/","name":"Metade da ind\u00fastria tem n\u00edvel de produ\u00e7\u00e3o abaixo do pr\u00e9-pandemia, diz IBGE - AmstedMaxion","isPartOf":{"@id":"https:\/\/www.amstedmaxion.com.br\/#website"},"primaryImageOfPage":{"@id":"https:\/\/www.amstedmaxion.com.br\/metade-da-industria-tem-nivel-de-producao-abaixo-do-pre-pandemia-diz-ibge\/#primaryimage"},"image":{"@id":"https:\/\/www.amstedmaxion.com.br\/metade-da-industria-tem-nivel-de-producao-abaixo-do-pre-pandemia-diz-ibge\/#primaryimage"},"thumbnailUrl":"https:\/\/www.amstedmaxion.com.br\/wp-content\/uploads\/2021\/08\/industria-Valor.jpg","datePublished":"2021-08-04T18:56:04+00:00","dateModified":"2021-08-04T18:56:07+00:00","breadcrumb":{"@id":"https:\/\/www.amstedmaxion.com.br\/metade-da-industria-tem-nivel-de-producao-abaixo-do-pre-pandemia-diz-ibge\/#breadcrumb"},"inLanguage":"en-US","potentialAction":[{"@type":"ReadAction","target":["https:\/\/www.amstedmaxion.com.br\/metade-da-industria-tem-nivel-de-producao-abaixo-do-pre-pandemia-diz-ibge\/"]}]},{"@type":"ImageObject","inLanguage":"en-US","@id":"https:\/\/www.amstedmaxion.com.br\/metade-da-industria-tem-nivel-de-producao-abaixo-do-pre-pandemia-diz-ibge\/#primaryimage","url":"https:\/\/www.amstedmaxion.com.br\/wp-content\/uploads\/2021\/08\/industria-Valor.jpg","contentUrl":"https:\/\/www.amstedmaxion.com.br\/wp-content\/uploads\/2021\/08\/industria-Valor.jpg"},{"@type":"BreadcrumbList","@id":"https:\/\/www.amstedmaxion.com.br\/metade-da-industria-tem-nivel-de-producao-abaixo-do-pre-pandemia-diz-ibge\/#breadcrumb","itemListElement":[{"@type":"ListItem","position":1,"name":"In\u00edcio","item":"https:\/\/www.amstedmaxion.com.br\/"},{"@type":"ListItem","position":2,"name":"Metade da ind\u00fastria tem n\u00edvel de produ\u00e7\u00e3o abaixo do pr\u00e9-pandemia, diz IBGE"}]},{"@type":"WebSite","@id":"https:\/\/www.amstedmaxion.com.br\/#website","url":"https:\/\/www.amstedmaxion.com.br\/","name":"AmstedMaxion","description":"AmstedMaxion - Fundi\u00e7\u00e3o e Equipamentos Ferrovi\u00e1rios","publisher":{"@id":"https:\/\/www.amstedmaxion.com.br\/#organization"},"alternateName":"AmstedMaxion","potentialAction":[{"@type":"SearchAction","target":{"@type":"EntryPoint","urlTemplate":"https:\/\/www.amstedmaxion.com.br\/?s={search_term_string}"},"query-input":{"@type":"PropertyValueSpecification","valueRequired":true,"valueName":"search_term_string"}}],"inLanguage":"en-US"},{"@type":"Organization","@id":"https:\/\/www.amstedmaxion.com.br\/#organization","name":"AMSTEDMAXION","url":"https:\/\/www.amstedmaxion.com.br\/","logo":{"@type":"ImageObject","inLanguage":"en-US","@id":"https:\/\/www.amstedmaxion.com.br\/#\/schema\/logo\/image\/","url":"https:\/\/www.amstedmaxion.com.br\/wp-content\/uploads\/2023\/11\/amsted.png","contentUrl":"https:\/\/www.amstedmaxion.com.br\/wp-content\/uploads\/2023\/11\/amsted.png","width":500,"height":500,"caption":"AMSTEDMAXION"},"image":{"@id":"https:\/\/www.amstedmaxion.com.br\/#\/schema\/logo\/image\/"},"sameAs":["https:\/\/www.facebook.com\/AmstedMaxion.Oficial","https:\/\/br.linkedin.com\/company\/amstedmaxion"]},{"@type":"Person","@id":"https:\/\/www.amstedmaxion.com.br\/#\/schema\/person\/140cb65f07d4e66dd5543c8a187bf436","name":"Rosane Storto","image":{"@type":"ImageObject","inLanguage":"en-US","@id":"https:\/\/www.amstedmaxion.com.br\/#\/schema\/person\/image\/","url":"https:\/\/secure.gravatar.com\/avatar\/0e3d021545bbe593cb0eb3ee740544fefa86d59762e63dec1dbe9480a34c98cd?s=96&d=mm&r=g","contentUrl":"https:\/\/secure.gravatar.com\/avatar\/0e3d021545bbe593cb0eb3ee740544fefa86d59762e63dec1dbe9480a34c98cd?s=96&d=mm&r=g","caption":"Rosane Storto"}}]}},"_links":{"self":[{"href":"https:\/\/www.amstedmaxion.com.br\/en\/wp-json\/wp\/v2\/posts\/24774","targetHints":{"allow":["GET"]}}],"collection":[{"href":"https:\/\/www.amstedmaxion.com.br\/en\/wp-json\/wp\/v2\/posts"}],"about":[{"href":"https:\/\/www.amstedmaxion.com.br\/en\/wp-json\/wp\/v2\/types\/post"}],"author":[{"embeddable":true,"href":"https:\/\/www.amstedmaxion.com.br\/en\/wp-json\/wp\/v2\/users\/5"}],"replies":[{"embeddable":true,"href":"https:\/\/www.amstedmaxion.com.br\/en\/wp-json\/wp\/v2\/comments?post=24774"}],"version-history":[{"count":1,"href":"https:\/\/www.amstedmaxion.com.br\/en\/wp-json\/wp\/v2\/posts\/24774\/revisions"}],"predecessor-version":[{"id":24776,"href":"https:\/\/www.amstedmaxion.com.br\/en\/wp-json\/wp\/v2\/posts\/24774\/revisions\/24776"}],"wp:attachment":[{"href":"https:\/\/www.amstedmaxion.com.br\/en\/wp-json\/wp\/v2\/media?parent=24774"}],"wp:term":[{"taxonomy":"category","embeddable":true,"href":"https:\/\/www.amstedmaxion.com.br\/en\/wp-json\/wp\/v2\/categories?post=24774"},{"taxonomy":"post_tag","embeddable":true,"href":"https:\/\/www.amstedmaxion.com.br\/en\/wp-json\/wp\/v2\/tags?post=24774"}],"curies":[{"name":"wp","href":"https:\/\/api.w.org\/{rel}","templated":true}]}}