{"id":24906,"date":"2021-08-11T17:08:31","date_gmt":"2021-08-11T20:08:31","guid":{"rendered":"https:\/\/www.amstedmaxion.com.br\/?p=24906"},"modified":"2021-08-11T17:08:34","modified_gmt":"2021-08-11T20:08:34","slug":"bom-momento-da-construcao-leva-arcelor-a-acionar-equipamento","status":"publish","type":"post","link":"https:\/\/www.amstedmaxion.com.br\/en\/bom-momento-da-construcao-leva-arcelor-a-acionar-equipamento\/","title":{"rendered":"Bom momento da constru\u00e7\u00e3o leva Arcelor a acionar equipamento"},"content":{"rendered":"\n<p>Companhia construiu laminador em 2015 que est\u00e1 parado desde ent\u00e3o<\/p>\n\n\n\n<p>Valor Econ\u00f4mico &#8211; Com o bom momento do setor de constru\u00e7\u00e3o civil, a ArcelorMittal decidiu acionar o laminador 3 da usina de Jo\u00e3o Monlevade, Minas Gerais, a partir do in\u00edcio do pr\u00f3ximo ano. A companhia n\u00e3o informou qual ser\u00e1 o investimento para o acionamento do equipamento, mas os aportes totais, que contempla a constru\u00e7\u00e3o, chegam a R$ 580 milh\u00f5es. O laminador foi constru\u00eddo em 2015 e n\u00e3o entrou em opera\u00e7\u00e3o desde ent\u00e3o.<\/p>\n\n\n\n<p>Segundo a ArcelorMittal, o equipamento possui capacidade de produzir 1 milh\u00e3o de toneladas por ano de a\u00e7o. \u201cNo entanto, a produ\u00e7\u00e3o se dar\u00e1 de forma gradual e alinhada \u00e0 demanda do mercado. Os laminadores 1 e 2 prosseguir\u00e3o no desenvolvimento de a\u00e7os especiais da unidade que, atualmente, possui capacidade instalada de 1,2 milh\u00e3o de toneladas de a\u00e7o por ano\u201d, informou a empresa.<\/p>\n\n\n\n<p>De acordo com a companhia, para o funcionamento do laminador 3, constru\u00eddo em 2015, a ArcelorMittal aguardava as melhorias nas condi\u00e7\u00f5es de mercado. \u201cO objetivo do laminador \u00e9 garantir o pleno atendimento aos clientes. A forte demanda por a\u00e7o, especialmente no avan\u00e7o da constru\u00e7\u00e3o civil, e os indicadores econ\u00f4micos possibilitaram a opera\u00e7\u00e3o do laminador\u201d, informou a ArcelorMittal. A estimativa da sider\u00fargica \u00e9 de que cerca de 120 novos postos de trabalho devem ser criados com a entrada em opera\u00e7\u00e3o do laminador.<\/p>\n\n\n\n<p>Conforme a sider\u00fargica, a unidade de Jo\u00e3o Monlevade \u00e9 uma usina integrada do segmento de longos e atua principalmente no mercado de a\u00e7os para a fabrica\u00e7\u00e3o de fio-m\u00e1quina de aplica\u00e7\u00f5es especiais, tais como molas, cabos diversos, mangueiras para extra\u00e7\u00e3o de petr\u00f3leo, cordoalhas para concreto protendido, arames para aplica\u00e7\u00f5es agropecu\u00e1rias, l\u00e3s e palhas de a\u00e7o, fixadores em geral, cordoalhas para fabrica\u00e7\u00e3o de pneus, arames para solda e eletrodom\u00e9sticos.<\/p>\n\n\n\n<p>A ArcelorMittal segue a sua principal concorrente, a Gerdau que anunciou na semana passada o aumento na capacidade instalada na usina de Ouro Branco, em Minas Gerais. O presidente da Gerdau, Gustavo Werneck, disse que a companhia vai elevar a produ\u00e7\u00e3o de bobinas a quente e de perfis estruturais.<\/p>\n\n\n\n<p>Segundo o executivo, a capacidade do laminador de bobina a quente vai aumentar em 250 mil toneladas por ano. Atualmente, a Gerdau pode produzir em Ouro Branco 1,1 milh\u00e3o de toneladas de bobinas a quente. J\u00e1 a capacidade de perfis estruturais deve ser ampliada em 500 mil toneladas por ano nas atuais 1,1 milh\u00e3o de toneladas anuais.<\/p>\n\n\n\n<figure class=\"wp-block-image size-large is-resized\"><img loading=\"lazy\" decoding=\"async\" src=\"https:\/\/www.amstedmaxion.com.br\/wp-content\/uploads\/2021\/08\/Arcelor-DIvulgacao.jpg\" alt=\"\" class=\"wp-image-24907\" width=\"385\" height=\"257\"\/><figcaption>Foto: Divulga\u00e7\u00e3o<\/figcaption><\/figure>\n\n\n\n<p>Fonte: Valor Econ\u00f4mico (<a href=\"https:\/\/valor.globo.com\/empresas\/noticia\/2021\/08\/11\/bom-momento-da-construcao-leva-arcelor-a-acionar-equipamento.ghtml\">https:\/\/valor.globo.com\/empresas\/noticia\/2021\/08\/11\/bom-momento-da-construcao-leva-arcelor-a-acionar-equipamento.ghtml<\/a>)<\/p>\n","protected":false},"excerpt":{"rendered":"<p>Companhia construiu laminador em 2015 que est\u00e1 parado desde ent\u00e3o Valor Econ\u00f4mico &#8211; Com o bom momento do setor de constru\u00e7\u00e3o civil, a ArcelorMittal decidiu acionar o laminador 3 da usina de Jo\u00e3o Monlevade, Minas Gerais, a partir do in\u00edcio do pr\u00f3ximo ano. A companhia n\u00e3o informou qual ser\u00e1 o investimento para o acionamento do [&hellip;]<\/p>\n","protected":false},"author":5,"featured_media":24907,"comment_status":"open","ping_status":"open","sticky":false,"template":"","format":"standard","meta":{"_acf_changed":false,"footnotes":""},"categories":[148],"tags":[],"class_list":["post-24906","post","type-post","status-publish","format-standard","has-post-thumbnail","hentry","category-newsletter"],"acf":[],"yoast_head":"<!-- This site is optimized with the Yoast SEO plugin v23.9 - https:\/\/yoast.com\/wordpress\/plugins\/seo\/ -->\n<title>Bom momento da constru\u00e7\u00e3o leva Arcelor a acionar equipamento - AmstedMaxion<\/title>\n<meta name=\"robots\" content=\"index, follow, max-snippet:-1, max-image-preview:large, max-video-preview:-1\" \/>\n<link rel=\"canonical\" href=\"https:\/\/www.amstedmaxion.com.br\/bom-momento-da-construcao-leva-arcelor-a-acionar-equipamento\/\" \/>\n<meta property=\"og:locale\" content=\"en_US\" \/>\n<meta property=\"og:type\" content=\"article\" \/>\n<meta property=\"og:title\" content=\"Bom momento da constru\u00e7\u00e3o leva Arcelor a acionar equipamento - AmstedMaxion\" \/>\n<meta property=\"og:description\" content=\"Companhia construiu laminador em 2015 que est\u00e1 parado desde ent\u00e3o Valor Econ\u00f4mico &#8211; Com o bom momento do setor de constru\u00e7\u00e3o civil, a ArcelorMittal decidiu acionar o laminador 3 da usina de Jo\u00e3o Monlevade, Minas Gerais, a partir do in\u00edcio do pr\u00f3ximo ano. A companhia n\u00e3o informou qual ser\u00e1 o investimento para o acionamento do [&hellip;]\" \/>\n<meta property=\"og:url\" content=\"https:\/\/www.amstedmaxion.com.br\/bom-momento-da-construcao-leva-arcelor-a-acionar-equipamento\/\" \/>\n<meta property=\"og:site_name\" content=\"AmstedMaxion\" \/>\n<meta property=\"article:publisher\" content=\"https:\/\/www.facebook.com\/AmstedMaxion.Oficial\" \/>\n<meta property=\"article:published_time\" content=\"2021-08-11T20:08:31+00:00\" \/>\n<meta property=\"article:modified_time\" content=\"2021-08-11T20:08:34+00:00\" \/>\n<meta property=\"og:image\" content=\"https:\/\/www.amstedmaxion.com.br\/wp-content\/uploads\/2021\/08\/Arcelor-DIvulgacao.jpg\" \/>\n\t<meta property=\"og:image:width\" content=\"785\" \/>\n\t<meta property=\"og:image:height\" content=\"524\" \/>\n\t<meta property=\"og:image:type\" content=\"image\/jpeg\" \/>\n<meta name=\"author\" content=\"Rosane Storto\" \/>\n<meta name=\"twitter:card\" content=\"summary_large_image\" \/>\n<meta name=\"twitter:label1\" content=\"Written by\" \/>\n\t<meta name=\"twitter:data1\" content=\"Rosane Storto\" \/>\n\t<meta name=\"twitter:label2\" content=\"Est. reading time\" \/>\n\t<meta name=\"twitter:data2\" content=\"2 minutes\" \/>\n<script type=\"application\/ld+json\" class=\"yoast-schema-graph\">{\"@context\":\"https:\/\/schema.org\",\"@graph\":[{\"@type\":\"Article\",\"@id\":\"https:\/\/www.amstedmaxion.com.br\/bom-momento-da-construcao-leva-arcelor-a-acionar-equipamento\/#article\",\"isPartOf\":{\"@id\":\"https:\/\/www.amstedmaxion.com.br\/bom-momento-da-construcao-leva-arcelor-a-acionar-equipamento\/\"},\"author\":{\"name\":\"Rosane Storto\",\"@id\":\"https:\/\/www.amstedmaxion.com.br\/#\/schema\/person\/140cb65f07d4e66dd5543c8a187bf436\"},\"headline\":\"Bom momento da constru\u00e7\u00e3o leva Arcelor a acionar equipamento\",\"datePublished\":\"2021-08-11T20:08:31+00:00\",\"dateModified\":\"2021-08-11T20:08:34+00:00\",\"mainEntityOfPage\":{\"@id\":\"https:\/\/www.amstedmaxion.com.br\/bom-momento-da-construcao-leva-arcelor-a-acionar-equipamento\/\"},\"wordCount\":450,\"commentCount\":0,\"publisher\":{\"@id\":\"https:\/\/www.amstedmaxion.com.br\/#organization\"},\"image\":{\"@id\":\"https:\/\/www.amstedmaxion.com.br\/bom-momento-da-construcao-leva-arcelor-a-acionar-equipamento\/#primaryimage\"},\"thumbnailUrl\":\"https:\/\/www.amstedmaxion.com.br\/wp-content\/uploads\/2021\/08\/Arcelor-DIvulgacao.jpg\",\"articleSection\":[\"Newsletter\"],\"inLanguage\":\"en-US\",\"potentialAction\":[{\"@type\":\"CommentAction\",\"name\":\"Comment\",\"target\":[\"https:\/\/www.amstedmaxion.com.br\/bom-momento-da-construcao-leva-arcelor-a-acionar-equipamento\/#respond\"]}]},{\"@type\":\"WebPage\",\"@id\":\"https:\/\/www.amstedmaxion.com.br\/bom-momento-da-construcao-leva-arcelor-a-acionar-equipamento\/\",\"url\":\"https:\/\/www.amstedmaxion.com.br\/bom-momento-da-construcao-leva-arcelor-a-acionar-equipamento\/\",\"name\":\"Bom momento da constru\u00e7\u00e3o leva Arcelor a acionar equipamento - AmstedMaxion\",\"isPartOf\":{\"@id\":\"https:\/\/www.amstedmaxion.com.br\/#website\"},\"primaryImageOfPage\":{\"@id\":\"https:\/\/www.amstedmaxion.com.br\/bom-momento-da-construcao-leva-arcelor-a-acionar-equipamento\/#primaryimage\"},\"image\":{\"@id\":\"https:\/\/www.amstedmaxion.com.br\/bom-momento-da-construcao-leva-arcelor-a-acionar-equipamento\/#primaryimage\"},\"thumbnailUrl\":\"https:\/\/www.amstedmaxion.com.br\/wp-content\/uploads\/2021\/08\/Arcelor-DIvulgacao.jpg\",\"datePublished\":\"2021-08-11T20:08:31+00:00\",\"dateModified\":\"2021-08-11T20:08:34+00:00\",\"breadcrumb\":{\"@id\":\"https:\/\/www.amstedmaxion.com.br\/bom-momento-da-construcao-leva-arcelor-a-acionar-equipamento\/#breadcrumb\"},\"inLanguage\":\"en-US\",\"potentialAction\":[{\"@type\":\"ReadAction\",\"target\":[\"https:\/\/www.amstedmaxion.com.br\/bom-momento-da-construcao-leva-arcelor-a-acionar-equipamento\/\"]}]},{\"@type\":\"ImageObject\",\"inLanguage\":\"en-US\",\"@id\":\"https:\/\/www.amstedmaxion.com.br\/bom-momento-da-construcao-leva-arcelor-a-acionar-equipamento\/#primaryimage\",\"url\":\"https:\/\/www.amstedmaxion.com.br\/wp-content\/uploads\/2021\/08\/Arcelor-DIvulgacao.jpg\",\"contentUrl\":\"https:\/\/www.amstedmaxion.com.br\/wp-content\/uploads\/2021\/08\/Arcelor-DIvulgacao.jpg\",\"width\":785,\"height\":524},{\"@type\":\"BreadcrumbList\",\"@id\":\"https:\/\/www.amstedmaxion.com.br\/bom-momento-da-construcao-leva-arcelor-a-acionar-equipamento\/#breadcrumb\",\"itemListElement\":[{\"@type\":\"ListItem\",\"position\":1,\"name\":\"In\u00edcio\",\"item\":\"https:\/\/www.amstedmaxion.com.br\/\"},{\"@type\":\"ListItem\",\"position\":2,\"name\":\"Bom momento da constru\u00e7\u00e3o leva Arcelor a acionar equipamento\"}]},{\"@type\":\"WebSite\",\"@id\":\"https:\/\/www.amstedmaxion.com.br\/#website\",\"url\":\"https:\/\/www.amstedmaxion.com.br\/\",\"name\":\"AmstedMaxion\",\"description\":\"AmstedMaxion - Fundi\u00e7\u00e3o e Equipamentos Ferrovi\u00e1rios\",\"publisher\":{\"@id\":\"https:\/\/www.amstedmaxion.com.br\/#organization\"},\"alternateName\":\"AmstedMaxion\",\"potentialAction\":[{\"@type\":\"SearchAction\",\"target\":{\"@type\":\"EntryPoint\",\"urlTemplate\":\"https:\/\/www.amstedmaxion.com.br\/?s={search_term_string}\"},\"query-input\":{\"@type\":\"PropertyValueSpecification\",\"valueRequired\":true,\"valueName\":\"search_term_string\"}}],\"inLanguage\":\"en-US\"},{\"@type\":\"Organization\",\"@id\":\"https:\/\/www.amstedmaxion.com.br\/#organization\",\"name\":\"AMSTEDMAXION\",\"url\":\"https:\/\/www.amstedmaxion.com.br\/\",\"logo\":{\"@type\":\"ImageObject\",\"inLanguage\":\"en-US\",\"@id\":\"https:\/\/www.amstedmaxion.com.br\/#\/schema\/logo\/image\/\",\"url\":\"https:\/\/www.amstedmaxion.com.br\/wp-content\/uploads\/2023\/11\/amsted.png\",\"contentUrl\":\"https:\/\/www.amstedmaxion.com.br\/wp-content\/uploads\/2023\/11\/amsted.png\",\"width\":500,\"height\":500,\"caption\":\"AMSTEDMAXION\"},\"image\":{\"@id\":\"https:\/\/www.amstedmaxion.com.br\/#\/schema\/logo\/image\/\"},\"sameAs\":[\"https:\/\/www.facebook.com\/AmstedMaxion.Oficial\",\"https:\/\/br.linkedin.com\/company\/amstedmaxion\"]},{\"@type\":\"Person\",\"@id\":\"https:\/\/www.amstedmaxion.com.br\/#\/schema\/person\/140cb65f07d4e66dd5543c8a187bf436\",\"name\":\"Rosane Storto\",\"image\":{\"@type\":\"ImageObject\",\"inLanguage\":\"en-US\",\"@id\":\"https:\/\/www.amstedmaxion.com.br\/#\/schema\/person\/image\/\",\"url\":\"https:\/\/secure.gravatar.com\/avatar\/0e3d021545bbe593cb0eb3ee740544fefa86d59762e63dec1dbe9480a34c98cd?s=96&d=mm&r=g\",\"contentUrl\":\"https:\/\/secure.gravatar.com\/avatar\/0e3d021545bbe593cb0eb3ee740544fefa86d59762e63dec1dbe9480a34c98cd?s=96&d=mm&r=g\",\"caption\":\"Rosane Storto\"}}]}<\/script>\n<!-- \/ Yoast SEO plugin. -->","yoast_head_json":{"title":"Bom momento da constru\u00e7\u00e3o leva Arcelor a acionar equipamento - AmstedMaxion","robots":{"index":"index","follow":"follow","max-snippet":"max-snippet:-1","max-image-preview":"max-image-preview:large","max-video-preview":"max-video-preview:-1"},"canonical":"https:\/\/www.amstedmaxion.com.br\/bom-momento-da-construcao-leva-arcelor-a-acionar-equipamento\/","og_locale":"en_US","og_type":"article","og_title":"Bom momento da constru\u00e7\u00e3o leva Arcelor a acionar equipamento - AmstedMaxion","og_description":"Companhia construiu laminador em 2015 que est\u00e1 parado desde ent\u00e3o Valor Econ\u00f4mico &#8211; Com o bom momento do setor de constru\u00e7\u00e3o civil, a ArcelorMittal decidiu acionar o laminador 3 da usina de Jo\u00e3o Monlevade, Minas Gerais, a partir do in\u00edcio do pr\u00f3ximo ano. A companhia n\u00e3o informou qual ser\u00e1 o investimento para o acionamento do [&hellip;]","og_url":"https:\/\/www.amstedmaxion.com.br\/bom-momento-da-construcao-leva-arcelor-a-acionar-equipamento\/","og_site_name":"AmstedMaxion","article_publisher":"https:\/\/www.facebook.com\/AmstedMaxion.Oficial","article_published_time":"2021-08-11T20:08:31+00:00","article_modified_time":"2021-08-11T20:08:34+00:00","og_image":[{"width":785,"height":524,"url":"https:\/\/www.amstedmaxion.com.br\/wp-content\/uploads\/2021\/08\/Arcelor-DIvulgacao.jpg","type":"image\/jpeg"}],"author":"Rosane Storto","twitter_card":"summary_large_image","twitter_misc":{"Written by":"Rosane Storto","Est. reading time":"2 minutes"},"schema":{"@context":"https:\/\/schema.org","@graph":[{"@type":"Article","@id":"https:\/\/www.amstedmaxion.com.br\/bom-momento-da-construcao-leva-arcelor-a-acionar-equipamento\/#article","isPartOf":{"@id":"https:\/\/www.amstedmaxion.com.br\/bom-momento-da-construcao-leva-arcelor-a-acionar-equipamento\/"},"author":{"name":"Rosane Storto","@id":"https:\/\/www.amstedmaxion.com.br\/#\/schema\/person\/140cb65f07d4e66dd5543c8a187bf436"},"headline":"Bom momento da constru\u00e7\u00e3o leva Arcelor a acionar equipamento","datePublished":"2021-08-11T20:08:31+00:00","dateModified":"2021-08-11T20:08:34+00:00","mainEntityOfPage":{"@id":"https:\/\/www.amstedmaxion.com.br\/bom-momento-da-construcao-leva-arcelor-a-acionar-equipamento\/"},"wordCount":450,"commentCount":0,"publisher":{"@id":"https:\/\/www.amstedmaxion.com.br\/#organization"},"image":{"@id":"https:\/\/www.amstedmaxion.com.br\/bom-momento-da-construcao-leva-arcelor-a-acionar-equipamento\/#primaryimage"},"thumbnailUrl":"https:\/\/www.amstedmaxion.com.br\/wp-content\/uploads\/2021\/08\/Arcelor-DIvulgacao.jpg","articleSection":["Newsletter"],"inLanguage":"en-US","potentialAction":[{"@type":"CommentAction","name":"Comment","target":["https:\/\/www.amstedmaxion.com.br\/bom-momento-da-construcao-leva-arcelor-a-acionar-equipamento\/#respond"]}]},{"@type":"WebPage","@id":"https:\/\/www.amstedmaxion.com.br\/bom-momento-da-construcao-leva-arcelor-a-acionar-equipamento\/","url":"https:\/\/www.amstedmaxion.com.br\/bom-momento-da-construcao-leva-arcelor-a-acionar-equipamento\/","name":"Bom momento da constru\u00e7\u00e3o leva Arcelor a acionar equipamento - AmstedMaxion","isPartOf":{"@id":"https:\/\/www.amstedmaxion.com.br\/#website"},"primaryImageOfPage":{"@id":"https:\/\/www.amstedmaxion.com.br\/bom-momento-da-construcao-leva-arcelor-a-acionar-equipamento\/#primaryimage"},"image":{"@id":"https:\/\/www.amstedmaxion.com.br\/bom-momento-da-construcao-leva-arcelor-a-acionar-equipamento\/#primaryimage"},"thumbnailUrl":"https:\/\/www.amstedmaxion.com.br\/wp-content\/uploads\/2021\/08\/Arcelor-DIvulgacao.jpg","datePublished":"2021-08-11T20:08:31+00:00","dateModified":"2021-08-11T20:08:34+00:00","breadcrumb":{"@id":"https:\/\/www.amstedmaxion.com.br\/bom-momento-da-construcao-leva-arcelor-a-acionar-equipamento\/#breadcrumb"},"inLanguage":"en-US","potentialAction":[{"@type":"ReadAction","target":["https:\/\/www.amstedmaxion.com.br\/bom-momento-da-construcao-leva-arcelor-a-acionar-equipamento\/"]}]},{"@type":"ImageObject","inLanguage":"en-US","@id":"https:\/\/www.amstedmaxion.com.br\/bom-momento-da-construcao-leva-arcelor-a-acionar-equipamento\/#primaryimage","url":"https:\/\/www.amstedmaxion.com.br\/wp-content\/uploads\/2021\/08\/Arcelor-DIvulgacao.jpg","contentUrl":"https:\/\/www.amstedmaxion.com.br\/wp-content\/uploads\/2021\/08\/Arcelor-DIvulgacao.jpg","width":785,"height":524},{"@type":"BreadcrumbList","@id":"https:\/\/www.amstedmaxion.com.br\/bom-momento-da-construcao-leva-arcelor-a-acionar-equipamento\/#breadcrumb","itemListElement":[{"@type":"ListItem","position":1,"name":"In\u00edcio","item":"https:\/\/www.amstedmaxion.com.br\/"},{"@type":"ListItem","position":2,"name":"Bom momento da constru\u00e7\u00e3o leva Arcelor a acionar equipamento"}]},{"@type":"WebSite","@id":"https:\/\/www.amstedmaxion.com.br\/#website","url":"https:\/\/www.amstedmaxion.com.br\/","name":"AmstedMaxion","description":"AmstedMaxion - Fundi\u00e7\u00e3o e Equipamentos Ferrovi\u00e1rios","publisher":{"@id":"https:\/\/www.amstedmaxion.com.br\/#organization"},"alternateName":"AmstedMaxion","potentialAction":[{"@type":"SearchAction","target":{"@type":"EntryPoint","urlTemplate":"https:\/\/www.amstedmaxion.com.br\/?s={search_term_string}"},"query-input":{"@type":"PropertyValueSpecification","valueRequired":true,"valueName":"search_term_string"}}],"inLanguage":"en-US"},{"@type":"Organization","@id":"https:\/\/www.amstedmaxion.com.br\/#organization","name":"AMSTEDMAXION","url":"https:\/\/www.amstedmaxion.com.br\/","logo":{"@type":"ImageObject","inLanguage":"en-US","@id":"https:\/\/www.amstedmaxion.com.br\/#\/schema\/logo\/image\/","url":"https:\/\/www.amstedmaxion.com.br\/wp-content\/uploads\/2023\/11\/amsted.png","contentUrl":"https:\/\/www.amstedmaxion.com.br\/wp-content\/uploads\/2023\/11\/amsted.png","width":500,"height":500,"caption":"AMSTEDMAXION"},"image":{"@id":"https:\/\/www.amstedmaxion.com.br\/#\/schema\/logo\/image\/"},"sameAs":["https:\/\/www.facebook.com\/AmstedMaxion.Oficial","https:\/\/br.linkedin.com\/company\/amstedmaxion"]},{"@type":"Person","@id":"https:\/\/www.amstedmaxion.com.br\/#\/schema\/person\/140cb65f07d4e66dd5543c8a187bf436","name":"Rosane Storto","image":{"@type":"ImageObject","inLanguage":"en-US","@id":"https:\/\/www.amstedmaxion.com.br\/#\/schema\/person\/image\/","url":"https:\/\/secure.gravatar.com\/avatar\/0e3d021545bbe593cb0eb3ee740544fefa86d59762e63dec1dbe9480a34c98cd?s=96&d=mm&r=g","contentUrl":"https:\/\/secure.gravatar.com\/avatar\/0e3d021545bbe593cb0eb3ee740544fefa86d59762e63dec1dbe9480a34c98cd?s=96&d=mm&r=g","caption":"Rosane Storto"}}]}},"_links":{"self":[{"href":"https:\/\/www.amstedmaxion.com.br\/en\/wp-json\/wp\/v2\/posts\/24906","targetHints":{"allow":["GET"]}}],"collection":[{"href":"https:\/\/www.amstedmaxion.com.br\/en\/wp-json\/wp\/v2\/posts"}],"about":[{"href":"https:\/\/www.amstedmaxion.com.br\/en\/wp-json\/wp\/v2\/types\/post"}],"author":[{"embeddable":true,"href":"https:\/\/www.amstedmaxion.com.br\/en\/wp-json\/wp\/v2\/users\/5"}],"replies":[{"embeddable":true,"href":"https:\/\/www.amstedmaxion.com.br\/en\/wp-json\/wp\/v2\/comments?post=24906"}],"version-history":[{"count":1,"href":"https:\/\/www.amstedmaxion.com.br\/en\/wp-json\/wp\/v2\/posts\/24906\/revisions"}],"predecessor-version":[{"id":24908,"href":"https:\/\/www.amstedmaxion.com.br\/en\/wp-json\/wp\/v2\/posts\/24906\/revisions\/24908"}],"wp:featuredmedia":[{"embeddable":true,"href":"https:\/\/www.amstedmaxion.com.br\/en\/wp-json\/wp\/v2\/media\/24907"}],"wp:attachment":[{"href":"https:\/\/www.amstedmaxion.com.br\/en\/wp-json\/wp\/v2\/media?parent=24906"}],"wp:term":[{"taxonomy":"category","embeddable":true,"href":"https:\/\/www.amstedmaxion.com.br\/en\/wp-json\/wp\/v2\/categories?post=24906"},{"taxonomy":"post_tag","embeddable":true,"href":"https:\/\/www.amstedmaxion.com.br\/en\/wp-json\/wp\/v2\/tags?post=24906"}],"curies":[{"name":"wp","href":"https:\/\/api.w.org\/{rel}","templated":true}]}}