{"id":25245,"date":"2021-08-27T15:59:23","date_gmt":"2021-08-27T18:59:23","guid":{"rendered":"https:\/\/www.amstedmaxion.com.br\/?p=25245"},"modified":"2021-08-27T15:59:26","modified_gmt":"2021-08-27T18:59:26","slug":"precos-da-industria-tem-inflacao-de-194-em-julho-diz-ibge","status":"publish","type":"post","link":"https:\/\/www.amstedmaxion.com.br\/en\/precos-da-industria-tem-inflacao-de-194-em-julho-diz-ibge\/","title":{"rendered":"Pre\u00e7os da ind\u00fastria t\u00eam infla\u00e7\u00e3o de 1,94% em julho, diz IBGE"},"content":{"rendered":"\n<p>A taxa \u00e9 superior ao 1,29% de junho deste ano<\/p>\n\n\n\n<p>Ag\u00eancia Brasil &#8211; O \u00cdndice de Pre\u00e7os ao Produtor (IPP), que mede a varia\u00e7\u00e3o de pre\u00e7os dos produtos na sa\u00edda das f\u00e1bricas, registrou infla\u00e7\u00e3o de 1,94% em julho deste ano. A taxa \u00e9 superior ao 1,29% de junho deste ano, mas inferior aos 3,22% de julho de 2020.<\/p>\n\n\n\n<p>Com o resultado de julho, o IPP acumula taxas de infla\u00e7\u00e3o de 21,39% no ano (mais do que os 19,38% registrados em todo o ano de 2020) e de 35,08% em 12 meses. Os dados foram divulgados hoje (27) pelo Instituto Brasileiro de Geografia e Estat\u00edstica (IBGE).<\/p>\n\n\n\n<p>Em julho, 20 das 24 atividades industriais pesquisadas tiveram alta de pre\u00e7os em seus produtos, com destaque para os alimentos (2,09%), refino de petr\u00f3leo e produtos de \u00e1lcool (3,26%), ind\u00fastrias extrativas (3,61%) e metalurgia (3,68%).<\/p>\n\n\n\n<p>Quatro atividades apresentaram defla\u00e7\u00e3o (queda de pre\u00e7os): m\u00e1quinas, aparelhos e materiais el\u00e9tricos (-1,37%), produtos de fumo (-0,51%), produtos t\u00eaxteis (-0,49%) e produtos de madeira (-0,18%).<\/p>\n\n\n\n<p>Entre as quatro grandes categorias econ\u00f4micas da ind\u00fastria, a principal alta em julho veio dos bens de consumo semi e n\u00e3o dur\u00e1veis (2,22%). Os demais segmentos tiveram as seguintes taxas de infla\u00e7\u00e3o: bens de capital, isto \u00e9, m\u00e1quinas e equipamentos usados no setor produtivo (2,14%), bens intermedi\u00e1rios, isto \u00e9, insumos industrializados usados no setor produtivo (1,90%), e bens de consumo dur\u00e1veis (0,76%).<\/p>\n\n\n\n<figure class=\"wp-block-image size-large is-resized\"><img loading=\"lazy\" decoding=\"async\" src=\"https:\/\/www.amstedmaxion.com.br\/wp-content\/uploads\/2021\/08\/Industria-Agencia-Brasil.jpg\" alt=\"\" class=\"wp-image-25246\" width=\"386\" height=\"231\"\/><figcaption>Foto: CNI\/Jos\u00e9 Paulo Lacerda (Reprodu\u00e7\u00e3o Ag\u00eancia Brasil)                                               <\/figcaption><\/figure>\n\n\n\n<p>Fonte: Ag\u00eancia Brasil \/ Vitor Abdala (<a href=\"https:\/\/agenciabrasil.ebc.com.br\/economia\/noticia\/2021-08\/precos-da-industria-tem-inflacao-de-194-em-julho-diz-ibge\">https:\/\/agenciabrasil.ebc.com.br\/economia\/noticia\/2021-08\/precos-da-industria-tem-inflacao-de-194-em-julho-diz-ibge<\/a>)<\/p>\n\n\n\n<p><\/p>\n","protected":false},"excerpt":{"rendered":"<p>A taxa \u00e9 superior ao 1,29% de junho deste ano Ag\u00eancia Brasil &#8211; O \u00cdndice de Pre\u00e7os ao Produtor (IPP), que mede a varia\u00e7\u00e3o de pre\u00e7os dos produtos na sa\u00edda das f\u00e1bricas, registrou infla\u00e7\u00e3o de 1,94% em julho deste ano. A taxa \u00e9 superior ao 1,29% de junho deste ano, mas inferior aos 3,22% de [&hellip;]<\/p>\n","protected":false},"author":5,"featured_media":25246,"comment_status":"open","ping_status":"open","sticky":false,"template":"","format":"standard","meta":{"_acf_changed":false,"footnotes":""},"categories":[148],"tags":[],"class_list":["post-25245","post","type-post","status-publish","format-standard","has-post-thumbnail","hentry","category-newsletter"],"acf":[],"yoast_head":"<!-- This site is optimized with the Yoast SEO plugin v23.9 - https:\/\/yoast.com\/wordpress\/plugins\/seo\/ -->\n<title>Pre\u00e7os da ind\u00fastria t\u00eam infla\u00e7\u00e3o de 1,94% em julho, diz IBGE - AmstedMaxion<\/title>\n<meta name=\"robots\" content=\"index, follow, max-snippet:-1, max-image-preview:large, max-video-preview:-1\" \/>\n<link rel=\"canonical\" href=\"https:\/\/www.amstedmaxion.com.br\/en\/precos-da-industria-tem-inflacao-de-194-em-julho-diz-ibge\/\" \/>\n<meta property=\"og:locale\" content=\"en_US\" \/>\n<meta property=\"og:type\" content=\"article\" \/>\n<meta property=\"og:title\" content=\"Pre\u00e7os da ind\u00fastria t\u00eam infla\u00e7\u00e3o de 1,94% em julho, diz IBGE - AmstedMaxion\" \/>\n<meta property=\"og:description\" content=\"A taxa \u00e9 superior ao 1,29% de junho deste ano Ag\u00eancia Brasil &#8211; O \u00cdndice de Pre\u00e7os ao Produtor (IPP), que mede a varia\u00e7\u00e3o de pre\u00e7os dos produtos na sa\u00edda das f\u00e1bricas, registrou infla\u00e7\u00e3o de 1,94% em julho deste ano. A taxa \u00e9 superior ao 1,29% de junho deste ano, mas inferior aos 3,22% de [&hellip;]\" \/>\n<meta property=\"og:url\" content=\"https:\/\/www.amstedmaxion.com.br\/en\/precos-da-industria-tem-inflacao-de-194-em-julho-diz-ibge\/\" \/>\n<meta property=\"og:site_name\" content=\"AmstedMaxion\" \/>\n<meta property=\"article:publisher\" content=\"https:\/\/www.facebook.com\/AmstedMaxion.Oficial\" \/>\n<meta property=\"article:published_time\" content=\"2021-08-27T18:59:23+00:00\" \/>\n<meta property=\"article:modified_time\" content=\"2021-08-27T18:59:26+00:00\" \/>\n<meta property=\"og:image\" content=\"https:\/\/www.amstedmaxion.com.br\/wp-content\/uploads\/2021\/08\/Industria-Agencia-Brasil.jpg\" \/>\n\t<meta property=\"og:image:width\" content=\"1170\" \/>\n\t<meta property=\"og:image:height\" content=\"700\" \/>\n\t<meta property=\"og:image:type\" content=\"image\/jpeg\" \/>\n<meta name=\"author\" content=\"Rosane Storto\" \/>\n<meta name=\"twitter:card\" content=\"summary_large_image\" \/>\n<meta name=\"twitter:label1\" content=\"Written by\" \/>\n\t<meta name=\"twitter:data1\" content=\"Rosane Storto\" \/>\n\t<meta name=\"twitter:label2\" content=\"Est. reading time\" \/>\n\t<meta name=\"twitter:data2\" content=\"2 minutes\" \/>\n<script type=\"application\/ld+json\" class=\"yoast-schema-graph\">{\"@context\":\"https:\/\/schema.org\",\"@graph\":[{\"@type\":\"Article\",\"@id\":\"https:\/\/www.amstedmaxion.com.br\/en\/precos-da-industria-tem-inflacao-de-194-em-julho-diz-ibge\/#article\",\"isPartOf\":{\"@id\":\"https:\/\/www.amstedmaxion.com.br\/en\/precos-da-industria-tem-inflacao-de-194-em-julho-diz-ibge\/\"},\"author\":{\"name\":\"Rosane Storto\",\"@id\":\"https:\/\/www.amstedmaxion.com.br\/#\/schema\/person\/140cb65f07d4e66dd5543c8a187bf436\"},\"headline\":\"Pre\u00e7os da ind\u00fastria t\u00eam infla\u00e7\u00e3o de 1,94% em julho, diz IBGE\",\"datePublished\":\"2021-08-27T18:59:23+00:00\",\"dateModified\":\"2021-08-27T18:59:26+00:00\",\"mainEntityOfPage\":{\"@id\":\"https:\/\/www.amstedmaxion.com.br\/en\/precos-da-industria-tem-inflacao-de-194-em-julho-diz-ibge\/\"},\"wordCount\":267,\"commentCount\":0,\"publisher\":{\"@id\":\"https:\/\/www.amstedmaxion.com.br\/#organization\"},\"image\":{\"@id\":\"https:\/\/www.amstedmaxion.com.br\/en\/precos-da-industria-tem-inflacao-de-194-em-julho-diz-ibge\/#primaryimage\"},\"thumbnailUrl\":\"https:\/\/www.amstedmaxion.com.br\/wp-content\/uploads\/2021\/08\/Industria-Agencia-Brasil.jpg\",\"articleSection\":[\"Newsletter\"],\"inLanguage\":\"en-US\",\"potentialAction\":[{\"@type\":\"CommentAction\",\"name\":\"Comment\",\"target\":[\"https:\/\/www.amstedmaxion.com.br\/en\/precos-da-industria-tem-inflacao-de-194-em-julho-diz-ibge\/#respond\"]}]},{\"@type\":\"WebPage\",\"@id\":\"https:\/\/www.amstedmaxion.com.br\/en\/precos-da-industria-tem-inflacao-de-194-em-julho-diz-ibge\/\",\"url\":\"https:\/\/www.amstedmaxion.com.br\/en\/precos-da-industria-tem-inflacao-de-194-em-julho-diz-ibge\/\",\"name\":\"Pre\u00e7os da ind\u00fastria t\u00eam infla\u00e7\u00e3o de 1,94% em julho, diz IBGE - AmstedMaxion\",\"isPartOf\":{\"@id\":\"https:\/\/www.amstedmaxion.com.br\/#website\"},\"primaryImageOfPage\":{\"@id\":\"https:\/\/www.amstedmaxion.com.br\/en\/precos-da-industria-tem-inflacao-de-194-em-julho-diz-ibge\/#primaryimage\"},\"image\":{\"@id\":\"https:\/\/www.amstedmaxion.com.br\/en\/precos-da-industria-tem-inflacao-de-194-em-julho-diz-ibge\/#primaryimage\"},\"thumbnailUrl\":\"https:\/\/www.amstedmaxion.com.br\/wp-content\/uploads\/2021\/08\/Industria-Agencia-Brasil.jpg\",\"datePublished\":\"2021-08-27T18:59:23+00:00\",\"dateModified\":\"2021-08-27T18:59:26+00:00\",\"breadcrumb\":{\"@id\":\"https:\/\/www.amstedmaxion.com.br\/en\/precos-da-industria-tem-inflacao-de-194-em-julho-diz-ibge\/#breadcrumb\"},\"inLanguage\":\"en-US\",\"potentialAction\":[{\"@type\":\"ReadAction\",\"target\":[\"https:\/\/www.amstedmaxion.com.br\/en\/precos-da-industria-tem-inflacao-de-194-em-julho-diz-ibge\/\"]}]},{\"@type\":\"ImageObject\",\"inLanguage\":\"en-US\",\"@id\":\"https:\/\/www.amstedmaxion.com.br\/en\/precos-da-industria-tem-inflacao-de-194-em-julho-diz-ibge\/#primaryimage\",\"url\":\"https:\/\/www.amstedmaxion.com.br\/wp-content\/uploads\/2021\/08\/Industria-Agencia-Brasil.jpg\",\"contentUrl\":\"https:\/\/www.amstedmaxion.com.br\/wp-content\/uploads\/2021\/08\/Industria-Agencia-Brasil.jpg\",\"width\":1170,\"height\":700},{\"@type\":\"BreadcrumbList\",\"@id\":\"https:\/\/www.amstedmaxion.com.br\/en\/precos-da-industria-tem-inflacao-de-194-em-julho-diz-ibge\/#breadcrumb\",\"itemListElement\":[{\"@type\":\"ListItem\",\"position\":1,\"name\":\"In\u00edcio\",\"item\":\"https:\/\/www.amstedmaxion.com.br\/\"},{\"@type\":\"ListItem\",\"position\":2,\"name\":\"Pre\u00e7os da ind\u00fastria t\u00eam infla\u00e7\u00e3o de 1,94% em julho, diz IBGE\"}]},{\"@type\":\"WebSite\",\"@id\":\"https:\/\/www.amstedmaxion.com.br\/#website\",\"url\":\"https:\/\/www.amstedmaxion.com.br\/\",\"name\":\"AmstedMaxion\",\"description\":\"AmstedMaxion - Fundi\u00e7\u00e3o e Equipamentos Ferrovi\u00e1rios\",\"publisher\":{\"@id\":\"https:\/\/www.amstedmaxion.com.br\/#organization\"},\"alternateName\":\"AmstedMaxion\",\"potentialAction\":[{\"@type\":\"SearchAction\",\"target\":{\"@type\":\"EntryPoint\",\"urlTemplate\":\"https:\/\/www.amstedmaxion.com.br\/?s={search_term_string}\"},\"query-input\":{\"@type\":\"PropertyValueSpecification\",\"valueRequired\":true,\"valueName\":\"search_term_string\"}}],\"inLanguage\":\"en-US\"},{\"@type\":\"Organization\",\"@id\":\"https:\/\/www.amstedmaxion.com.br\/#organization\",\"name\":\"AMSTEDMAXION\",\"url\":\"https:\/\/www.amstedmaxion.com.br\/\",\"logo\":{\"@type\":\"ImageObject\",\"inLanguage\":\"en-US\",\"@id\":\"https:\/\/www.amstedmaxion.com.br\/#\/schema\/logo\/image\/\",\"url\":\"https:\/\/www.amstedmaxion.com.br\/wp-content\/uploads\/2023\/11\/amsted.png\",\"contentUrl\":\"https:\/\/www.amstedmaxion.com.br\/wp-content\/uploads\/2023\/11\/amsted.png\",\"width\":500,\"height\":500,\"caption\":\"AMSTEDMAXION\"},\"image\":{\"@id\":\"https:\/\/www.amstedmaxion.com.br\/#\/schema\/logo\/image\/\"},\"sameAs\":[\"https:\/\/www.facebook.com\/AmstedMaxion.Oficial\",\"https:\/\/br.linkedin.com\/company\/amstedmaxion\"]},{\"@type\":\"Person\",\"@id\":\"https:\/\/www.amstedmaxion.com.br\/#\/schema\/person\/140cb65f07d4e66dd5543c8a187bf436\",\"name\":\"Rosane Storto\",\"image\":{\"@type\":\"ImageObject\",\"inLanguage\":\"en-US\",\"@id\":\"https:\/\/www.amstedmaxion.com.br\/#\/schema\/person\/image\/\",\"url\":\"https:\/\/secure.gravatar.com\/avatar\/0e3d021545bbe593cb0eb3ee740544fefa86d59762e63dec1dbe9480a34c98cd?s=96&d=mm&r=g\",\"contentUrl\":\"https:\/\/secure.gravatar.com\/avatar\/0e3d021545bbe593cb0eb3ee740544fefa86d59762e63dec1dbe9480a34c98cd?s=96&d=mm&r=g\",\"caption\":\"Rosane Storto\"}}]}<\/script>\n<!-- \/ Yoast SEO plugin. -->","yoast_head_json":{"title":"Pre\u00e7os da ind\u00fastria t\u00eam infla\u00e7\u00e3o de 1,94% em julho, diz IBGE - AmstedMaxion","robots":{"index":"index","follow":"follow","max-snippet":"max-snippet:-1","max-image-preview":"max-image-preview:large","max-video-preview":"max-video-preview:-1"},"canonical":"https:\/\/www.amstedmaxion.com.br\/en\/precos-da-industria-tem-inflacao-de-194-em-julho-diz-ibge\/","og_locale":"en_US","og_type":"article","og_title":"Pre\u00e7os da ind\u00fastria t\u00eam infla\u00e7\u00e3o de 1,94% em julho, diz IBGE - AmstedMaxion","og_description":"A taxa \u00e9 superior ao 1,29% de junho deste ano Ag\u00eancia Brasil &#8211; O \u00cdndice de Pre\u00e7os ao Produtor (IPP), que mede a varia\u00e7\u00e3o de pre\u00e7os dos produtos na sa\u00edda das f\u00e1bricas, registrou infla\u00e7\u00e3o de 1,94% em julho deste ano. A taxa \u00e9 superior ao 1,29% de junho deste ano, mas inferior aos 3,22% de [&hellip;]","og_url":"https:\/\/www.amstedmaxion.com.br\/en\/precos-da-industria-tem-inflacao-de-194-em-julho-diz-ibge\/","og_site_name":"AmstedMaxion","article_publisher":"https:\/\/www.facebook.com\/AmstedMaxion.Oficial","article_published_time":"2021-08-27T18:59:23+00:00","article_modified_time":"2021-08-27T18:59:26+00:00","og_image":[{"width":1170,"height":700,"url":"https:\/\/www.amstedmaxion.com.br\/wp-content\/uploads\/2021\/08\/Industria-Agencia-Brasil.jpg","type":"image\/jpeg"}],"author":"Rosane Storto","twitter_card":"summary_large_image","twitter_misc":{"Written by":"Rosane Storto","Est. reading time":"2 minutes"},"schema":{"@context":"https:\/\/schema.org","@graph":[{"@type":"Article","@id":"https:\/\/www.amstedmaxion.com.br\/en\/precos-da-industria-tem-inflacao-de-194-em-julho-diz-ibge\/#article","isPartOf":{"@id":"https:\/\/www.amstedmaxion.com.br\/en\/precos-da-industria-tem-inflacao-de-194-em-julho-diz-ibge\/"},"author":{"name":"Rosane Storto","@id":"https:\/\/www.amstedmaxion.com.br\/#\/schema\/person\/140cb65f07d4e66dd5543c8a187bf436"},"headline":"Pre\u00e7os da ind\u00fastria t\u00eam infla\u00e7\u00e3o de 1,94% em julho, diz IBGE","datePublished":"2021-08-27T18:59:23+00:00","dateModified":"2021-08-27T18:59:26+00:00","mainEntityOfPage":{"@id":"https:\/\/www.amstedmaxion.com.br\/en\/precos-da-industria-tem-inflacao-de-194-em-julho-diz-ibge\/"},"wordCount":267,"commentCount":0,"publisher":{"@id":"https:\/\/www.amstedmaxion.com.br\/#organization"},"image":{"@id":"https:\/\/www.amstedmaxion.com.br\/en\/precos-da-industria-tem-inflacao-de-194-em-julho-diz-ibge\/#primaryimage"},"thumbnailUrl":"https:\/\/www.amstedmaxion.com.br\/wp-content\/uploads\/2021\/08\/Industria-Agencia-Brasil.jpg","articleSection":["Newsletter"],"inLanguage":"en-US","potentialAction":[{"@type":"CommentAction","name":"Comment","target":["https:\/\/www.amstedmaxion.com.br\/en\/precos-da-industria-tem-inflacao-de-194-em-julho-diz-ibge\/#respond"]}]},{"@type":"WebPage","@id":"https:\/\/www.amstedmaxion.com.br\/en\/precos-da-industria-tem-inflacao-de-194-em-julho-diz-ibge\/","url":"https:\/\/www.amstedmaxion.com.br\/en\/precos-da-industria-tem-inflacao-de-194-em-julho-diz-ibge\/","name":"Pre\u00e7os da ind\u00fastria t\u00eam infla\u00e7\u00e3o de 1,94% em julho, diz IBGE - AmstedMaxion","isPartOf":{"@id":"https:\/\/www.amstedmaxion.com.br\/#website"},"primaryImageOfPage":{"@id":"https:\/\/www.amstedmaxion.com.br\/en\/precos-da-industria-tem-inflacao-de-194-em-julho-diz-ibge\/#primaryimage"},"image":{"@id":"https:\/\/www.amstedmaxion.com.br\/en\/precos-da-industria-tem-inflacao-de-194-em-julho-diz-ibge\/#primaryimage"},"thumbnailUrl":"https:\/\/www.amstedmaxion.com.br\/wp-content\/uploads\/2021\/08\/Industria-Agencia-Brasil.jpg","datePublished":"2021-08-27T18:59:23+00:00","dateModified":"2021-08-27T18:59:26+00:00","breadcrumb":{"@id":"https:\/\/www.amstedmaxion.com.br\/en\/precos-da-industria-tem-inflacao-de-194-em-julho-diz-ibge\/#breadcrumb"},"inLanguage":"en-US","potentialAction":[{"@type":"ReadAction","target":["https:\/\/www.amstedmaxion.com.br\/en\/precos-da-industria-tem-inflacao-de-194-em-julho-diz-ibge\/"]}]},{"@type":"ImageObject","inLanguage":"en-US","@id":"https:\/\/www.amstedmaxion.com.br\/en\/precos-da-industria-tem-inflacao-de-194-em-julho-diz-ibge\/#primaryimage","url":"https:\/\/www.amstedmaxion.com.br\/wp-content\/uploads\/2021\/08\/Industria-Agencia-Brasil.jpg","contentUrl":"https:\/\/www.amstedmaxion.com.br\/wp-content\/uploads\/2021\/08\/Industria-Agencia-Brasil.jpg","width":1170,"height":700},{"@type":"BreadcrumbList","@id":"https:\/\/www.amstedmaxion.com.br\/en\/precos-da-industria-tem-inflacao-de-194-em-julho-diz-ibge\/#breadcrumb","itemListElement":[{"@type":"ListItem","position":1,"name":"In\u00edcio","item":"https:\/\/www.amstedmaxion.com.br\/"},{"@type":"ListItem","position":2,"name":"Pre\u00e7os da ind\u00fastria t\u00eam infla\u00e7\u00e3o de 1,94% em julho, diz IBGE"}]},{"@type":"WebSite","@id":"https:\/\/www.amstedmaxion.com.br\/#website","url":"https:\/\/www.amstedmaxion.com.br\/","name":"AmstedMaxion","description":"AmstedMaxion - Fundi\u00e7\u00e3o e Equipamentos Ferrovi\u00e1rios","publisher":{"@id":"https:\/\/www.amstedmaxion.com.br\/#organization"},"alternateName":"AmstedMaxion","potentialAction":[{"@type":"SearchAction","target":{"@type":"EntryPoint","urlTemplate":"https:\/\/www.amstedmaxion.com.br\/?s={search_term_string}"},"query-input":{"@type":"PropertyValueSpecification","valueRequired":true,"valueName":"search_term_string"}}],"inLanguage":"en-US"},{"@type":"Organization","@id":"https:\/\/www.amstedmaxion.com.br\/#organization","name":"AMSTEDMAXION","url":"https:\/\/www.amstedmaxion.com.br\/","logo":{"@type":"ImageObject","inLanguage":"en-US","@id":"https:\/\/www.amstedmaxion.com.br\/#\/schema\/logo\/image\/","url":"https:\/\/www.amstedmaxion.com.br\/wp-content\/uploads\/2023\/11\/amsted.png","contentUrl":"https:\/\/www.amstedmaxion.com.br\/wp-content\/uploads\/2023\/11\/amsted.png","width":500,"height":500,"caption":"AMSTEDMAXION"},"image":{"@id":"https:\/\/www.amstedmaxion.com.br\/#\/schema\/logo\/image\/"},"sameAs":["https:\/\/www.facebook.com\/AmstedMaxion.Oficial","https:\/\/br.linkedin.com\/company\/amstedmaxion"]},{"@type":"Person","@id":"https:\/\/www.amstedmaxion.com.br\/#\/schema\/person\/140cb65f07d4e66dd5543c8a187bf436","name":"Rosane Storto","image":{"@type":"ImageObject","inLanguage":"en-US","@id":"https:\/\/www.amstedmaxion.com.br\/#\/schema\/person\/image\/","url":"https:\/\/secure.gravatar.com\/avatar\/0e3d021545bbe593cb0eb3ee740544fefa86d59762e63dec1dbe9480a34c98cd?s=96&d=mm&r=g","contentUrl":"https:\/\/secure.gravatar.com\/avatar\/0e3d021545bbe593cb0eb3ee740544fefa86d59762e63dec1dbe9480a34c98cd?s=96&d=mm&r=g","caption":"Rosane Storto"}}]}},"_links":{"self":[{"href":"https:\/\/www.amstedmaxion.com.br\/en\/wp-json\/wp\/v2\/posts\/25245","targetHints":{"allow":["GET"]}}],"collection":[{"href":"https:\/\/www.amstedmaxion.com.br\/en\/wp-json\/wp\/v2\/posts"}],"about":[{"href":"https:\/\/www.amstedmaxion.com.br\/en\/wp-json\/wp\/v2\/types\/post"}],"author":[{"embeddable":true,"href":"https:\/\/www.amstedmaxion.com.br\/en\/wp-json\/wp\/v2\/users\/5"}],"replies":[{"embeddable":true,"href":"https:\/\/www.amstedmaxion.com.br\/en\/wp-json\/wp\/v2\/comments?post=25245"}],"version-history":[{"count":1,"href":"https:\/\/www.amstedmaxion.com.br\/en\/wp-json\/wp\/v2\/posts\/25245\/revisions"}],"predecessor-version":[{"id":25247,"href":"https:\/\/www.amstedmaxion.com.br\/en\/wp-json\/wp\/v2\/posts\/25245\/revisions\/25247"}],"wp:featuredmedia":[{"embeddable":true,"href":"https:\/\/www.amstedmaxion.com.br\/en\/wp-json\/wp\/v2\/media\/25246"}],"wp:attachment":[{"href":"https:\/\/www.amstedmaxion.com.br\/en\/wp-json\/wp\/v2\/media?parent=25245"}],"wp:term":[{"taxonomy":"category","embeddable":true,"href":"https:\/\/www.amstedmaxion.com.br\/en\/wp-json\/wp\/v2\/categories?post=25245"},{"taxonomy":"post_tag","embeddable":true,"href":"https:\/\/www.amstedmaxion.com.br\/en\/wp-json\/wp\/v2\/tags?post=25245"}],"curies":[{"name":"wp","href":"https:\/\/api.w.org\/{rel}","templated":true}]}}