{"id":25619,"date":"2021-09-20T17:21:41","date_gmt":"2021-09-20T20:21:41","guid":{"rendered":"https:\/\/www.amstedmaxion.com.br\/?p=25619"},"modified":"2021-09-20T17:21:44","modified_gmt":"2021-09-20T20:21:44","slug":"comissao-debate-alteracoes-em-aliquota-de-imposto-sobre-importacao","status":"publish","type":"post","link":"https:\/\/www.amstedmaxion.com.br\/en\/comissao-debate-alteracoes-em-aliquota-de-imposto-sobre-importacao\/","title":{"rendered":"Comiss\u00e3o debate altera\u00e7\u00f5es em al\u00edquota de Imposto sobre Importa\u00e7\u00e3o"},"content":{"rendered":"\n<p>Ag\u00eancia C\u00e2mara de Not\u00edcias &#8211; A Comiss\u00e3o de Desenvolvimento Econ\u00f4mico, Ind\u00fastria, Com\u00e9rcio e Servi\u00e7os da C\u00e2mara dos Deputados debate na quarta-feira (22) a altera\u00e7\u00e3o de al\u00edquotas do Imposto de Importa\u00e7\u00e3o (II) de produtos. O debate atende a pedido dos deputados Guiga Peixoto (PSL-SP), La\u00e9rcio Oliveira (PP-SE) e Alexis Fonteyne (Novo-SP).<\/p>\n\n\n\n<p>De acordo com Peixoto, o projeto de lei que disp\u00f5e sobre as condi\u00e7\u00f5es e limites aplic\u00e1veis \u00e0 altera\u00e7\u00e3o de al\u00edquotas do imposto sobre a importa\u00e7\u00e3o de produtos (PL 537\/21) estabelece, dentre outros pontos, que as mudan\u00e7as no II s\u00f3 poder\u00e3o ocorrer a cada tr\u00eas anos, contados do in\u00edcio da vig\u00eancia da futura lei, e a altera\u00e7\u00e3o n\u00e3o poder\u00e1 ultrapassar 10%, para mais ou para menos, da al\u00edquota.<\/p>\n\n\n\n<p>\u201cA proposi\u00e7\u00e3o carece de maior discuss\u00e3o e consenso pelos setores que ser\u00e3o atingidos pela proposta, o que constitui \u00f3bice ao avan\u00e7o de quest\u00f5es extrafiscais que ultrapassam o car\u00e1ter meramente arrecadat\u00f3rio do imposto sobre a importa\u00e7\u00e3o de produtos, porquanto se tratar de mat\u00e9ria com reflexos em todo o Pa\u00eds, o que afeta o desenvolvimento do nacional\u201d, afirma o deputado.<\/p>\n\n\n\n<p>O debate ser\u00e1 realizado \u00e0s 16 horas, no plen\u00e1rio 5. O p\u00fablico pode acompanhar o debate e participar da discuss\u00e3o pela internet pelo link: https:\/\/edemocracia.camara.leg.br\/audiencias\/sala\/2300.\u00a0<\/p>\n\n\n\n<figure class=\"wp-block-image size-large is-resized\"><img loading=\"lazy\" decoding=\"async\" src=\"https:\/\/www.amstedmaxion.com.br\/wp-content\/uploads\/2021\/09\/Maquinas.jpg\" alt=\"\" class=\"wp-image-25620\" width=\"383\" height=\"246\"\/><figcaption>Foto: Ivan Bueno\/Administra\u00e7\u00e3o dos Portos de Paranagu\u00e1 <br>e Antonina\/ Ag\u00eancia C\u00e2mara de Not\u00edcias<\/figcaption><\/figure>\n\n\n\n<p>Fonte: Ag\u00eancia C\u00e2mara de Not\u00edcias (<a href=\"https:\/\/www.camara.leg.br\/noticias\/807245-comissao-debate-alteracoes-em-aliquota-de-imposto-sobre-importacao\/\">https:\/\/www.camara.leg.br\/noticias\/807245-comissao-debate-alteracoes-em-aliquota-de-imposto-sobre-importacao\/<\/a>)<\/p>\n\n\n\n<p><\/p>\n","protected":false},"excerpt":{"rendered":"<p>Ag\u00eancia C\u00e2mara de Not\u00edcias &#8211; A Comiss\u00e3o de Desenvolvimento Econ\u00f4mico, Ind\u00fastria, Com\u00e9rcio e Servi\u00e7os da C\u00e2mara dos Deputados debate na quarta-feira (22) a altera\u00e7\u00e3o de al\u00edquotas do Imposto de Importa\u00e7\u00e3o (II) de produtos. O debate atende a pedido dos deputados Guiga Peixoto (PSL-SP), La\u00e9rcio Oliveira (PP-SE) e Alexis Fonteyne (Novo-SP). De acordo com Peixoto, o [&hellip;]<\/p>\n","protected":false},"author":5,"featured_media":25620,"comment_status":"open","ping_status":"open","sticky":false,"template":"","format":"standard","meta":{"_acf_changed":false,"footnotes":""},"categories":[148],"tags":[],"class_list":["post-25619","post","type-post","status-publish","format-standard","has-post-thumbnail","hentry","category-newsletter"],"acf":[],"yoast_head":"<!-- This site is optimized with the Yoast SEO plugin v23.9 - https:\/\/yoast.com\/wordpress\/plugins\/seo\/ -->\n<title>Comiss\u00e3o debate altera\u00e7\u00f5es em al\u00edquota de Imposto sobre Importa\u00e7\u00e3o - AmstedMaxion<\/title>\n<meta name=\"robots\" content=\"index, follow, max-snippet:-1, max-image-preview:large, max-video-preview:-1\" \/>\n<link rel=\"canonical\" href=\"https:\/\/www.amstedmaxion.com.br\/comissao-debate-alteracoes-em-aliquota-de-imposto-sobre-importacao\/\" \/>\n<meta property=\"og:locale\" content=\"en_US\" \/>\n<meta property=\"og:type\" content=\"article\" \/>\n<meta property=\"og:title\" content=\"Comiss\u00e3o debate altera\u00e7\u00f5es em al\u00edquota de Imposto sobre Importa\u00e7\u00e3o - AmstedMaxion\" \/>\n<meta property=\"og:description\" content=\"Ag\u00eancia C\u00e2mara de Not\u00edcias &#8211; A Comiss\u00e3o de Desenvolvimento Econ\u00f4mico, Ind\u00fastria, Com\u00e9rcio e Servi\u00e7os da C\u00e2mara dos Deputados debate na quarta-feira (22) a altera\u00e7\u00e3o de al\u00edquotas do Imposto de Importa\u00e7\u00e3o (II) de produtos. O debate atende a pedido dos deputados Guiga Peixoto (PSL-SP), La\u00e9rcio Oliveira (PP-SE) e Alexis Fonteyne (Novo-SP). De acordo com Peixoto, o [&hellip;]\" \/>\n<meta property=\"og:url\" content=\"https:\/\/www.amstedmaxion.com.br\/comissao-debate-alteracoes-em-aliquota-de-imposto-sobre-importacao\/\" \/>\n<meta property=\"og:site_name\" content=\"AmstedMaxion\" \/>\n<meta property=\"article:publisher\" content=\"https:\/\/www.facebook.com\/AmstedMaxion.Oficial\" \/>\n<meta property=\"article:published_time\" content=\"2021-09-20T20:21:41+00:00\" \/>\n<meta property=\"article:modified_time\" content=\"2021-09-20T20:21:44+00:00\" \/>\n<meta property=\"og:image\" content=\"https:\/\/www.amstedmaxion.com.br\/wp-content\/uploads\/2021\/09\/Maquinas.jpg\" \/>\n\t<meta property=\"og:image:width\" content=\"768\" \/>\n\t<meta property=\"og:image:height\" content=\"493\" \/>\n\t<meta property=\"og:image:type\" content=\"image\/jpeg\" \/>\n<meta name=\"author\" content=\"Rosane Storto\" \/>\n<meta name=\"twitter:card\" content=\"summary_large_image\" \/>\n<meta name=\"twitter:label1\" content=\"Written by\" \/>\n\t<meta name=\"twitter:data1\" content=\"Rosane Storto\" \/>\n\t<meta name=\"twitter:label2\" content=\"Est. reading time\" \/>\n\t<meta name=\"twitter:data2\" content=\"2 minutes\" \/>\n<script type=\"application\/ld+json\" class=\"yoast-schema-graph\">{\"@context\":\"https:\/\/schema.org\",\"@graph\":[{\"@type\":\"Article\",\"@id\":\"https:\/\/www.amstedmaxion.com.br\/comissao-debate-alteracoes-em-aliquota-de-imposto-sobre-importacao\/#article\",\"isPartOf\":{\"@id\":\"https:\/\/www.amstedmaxion.com.br\/comissao-debate-alteracoes-em-aliquota-de-imposto-sobre-importacao\/\"},\"author\":{\"name\":\"Rosane Storto\",\"@id\":\"https:\/\/www.amstedmaxion.com.br\/#\/schema\/person\/140cb65f07d4e66dd5543c8a187bf436\"},\"headline\":\"Comiss\u00e3o debate altera\u00e7\u00f5es em al\u00edquota de Imposto sobre Importa\u00e7\u00e3o\",\"datePublished\":\"2021-09-20T20:21:41+00:00\",\"dateModified\":\"2021-09-20T20:21:44+00:00\",\"mainEntityOfPage\":{\"@id\":\"https:\/\/www.amstedmaxion.com.br\/comissao-debate-alteracoes-em-aliquota-de-imposto-sobre-importacao\/\"},\"wordCount\":286,\"commentCount\":0,\"publisher\":{\"@id\":\"https:\/\/www.amstedmaxion.com.br\/#organization\"},\"image\":{\"@id\":\"https:\/\/www.amstedmaxion.com.br\/comissao-debate-alteracoes-em-aliquota-de-imposto-sobre-importacao\/#primaryimage\"},\"thumbnailUrl\":\"https:\/\/www.amstedmaxion.com.br\/wp-content\/uploads\/2021\/09\/Maquinas.jpg\",\"articleSection\":[\"Newsletter\"],\"inLanguage\":\"en-US\",\"potentialAction\":[{\"@type\":\"CommentAction\",\"name\":\"Comment\",\"target\":[\"https:\/\/www.amstedmaxion.com.br\/comissao-debate-alteracoes-em-aliquota-de-imposto-sobre-importacao\/#respond\"]}]},{\"@type\":\"WebPage\",\"@id\":\"https:\/\/www.amstedmaxion.com.br\/comissao-debate-alteracoes-em-aliquota-de-imposto-sobre-importacao\/\",\"url\":\"https:\/\/www.amstedmaxion.com.br\/comissao-debate-alteracoes-em-aliquota-de-imposto-sobre-importacao\/\",\"name\":\"Comiss\u00e3o debate altera\u00e7\u00f5es em al\u00edquota de Imposto sobre Importa\u00e7\u00e3o - AmstedMaxion\",\"isPartOf\":{\"@id\":\"https:\/\/www.amstedmaxion.com.br\/#website\"},\"primaryImageOfPage\":{\"@id\":\"https:\/\/www.amstedmaxion.com.br\/comissao-debate-alteracoes-em-aliquota-de-imposto-sobre-importacao\/#primaryimage\"},\"image\":{\"@id\":\"https:\/\/www.amstedmaxion.com.br\/comissao-debate-alteracoes-em-aliquota-de-imposto-sobre-importacao\/#primaryimage\"},\"thumbnailUrl\":\"https:\/\/www.amstedmaxion.com.br\/wp-content\/uploads\/2021\/09\/Maquinas.jpg\",\"datePublished\":\"2021-09-20T20:21:41+00:00\",\"dateModified\":\"2021-09-20T20:21:44+00:00\",\"breadcrumb\":{\"@id\":\"https:\/\/www.amstedmaxion.com.br\/comissao-debate-alteracoes-em-aliquota-de-imposto-sobre-importacao\/#breadcrumb\"},\"inLanguage\":\"en-US\",\"potentialAction\":[{\"@type\":\"ReadAction\",\"target\":[\"https:\/\/www.amstedmaxion.com.br\/comissao-debate-alteracoes-em-aliquota-de-imposto-sobre-importacao\/\"]}]},{\"@type\":\"ImageObject\",\"inLanguage\":\"en-US\",\"@id\":\"https:\/\/www.amstedmaxion.com.br\/comissao-debate-alteracoes-em-aliquota-de-imposto-sobre-importacao\/#primaryimage\",\"url\":\"https:\/\/www.amstedmaxion.com.br\/wp-content\/uploads\/2021\/09\/Maquinas.jpg\",\"contentUrl\":\"https:\/\/www.amstedmaxion.com.br\/wp-content\/uploads\/2021\/09\/Maquinas.jpg\",\"width\":768,\"height\":493,\"caption\":\"Ag\u00eancia C\u00e2mara de Not\u00edcias\"},{\"@type\":\"BreadcrumbList\",\"@id\":\"https:\/\/www.amstedmaxion.com.br\/comissao-debate-alteracoes-em-aliquota-de-imposto-sobre-importacao\/#breadcrumb\",\"itemListElement\":[{\"@type\":\"ListItem\",\"position\":1,\"name\":\"In\u00edcio\",\"item\":\"https:\/\/www.amstedmaxion.com.br\/\"},{\"@type\":\"ListItem\",\"position\":2,\"name\":\"Comiss\u00e3o debate altera\u00e7\u00f5es em al\u00edquota de Imposto sobre Importa\u00e7\u00e3o\"}]},{\"@type\":\"WebSite\",\"@id\":\"https:\/\/www.amstedmaxion.com.br\/#website\",\"url\":\"https:\/\/www.amstedmaxion.com.br\/\",\"name\":\"AmstedMaxion\",\"description\":\"AmstedMaxion - Fundi\u00e7\u00e3o e Equipamentos Ferrovi\u00e1rios\",\"publisher\":{\"@id\":\"https:\/\/www.amstedmaxion.com.br\/#organization\"},\"alternateName\":\"AmstedMaxion\",\"potentialAction\":[{\"@type\":\"SearchAction\",\"target\":{\"@type\":\"EntryPoint\",\"urlTemplate\":\"https:\/\/www.amstedmaxion.com.br\/?s={search_term_string}\"},\"query-input\":{\"@type\":\"PropertyValueSpecification\",\"valueRequired\":true,\"valueName\":\"search_term_string\"}}],\"inLanguage\":\"en-US\"},{\"@type\":\"Organization\",\"@id\":\"https:\/\/www.amstedmaxion.com.br\/#organization\",\"name\":\"AMSTEDMAXION\",\"url\":\"https:\/\/www.amstedmaxion.com.br\/\",\"logo\":{\"@type\":\"ImageObject\",\"inLanguage\":\"en-US\",\"@id\":\"https:\/\/www.amstedmaxion.com.br\/#\/schema\/logo\/image\/\",\"url\":\"https:\/\/www.amstedmaxion.com.br\/wp-content\/uploads\/2023\/11\/amsted.png\",\"contentUrl\":\"https:\/\/www.amstedmaxion.com.br\/wp-content\/uploads\/2023\/11\/amsted.png\",\"width\":500,\"height\":500,\"caption\":\"AMSTEDMAXION\"},\"image\":{\"@id\":\"https:\/\/www.amstedmaxion.com.br\/#\/schema\/logo\/image\/\"},\"sameAs\":[\"https:\/\/www.facebook.com\/AmstedMaxion.Oficial\",\"https:\/\/br.linkedin.com\/company\/amstedmaxion\"]},{\"@type\":\"Person\",\"@id\":\"https:\/\/www.amstedmaxion.com.br\/#\/schema\/person\/140cb65f07d4e66dd5543c8a187bf436\",\"name\":\"Rosane Storto\",\"image\":{\"@type\":\"ImageObject\",\"inLanguage\":\"en-US\",\"@id\":\"https:\/\/www.amstedmaxion.com.br\/#\/schema\/person\/image\/\",\"url\":\"https:\/\/secure.gravatar.com\/avatar\/0e3d021545bbe593cb0eb3ee740544fefa86d59762e63dec1dbe9480a34c98cd?s=96&d=mm&r=g\",\"contentUrl\":\"https:\/\/secure.gravatar.com\/avatar\/0e3d021545bbe593cb0eb3ee740544fefa86d59762e63dec1dbe9480a34c98cd?s=96&d=mm&r=g\",\"caption\":\"Rosane Storto\"}}]}<\/script>\n<!-- \/ Yoast SEO plugin. -->","yoast_head_json":{"title":"Comiss\u00e3o debate altera\u00e7\u00f5es em al\u00edquota de Imposto sobre Importa\u00e7\u00e3o - AmstedMaxion","robots":{"index":"index","follow":"follow","max-snippet":"max-snippet:-1","max-image-preview":"max-image-preview:large","max-video-preview":"max-video-preview:-1"},"canonical":"https:\/\/www.amstedmaxion.com.br\/comissao-debate-alteracoes-em-aliquota-de-imposto-sobre-importacao\/","og_locale":"en_US","og_type":"article","og_title":"Comiss\u00e3o debate altera\u00e7\u00f5es em al\u00edquota de Imposto sobre Importa\u00e7\u00e3o - AmstedMaxion","og_description":"Ag\u00eancia C\u00e2mara de Not\u00edcias &#8211; A Comiss\u00e3o de Desenvolvimento Econ\u00f4mico, Ind\u00fastria, Com\u00e9rcio e Servi\u00e7os da C\u00e2mara dos Deputados debate na quarta-feira (22) a altera\u00e7\u00e3o de al\u00edquotas do Imposto de Importa\u00e7\u00e3o (II) de produtos. O debate atende a pedido dos deputados Guiga Peixoto (PSL-SP), La\u00e9rcio Oliveira (PP-SE) e Alexis Fonteyne (Novo-SP). De acordo com Peixoto, o [&hellip;]","og_url":"https:\/\/www.amstedmaxion.com.br\/comissao-debate-alteracoes-em-aliquota-de-imposto-sobre-importacao\/","og_site_name":"AmstedMaxion","article_publisher":"https:\/\/www.facebook.com\/AmstedMaxion.Oficial","article_published_time":"2021-09-20T20:21:41+00:00","article_modified_time":"2021-09-20T20:21:44+00:00","og_image":[{"width":768,"height":493,"url":"https:\/\/www.amstedmaxion.com.br\/wp-content\/uploads\/2021\/09\/Maquinas.jpg","type":"image\/jpeg"}],"author":"Rosane Storto","twitter_card":"summary_large_image","twitter_misc":{"Written by":"Rosane Storto","Est. reading time":"2 minutes"},"schema":{"@context":"https:\/\/schema.org","@graph":[{"@type":"Article","@id":"https:\/\/www.amstedmaxion.com.br\/comissao-debate-alteracoes-em-aliquota-de-imposto-sobre-importacao\/#article","isPartOf":{"@id":"https:\/\/www.amstedmaxion.com.br\/comissao-debate-alteracoes-em-aliquota-de-imposto-sobre-importacao\/"},"author":{"name":"Rosane Storto","@id":"https:\/\/www.amstedmaxion.com.br\/#\/schema\/person\/140cb65f07d4e66dd5543c8a187bf436"},"headline":"Comiss\u00e3o debate altera\u00e7\u00f5es em al\u00edquota de Imposto sobre Importa\u00e7\u00e3o","datePublished":"2021-09-20T20:21:41+00:00","dateModified":"2021-09-20T20:21:44+00:00","mainEntityOfPage":{"@id":"https:\/\/www.amstedmaxion.com.br\/comissao-debate-alteracoes-em-aliquota-de-imposto-sobre-importacao\/"},"wordCount":286,"commentCount":0,"publisher":{"@id":"https:\/\/www.amstedmaxion.com.br\/#organization"},"image":{"@id":"https:\/\/www.amstedmaxion.com.br\/comissao-debate-alteracoes-em-aliquota-de-imposto-sobre-importacao\/#primaryimage"},"thumbnailUrl":"https:\/\/www.amstedmaxion.com.br\/wp-content\/uploads\/2021\/09\/Maquinas.jpg","articleSection":["Newsletter"],"inLanguage":"en-US","potentialAction":[{"@type":"CommentAction","name":"Comment","target":["https:\/\/www.amstedmaxion.com.br\/comissao-debate-alteracoes-em-aliquota-de-imposto-sobre-importacao\/#respond"]}]},{"@type":"WebPage","@id":"https:\/\/www.amstedmaxion.com.br\/comissao-debate-alteracoes-em-aliquota-de-imposto-sobre-importacao\/","url":"https:\/\/www.amstedmaxion.com.br\/comissao-debate-alteracoes-em-aliquota-de-imposto-sobre-importacao\/","name":"Comiss\u00e3o debate altera\u00e7\u00f5es em al\u00edquota de Imposto sobre Importa\u00e7\u00e3o - AmstedMaxion","isPartOf":{"@id":"https:\/\/www.amstedmaxion.com.br\/#website"},"primaryImageOfPage":{"@id":"https:\/\/www.amstedmaxion.com.br\/comissao-debate-alteracoes-em-aliquota-de-imposto-sobre-importacao\/#primaryimage"},"image":{"@id":"https:\/\/www.amstedmaxion.com.br\/comissao-debate-alteracoes-em-aliquota-de-imposto-sobre-importacao\/#primaryimage"},"thumbnailUrl":"https:\/\/www.amstedmaxion.com.br\/wp-content\/uploads\/2021\/09\/Maquinas.jpg","datePublished":"2021-09-20T20:21:41+00:00","dateModified":"2021-09-20T20:21:44+00:00","breadcrumb":{"@id":"https:\/\/www.amstedmaxion.com.br\/comissao-debate-alteracoes-em-aliquota-de-imposto-sobre-importacao\/#breadcrumb"},"inLanguage":"en-US","potentialAction":[{"@type":"ReadAction","target":["https:\/\/www.amstedmaxion.com.br\/comissao-debate-alteracoes-em-aliquota-de-imposto-sobre-importacao\/"]}]},{"@type":"ImageObject","inLanguage":"en-US","@id":"https:\/\/www.amstedmaxion.com.br\/comissao-debate-alteracoes-em-aliquota-de-imposto-sobre-importacao\/#primaryimage","url":"https:\/\/www.amstedmaxion.com.br\/wp-content\/uploads\/2021\/09\/Maquinas.jpg","contentUrl":"https:\/\/www.amstedmaxion.com.br\/wp-content\/uploads\/2021\/09\/Maquinas.jpg","width":768,"height":493,"caption":"Ag\u00eancia C\u00e2mara de Not\u00edcias"},{"@type":"BreadcrumbList","@id":"https:\/\/www.amstedmaxion.com.br\/comissao-debate-alteracoes-em-aliquota-de-imposto-sobre-importacao\/#breadcrumb","itemListElement":[{"@type":"ListItem","position":1,"name":"In\u00edcio","item":"https:\/\/www.amstedmaxion.com.br\/"},{"@type":"ListItem","position":2,"name":"Comiss\u00e3o debate altera\u00e7\u00f5es em al\u00edquota de Imposto sobre Importa\u00e7\u00e3o"}]},{"@type":"WebSite","@id":"https:\/\/www.amstedmaxion.com.br\/#website","url":"https:\/\/www.amstedmaxion.com.br\/","name":"AmstedMaxion","description":"AmstedMaxion - Fundi\u00e7\u00e3o e Equipamentos Ferrovi\u00e1rios","publisher":{"@id":"https:\/\/www.amstedmaxion.com.br\/#organization"},"alternateName":"AmstedMaxion","potentialAction":[{"@type":"SearchAction","target":{"@type":"EntryPoint","urlTemplate":"https:\/\/www.amstedmaxion.com.br\/?s={search_term_string}"},"query-input":{"@type":"PropertyValueSpecification","valueRequired":true,"valueName":"search_term_string"}}],"inLanguage":"en-US"},{"@type":"Organization","@id":"https:\/\/www.amstedmaxion.com.br\/#organization","name":"AMSTEDMAXION","url":"https:\/\/www.amstedmaxion.com.br\/","logo":{"@type":"ImageObject","inLanguage":"en-US","@id":"https:\/\/www.amstedmaxion.com.br\/#\/schema\/logo\/image\/","url":"https:\/\/www.amstedmaxion.com.br\/wp-content\/uploads\/2023\/11\/amsted.png","contentUrl":"https:\/\/www.amstedmaxion.com.br\/wp-content\/uploads\/2023\/11\/amsted.png","width":500,"height":500,"caption":"AMSTEDMAXION"},"image":{"@id":"https:\/\/www.amstedmaxion.com.br\/#\/schema\/logo\/image\/"},"sameAs":["https:\/\/www.facebook.com\/AmstedMaxion.Oficial","https:\/\/br.linkedin.com\/company\/amstedmaxion"]},{"@type":"Person","@id":"https:\/\/www.amstedmaxion.com.br\/#\/schema\/person\/140cb65f07d4e66dd5543c8a187bf436","name":"Rosane Storto","image":{"@type":"ImageObject","inLanguage":"en-US","@id":"https:\/\/www.amstedmaxion.com.br\/#\/schema\/person\/image\/","url":"https:\/\/secure.gravatar.com\/avatar\/0e3d021545bbe593cb0eb3ee740544fefa86d59762e63dec1dbe9480a34c98cd?s=96&d=mm&r=g","contentUrl":"https:\/\/secure.gravatar.com\/avatar\/0e3d021545bbe593cb0eb3ee740544fefa86d59762e63dec1dbe9480a34c98cd?s=96&d=mm&r=g","caption":"Rosane Storto"}}]}},"_links":{"self":[{"href":"https:\/\/www.amstedmaxion.com.br\/en\/wp-json\/wp\/v2\/posts\/25619","targetHints":{"allow":["GET"]}}],"collection":[{"href":"https:\/\/www.amstedmaxion.com.br\/en\/wp-json\/wp\/v2\/posts"}],"about":[{"href":"https:\/\/www.amstedmaxion.com.br\/en\/wp-json\/wp\/v2\/types\/post"}],"author":[{"embeddable":true,"href":"https:\/\/www.amstedmaxion.com.br\/en\/wp-json\/wp\/v2\/users\/5"}],"replies":[{"embeddable":true,"href":"https:\/\/www.amstedmaxion.com.br\/en\/wp-json\/wp\/v2\/comments?post=25619"}],"version-history":[{"count":1,"href":"https:\/\/www.amstedmaxion.com.br\/en\/wp-json\/wp\/v2\/posts\/25619\/revisions"}],"predecessor-version":[{"id":25621,"href":"https:\/\/www.amstedmaxion.com.br\/en\/wp-json\/wp\/v2\/posts\/25619\/revisions\/25621"}],"wp:featuredmedia":[{"embeddable":true,"href":"https:\/\/www.amstedmaxion.com.br\/en\/wp-json\/wp\/v2\/media\/25620"}],"wp:attachment":[{"href":"https:\/\/www.amstedmaxion.com.br\/en\/wp-json\/wp\/v2\/media?parent=25619"}],"wp:term":[{"taxonomy":"category","embeddable":true,"href":"https:\/\/www.amstedmaxion.com.br\/en\/wp-json\/wp\/v2\/categories?post=25619"},{"taxonomy":"post_tag","embeddable":true,"href":"https:\/\/www.amstedmaxion.com.br\/en\/wp-json\/wp\/v2\/tags?post=25619"}],"curies":[{"name":"wp","href":"https:\/\/api.w.org\/{rel}","templated":true}]}}