{"id":25869,"date":"2021-09-30T16:54:56","date_gmt":"2021-09-30T19:54:56","guid":{"rendered":"https:\/\/www.amstedmaxion.com.br\/?p=25869"},"modified":"2021-09-30T16:54:59","modified_gmt":"2021-09-30T19:54:59","slug":"setor-de-maquinas-registra-alta-de-167-na-receita-liquida-em-agosto","status":"publish","type":"post","link":"https:\/\/www.amstedmaxion.com.br\/en\/setor-de-maquinas-registra-alta-de-167-na-receita-liquida-em-agosto\/","title":{"rendered":"Setor de m\u00e1quinas registra alta de 16,7% na receita l\u00edquida em agosto"},"content":{"rendered":"\n<p>Houve melhora tanto nas receitas internas quanto nas exporta\u00e7\u00f5es<\/p>\n\n\n\n<p>Ag\u00eancia Brasil &#8211; A receita l\u00edquida do setor de m\u00e1quinas e equipamentos registrou crescimento de 16,7% em agosto, na compara\u00e7\u00e3o com o m\u00eas anterior, de acordo com balan\u00e7o da Associa\u00e7\u00e3o Brasileira da Ind\u00fastria de M\u00e1quinas e Equipamentos (Abimaq).<\/p>\n\n\n\n<p>No m\u00eas de agosto houve melhora tanto nas receitas internas (15,8%) como nas exporta\u00e7\u00f5es (19,4%). Segundo a entidade, o crescimento de agosto elevou as exporta\u00e7\u00f5es ao patamar pr\u00e9-crise decorrente da pandemia de covid-19. Al\u00e9m disso, a Abimaq avalia que o mercado externo exerceu maior influencia positiva nos resultados do que as receitas internas.<\/p>\n\n\n\n<p>\u201cOs n\u00fameros recentes indicam que o recrudescimento da pandemia da covid-19, em algumas regi\u00f5es do globo, em raz\u00e3o da maior infecciosidade da variante delta, n\u00e3o prejudicou a vendas de m\u00e1quinas no exterior\u201d, divulgou a Abimaq.<\/p>\n\n\n\n<p>No m\u00eas, entre os melhores desempenhos na exporta\u00e7\u00e3o apareceram: m\u00e1quinas para infraestrutura e ind\u00fastria de base (39,4%) e m\u00e1quinas para log\u00edstica e constru\u00e7\u00e3o civil (33,5%). Houve redu\u00e7\u00e3o apenas nas receitas de m\u00e1quinas para petr\u00f3leo e energia renov\u00e1vel, com queda de 51,5%.<\/p>\n\n\n\n<p>Apesar da previs\u00e3o da entidade para os pr\u00f3ximos meses ser de queda em rela\u00e7\u00e3o ao atual n\u00edvel das receitas, o crescimento no ano deve ficar pouco acima de 20%.<\/p>\n\n\n\n<p>Ano e acumulado<\/p>\n\n\n\n<p>Na compara\u00e7\u00e3o com o mesmo m\u00eas de 2020, houve crescimento de 25,6% da receita, sendo que as exporta\u00e7\u00f5es cresceram 78,4% no per\u00edodo e a receita interna aumentou 23,6%.<\/p>\n\n\n\n<p>No acumulado do ano \u2013 de janeiro a agosto \u2013 a receita superou em 33% a realizada no mesmo per\u00edodo de 2020. No mercado interno, a taxa de crescimento foi de 42%, enquanto a exporta\u00e7\u00e3o aumentou 28,9%.<\/p>\n\n\n\n<p>O melhor resultado da exporta\u00e7\u00e3o, no acumulado do ano, ocorreu no setor fabricante de m\u00e1quinas para log\u00edstica e constru\u00e7\u00e3o civil (52,8%), puxado pelo setor de m\u00e1quinas rodovi\u00e1rias e tamb\u00e9m de movimenta\u00e7\u00e3o e armazenamento de materiais.<\/p>\n\n\n\n<p>Ainda no acumulado, o recorte por destino das exporta\u00e7\u00f5es mostrou continuidade da recupera\u00e7\u00e3o das vendas de m\u00e1quinas para pa\u00edses da Am\u00e9rica Latina (51,8%). A China registrou forte aumento nas aquisi\u00e7\u00f5es de m\u00e1quinas e equipamentos brasileiros (572%) e os Estados Unidos, principal destinos das exporta\u00e7\u00f5es de m\u00e1quinas e equipamentos, registraram aumento de 4,1% nas aquisi\u00e7\u00f5es. As vendas para os pa\u00edses da zona do euro registraram crescimento de 16,6%.<\/p>\n\n\n\n<p>Importa\u00e7\u00e3o<\/p>\n\n\n\n<p>Em agosto de 2021 houve recuo de 0,3% nas receitas de importa\u00e7\u00f5es de m\u00e1quinas, em rela\u00e7\u00e3o ao m\u00eas anterior. Entre as principais origens das importa\u00e7\u00f5es atualmente, est\u00e3o China (25,2% do total de compras), Estados Unidos (18,3%) e Alemanha (13,2%).<\/p>\n\n\n\n<p>J\u00e1 na compara\u00e7\u00e3o com agosto do ano passado, houve aumento de 44,7%. No acumulado deste ano, o aumento foi de 18,4% em rela\u00e7\u00e3o ao mesmo per\u00edodo de 2020.<\/p>\n\n\n\n<p>Entre os setores com maior aumento nas importa\u00e7\u00f5es de m\u00e1quinas e equipamentos no acumulado do ano, destacaram-se: log\u00edstica e constru\u00e7\u00e3o civil (51,8%), ind\u00fastria de transforma\u00e7\u00e3o (36,7%) e setor fabricante de bens de consumo n\u00e3o dur\u00e1veis (35,2%).<\/p>\n\n\n\n<p>No acumulado do ano, houve queda apenas nas importa\u00e7\u00f5es de m\u00e1quinas para infraestrutura (38,9%), setor que tamb\u00e9m teve queda na compara\u00e7\u00e3o mensal, caindo 16,5% entre julho e agosto deste ano.<\/p>\n\n\n\n<p>Emprego<\/p>\n\n\n\n<p>O m\u00eas de agosto deste ano registrou o 14\u00ba crescimento consecutivo no n\u00famero de pessoas ocupadas no setor. A ind\u00fastria de m\u00e1quinas e equipamentos encerrou o m\u00eas com 365 mil pessoas empregadas diretamente. Em rela\u00e7\u00e3o ao mesmo m\u00eas de 2020, foram criados 57 mil postos de trabalho.<\/p>\n\n\n\n<p>Segundo a Abimaq, as maiores contrata\u00e7\u00f5es ocorreram nos setores fabricantes de m\u00e1quinas e implementos agr\u00edcolas e de m\u00e1quinas para constru\u00e7\u00e3o.<\/p>\n\n\n\n<figure class=\"wp-block-image size-large is-resized\"><img loading=\"lazy\" decoding=\"async\" src=\"https:\/\/www.amstedmaxion.com.br\/wp-content\/uploads\/2021\/09\/Maquinas-Arquivo-Agencia-Brasil-Reproducao-Isto-E.jpg\" alt=\"\" class=\"wp-image-25870\" width=\"389\" height=\"232\"\/><figcaption>A receita l\u00edquida do setor de m\u00e1quinas e equipamentos registrou crescimento de 16,7% em agosto, na compara\u00e7\u00e3o com o m\u00eas anterior, de acordo com a Abimaq &#8211; Foto Arquivo\/Ag\u00eancia Brasil (Reprodu\u00e7\u00e3o Isto \u00c9 Dinheiro)<\/figcaption><\/figure>\n\n\n\n<p>Fonte: Ag\u00eancia Brasil \/ Camila Boehm (<a href=\"https:\/\/www.istoedinheiro.com.br\/setor-de-maquinas-registra-alta-de-167-na-receita-liquida-em-agosto\/\">https:\/\/www.istoedinheiro.com.br\/setor-de-maquinas-registra-alta-de-167-na-receita-liquida-em-agosto\/<\/a>)<\/p>\n\n\n\n<p><\/p>\n","protected":false},"excerpt":{"rendered":"<p>Houve melhora tanto nas receitas internas quanto nas exporta\u00e7\u00f5es Ag\u00eancia Brasil &#8211; A receita l\u00edquida do setor de m\u00e1quinas e equipamentos registrou crescimento de 16,7% em agosto, na compara\u00e7\u00e3o com o m\u00eas anterior, de acordo com balan\u00e7o da Associa\u00e7\u00e3o Brasileira da Ind\u00fastria de M\u00e1quinas e Equipamentos (Abimaq). No m\u00eas de agosto houve melhora tanto nas [&hellip;]<\/p>\n","protected":false},"author":5,"featured_media":25870,"comment_status":"open","ping_status":"open","sticky":false,"template":"","format":"standard","meta":{"_acf_changed":false,"footnotes":""},"categories":[148],"tags":[],"class_list":["post-25869","post","type-post","status-publish","format-standard","has-post-thumbnail","hentry","category-newsletter"],"acf":[],"yoast_head":"<!-- This site is optimized with the Yoast SEO plugin v23.9 - https:\/\/yoast.com\/wordpress\/plugins\/seo\/ -->\n<title>Setor de m\u00e1quinas registra alta de 16,7% na receita l\u00edquida em agosto - AmstedMaxion<\/title>\n<meta name=\"robots\" content=\"index, follow, max-snippet:-1, max-image-preview:large, max-video-preview:-1\" \/>\n<link rel=\"canonical\" href=\"https:\/\/www.amstedmaxion.com.br\/setor-de-maquinas-registra-alta-de-167-na-receita-liquida-em-agosto\/\" \/>\n<meta property=\"og:locale\" content=\"en_US\" \/>\n<meta property=\"og:type\" content=\"article\" \/>\n<meta property=\"og:title\" content=\"Setor de m\u00e1quinas registra alta de 16,7% na receita l\u00edquida em agosto - AmstedMaxion\" \/>\n<meta property=\"og:description\" content=\"Houve melhora tanto nas receitas internas quanto nas exporta\u00e7\u00f5es Ag\u00eancia Brasil &#8211; A receita l\u00edquida do setor de m\u00e1quinas e equipamentos registrou crescimento de 16,7% em agosto, na compara\u00e7\u00e3o com o m\u00eas anterior, de acordo com balan\u00e7o da Associa\u00e7\u00e3o Brasileira da Ind\u00fastria de M\u00e1quinas e Equipamentos (Abimaq). No m\u00eas de agosto houve melhora tanto nas [&hellip;]\" \/>\n<meta property=\"og:url\" content=\"https:\/\/www.amstedmaxion.com.br\/setor-de-maquinas-registra-alta-de-167-na-receita-liquida-em-agosto\/\" \/>\n<meta property=\"og:site_name\" content=\"AmstedMaxion\" \/>\n<meta property=\"article:publisher\" content=\"https:\/\/www.facebook.com\/AmstedMaxion.Oficial\" \/>\n<meta property=\"article:published_time\" content=\"2021-09-30T19:54:56+00:00\" \/>\n<meta property=\"article:modified_time\" content=\"2021-09-30T19:54:59+00:00\" \/>\n<meta property=\"og:image\" content=\"https:\/\/www.amstedmaxion.com.br\/wp-content\/uploads\/2021\/09\/Maquinas-Arquivo-Agencia-Brasil-Reproducao-Isto-E.jpg\" \/>\n\t<meta property=\"og:image:width\" content=\"723\" \/>\n\t<meta property=\"og:image:height\" content=\"432\" \/>\n\t<meta property=\"og:image:type\" content=\"image\/jpeg\" \/>\n<meta name=\"author\" content=\"Rosane Storto\" \/>\n<meta name=\"twitter:card\" content=\"summary_large_image\" \/>\n<meta name=\"twitter:label1\" content=\"Written by\" \/>\n\t<meta name=\"twitter:data1\" content=\"Rosane Storto\" \/>\n\t<meta name=\"twitter:label2\" content=\"Est. reading time\" \/>\n\t<meta name=\"twitter:data2\" content=\"3 minutes\" \/>\n<script type=\"application\/ld+json\" class=\"yoast-schema-graph\">{\"@context\":\"https:\/\/schema.org\",\"@graph\":[{\"@type\":\"Article\",\"@id\":\"https:\/\/www.amstedmaxion.com.br\/setor-de-maquinas-registra-alta-de-167-na-receita-liquida-em-agosto\/#article\",\"isPartOf\":{\"@id\":\"https:\/\/www.amstedmaxion.com.br\/setor-de-maquinas-registra-alta-de-167-na-receita-liquida-em-agosto\/\"},\"author\":{\"name\":\"Rosane Storto\",\"@id\":\"https:\/\/www.amstedmaxion.com.br\/#\/schema\/person\/140cb65f07d4e66dd5543c8a187bf436\"},\"headline\":\"Setor de m\u00e1quinas registra alta de 16,7% na receita l\u00edquida em agosto\",\"datePublished\":\"2021-09-30T19:54:56+00:00\",\"dateModified\":\"2021-09-30T19:54:59+00:00\",\"mainEntityOfPage\":{\"@id\":\"https:\/\/www.amstedmaxion.com.br\/setor-de-maquinas-registra-alta-de-167-na-receita-liquida-em-agosto\/\"},\"wordCount\":697,\"commentCount\":0,\"publisher\":{\"@id\":\"https:\/\/www.amstedmaxion.com.br\/#organization\"},\"image\":{\"@id\":\"https:\/\/www.amstedmaxion.com.br\/setor-de-maquinas-registra-alta-de-167-na-receita-liquida-em-agosto\/#primaryimage\"},\"thumbnailUrl\":\"https:\/\/www.amstedmaxion.com.br\/wp-content\/uploads\/2021\/09\/Maquinas-Arquivo-Agencia-Brasil-Reproducao-Isto-E.jpg\",\"articleSection\":[\"Newsletter\"],\"inLanguage\":\"en-US\",\"potentialAction\":[{\"@type\":\"CommentAction\",\"name\":\"Comment\",\"target\":[\"https:\/\/www.amstedmaxion.com.br\/setor-de-maquinas-registra-alta-de-167-na-receita-liquida-em-agosto\/#respond\"]}]},{\"@type\":\"WebPage\",\"@id\":\"https:\/\/www.amstedmaxion.com.br\/setor-de-maquinas-registra-alta-de-167-na-receita-liquida-em-agosto\/\",\"url\":\"https:\/\/www.amstedmaxion.com.br\/setor-de-maquinas-registra-alta-de-167-na-receita-liquida-em-agosto\/\",\"name\":\"Setor de m\u00e1quinas registra alta de 16,7% na receita l\u00edquida em agosto - AmstedMaxion\",\"isPartOf\":{\"@id\":\"https:\/\/www.amstedmaxion.com.br\/#website\"},\"primaryImageOfPage\":{\"@id\":\"https:\/\/www.amstedmaxion.com.br\/setor-de-maquinas-registra-alta-de-167-na-receita-liquida-em-agosto\/#primaryimage\"},\"image\":{\"@id\":\"https:\/\/www.amstedmaxion.com.br\/setor-de-maquinas-registra-alta-de-167-na-receita-liquida-em-agosto\/#primaryimage\"},\"thumbnailUrl\":\"https:\/\/www.amstedmaxion.com.br\/wp-content\/uploads\/2021\/09\/Maquinas-Arquivo-Agencia-Brasil-Reproducao-Isto-E.jpg\",\"datePublished\":\"2021-09-30T19:54:56+00:00\",\"dateModified\":\"2021-09-30T19:54:59+00:00\",\"breadcrumb\":{\"@id\":\"https:\/\/www.amstedmaxion.com.br\/setor-de-maquinas-registra-alta-de-167-na-receita-liquida-em-agosto\/#breadcrumb\"},\"inLanguage\":\"en-US\",\"potentialAction\":[{\"@type\":\"ReadAction\",\"target\":[\"https:\/\/www.amstedmaxion.com.br\/setor-de-maquinas-registra-alta-de-167-na-receita-liquida-em-agosto\/\"]}]},{\"@type\":\"ImageObject\",\"inLanguage\":\"en-US\",\"@id\":\"https:\/\/www.amstedmaxion.com.br\/setor-de-maquinas-registra-alta-de-167-na-receita-liquida-em-agosto\/#primaryimage\",\"url\":\"https:\/\/www.amstedmaxion.com.br\/wp-content\/uploads\/2021\/09\/Maquinas-Arquivo-Agencia-Brasil-Reproducao-Isto-E.jpg\",\"contentUrl\":\"https:\/\/www.amstedmaxion.com.br\/wp-content\/uploads\/2021\/09\/Maquinas-Arquivo-Agencia-Brasil-Reproducao-Isto-E.jpg\",\"width\":723,\"height\":432,\"caption\":\"A receita l\u00edquida do setor de m\u00e1quinas e equipamentos registrou crescimento de 16,7% em agosto, na compara\u00e7\u00e3o com o m\u00eas anterior, de acordo com a Abimaq - Foto Arquivo\/Ag\u00eancia Brasil (Reprodu\u00e7\u00e3o Isto \u00c9 Dinheiro)\"},{\"@type\":\"BreadcrumbList\",\"@id\":\"https:\/\/www.amstedmaxion.com.br\/setor-de-maquinas-registra-alta-de-167-na-receita-liquida-em-agosto\/#breadcrumb\",\"itemListElement\":[{\"@type\":\"ListItem\",\"position\":1,\"name\":\"In\u00edcio\",\"item\":\"https:\/\/www.amstedmaxion.com.br\/\"},{\"@type\":\"ListItem\",\"position\":2,\"name\":\"Setor de m\u00e1quinas registra alta de 16,7% na receita l\u00edquida em agosto\"}]},{\"@type\":\"WebSite\",\"@id\":\"https:\/\/www.amstedmaxion.com.br\/#website\",\"url\":\"https:\/\/www.amstedmaxion.com.br\/\",\"name\":\"AmstedMaxion\",\"description\":\"AmstedMaxion - Fundi\u00e7\u00e3o e Equipamentos Ferrovi\u00e1rios\",\"publisher\":{\"@id\":\"https:\/\/www.amstedmaxion.com.br\/#organization\"},\"alternateName\":\"AmstedMaxion\",\"potentialAction\":[{\"@type\":\"SearchAction\",\"target\":{\"@type\":\"EntryPoint\",\"urlTemplate\":\"https:\/\/www.amstedmaxion.com.br\/?s={search_term_string}\"},\"query-input\":{\"@type\":\"PropertyValueSpecification\",\"valueRequired\":true,\"valueName\":\"search_term_string\"}}],\"inLanguage\":\"en-US\"},{\"@type\":\"Organization\",\"@id\":\"https:\/\/www.amstedmaxion.com.br\/#organization\",\"name\":\"AMSTEDMAXION\",\"url\":\"https:\/\/www.amstedmaxion.com.br\/\",\"logo\":{\"@type\":\"ImageObject\",\"inLanguage\":\"en-US\",\"@id\":\"https:\/\/www.amstedmaxion.com.br\/#\/schema\/logo\/image\/\",\"url\":\"https:\/\/www.amstedmaxion.com.br\/wp-content\/uploads\/2023\/11\/amsted.png\",\"contentUrl\":\"https:\/\/www.amstedmaxion.com.br\/wp-content\/uploads\/2023\/11\/amsted.png\",\"width\":500,\"height\":500,\"caption\":\"AMSTEDMAXION\"},\"image\":{\"@id\":\"https:\/\/www.amstedmaxion.com.br\/#\/schema\/logo\/image\/\"},\"sameAs\":[\"https:\/\/www.facebook.com\/AmstedMaxion.Oficial\",\"https:\/\/br.linkedin.com\/company\/amstedmaxion\"]},{\"@type\":\"Person\",\"@id\":\"https:\/\/www.amstedmaxion.com.br\/#\/schema\/person\/140cb65f07d4e66dd5543c8a187bf436\",\"name\":\"Rosane Storto\",\"image\":{\"@type\":\"ImageObject\",\"inLanguage\":\"en-US\",\"@id\":\"https:\/\/www.amstedmaxion.com.br\/#\/schema\/person\/image\/\",\"url\":\"https:\/\/secure.gravatar.com\/avatar\/0e3d021545bbe593cb0eb3ee740544fefa86d59762e63dec1dbe9480a34c98cd?s=96&d=mm&r=g\",\"contentUrl\":\"https:\/\/secure.gravatar.com\/avatar\/0e3d021545bbe593cb0eb3ee740544fefa86d59762e63dec1dbe9480a34c98cd?s=96&d=mm&r=g\",\"caption\":\"Rosane Storto\"}}]}<\/script>\n<!-- \/ Yoast SEO plugin. -->","yoast_head_json":{"title":"Setor de m\u00e1quinas registra alta de 16,7% na receita l\u00edquida em agosto - AmstedMaxion","robots":{"index":"index","follow":"follow","max-snippet":"max-snippet:-1","max-image-preview":"max-image-preview:large","max-video-preview":"max-video-preview:-1"},"canonical":"https:\/\/www.amstedmaxion.com.br\/setor-de-maquinas-registra-alta-de-167-na-receita-liquida-em-agosto\/","og_locale":"en_US","og_type":"article","og_title":"Setor de m\u00e1quinas registra alta de 16,7% na receita l\u00edquida em agosto - AmstedMaxion","og_description":"Houve melhora tanto nas receitas internas quanto nas exporta\u00e7\u00f5es Ag\u00eancia Brasil &#8211; A receita l\u00edquida do setor de m\u00e1quinas e equipamentos registrou crescimento de 16,7% em agosto, na compara\u00e7\u00e3o com o m\u00eas anterior, de acordo com balan\u00e7o da Associa\u00e7\u00e3o Brasileira da Ind\u00fastria de M\u00e1quinas e Equipamentos (Abimaq). No m\u00eas de agosto houve melhora tanto nas [&hellip;]","og_url":"https:\/\/www.amstedmaxion.com.br\/setor-de-maquinas-registra-alta-de-167-na-receita-liquida-em-agosto\/","og_site_name":"AmstedMaxion","article_publisher":"https:\/\/www.facebook.com\/AmstedMaxion.Oficial","article_published_time":"2021-09-30T19:54:56+00:00","article_modified_time":"2021-09-30T19:54:59+00:00","og_image":[{"width":723,"height":432,"url":"https:\/\/www.amstedmaxion.com.br\/wp-content\/uploads\/2021\/09\/Maquinas-Arquivo-Agencia-Brasil-Reproducao-Isto-E.jpg","type":"image\/jpeg"}],"author":"Rosane Storto","twitter_card":"summary_large_image","twitter_misc":{"Written by":"Rosane Storto","Est. reading time":"3 minutes"},"schema":{"@context":"https:\/\/schema.org","@graph":[{"@type":"Article","@id":"https:\/\/www.amstedmaxion.com.br\/setor-de-maquinas-registra-alta-de-167-na-receita-liquida-em-agosto\/#article","isPartOf":{"@id":"https:\/\/www.amstedmaxion.com.br\/setor-de-maquinas-registra-alta-de-167-na-receita-liquida-em-agosto\/"},"author":{"name":"Rosane Storto","@id":"https:\/\/www.amstedmaxion.com.br\/#\/schema\/person\/140cb65f07d4e66dd5543c8a187bf436"},"headline":"Setor de m\u00e1quinas registra alta de 16,7% na receita l\u00edquida em agosto","datePublished":"2021-09-30T19:54:56+00:00","dateModified":"2021-09-30T19:54:59+00:00","mainEntityOfPage":{"@id":"https:\/\/www.amstedmaxion.com.br\/setor-de-maquinas-registra-alta-de-167-na-receita-liquida-em-agosto\/"},"wordCount":697,"commentCount":0,"publisher":{"@id":"https:\/\/www.amstedmaxion.com.br\/#organization"},"image":{"@id":"https:\/\/www.amstedmaxion.com.br\/setor-de-maquinas-registra-alta-de-167-na-receita-liquida-em-agosto\/#primaryimage"},"thumbnailUrl":"https:\/\/www.amstedmaxion.com.br\/wp-content\/uploads\/2021\/09\/Maquinas-Arquivo-Agencia-Brasil-Reproducao-Isto-E.jpg","articleSection":["Newsletter"],"inLanguage":"en-US","potentialAction":[{"@type":"CommentAction","name":"Comment","target":["https:\/\/www.amstedmaxion.com.br\/setor-de-maquinas-registra-alta-de-167-na-receita-liquida-em-agosto\/#respond"]}]},{"@type":"WebPage","@id":"https:\/\/www.amstedmaxion.com.br\/setor-de-maquinas-registra-alta-de-167-na-receita-liquida-em-agosto\/","url":"https:\/\/www.amstedmaxion.com.br\/setor-de-maquinas-registra-alta-de-167-na-receita-liquida-em-agosto\/","name":"Setor de m\u00e1quinas registra alta de 16,7% na receita l\u00edquida em agosto - AmstedMaxion","isPartOf":{"@id":"https:\/\/www.amstedmaxion.com.br\/#website"},"primaryImageOfPage":{"@id":"https:\/\/www.amstedmaxion.com.br\/setor-de-maquinas-registra-alta-de-167-na-receita-liquida-em-agosto\/#primaryimage"},"image":{"@id":"https:\/\/www.amstedmaxion.com.br\/setor-de-maquinas-registra-alta-de-167-na-receita-liquida-em-agosto\/#primaryimage"},"thumbnailUrl":"https:\/\/www.amstedmaxion.com.br\/wp-content\/uploads\/2021\/09\/Maquinas-Arquivo-Agencia-Brasil-Reproducao-Isto-E.jpg","datePublished":"2021-09-30T19:54:56+00:00","dateModified":"2021-09-30T19:54:59+00:00","breadcrumb":{"@id":"https:\/\/www.amstedmaxion.com.br\/setor-de-maquinas-registra-alta-de-167-na-receita-liquida-em-agosto\/#breadcrumb"},"inLanguage":"en-US","potentialAction":[{"@type":"ReadAction","target":["https:\/\/www.amstedmaxion.com.br\/setor-de-maquinas-registra-alta-de-167-na-receita-liquida-em-agosto\/"]}]},{"@type":"ImageObject","inLanguage":"en-US","@id":"https:\/\/www.amstedmaxion.com.br\/setor-de-maquinas-registra-alta-de-167-na-receita-liquida-em-agosto\/#primaryimage","url":"https:\/\/www.amstedmaxion.com.br\/wp-content\/uploads\/2021\/09\/Maquinas-Arquivo-Agencia-Brasil-Reproducao-Isto-E.jpg","contentUrl":"https:\/\/www.amstedmaxion.com.br\/wp-content\/uploads\/2021\/09\/Maquinas-Arquivo-Agencia-Brasil-Reproducao-Isto-E.jpg","width":723,"height":432,"caption":"A receita l\u00edquida do setor de m\u00e1quinas e equipamentos registrou crescimento de 16,7% em agosto, na compara\u00e7\u00e3o com o m\u00eas anterior, de acordo com a Abimaq - Foto Arquivo\/Ag\u00eancia Brasil (Reprodu\u00e7\u00e3o Isto \u00c9 Dinheiro)"},{"@type":"BreadcrumbList","@id":"https:\/\/www.amstedmaxion.com.br\/setor-de-maquinas-registra-alta-de-167-na-receita-liquida-em-agosto\/#breadcrumb","itemListElement":[{"@type":"ListItem","position":1,"name":"In\u00edcio","item":"https:\/\/www.amstedmaxion.com.br\/"},{"@type":"ListItem","position":2,"name":"Setor de m\u00e1quinas registra alta de 16,7% na receita l\u00edquida em agosto"}]},{"@type":"WebSite","@id":"https:\/\/www.amstedmaxion.com.br\/#website","url":"https:\/\/www.amstedmaxion.com.br\/","name":"AmstedMaxion","description":"AmstedMaxion - Fundi\u00e7\u00e3o e Equipamentos Ferrovi\u00e1rios","publisher":{"@id":"https:\/\/www.amstedmaxion.com.br\/#organization"},"alternateName":"AmstedMaxion","potentialAction":[{"@type":"SearchAction","target":{"@type":"EntryPoint","urlTemplate":"https:\/\/www.amstedmaxion.com.br\/?s={search_term_string}"},"query-input":{"@type":"PropertyValueSpecification","valueRequired":true,"valueName":"search_term_string"}}],"inLanguage":"en-US"},{"@type":"Organization","@id":"https:\/\/www.amstedmaxion.com.br\/#organization","name":"AMSTEDMAXION","url":"https:\/\/www.amstedmaxion.com.br\/","logo":{"@type":"ImageObject","inLanguage":"en-US","@id":"https:\/\/www.amstedmaxion.com.br\/#\/schema\/logo\/image\/","url":"https:\/\/www.amstedmaxion.com.br\/wp-content\/uploads\/2023\/11\/amsted.png","contentUrl":"https:\/\/www.amstedmaxion.com.br\/wp-content\/uploads\/2023\/11\/amsted.png","width":500,"height":500,"caption":"AMSTEDMAXION"},"image":{"@id":"https:\/\/www.amstedmaxion.com.br\/#\/schema\/logo\/image\/"},"sameAs":["https:\/\/www.facebook.com\/AmstedMaxion.Oficial","https:\/\/br.linkedin.com\/company\/amstedmaxion"]},{"@type":"Person","@id":"https:\/\/www.amstedmaxion.com.br\/#\/schema\/person\/140cb65f07d4e66dd5543c8a187bf436","name":"Rosane Storto","image":{"@type":"ImageObject","inLanguage":"en-US","@id":"https:\/\/www.amstedmaxion.com.br\/#\/schema\/person\/image\/","url":"https:\/\/secure.gravatar.com\/avatar\/0e3d021545bbe593cb0eb3ee740544fefa86d59762e63dec1dbe9480a34c98cd?s=96&d=mm&r=g","contentUrl":"https:\/\/secure.gravatar.com\/avatar\/0e3d021545bbe593cb0eb3ee740544fefa86d59762e63dec1dbe9480a34c98cd?s=96&d=mm&r=g","caption":"Rosane Storto"}}]}},"_links":{"self":[{"href":"https:\/\/www.amstedmaxion.com.br\/en\/wp-json\/wp\/v2\/posts\/25869","targetHints":{"allow":["GET"]}}],"collection":[{"href":"https:\/\/www.amstedmaxion.com.br\/en\/wp-json\/wp\/v2\/posts"}],"about":[{"href":"https:\/\/www.amstedmaxion.com.br\/en\/wp-json\/wp\/v2\/types\/post"}],"author":[{"embeddable":true,"href":"https:\/\/www.amstedmaxion.com.br\/en\/wp-json\/wp\/v2\/users\/5"}],"replies":[{"embeddable":true,"href":"https:\/\/www.amstedmaxion.com.br\/en\/wp-json\/wp\/v2\/comments?post=25869"}],"version-history":[{"count":1,"href":"https:\/\/www.amstedmaxion.com.br\/en\/wp-json\/wp\/v2\/posts\/25869\/revisions"}],"predecessor-version":[{"id":25871,"href":"https:\/\/www.amstedmaxion.com.br\/en\/wp-json\/wp\/v2\/posts\/25869\/revisions\/25871"}],"wp:featuredmedia":[{"embeddable":true,"href":"https:\/\/www.amstedmaxion.com.br\/en\/wp-json\/wp\/v2\/media\/25870"}],"wp:attachment":[{"href":"https:\/\/www.amstedmaxion.com.br\/en\/wp-json\/wp\/v2\/media?parent=25869"}],"wp:term":[{"taxonomy":"category","embeddable":true,"href":"https:\/\/www.amstedmaxion.com.br\/en\/wp-json\/wp\/v2\/categories?post=25869"},{"taxonomy":"post_tag","embeddable":true,"href":"https:\/\/www.amstedmaxion.com.br\/en\/wp-json\/wp\/v2\/tags?post=25869"}],"curies":[{"name":"wp","href":"https:\/\/api.w.org\/{rel}","templated":true}]}}