{"id":26024,"date":"2021-10-18T17:14:02","date_gmt":"2021-10-18T20:14:02","guid":{"rendered":"https:\/\/www.amstedmaxion.com.br\/?p=26024"},"modified":"2021-10-18T17:14:04","modified_gmt":"2021-10-18T20:14:04","slug":"maquinas-agricolas-john-deere-anuncia-mudancas-na-lideranca-na-america-latina","status":"publish","type":"post","link":"https:\/\/www.amstedmaxion.com.br\/en\/maquinas-agricolas-john-deere-anuncia-mudancas-na-lideranca-na-america-latina\/","title":{"rendered":"M\u00e1quinas agr\u00edcolas: John Deere anuncia mudan\u00e7as na lideran\u00e7a na Am\u00e9rica Latina"},"content":{"rendered":"\n<p>Dinheiro Rural &#8211; A John Deere, empresa do setor de m\u00e1quinas para agricultura e constru\u00e7\u00e3o, divulgou comunicado no qual informa que o atual presidente da John Deere Brasil, Paulo Herrmann, se aposentar\u00e1 em janeiro e os pa\u00edses da Am\u00e9rica Latina passam a ser liderados por Antonio Carrere, atual diretor de Planejamento Estrat\u00e9gico para a Am\u00e9rica Latina, e agora vice-presidente de Marketing e Vendas para a regi\u00e3o. Herrmann continuar\u00e1 na companhia at\u00e9 5 de janeiro apoiando a transi\u00e7\u00e3o, informa a companhia em comunicado.<\/p>\n\n\n\n<p>Novo l\u00edder da regi\u00e3o, Antonio Carrere est\u00e1 na John Deere desde 2001. O executivo iniciou como representante de Marketing da filial de Atlanta (EUA) e logo mudou-se para Moline (EUA) para ingressar na John Deere Seeding, como especialista em produtos. Depois dessa experi\u00eancia, voltou para a Atlanta e ocupou diferentes cargos de campo de responsabilidade crescente, incluindo gerente de territ\u00f3rio na Virg\u00ednia e gerente de territ\u00f3rio em Greenville, na Carolina do Norte.<\/p>\n\n\n\n<p>Em seguida, Carrere se mudou para o Brasil para assumir a fun\u00e7\u00e3o de gerente de Desenvolvimento de Concession\u00e1rios. Em 2009, retornou para Sacramento, Calif\u00f3rnia, para se tornar o gerente de Vendas da regi\u00e3o. Em 2014, Carrere foi nomeado diretor de Vendas para Hispano Am\u00e9rica, passando em 2018 para diretor de Marketing. Desde 2020, o executivo liderou o desenvolvimento dos Concession\u00e1rios e tinha como responsabilidade o Planejamento Estrat\u00e9gico para a Am\u00e9rica Latina.<\/p>\n\n\n\n<p>As diretorias de Marketing e de Tecnologia e Inova\u00e7\u00e3o (ISG) tamb\u00e9m ter\u00e3o movimenta\u00e7\u00f5es, a partir de 1\u00ba de novembro. O atual diretor de Marketing para Am\u00e9rica Latina, Cristiano Correia, se mudar\u00e1 para Moline, Illinois, headquarters da Deere &amp; Co. nos Estados Unidos, para assumir o cargo de gerente de Sistemas de Produ\u00e7\u00e3o e Planejamento Estrat\u00e9gico. Rodrigo Bonato, atual diretor de Tecnologia e Inova\u00e7\u00e3o para Am\u00e9rica Latina, assumir\u00e1 como diretor de Marketing. O americano Dan Leibfried ser\u00e1 o novo diretor a liderar o time brasileiro de Tecnologia e Inova\u00e7\u00e3o entre suas atribui\u00e7\u00f5es.<\/p>\n\n\n\n<figure class=\"wp-block-image size-large is-resized\"><img loading=\"lazy\" decoding=\"async\" src=\"https:\/\/www.amstedmaxion.com.br\/wp-content\/uploads\/2021\/10\/john-deere-to-acquire-as-joint-venture-site.jpg\" alt=\"\" class=\"wp-image-26025\" width=\"387\" height=\"217\"\/><figcaption>Foto: Reprodu\u00e7\u00e3o John Deere<\/figcaption><\/figure>\n\n\n\n<p>Fonte: Dinheiro Rural (<a href=\"https:\/\/www.dinheirorural.com.br\/maquinas-agricolas-john-deere-anuncia-mudancas-na-lideranca-na-america-latina\/\">https:\/\/www.dinheirorural.com.br\/maquinas-agricolas-john-deere-anuncia-mudancas-na-lideranca-na-america-latina\/<\/a>)<\/p>\n","protected":false},"excerpt":{"rendered":"<p>Dinheiro Rural &#8211; A John Deere, empresa do setor de m\u00e1quinas para agricultura e constru\u00e7\u00e3o, divulgou comunicado no qual informa que o atual presidente da John Deere Brasil, Paulo Herrmann, se aposentar\u00e1 em janeiro e os pa\u00edses da Am\u00e9rica Latina passam a ser liderados por Antonio Carrere, atual diretor de Planejamento Estrat\u00e9gico para a Am\u00e9rica [&hellip;]<\/p>\n","protected":false},"author":5,"featured_media":26025,"comment_status":"open","ping_status":"open","sticky":false,"template":"","format":"standard","meta":{"_acf_changed":false,"footnotes":""},"categories":[148],"tags":[],"class_list":["post-26024","post","type-post","status-publish","format-standard","has-post-thumbnail","hentry","category-newsletter"],"acf":[],"yoast_head":"<!-- This site is optimized with the Yoast SEO plugin v23.9 - https:\/\/yoast.com\/wordpress\/plugins\/seo\/ -->\n<title>M\u00e1quinas agr\u00edcolas: John Deere anuncia mudan\u00e7as na lideran\u00e7a na Am\u00e9rica Latina - AmstedMaxion<\/title>\n<meta name=\"robots\" content=\"index, follow, max-snippet:-1, max-image-preview:large, max-video-preview:-1\" \/>\n<link rel=\"canonical\" href=\"https:\/\/www.amstedmaxion.com.br\/maquinas-agricolas-john-deere-anuncia-mudancas-na-lideranca-na-america-latina\/\" \/>\n<meta property=\"og:locale\" content=\"en_US\" \/>\n<meta property=\"og:type\" content=\"article\" \/>\n<meta property=\"og:title\" content=\"M\u00e1quinas agr\u00edcolas: John Deere anuncia mudan\u00e7as na lideran\u00e7a na Am\u00e9rica Latina - AmstedMaxion\" \/>\n<meta property=\"og:description\" content=\"Dinheiro Rural &#8211; A John Deere, empresa do setor de m\u00e1quinas para agricultura e constru\u00e7\u00e3o, divulgou comunicado no qual informa que o atual presidente da John Deere Brasil, Paulo Herrmann, se aposentar\u00e1 em janeiro e os pa\u00edses da Am\u00e9rica Latina passam a ser liderados por Antonio Carrere, atual diretor de Planejamento Estrat\u00e9gico para a Am\u00e9rica [&hellip;]\" \/>\n<meta property=\"og:url\" content=\"https:\/\/www.amstedmaxion.com.br\/maquinas-agricolas-john-deere-anuncia-mudancas-na-lideranca-na-america-latina\/\" \/>\n<meta property=\"og:site_name\" content=\"AmstedMaxion\" \/>\n<meta property=\"article:publisher\" content=\"https:\/\/www.facebook.com\/AmstedMaxion.Oficial\" \/>\n<meta property=\"article:published_time\" content=\"2021-10-18T20:14:02+00:00\" \/>\n<meta property=\"article:modified_time\" content=\"2021-10-18T20:14:04+00:00\" \/>\n<meta property=\"og:image\" content=\"https:\/\/www.amstedmaxion.com.br\/wp-content\/uploads\/2021\/10\/john-deere-to-acquire-as-joint-venture-site.jpg\" \/>\n\t<meta property=\"og:image:width\" content=\"866\" \/>\n\t<meta property=\"og:image:height\" content=\"486\" \/>\n\t<meta property=\"og:image:type\" content=\"image\/jpeg\" \/>\n<meta name=\"author\" content=\"Rosane Storto\" \/>\n<meta name=\"twitter:card\" content=\"summary_large_image\" \/>\n<meta name=\"twitter:label1\" content=\"Written by\" \/>\n\t<meta name=\"twitter:data1\" content=\"Rosane Storto\" \/>\n\t<meta name=\"twitter:label2\" content=\"Est. reading time\" \/>\n\t<meta name=\"twitter:data2\" content=\"2 minutes\" \/>\n<script type=\"application\/ld+json\" class=\"yoast-schema-graph\">{\"@context\":\"https:\/\/schema.org\",\"@graph\":[{\"@type\":\"Article\",\"@id\":\"https:\/\/www.amstedmaxion.com.br\/maquinas-agricolas-john-deere-anuncia-mudancas-na-lideranca-na-america-latina\/#article\",\"isPartOf\":{\"@id\":\"https:\/\/www.amstedmaxion.com.br\/maquinas-agricolas-john-deere-anuncia-mudancas-na-lideranca-na-america-latina\/\"},\"author\":{\"name\":\"Rosane Storto\",\"@id\":\"https:\/\/www.amstedmaxion.com.br\/#\/schema\/person\/140cb65f07d4e66dd5543c8a187bf436\"},\"headline\":\"M\u00e1quinas agr\u00edcolas: John Deere anuncia mudan\u00e7as na lideran\u00e7a na Am\u00e9rica Latina\",\"datePublished\":\"2021-10-18T20:14:02+00:00\",\"dateModified\":\"2021-10-18T20:14:04+00:00\",\"mainEntityOfPage\":{\"@id\":\"https:\/\/www.amstedmaxion.com.br\/maquinas-agricolas-john-deere-anuncia-mudancas-na-lideranca-na-america-latina\/\"},\"wordCount\":372,\"commentCount\":0,\"publisher\":{\"@id\":\"https:\/\/www.amstedmaxion.com.br\/#organization\"},\"image\":{\"@id\":\"https:\/\/www.amstedmaxion.com.br\/maquinas-agricolas-john-deere-anuncia-mudancas-na-lideranca-na-america-latina\/#primaryimage\"},\"thumbnailUrl\":\"https:\/\/www.amstedmaxion.com.br\/wp-content\/uploads\/2021\/10\/john-deere-to-acquire-as-joint-venture-site.jpg\",\"articleSection\":[\"Newsletter\"],\"inLanguage\":\"en-US\",\"potentialAction\":[{\"@type\":\"CommentAction\",\"name\":\"Comment\",\"target\":[\"https:\/\/www.amstedmaxion.com.br\/maquinas-agricolas-john-deere-anuncia-mudancas-na-lideranca-na-america-latina\/#respond\"]}]},{\"@type\":\"WebPage\",\"@id\":\"https:\/\/www.amstedmaxion.com.br\/maquinas-agricolas-john-deere-anuncia-mudancas-na-lideranca-na-america-latina\/\",\"url\":\"https:\/\/www.amstedmaxion.com.br\/maquinas-agricolas-john-deere-anuncia-mudancas-na-lideranca-na-america-latina\/\",\"name\":\"M\u00e1quinas agr\u00edcolas: John Deere anuncia mudan\u00e7as na lideran\u00e7a na Am\u00e9rica Latina - AmstedMaxion\",\"isPartOf\":{\"@id\":\"https:\/\/www.amstedmaxion.com.br\/#website\"},\"primaryImageOfPage\":{\"@id\":\"https:\/\/www.amstedmaxion.com.br\/maquinas-agricolas-john-deere-anuncia-mudancas-na-lideranca-na-america-latina\/#primaryimage\"},\"image\":{\"@id\":\"https:\/\/www.amstedmaxion.com.br\/maquinas-agricolas-john-deere-anuncia-mudancas-na-lideranca-na-america-latina\/#primaryimage\"},\"thumbnailUrl\":\"https:\/\/www.amstedmaxion.com.br\/wp-content\/uploads\/2021\/10\/john-deere-to-acquire-as-joint-venture-site.jpg\",\"datePublished\":\"2021-10-18T20:14:02+00:00\",\"dateModified\":\"2021-10-18T20:14:04+00:00\",\"breadcrumb\":{\"@id\":\"https:\/\/www.amstedmaxion.com.br\/maquinas-agricolas-john-deere-anuncia-mudancas-na-lideranca-na-america-latina\/#breadcrumb\"},\"inLanguage\":\"en-US\",\"potentialAction\":[{\"@type\":\"ReadAction\",\"target\":[\"https:\/\/www.amstedmaxion.com.br\/maquinas-agricolas-john-deere-anuncia-mudancas-na-lideranca-na-america-latina\/\"]}]},{\"@type\":\"ImageObject\",\"inLanguage\":\"en-US\",\"@id\":\"https:\/\/www.amstedmaxion.com.br\/maquinas-agricolas-john-deere-anuncia-mudancas-na-lideranca-na-america-latina\/#primaryimage\",\"url\":\"https:\/\/www.amstedmaxion.com.br\/wp-content\/uploads\/2021\/10\/john-deere-to-acquire-as-joint-venture-site.jpg\",\"contentUrl\":\"https:\/\/www.amstedmaxion.com.br\/wp-content\/uploads\/2021\/10\/john-deere-to-acquire-as-joint-venture-site.jpg\",\"width\":866,\"height\":486,\"caption\":\"Foto: Reprodu\u00e7\u00e3o John Deere\"},{\"@type\":\"BreadcrumbList\",\"@id\":\"https:\/\/www.amstedmaxion.com.br\/maquinas-agricolas-john-deere-anuncia-mudancas-na-lideranca-na-america-latina\/#breadcrumb\",\"itemListElement\":[{\"@type\":\"ListItem\",\"position\":1,\"name\":\"In\u00edcio\",\"item\":\"https:\/\/www.amstedmaxion.com.br\/\"},{\"@type\":\"ListItem\",\"position\":2,\"name\":\"M\u00e1quinas agr\u00edcolas: John Deere anuncia mudan\u00e7as na lideran\u00e7a na Am\u00e9rica Latina\"}]},{\"@type\":\"WebSite\",\"@id\":\"https:\/\/www.amstedmaxion.com.br\/#website\",\"url\":\"https:\/\/www.amstedmaxion.com.br\/\",\"name\":\"AmstedMaxion\",\"description\":\"AmstedMaxion - Fundi\u00e7\u00e3o e Equipamentos Ferrovi\u00e1rios\",\"publisher\":{\"@id\":\"https:\/\/www.amstedmaxion.com.br\/#organization\"},\"alternateName\":\"AmstedMaxion\",\"potentialAction\":[{\"@type\":\"SearchAction\",\"target\":{\"@type\":\"EntryPoint\",\"urlTemplate\":\"https:\/\/www.amstedmaxion.com.br\/?s={search_term_string}\"},\"query-input\":{\"@type\":\"PropertyValueSpecification\",\"valueRequired\":true,\"valueName\":\"search_term_string\"}}],\"inLanguage\":\"en-US\"},{\"@type\":\"Organization\",\"@id\":\"https:\/\/www.amstedmaxion.com.br\/#organization\",\"name\":\"AMSTEDMAXION\",\"url\":\"https:\/\/www.amstedmaxion.com.br\/\",\"logo\":{\"@type\":\"ImageObject\",\"inLanguage\":\"en-US\",\"@id\":\"https:\/\/www.amstedmaxion.com.br\/#\/schema\/logo\/image\/\",\"url\":\"https:\/\/www.amstedmaxion.com.br\/wp-content\/uploads\/2023\/11\/amsted.png\",\"contentUrl\":\"https:\/\/www.amstedmaxion.com.br\/wp-content\/uploads\/2023\/11\/amsted.png\",\"width\":500,\"height\":500,\"caption\":\"AMSTEDMAXION\"},\"image\":{\"@id\":\"https:\/\/www.amstedmaxion.com.br\/#\/schema\/logo\/image\/\"},\"sameAs\":[\"https:\/\/www.facebook.com\/AmstedMaxion.Oficial\",\"https:\/\/br.linkedin.com\/company\/amstedmaxion\"]},{\"@type\":\"Person\",\"@id\":\"https:\/\/www.amstedmaxion.com.br\/#\/schema\/person\/140cb65f07d4e66dd5543c8a187bf436\",\"name\":\"Rosane Storto\",\"image\":{\"@type\":\"ImageObject\",\"inLanguage\":\"en-US\",\"@id\":\"https:\/\/www.amstedmaxion.com.br\/#\/schema\/person\/image\/\",\"url\":\"https:\/\/secure.gravatar.com\/avatar\/0e3d021545bbe593cb0eb3ee740544fefa86d59762e63dec1dbe9480a34c98cd?s=96&d=mm&r=g\",\"contentUrl\":\"https:\/\/secure.gravatar.com\/avatar\/0e3d021545bbe593cb0eb3ee740544fefa86d59762e63dec1dbe9480a34c98cd?s=96&d=mm&r=g\",\"caption\":\"Rosane Storto\"}}]}<\/script>\n<!-- \/ Yoast SEO plugin. -->","yoast_head_json":{"title":"M\u00e1quinas agr\u00edcolas: John Deere anuncia mudan\u00e7as na lideran\u00e7a na Am\u00e9rica Latina - AmstedMaxion","robots":{"index":"index","follow":"follow","max-snippet":"max-snippet:-1","max-image-preview":"max-image-preview:large","max-video-preview":"max-video-preview:-1"},"canonical":"https:\/\/www.amstedmaxion.com.br\/maquinas-agricolas-john-deere-anuncia-mudancas-na-lideranca-na-america-latina\/","og_locale":"en_US","og_type":"article","og_title":"M\u00e1quinas agr\u00edcolas: John Deere anuncia mudan\u00e7as na lideran\u00e7a na Am\u00e9rica Latina - AmstedMaxion","og_description":"Dinheiro Rural &#8211; A John Deere, empresa do setor de m\u00e1quinas para agricultura e constru\u00e7\u00e3o, divulgou comunicado no qual informa que o atual presidente da John Deere Brasil, Paulo Herrmann, se aposentar\u00e1 em janeiro e os pa\u00edses da Am\u00e9rica Latina passam a ser liderados por Antonio Carrere, atual diretor de Planejamento Estrat\u00e9gico para a Am\u00e9rica [&hellip;]","og_url":"https:\/\/www.amstedmaxion.com.br\/maquinas-agricolas-john-deere-anuncia-mudancas-na-lideranca-na-america-latina\/","og_site_name":"AmstedMaxion","article_publisher":"https:\/\/www.facebook.com\/AmstedMaxion.Oficial","article_published_time":"2021-10-18T20:14:02+00:00","article_modified_time":"2021-10-18T20:14:04+00:00","og_image":[{"width":866,"height":486,"url":"https:\/\/www.amstedmaxion.com.br\/wp-content\/uploads\/2021\/10\/john-deere-to-acquire-as-joint-venture-site.jpg","type":"image\/jpeg"}],"author":"Rosane Storto","twitter_card":"summary_large_image","twitter_misc":{"Written by":"Rosane Storto","Est. reading time":"2 minutes"},"schema":{"@context":"https:\/\/schema.org","@graph":[{"@type":"Article","@id":"https:\/\/www.amstedmaxion.com.br\/maquinas-agricolas-john-deere-anuncia-mudancas-na-lideranca-na-america-latina\/#article","isPartOf":{"@id":"https:\/\/www.amstedmaxion.com.br\/maquinas-agricolas-john-deere-anuncia-mudancas-na-lideranca-na-america-latina\/"},"author":{"name":"Rosane Storto","@id":"https:\/\/www.amstedmaxion.com.br\/#\/schema\/person\/140cb65f07d4e66dd5543c8a187bf436"},"headline":"M\u00e1quinas agr\u00edcolas: John Deere anuncia mudan\u00e7as na lideran\u00e7a na Am\u00e9rica Latina","datePublished":"2021-10-18T20:14:02+00:00","dateModified":"2021-10-18T20:14:04+00:00","mainEntityOfPage":{"@id":"https:\/\/www.amstedmaxion.com.br\/maquinas-agricolas-john-deere-anuncia-mudancas-na-lideranca-na-america-latina\/"},"wordCount":372,"commentCount":0,"publisher":{"@id":"https:\/\/www.amstedmaxion.com.br\/#organization"},"image":{"@id":"https:\/\/www.amstedmaxion.com.br\/maquinas-agricolas-john-deere-anuncia-mudancas-na-lideranca-na-america-latina\/#primaryimage"},"thumbnailUrl":"https:\/\/www.amstedmaxion.com.br\/wp-content\/uploads\/2021\/10\/john-deere-to-acquire-as-joint-venture-site.jpg","articleSection":["Newsletter"],"inLanguage":"en-US","potentialAction":[{"@type":"CommentAction","name":"Comment","target":["https:\/\/www.amstedmaxion.com.br\/maquinas-agricolas-john-deere-anuncia-mudancas-na-lideranca-na-america-latina\/#respond"]}]},{"@type":"WebPage","@id":"https:\/\/www.amstedmaxion.com.br\/maquinas-agricolas-john-deere-anuncia-mudancas-na-lideranca-na-america-latina\/","url":"https:\/\/www.amstedmaxion.com.br\/maquinas-agricolas-john-deere-anuncia-mudancas-na-lideranca-na-america-latina\/","name":"M\u00e1quinas agr\u00edcolas: John Deere anuncia mudan\u00e7as na lideran\u00e7a na Am\u00e9rica Latina - AmstedMaxion","isPartOf":{"@id":"https:\/\/www.amstedmaxion.com.br\/#website"},"primaryImageOfPage":{"@id":"https:\/\/www.amstedmaxion.com.br\/maquinas-agricolas-john-deere-anuncia-mudancas-na-lideranca-na-america-latina\/#primaryimage"},"image":{"@id":"https:\/\/www.amstedmaxion.com.br\/maquinas-agricolas-john-deere-anuncia-mudancas-na-lideranca-na-america-latina\/#primaryimage"},"thumbnailUrl":"https:\/\/www.amstedmaxion.com.br\/wp-content\/uploads\/2021\/10\/john-deere-to-acquire-as-joint-venture-site.jpg","datePublished":"2021-10-18T20:14:02+00:00","dateModified":"2021-10-18T20:14:04+00:00","breadcrumb":{"@id":"https:\/\/www.amstedmaxion.com.br\/maquinas-agricolas-john-deere-anuncia-mudancas-na-lideranca-na-america-latina\/#breadcrumb"},"inLanguage":"en-US","potentialAction":[{"@type":"ReadAction","target":["https:\/\/www.amstedmaxion.com.br\/maquinas-agricolas-john-deere-anuncia-mudancas-na-lideranca-na-america-latina\/"]}]},{"@type":"ImageObject","inLanguage":"en-US","@id":"https:\/\/www.amstedmaxion.com.br\/maquinas-agricolas-john-deere-anuncia-mudancas-na-lideranca-na-america-latina\/#primaryimage","url":"https:\/\/www.amstedmaxion.com.br\/wp-content\/uploads\/2021\/10\/john-deere-to-acquire-as-joint-venture-site.jpg","contentUrl":"https:\/\/www.amstedmaxion.com.br\/wp-content\/uploads\/2021\/10\/john-deere-to-acquire-as-joint-venture-site.jpg","width":866,"height":486,"caption":"Foto: Reprodu\u00e7\u00e3o John Deere"},{"@type":"BreadcrumbList","@id":"https:\/\/www.amstedmaxion.com.br\/maquinas-agricolas-john-deere-anuncia-mudancas-na-lideranca-na-america-latina\/#breadcrumb","itemListElement":[{"@type":"ListItem","position":1,"name":"In\u00edcio","item":"https:\/\/www.amstedmaxion.com.br\/"},{"@type":"ListItem","position":2,"name":"M\u00e1quinas agr\u00edcolas: John Deere anuncia mudan\u00e7as na lideran\u00e7a na Am\u00e9rica Latina"}]},{"@type":"WebSite","@id":"https:\/\/www.amstedmaxion.com.br\/#website","url":"https:\/\/www.amstedmaxion.com.br\/","name":"AmstedMaxion","description":"AmstedMaxion - Fundi\u00e7\u00e3o e Equipamentos Ferrovi\u00e1rios","publisher":{"@id":"https:\/\/www.amstedmaxion.com.br\/#organization"},"alternateName":"AmstedMaxion","potentialAction":[{"@type":"SearchAction","target":{"@type":"EntryPoint","urlTemplate":"https:\/\/www.amstedmaxion.com.br\/?s={search_term_string}"},"query-input":{"@type":"PropertyValueSpecification","valueRequired":true,"valueName":"search_term_string"}}],"inLanguage":"en-US"},{"@type":"Organization","@id":"https:\/\/www.amstedmaxion.com.br\/#organization","name":"AMSTEDMAXION","url":"https:\/\/www.amstedmaxion.com.br\/","logo":{"@type":"ImageObject","inLanguage":"en-US","@id":"https:\/\/www.amstedmaxion.com.br\/#\/schema\/logo\/image\/","url":"https:\/\/www.amstedmaxion.com.br\/wp-content\/uploads\/2023\/11\/amsted.png","contentUrl":"https:\/\/www.amstedmaxion.com.br\/wp-content\/uploads\/2023\/11\/amsted.png","width":500,"height":500,"caption":"AMSTEDMAXION"},"image":{"@id":"https:\/\/www.amstedmaxion.com.br\/#\/schema\/logo\/image\/"},"sameAs":["https:\/\/www.facebook.com\/AmstedMaxion.Oficial","https:\/\/br.linkedin.com\/company\/amstedmaxion"]},{"@type":"Person","@id":"https:\/\/www.amstedmaxion.com.br\/#\/schema\/person\/140cb65f07d4e66dd5543c8a187bf436","name":"Rosane Storto","image":{"@type":"ImageObject","inLanguage":"en-US","@id":"https:\/\/www.amstedmaxion.com.br\/#\/schema\/person\/image\/","url":"https:\/\/secure.gravatar.com\/avatar\/0e3d021545bbe593cb0eb3ee740544fefa86d59762e63dec1dbe9480a34c98cd?s=96&d=mm&r=g","contentUrl":"https:\/\/secure.gravatar.com\/avatar\/0e3d021545bbe593cb0eb3ee740544fefa86d59762e63dec1dbe9480a34c98cd?s=96&d=mm&r=g","caption":"Rosane Storto"}}]}},"_links":{"self":[{"href":"https:\/\/www.amstedmaxion.com.br\/en\/wp-json\/wp\/v2\/posts\/26024","targetHints":{"allow":["GET"]}}],"collection":[{"href":"https:\/\/www.amstedmaxion.com.br\/en\/wp-json\/wp\/v2\/posts"}],"about":[{"href":"https:\/\/www.amstedmaxion.com.br\/en\/wp-json\/wp\/v2\/types\/post"}],"author":[{"embeddable":true,"href":"https:\/\/www.amstedmaxion.com.br\/en\/wp-json\/wp\/v2\/users\/5"}],"replies":[{"embeddable":true,"href":"https:\/\/www.amstedmaxion.com.br\/en\/wp-json\/wp\/v2\/comments?post=26024"}],"version-history":[{"count":1,"href":"https:\/\/www.amstedmaxion.com.br\/en\/wp-json\/wp\/v2\/posts\/26024\/revisions"}],"predecessor-version":[{"id":26026,"href":"https:\/\/www.amstedmaxion.com.br\/en\/wp-json\/wp\/v2\/posts\/26024\/revisions\/26026"}],"wp:featuredmedia":[{"embeddable":true,"href":"https:\/\/www.amstedmaxion.com.br\/en\/wp-json\/wp\/v2\/media\/26025"}],"wp:attachment":[{"href":"https:\/\/www.amstedmaxion.com.br\/en\/wp-json\/wp\/v2\/media?parent=26024"}],"wp:term":[{"taxonomy":"category","embeddable":true,"href":"https:\/\/www.amstedmaxion.com.br\/en\/wp-json\/wp\/v2\/categories?post=26024"},{"taxonomy":"post_tag","embeddable":true,"href":"https:\/\/www.amstedmaxion.com.br\/en\/wp-json\/wp\/v2\/tags?post=26024"}],"curies":[{"name":"wp","href":"https:\/\/api.w.org\/{rel}","templated":true}]}}