{"id":26078,"date":"2021-10-22T17:37:36","date_gmt":"2021-10-22T20:37:36","guid":{"rendered":"https:\/\/www.amstedmaxion.com.br\/?p=26078"},"modified":"2021-10-22T17:37:38","modified_gmt":"2021-10-22T20:37:38","slug":"plataforma-mf-rural-preve-aumento-de-25-nas-vendas-neste-ano","status":"publish","type":"post","link":"https:\/\/www.amstedmaxion.com.br\/en\/plataforma-mf-rural-preve-aumento-de-25-nas-vendas-neste-ano\/","title":{"rendered":"Plataforma MF Rural prev\u00ea aumento de 25% nas vendas neste ano"},"content":{"rendered":"\n<p>Demanda por m\u00e1quinas agr\u00edcolas usadas tem crescido, afirma a empresa<\/p>\n\n\n\n<p>Valor Econ\u00f4mico &#8211; A MF Rural, plataforma de negocia\u00e7\u00e3o de itens usados na produ\u00e7\u00e3o agr\u00edcola, como m\u00e1quinas e implementos, projeta crescimento de 25% no volume de neg\u00f3cios neste ano. Em 2020, as transa\u00e7\u00f5es na plataforma movimentaram R$ 3,1 bilh\u00f5es, segundo as informa\u00e7\u00f5es declaradas pelos clientes.<\/p>\n\n\n\n<p>No primeiro semestre, o volume de neg\u00f3cios cresceu 30% em compara\u00e7\u00e3o com o mesmo per\u00edodo de 2020. De acordo com a companhia, as categorias que envolvem maquin\u00e1rios, tratores, caminh\u00f5es e implementos agr\u00edcolas ficaram entre os maiores destaques.<\/p>\n\n\n\n<p>Os pre\u00e7os das m\u00e1quinas agr\u00edcolas subiram quase 20%, segundo dados da Associa\u00e7\u00e3o Brasileira da Ind\u00fastria de M\u00e1quinas e Equipamentos (Abimaq) citados pela MF Rural. Isso atraiu ainda mais usu\u00e1rios \u00e0 plataforma, especialmente os que buscam produtos usados, que custam at\u00e9 50% menos do que os novos, diz a empresa.<\/p>\n\n\n\n<figure class=\"wp-block-image size-large is-resized\"><img loading=\"lazy\" decoding=\"async\" src=\"https:\/\/www.amstedmaxion.com.br\/wp-content\/uploads\/2021\/10\/foto23agr-301-tltrator-b10.jpg\" alt=\"\" class=\"wp-image-26079\" width=\"385\" height=\"194\"\/><figcaption>Segundo a MF Rural, com o aumento dos pre\u00e7os das m\u00e1quinas agr\u00edcolas novas, a demanda por equipamentos usados tem crescido \u2014 Foto: Divulga\u00e7\u00e3o (reprodu\u00e7\u00e3o Valor Econ\u00f4mico)<\/figcaption><\/figure>\n\n\n\n<p>Fonte: Valor Econ\u00f4mico (<a href=\"https:\/\/valor.globo.com\/agronegocios\/noticia\/2021\/10\/22\/plataforma-mf-rural-preve-aumento-de-25percent-nas-vendas-neste-ano.ghtml\">https:\/\/valor.globo.com\/agronegocios\/noticia\/2021\/10\/22\/plataforma-mf-rural-preve-aumento-de-25percent-nas-vendas-neste-ano.ghtml<\/a>)<\/p>\n\n\n\n<p><\/p>\n","protected":false},"excerpt":{"rendered":"<p>Demanda por m\u00e1quinas agr\u00edcolas usadas tem crescido, afirma a empresa Valor Econ\u00f4mico &#8211; A MF Rural, plataforma de negocia\u00e7\u00e3o de itens usados na produ\u00e7\u00e3o agr\u00edcola, como m\u00e1quinas e implementos, projeta crescimento de 25% no volume de neg\u00f3cios neste ano. Em 2020, as transa\u00e7\u00f5es na plataforma movimentaram R$ 3,1 bilh\u00f5es, segundo as informa\u00e7\u00f5es declaradas pelos clientes. [&hellip;]<\/p>\n","protected":false},"author":5,"featured_media":0,"comment_status":"open","ping_status":"open","sticky":false,"template":"","format":"standard","meta":{"_acf_changed":false,"footnotes":""},"categories":[148],"tags":[],"class_list":["post-26078","post","type-post","status-publish","format-standard","hentry","category-newsletter"],"acf":[],"yoast_head":"<!-- This site is optimized with the Yoast SEO plugin v23.9 - https:\/\/yoast.com\/wordpress\/plugins\/seo\/ -->\n<title>Plataforma MF Rural prev\u00ea aumento de 25% nas vendas neste ano - AmstedMaxion<\/title>\n<meta name=\"robots\" content=\"index, follow, max-snippet:-1, max-image-preview:large, max-video-preview:-1\" \/>\n<link rel=\"canonical\" href=\"https:\/\/www.amstedmaxion.com.br\/plataforma-mf-rural-preve-aumento-de-25-nas-vendas-neste-ano\/\" \/>\n<meta property=\"og:locale\" content=\"en_US\" \/>\n<meta property=\"og:type\" content=\"article\" \/>\n<meta property=\"og:title\" content=\"Plataforma MF Rural prev\u00ea aumento de 25% nas vendas neste ano - AmstedMaxion\" \/>\n<meta property=\"og:description\" content=\"Demanda por m\u00e1quinas agr\u00edcolas usadas tem crescido, afirma a empresa Valor Econ\u00f4mico &#8211; A MF Rural, plataforma de negocia\u00e7\u00e3o de itens usados na produ\u00e7\u00e3o agr\u00edcola, como m\u00e1quinas e implementos, projeta crescimento de 25% no volume de neg\u00f3cios neste ano. Em 2020, as transa\u00e7\u00f5es na plataforma movimentaram R$ 3,1 bilh\u00f5es, segundo as informa\u00e7\u00f5es declaradas pelos clientes. [&hellip;]\" \/>\n<meta property=\"og:url\" content=\"https:\/\/www.amstedmaxion.com.br\/plataforma-mf-rural-preve-aumento-de-25-nas-vendas-neste-ano\/\" \/>\n<meta property=\"og:site_name\" content=\"AmstedMaxion\" \/>\n<meta property=\"article:publisher\" content=\"https:\/\/www.facebook.com\/AmstedMaxion.Oficial\" \/>\n<meta property=\"article:published_time\" content=\"2021-10-22T20:37:36+00:00\" \/>\n<meta property=\"article:modified_time\" content=\"2021-10-22T20:37:38+00:00\" \/>\n<meta property=\"og:image\" content=\"https:\/\/www.amstedmaxion.com.br\/wp-content\/uploads\/2021\/10\/foto23agr-301-tltrator-b10.jpg\" \/>\n<meta name=\"author\" content=\"Rosane Storto\" \/>\n<meta name=\"twitter:card\" content=\"summary_large_image\" \/>\n<meta name=\"twitter:label1\" content=\"Written by\" \/>\n\t<meta name=\"twitter:data1\" content=\"Rosane Storto\" \/>\n\t<meta name=\"twitter:label2\" content=\"Est. reading time\" \/>\n\t<meta name=\"twitter:data2\" content=\"1 minute\" \/>\n<script type=\"application\/ld+json\" class=\"yoast-schema-graph\">{\"@context\":\"https:\/\/schema.org\",\"@graph\":[{\"@type\":\"Article\",\"@id\":\"https:\/\/www.amstedmaxion.com.br\/plataforma-mf-rural-preve-aumento-de-25-nas-vendas-neste-ano\/#article\",\"isPartOf\":{\"@id\":\"https:\/\/www.amstedmaxion.com.br\/plataforma-mf-rural-preve-aumento-de-25-nas-vendas-neste-ano\/\"},\"author\":{\"name\":\"Rosane Storto\",\"@id\":\"https:\/\/www.amstedmaxion.com.br\/#\/schema\/person\/140cb65f07d4e66dd5543c8a187bf436\"},\"headline\":\"Plataforma MF Rural prev\u00ea aumento de 25% nas vendas neste ano\",\"datePublished\":\"2021-10-22T20:37:36+00:00\",\"dateModified\":\"2021-10-22T20:37:38+00:00\",\"mainEntityOfPage\":{\"@id\":\"https:\/\/www.amstedmaxion.com.br\/plataforma-mf-rural-preve-aumento-de-25-nas-vendas-neste-ano\/\"},\"wordCount\":211,\"commentCount\":0,\"publisher\":{\"@id\":\"https:\/\/www.amstedmaxion.com.br\/#organization\"},\"image\":{\"@id\":\"https:\/\/www.amstedmaxion.com.br\/plataforma-mf-rural-preve-aumento-de-25-nas-vendas-neste-ano\/#primaryimage\"},\"thumbnailUrl\":\"https:\/\/www.amstedmaxion.com.br\/wp-content\/uploads\/2021\/10\/foto23agr-301-tltrator-b10.jpg\",\"articleSection\":[\"Newsletter\"],\"inLanguage\":\"en-US\",\"potentialAction\":[{\"@type\":\"CommentAction\",\"name\":\"Comment\",\"target\":[\"https:\/\/www.amstedmaxion.com.br\/plataforma-mf-rural-preve-aumento-de-25-nas-vendas-neste-ano\/#respond\"]}]},{\"@type\":\"WebPage\",\"@id\":\"https:\/\/www.amstedmaxion.com.br\/plataforma-mf-rural-preve-aumento-de-25-nas-vendas-neste-ano\/\",\"url\":\"https:\/\/www.amstedmaxion.com.br\/plataforma-mf-rural-preve-aumento-de-25-nas-vendas-neste-ano\/\",\"name\":\"Plataforma MF Rural prev\u00ea aumento de 25% nas vendas neste ano - AmstedMaxion\",\"isPartOf\":{\"@id\":\"https:\/\/www.amstedmaxion.com.br\/#website\"},\"primaryImageOfPage\":{\"@id\":\"https:\/\/www.amstedmaxion.com.br\/plataforma-mf-rural-preve-aumento-de-25-nas-vendas-neste-ano\/#primaryimage\"},\"image\":{\"@id\":\"https:\/\/www.amstedmaxion.com.br\/plataforma-mf-rural-preve-aumento-de-25-nas-vendas-neste-ano\/#primaryimage\"},\"thumbnailUrl\":\"https:\/\/www.amstedmaxion.com.br\/wp-content\/uploads\/2021\/10\/foto23agr-301-tltrator-b10.jpg\",\"datePublished\":\"2021-10-22T20:37:36+00:00\",\"dateModified\":\"2021-10-22T20:37:38+00:00\",\"breadcrumb\":{\"@id\":\"https:\/\/www.amstedmaxion.com.br\/plataforma-mf-rural-preve-aumento-de-25-nas-vendas-neste-ano\/#breadcrumb\"},\"inLanguage\":\"en-US\",\"potentialAction\":[{\"@type\":\"ReadAction\",\"target\":[\"https:\/\/www.amstedmaxion.com.br\/plataforma-mf-rural-preve-aumento-de-25-nas-vendas-neste-ano\/\"]}]},{\"@type\":\"ImageObject\",\"inLanguage\":\"en-US\",\"@id\":\"https:\/\/www.amstedmaxion.com.br\/plataforma-mf-rural-preve-aumento-de-25-nas-vendas-neste-ano\/#primaryimage\",\"url\":\"https:\/\/www.amstedmaxion.com.br\/wp-content\/uploads\/2021\/10\/foto23agr-301-tltrator-b10.jpg\",\"contentUrl\":\"https:\/\/www.amstedmaxion.com.br\/wp-content\/uploads\/2021\/10\/foto23agr-301-tltrator-b10.jpg\"},{\"@type\":\"BreadcrumbList\",\"@id\":\"https:\/\/www.amstedmaxion.com.br\/plataforma-mf-rural-preve-aumento-de-25-nas-vendas-neste-ano\/#breadcrumb\",\"itemListElement\":[{\"@type\":\"ListItem\",\"position\":1,\"name\":\"In\u00edcio\",\"item\":\"https:\/\/www.amstedmaxion.com.br\/\"},{\"@type\":\"ListItem\",\"position\":2,\"name\":\"Plataforma MF Rural prev\u00ea aumento de 25% nas vendas neste ano\"}]},{\"@type\":\"WebSite\",\"@id\":\"https:\/\/www.amstedmaxion.com.br\/#website\",\"url\":\"https:\/\/www.amstedmaxion.com.br\/\",\"name\":\"AmstedMaxion\",\"description\":\"AmstedMaxion - Fundi\u00e7\u00e3o e Equipamentos Ferrovi\u00e1rios\",\"publisher\":{\"@id\":\"https:\/\/www.amstedmaxion.com.br\/#organization\"},\"alternateName\":\"AmstedMaxion\",\"potentialAction\":[{\"@type\":\"SearchAction\",\"target\":{\"@type\":\"EntryPoint\",\"urlTemplate\":\"https:\/\/www.amstedmaxion.com.br\/?s={search_term_string}\"},\"query-input\":{\"@type\":\"PropertyValueSpecification\",\"valueRequired\":true,\"valueName\":\"search_term_string\"}}],\"inLanguage\":\"en-US\"},{\"@type\":\"Organization\",\"@id\":\"https:\/\/www.amstedmaxion.com.br\/#organization\",\"name\":\"AMSTEDMAXION\",\"url\":\"https:\/\/www.amstedmaxion.com.br\/\",\"logo\":{\"@type\":\"ImageObject\",\"inLanguage\":\"en-US\",\"@id\":\"https:\/\/www.amstedmaxion.com.br\/#\/schema\/logo\/image\/\",\"url\":\"https:\/\/www.amstedmaxion.com.br\/wp-content\/uploads\/2023\/11\/amsted.png\",\"contentUrl\":\"https:\/\/www.amstedmaxion.com.br\/wp-content\/uploads\/2023\/11\/amsted.png\",\"width\":500,\"height\":500,\"caption\":\"AMSTEDMAXION\"},\"image\":{\"@id\":\"https:\/\/www.amstedmaxion.com.br\/#\/schema\/logo\/image\/\"},\"sameAs\":[\"https:\/\/www.facebook.com\/AmstedMaxion.Oficial\",\"https:\/\/br.linkedin.com\/company\/amstedmaxion\"]},{\"@type\":\"Person\",\"@id\":\"https:\/\/www.amstedmaxion.com.br\/#\/schema\/person\/140cb65f07d4e66dd5543c8a187bf436\",\"name\":\"Rosane Storto\",\"image\":{\"@type\":\"ImageObject\",\"inLanguage\":\"en-US\",\"@id\":\"https:\/\/www.amstedmaxion.com.br\/#\/schema\/person\/image\/\",\"url\":\"https:\/\/secure.gravatar.com\/avatar\/0e3d021545bbe593cb0eb3ee740544fefa86d59762e63dec1dbe9480a34c98cd?s=96&d=mm&r=g\",\"contentUrl\":\"https:\/\/secure.gravatar.com\/avatar\/0e3d021545bbe593cb0eb3ee740544fefa86d59762e63dec1dbe9480a34c98cd?s=96&d=mm&r=g\",\"caption\":\"Rosane Storto\"}}]}<\/script>\n<!-- \/ Yoast SEO plugin. -->","yoast_head_json":{"title":"Plataforma MF Rural prev\u00ea aumento de 25% nas vendas neste ano - AmstedMaxion","robots":{"index":"index","follow":"follow","max-snippet":"max-snippet:-1","max-image-preview":"max-image-preview:large","max-video-preview":"max-video-preview:-1"},"canonical":"https:\/\/www.amstedmaxion.com.br\/plataforma-mf-rural-preve-aumento-de-25-nas-vendas-neste-ano\/","og_locale":"en_US","og_type":"article","og_title":"Plataforma MF Rural prev\u00ea aumento de 25% nas vendas neste ano - AmstedMaxion","og_description":"Demanda por m\u00e1quinas agr\u00edcolas usadas tem crescido, afirma a empresa Valor Econ\u00f4mico &#8211; A MF Rural, plataforma de negocia\u00e7\u00e3o de itens usados na produ\u00e7\u00e3o agr\u00edcola, como m\u00e1quinas e implementos, projeta crescimento de 25% no volume de neg\u00f3cios neste ano. Em 2020, as transa\u00e7\u00f5es na plataforma movimentaram R$ 3,1 bilh\u00f5es, segundo as informa\u00e7\u00f5es declaradas pelos clientes. [&hellip;]","og_url":"https:\/\/www.amstedmaxion.com.br\/plataforma-mf-rural-preve-aumento-de-25-nas-vendas-neste-ano\/","og_site_name":"AmstedMaxion","article_publisher":"https:\/\/www.facebook.com\/AmstedMaxion.Oficial","article_published_time":"2021-10-22T20:37:36+00:00","article_modified_time":"2021-10-22T20:37:38+00:00","og_image":[{"url":"https:\/\/www.amstedmaxion.com.br\/wp-content\/uploads\/2021\/10\/foto23agr-301-tltrator-b10.jpg"}],"author":"Rosane Storto","twitter_card":"summary_large_image","twitter_misc":{"Written by":"Rosane Storto","Est. reading time":"1 minute"},"schema":{"@context":"https:\/\/schema.org","@graph":[{"@type":"Article","@id":"https:\/\/www.amstedmaxion.com.br\/plataforma-mf-rural-preve-aumento-de-25-nas-vendas-neste-ano\/#article","isPartOf":{"@id":"https:\/\/www.amstedmaxion.com.br\/plataforma-mf-rural-preve-aumento-de-25-nas-vendas-neste-ano\/"},"author":{"name":"Rosane Storto","@id":"https:\/\/www.amstedmaxion.com.br\/#\/schema\/person\/140cb65f07d4e66dd5543c8a187bf436"},"headline":"Plataforma MF Rural prev\u00ea aumento de 25% nas vendas neste ano","datePublished":"2021-10-22T20:37:36+00:00","dateModified":"2021-10-22T20:37:38+00:00","mainEntityOfPage":{"@id":"https:\/\/www.amstedmaxion.com.br\/plataforma-mf-rural-preve-aumento-de-25-nas-vendas-neste-ano\/"},"wordCount":211,"commentCount":0,"publisher":{"@id":"https:\/\/www.amstedmaxion.com.br\/#organization"},"image":{"@id":"https:\/\/www.amstedmaxion.com.br\/plataforma-mf-rural-preve-aumento-de-25-nas-vendas-neste-ano\/#primaryimage"},"thumbnailUrl":"https:\/\/www.amstedmaxion.com.br\/wp-content\/uploads\/2021\/10\/foto23agr-301-tltrator-b10.jpg","articleSection":["Newsletter"],"inLanguage":"en-US","potentialAction":[{"@type":"CommentAction","name":"Comment","target":["https:\/\/www.amstedmaxion.com.br\/plataforma-mf-rural-preve-aumento-de-25-nas-vendas-neste-ano\/#respond"]}]},{"@type":"WebPage","@id":"https:\/\/www.amstedmaxion.com.br\/plataforma-mf-rural-preve-aumento-de-25-nas-vendas-neste-ano\/","url":"https:\/\/www.amstedmaxion.com.br\/plataforma-mf-rural-preve-aumento-de-25-nas-vendas-neste-ano\/","name":"Plataforma MF Rural prev\u00ea aumento de 25% nas vendas neste ano - AmstedMaxion","isPartOf":{"@id":"https:\/\/www.amstedmaxion.com.br\/#website"},"primaryImageOfPage":{"@id":"https:\/\/www.amstedmaxion.com.br\/plataforma-mf-rural-preve-aumento-de-25-nas-vendas-neste-ano\/#primaryimage"},"image":{"@id":"https:\/\/www.amstedmaxion.com.br\/plataforma-mf-rural-preve-aumento-de-25-nas-vendas-neste-ano\/#primaryimage"},"thumbnailUrl":"https:\/\/www.amstedmaxion.com.br\/wp-content\/uploads\/2021\/10\/foto23agr-301-tltrator-b10.jpg","datePublished":"2021-10-22T20:37:36+00:00","dateModified":"2021-10-22T20:37:38+00:00","breadcrumb":{"@id":"https:\/\/www.amstedmaxion.com.br\/plataforma-mf-rural-preve-aumento-de-25-nas-vendas-neste-ano\/#breadcrumb"},"inLanguage":"en-US","potentialAction":[{"@type":"ReadAction","target":["https:\/\/www.amstedmaxion.com.br\/plataforma-mf-rural-preve-aumento-de-25-nas-vendas-neste-ano\/"]}]},{"@type":"ImageObject","inLanguage":"en-US","@id":"https:\/\/www.amstedmaxion.com.br\/plataforma-mf-rural-preve-aumento-de-25-nas-vendas-neste-ano\/#primaryimage","url":"https:\/\/www.amstedmaxion.com.br\/wp-content\/uploads\/2021\/10\/foto23agr-301-tltrator-b10.jpg","contentUrl":"https:\/\/www.amstedmaxion.com.br\/wp-content\/uploads\/2021\/10\/foto23agr-301-tltrator-b10.jpg"},{"@type":"BreadcrumbList","@id":"https:\/\/www.amstedmaxion.com.br\/plataforma-mf-rural-preve-aumento-de-25-nas-vendas-neste-ano\/#breadcrumb","itemListElement":[{"@type":"ListItem","position":1,"name":"In\u00edcio","item":"https:\/\/www.amstedmaxion.com.br\/"},{"@type":"ListItem","position":2,"name":"Plataforma MF Rural prev\u00ea aumento de 25% nas vendas neste ano"}]},{"@type":"WebSite","@id":"https:\/\/www.amstedmaxion.com.br\/#website","url":"https:\/\/www.amstedmaxion.com.br\/","name":"AmstedMaxion","description":"AmstedMaxion - Fundi\u00e7\u00e3o e Equipamentos Ferrovi\u00e1rios","publisher":{"@id":"https:\/\/www.amstedmaxion.com.br\/#organization"},"alternateName":"AmstedMaxion","potentialAction":[{"@type":"SearchAction","target":{"@type":"EntryPoint","urlTemplate":"https:\/\/www.amstedmaxion.com.br\/?s={search_term_string}"},"query-input":{"@type":"PropertyValueSpecification","valueRequired":true,"valueName":"search_term_string"}}],"inLanguage":"en-US"},{"@type":"Organization","@id":"https:\/\/www.amstedmaxion.com.br\/#organization","name":"AMSTEDMAXION","url":"https:\/\/www.amstedmaxion.com.br\/","logo":{"@type":"ImageObject","inLanguage":"en-US","@id":"https:\/\/www.amstedmaxion.com.br\/#\/schema\/logo\/image\/","url":"https:\/\/www.amstedmaxion.com.br\/wp-content\/uploads\/2023\/11\/amsted.png","contentUrl":"https:\/\/www.amstedmaxion.com.br\/wp-content\/uploads\/2023\/11\/amsted.png","width":500,"height":500,"caption":"AMSTEDMAXION"},"image":{"@id":"https:\/\/www.amstedmaxion.com.br\/#\/schema\/logo\/image\/"},"sameAs":["https:\/\/www.facebook.com\/AmstedMaxion.Oficial","https:\/\/br.linkedin.com\/company\/amstedmaxion"]},{"@type":"Person","@id":"https:\/\/www.amstedmaxion.com.br\/#\/schema\/person\/140cb65f07d4e66dd5543c8a187bf436","name":"Rosane Storto","image":{"@type":"ImageObject","inLanguage":"en-US","@id":"https:\/\/www.amstedmaxion.com.br\/#\/schema\/person\/image\/","url":"https:\/\/secure.gravatar.com\/avatar\/0e3d021545bbe593cb0eb3ee740544fefa86d59762e63dec1dbe9480a34c98cd?s=96&d=mm&r=g","contentUrl":"https:\/\/secure.gravatar.com\/avatar\/0e3d021545bbe593cb0eb3ee740544fefa86d59762e63dec1dbe9480a34c98cd?s=96&d=mm&r=g","caption":"Rosane Storto"}}]}},"_links":{"self":[{"href":"https:\/\/www.amstedmaxion.com.br\/en\/wp-json\/wp\/v2\/posts\/26078","targetHints":{"allow":["GET"]}}],"collection":[{"href":"https:\/\/www.amstedmaxion.com.br\/en\/wp-json\/wp\/v2\/posts"}],"about":[{"href":"https:\/\/www.amstedmaxion.com.br\/en\/wp-json\/wp\/v2\/types\/post"}],"author":[{"embeddable":true,"href":"https:\/\/www.amstedmaxion.com.br\/en\/wp-json\/wp\/v2\/users\/5"}],"replies":[{"embeddable":true,"href":"https:\/\/www.amstedmaxion.com.br\/en\/wp-json\/wp\/v2\/comments?post=26078"}],"version-history":[{"count":1,"href":"https:\/\/www.amstedmaxion.com.br\/en\/wp-json\/wp\/v2\/posts\/26078\/revisions"}],"predecessor-version":[{"id":26080,"href":"https:\/\/www.amstedmaxion.com.br\/en\/wp-json\/wp\/v2\/posts\/26078\/revisions\/26080"}],"wp:attachment":[{"href":"https:\/\/www.amstedmaxion.com.br\/en\/wp-json\/wp\/v2\/media?parent=26078"}],"wp:term":[{"taxonomy":"category","embeddable":true,"href":"https:\/\/www.amstedmaxion.com.br\/en\/wp-json\/wp\/v2\/categories?post=26078"},{"taxonomy":"post_tag","embeddable":true,"href":"https:\/\/www.amstedmaxion.com.br\/en\/wp-json\/wp\/v2\/tags?post=26078"}],"curies":[{"name":"wp","href":"https:\/\/api.w.org\/{rel}","templated":true}]}}