{"id":2981,"date":"2017-05-02T00:00:00","date_gmt":"2017-05-02T03:00:00","guid":{"rendered":"http:\/\/189.16.185.54\/brado-prepara-expansao-das-operacoes-na-baixada-santista\/"},"modified":"2017-05-02T00:00:00","modified_gmt":"2017-05-02T03:00:00","slug":"brado-prepara-expansao-das-operacoes-na-baixada-santista","status":"publish","type":"post","link":"https:\/\/www.amstedmaxion.com.br\/en\/brado-prepara-expansao-das-operacoes-na-baixada-santista\/","title":{"rendered":"Brado prepara expans\u00e3o das opera\u00e7\u00f5es na Baixada Santista"},"content":{"rendered":"<p>A operadora Brado Log\u00edstica, com sede em Cubat\u00e3o, se prepara para ampliar suas a\u00e7\u00f5es na Baixada Santista. O projeto \u00e9 resultado da obten\u00e7\u00e3o de um novo contrato de carregamento, que deve movimentar mensalmente 3,5 mil toneladas de produtos da ind\u00fastria de carne bovina no Porto de Santos. O programa de expans\u00e3o j\u00e1 levou a empresa a contratar mais 40 profissionais para atuar em sua unidade, em tr\u00eas turnos. rn<\/p>\n<p>rnPor motivos de confidencialidade, a Brado n\u00e3o divulga o nome do novo cliente, mas cita que esse contrato prev\u00ea a movimenta\u00e7\u00e3o mensal de 250 cont\u00eaineres de exporta\u00e7\u00e3o, com carnes bovinas, e 100 cont\u00eaineres de importa\u00e7\u00e3o, com produtos em geral. O volume de 3,5 mil toneladas deve ser atingido ainda no primeiro semestre deste ano. rn<\/p>\n<p>rnInicialmente, a companhia de log\u00edstica, especializada na movimenta\u00e7\u00e3o de cont\u00eaineres, n\u00e3o pretende aumentar suas instala\u00e7\u00f5es para atender \u00e0 nova movimenta\u00e7\u00e3o. Mesmo os servi\u00e7os que ir\u00e1 prestar ao cliente, da recep\u00e7\u00e3o de produtos em armaz\u00e9ns secos e frigorificados ao gerenciamento de estoques, n\u00e3o exigir\u00e3o obras de amplia\u00e7\u00e3o. rn<\/p>\n<p>rn\u201cNossa estrutura \u2013 que inclui 26 docas, 18.660 posi\u00e7\u00f5es paletes e capacidade para 1200 TEUS \u2013 vai atender a este e a outros clientes, muitos deles localizados no Centro-Oeste do Pa\u00eds em regi\u00f5es com acesso a opera\u00e7\u00f5es multimodais\u201d, disse o gerente-executivo da Brado, Carlos Pelcz. rn<\/p>\n<p>rnNos planos da empresa, est\u00e1 transformar a unidade da Baixada Santista em ponto central de atendimento, aproveitando a estrutura e expertise da companhia, que \u00e9 um bra\u00e7o da Rumo Log\u00edstica, principalmente a partir de unidades instaladas nos estados de S\u00e3o Paulo e Mato Grosso. Ser\u00e3o atendidas ainda demandas vindas de Tocantins, Mato Grosso do Sul, Minas Gerais, Goi\u00e1s e Rond\u00f4nia. rn<\/p>\n<p>rnA Brado movimentar\u00e1 a carga bovina em opera\u00e7\u00e3o no conceito de hub log\u00edstico, uma esp\u00e9cie de centro integrado de transbordo, armazenagem, coleta, produ\u00e7\u00e3o e distribui\u00e7\u00e3o de mercadorias e bens. Para isso, al\u00e9m da parte f\u00edsica em Cubat\u00e3o e dos demais postos, a companhia possui 13 locomotivas, 2,4 mil vag\u00f5es e 3,5 mil cont\u00eaineres para movimenta\u00e7\u00e3o dos mais diferentes tipos de cargas, de congelados a gr\u00e3os e artigos industrializados. rn<\/p>\n<p>rnAs opera\u00e7\u00f5es de exporta\u00e7\u00e3o e importa\u00e7\u00e3o na Baixada Santista t\u00eam foco na movimenta\u00e7\u00e3o de carne bovina, mas a demanda por servi\u00e7os log\u00edsticos se estende a vegetais, pescados e mat\u00e9rias-primas utilizadas pelas ind\u00fastrias localizadas no interior do Pa\u00eds. Al\u00e9m de gerenciar os estoques dos produtos, a promessa da Brado \u00e9 reduzir custos do novo cliente com a gest\u00e3o dos cont\u00eaineres vazios. rn<\/p>\n<p>rnContrata\u00e7\u00f5es rn<\/p>\n<p>rnSobre as admiss\u00f5es, o gerente-executivo da Brado, Carlos Pelcz, informou que, para cada fun\u00e7\u00e3o, houve um n\u00edvel de exig\u00eancia, avaliado pela equipe de Recursos Humanos. Entre os cargos abertos, estavam os de auxiliar administrativo, gestor de armazenagem, coordenador de p\u00e1tio e auxiliar de log\u00edstica de cont\u00eaineres. rn<\/p>\n<p>rnAs contrata\u00e7\u00f5es j\u00e1 foram conclu\u00eddas, informou a Brado. Mas a empresa destaca que os profissionais que disputaram as vagas, mas n\u00e3o foram selecionados, podem ser chamados futuramente, uma vez que h\u00e1 previs\u00e3o de que o n\u00famero de vagas possa aumentar durante os trabalhos. rn<\/p>\n<p>rn<\/p>\n<p>rnFonte: A Tribuna<\/p>\n","protected":false},"excerpt":{"rendered":"<p>A operadora Brado Log\u00edstica, com sede em Cubat\u00e3o, se prepara para ampliar suas a\u00e7\u00f5es na Baixada Santista. O projeto \u00e9 resultado da obten\u00e7\u00e3o de um novo contrato de carregamento, que deve movimentar mensalmente 3,5 mil toneladas de produtos da ind\u00fastria de carne bovina no Porto de Santos. O programa de expans\u00e3o j\u00e1 levou a empresa [&hellip;]<\/p>\n","protected":false},"author":1,"featured_media":0,"comment_status":"open","ping_status":"open","sticky":false,"template":"","format":"standard","meta":{"_acf_changed":false,"footnotes":""},"categories":[2],"tags":[],"class_list":["post-2981","post","type-post","status-publish","format-standard","hentry","category-noticias"],"acf":[],"yoast_head":"<!-- This site is optimized with the Yoast SEO plugin v23.9 - https:\/\/yoast.com\/wordpress\/plugins\/seo\/ -->\n<title>Brado prepara expans\u00e3o das opera\u00e7\u00f5es na Baixada Santista - AmstedMaxion<\/title>\n<meta name=\"robots\" content=\"index, follow, max-snippet:-1, max-image-preview:large, max-video-preview:-1\" \/>\n<link rel=\"canonical\" href=\"https:\/\/www.amstedmaxion.com.br\/en\/brado-prepara-expansao-das-operacoes-na-baixada-santista\/\" \/>\n<meta property=\"og:locale\" content=\"en_US\" \/>\n<meta property=\"og:type\" content=\"article\" \/>\n<meta property=\"og:title\" content=\"Brado prepara expans\u00e3o das opera\u00e7\u00f5es na Baixada Santista - AmstedMaxion\" \/>\n<meta property=\"og:description\" content=\"A operadora Brado Log\u00edstica, com sede em Cubat\u00e3o, se prepara para ampliar suas a\u00e7\u00f5es na Baixada Santista. O projeto \u00e9 resultado da obten\u00e7\u00e3o de um novo contrato de carregamento, que deve movimentar mensalmente 3,5 mil toneladas de produtos da ind\u00fastria de carne bovina no Porto de Santos. O programa de expans\u00e3o j\u00e1 levou a empresa [&hellip;]\" \/>\n<meta property=\"og:url\" content=\"https:\/\/www.amstedmaxion.com.br\/en\/brado-prepara-expansao-das-operacoes-na-baixada-santista\/\" \/>\n<meta property=\"og:site_name\" content=\"AmstedMaxion\" \/>\n<meta property=\"article:publisher\" content=\"https:\/\/www.facebook.com\/AmstedMaxion.Oficial\" \/>\n<meta property=\"article:published_time\" content=\"2017-05-02T03:00:00+00:00\" \/>\n<meta name=\"author\" content=\"juan@newmind.com.br\" \/>\n<meta name=\"twitter:card\" content=\"summary_large_image\" \/>\n<meta name=\"twitter:label1\" content=\"Written by\" \/>\n\t<meta name=\"twitter:data1\" content=\"juan@newmind.com.br\" \/>\n\t<meta name=\"twitter:label2\" content=\"Est. reading time\" \/>\n\t<meta name=\"twitter:data2\" content=\"3 minutes\" \/>\n<script type=\"application\/ld+json\" class=\"yoast-schema-graph\">{\"@context\":\"https:\/\/schema.org\",\"@graph\":[{\"@type\":\"Article\",\"@id\":\"https:\/\/www.amstedmaxion.com.br\/en\/brado-prepara-expansao-das-operacoes-na-baixada-santista\/#article\",\"isPartOf\":{\"@id\":\"https:\/\/www.amstedmaxion.com.br\/en\/brado-prepara-expansao-das-operacoes-na-baixada-santista\/\"},\"author\":{\"name\":\"juan@newmind.com.br\",\"@id\":\"https:\/\/www.amstedmaxion.com.br\/#\/schema\/person\/0120c9e5589f92bbb25580b75edcf439\"},\"headline\":\"Brado prepara expans\u00e3o das opera\u00e7\u00f5es na Baixada Santista\",\"datePublished\":\"2017-05-02T03:00:00+00:00\",\"dateModified\":\"2017-05-02T03:00:00+00:00\",\"mainEntityOfPage\":{\"@id\":\"https:\/\/www.amstedmaxion.com.br\/en\/brado-prepara-expansao-das-operacoes-na-baixada-santista\/\"},\"wordCount\":561,\"commentCount\":0,\"publisher\":{\"@id\":\"https:\/\/www.amstedmaxion.com.br\/#organization\"},\"articleSection\":[\"Not\u00edcias da AmstedMaxion\"],\"inLanguage\":\"en-US\",\"potentialAction\":[{\"@type\":\"CommentAction\",\"name\":\"Comment\",\"target\":[\"https:\/\/www.amstedmaxion.com.br\/en\/brado-prepara-expansao-das-operacoes-na-baixada-santista\/#respond\"]}]},{\"@type\":\"WebPage\",\"@id\":\"https:\/\/www.amstedmaxion.com.br\/en\/brado-prepara-expansao-das-operacoes-na-baixada-santista\/\",\"url\":\"https:\/\/www.amstedmaxion.com.br\/en\/brado-prepara-expansao-das-operacoes-na-baixada-santista\/\",\"name\":\"Brado prepara expans\u00e3o das opera\u00e7\u00f5es na Baixada Santista - AmstedMaxion\",\"isPartOf\":{\"@id\":\"https:\/\/www.amstedmaxion.com.br\/#website\"},\"datePublished\":\"2017-05-02T03:00:00+00:00\",\"dateModified\":\"2017-05-02T03:00:00+00:00\",\"breadcrumb\":{\"@id\":\"https:\/\/www.amstedmaxion.com.br\/en\/brado-prepara-expansao-das-operacoes-na-baixada-santista\/#breadcrumb\"},\"inLanguage\":\"en-US\",\"potentialAction\":[{\"@type\":\"ReadAction\",\"target\":[\"https:\/\/www.amstedmaxion.com.br\/en\/brado-prepara-expansao-das-operacoes-na-baixada-santista\/\"]}]},{\"@type\":\"BreadcrumbList\",\"@id\":\"https:\/\/www.amstedmaxion.com.br\/en\/brado-prepara-expansao-das-operacoes-na-baixada-santista\/#breadcrumb\",\"itemListElement\":[{\"@type\":\"ListItem\",\"position\":1,\"name\":\"In\u00edcio\",\"item\":\"https:\/\/www.amstedmaxion.com.br\/\"},{\"@type\":\"ListItem\",\"position\":2,\"name\":\"Brado prepara expans\u00e3o das opera\u00e7\u00f5es na Baixada Santista\"}]},{\"@type\":\"WebSite\",\"@id\":\"https:\/\/www.amstedmaxion.com.br\/#website\",\"url\":\"https:\/\/www.amstedmaxion.com.br\/\",\"name\":\"AmstedMaxion\",\"description\":\"AmstedMaxion - Fundi\u00e7\u00e3o e Equipamentos Ferrovi\u00e1rios\",\"publisher\":{\"@id\":\"https:\/\/www.amstedmaxion.com.br\/#organization\"},\"alternateName\":\"AmstedMaxion\",\"potentialAction\":[{\"@type\":\"SearchAction\",\"target\":{\"@type\":\"EntryPoint\",\"urlTemplate\":\"https:\/\/www.amstedmaxion.com.br\/?s={search_term_string}\"},\"query-input\":{\"@type\":\"PropertyValueSpecification\",\"valueRequired\":true,\"valueName\":\"search_term_string\"}}],\"inLanguage\":\"en-US\"},{\"@type\":\"Organization\",\"@id\":\"https:\/\/www.amstedmaxion.com.br\/#organization\",\"name\":\"AMSTEDMAXION\",\"url\":\"https:\/\/www.amstedmaxion.com.br\/\",\"logo\":{\"@type\":\"ImageObject\",\"inLanguage\":\"en-US\",\"@id\":\"https:\/\/www.amstedmaxion.com.br\/#\/schema\/logo\/image\/\",\"url\":\"https:\/\/www.amstedmaxion.com.br\/wp-content\/uploads\/2023\/11\/amsted.png\",\"contentUrl\":\"https:\/\/www.amstedmaxion.com.br\/wp-content\/uploads\/2023\/11\/amsted.png\",\"width\":500,\"height\":500,\"caption\":\"AMSTEDMAXION\"},\"image\":{\"@id\":\"https:\/\/www.amstedmaxion.com.br\/#\/schema\/logo\/image\/\"},\"sameAs\":[\"https:\/\/www.facebook.com\/AmstedMaxion.Oficial\",\"https:\/\/br.linkedin.com\/company\/amstedmaxion\"]},{\"@type\":\"Person\",\"@id\":\"https:\/\/www.amstedmaxion.com.br\/#\/schema\/person\/0120c9e5589f92bbb25580b75edcf439\",\"name\":\"juan@newmind.com.br\",\"image\":{\"@type\":\"ImageObject\",\"inLanguage\":\"en-US\",\"@id\":\"https:\/\/www.amstedmaxion.com.br\/#\/schema\/person\/image\/\",\"url\":\"https:\/\/secure.gravatar.com\/avatar\/4f404a88c5e66d7c90c099fd87bb90a68baa7a7348b153c1c34f9999b4873144?s=96&d=mm&r=g\",\"contentUrl\":\"https:\/\/secure.gravatar.com\/avatar\/4f404a88c5e66d7c90c099fd87bb90a68baa7a7348b153c1c34f9999b4873144?s=96&d=mm&r=g\",\"caption\":\"juan@newmind.com.br\"}}]}<\/script>\n<!-- \/ Yoast SEO plugin. -->","yoast_head_json":{"title":"Brado prepara expans\u00e3o das opera\u00e7\u00f5es na Baixada Santista - AmstedMaxion","robots":{"index":"index","follow":"follow","max-snippet":"max-snippet:-1","max-image-preview":"max-image-preview:large","max-video-preview":"max-video-preview:-1"},"canonical":"https:\/\/www.amstedmaxion.com.br\/en\/brado-prepara-expansao-das-operacoes-na-baixada-santista\/","og_locale":"en_US","og_type":"article","og_title":"Brado prepara expans\u00e3o das opera\u00e7\u00f5es na Baixada Santista - AmstedMaxion","og_description":"A operadora Brado Log\u00edstica, com sede em Cubat\u00e3o, se prepara para ampliar suas a\u00e7\u00f5es na Baixada Santista. O projeto \u00e9 resultado da obten\u00e7\u00e3o de um novo contrato de carregamento, que deve movimentar mensalmente 3,5 mil toneladas de produtos da ind\u00fastria de carne bovina no Porto de Santos. O programa de expans\u00e3o j\u00e1 levou a empresa [&hellip;]","og_url":"https:\/\/www.amstedmaxion.com.br\/en\/brado-prepara-expansao-das-operacoes-na-baixada-santista\/","og_site_name":"AmstedMaxion","article_publisher":"https:\/\/www.facebook.com\/AmstedMaxion.Oficial","article_published_time":"2017-05-02T03:00:00+00:00","author":"juan@newmind.com.br","twitter_card":"summary_large_image","twitter_misc":{"Written by":"juan@newmind.com.br","Est. reading time":"3 minutes"},"schema":{"@context":"https:\/\/schema.org","@graph":[{"@type":"Article","@id":"https:\/\/www.amstedmaxion.com.br\/en\/brado-prepara-expansao-das-operacoes-na-baixada-santista\/#article","isPartOf":{"@id":"https:\/\/www.amstedmaxion.com.br\/en\/brado-prepara-expansao-das-operacoes-na-baixada-santista\/"},"author":{"name":"juan@newmind.com.br","@id":"https:\/\/www.amstedmaxion.com.br\/#\/schema\/person\/0120c9e5589f92bbb25580b75edcf439"},"headline":"Brado prepara expans\u00e3o das opera\u00e7\u00f5es na Baixada Santista","datePublished":"2017-05-02T03:00:00+00:00","dateModified":"2017-05-02T03:00:00+00:00","mainEntityOfPage":{"@id":"https:\/\/www.amstedmaxion.com.br\/en\/brado-prepara-expansao-das-operacoes-na-baixada-santista\/"},"wordCount":561,"commentCount":0,"publisher":{"@id":"https:\/\/www.amstedmaxion.com.br\/#organization"},"articleSection":["Not\u00edcias da AmstedMaxion"],"inLanguage":"en-US","potentialAction":[{"@type":"CommentAction","name":"Comment","target":["https:\/\/www.amstedmaxion.com.br\/en\/brado-prepara-expansao-das-operacoes-na-baixada-santista\/#respond"]}]},{"@type":"WebPage","@id":"https:\/\/www.amstedmaxion.com.br\/en\/brado-prepara-expansao-das-operacoes-na-baixada-santista\/","url":"https:\/\/www.amstedmaxion.com.br\/en\/brado-prepara-expansao-das-operacoes-na-baixada-santista\/","name":"Brado prepara expans\u00e3o das opera\u00e7\u00f5es na Baixada Santista - AmstedMaxion","isPartOf":{"@id":"https:\/\/www.amstedmaxion.com.br\/#website"},"datePublished":"2017-05-02T03:00:00+00:00","dateModified":"2017-05-02T03:00:00+00:00","breadcrumb":{"@id":"https:\/\/www.amstedmaxion.com.br\/en\/brado-prepara-expansao-das-operacoes-na-baixada-santista\/#breadcrumb"},"inLanguage":"en-US","potentialAction":[{"@type":"ReadAction","target":["https:\/\/www.amstedmaxion.com.br\/en\/brado-prepara-expansao-das-operacoes-na-baixada-santista\/"]}]},{"@type":"BreadcrumbList","@id":"https:\/\/www.amstedmaxion.com.br\/en\/brado-prepara-expansao-das-operacoes-na-baixada-santista\/#breadcrumb","itemListElement":[{"@type":"ListItem","position":1,"name":"In\u00edcio","item":"https:\/\/www.amstedmaxion.com.br\/"},{"@type":"ListItem","position":2,"name":"Brado prepara expans\u00e3o das opera\u00e7\u00f5es na Baixada Santista"}]},{"@type":"WebSite","@id":"https:\/\/www.amstedmaxion.com.br\/#website","url":"https:\/\/www.amstedmaxion.com.br\/","name":"AmstedMaxion","description":"AmstedMaxion - Fundi\u00e7\u00e3o e Equipamentos Ferrovi\u00e1rios","publisher":{"@id":"https:\/\/www.amstedmaxion.com.br\/#organization"},"alternateName":"AmstedMaxion","potentialAction":[{"@type":"SearchAction","target":{"@type":"EntryPoint","urlTemplate":"https:\/\/www.amstedmaxion.com.br\/?s={search_term_string}"},"query-input":{"@type":"PropertyValueSpecification","valueRequired":true,"valueName":"search_term_string"}}],"inLanguage":"en-US"},{"@type":"Organization","@id":"https:\/\/www.amstedmaxion.com.br\/#organization","name":"AMSTEDMAXION","url":"https:\/\/www.amstedmaxion.com.br\/","logo":{"@type":"ImageObject","inLanguage":"en-US","@id":"https:\/\/www.amstedmaxion.com.br\/#\/schema\/logo\/image\/","url":"https:\/\/www.amstedmaxion.com.br\/wp-content\/uploads\/2023\/11\/amsted.png","contentUrl":"https:\/\/www.amstedmaxion.com.br\/wp-content\/uploads\/2023\/11\/amsted.png","width":500,"height":500,"caption":"AMSTEDMAXION"},"image":{"@id":"https:\/\/www.amstedmaxion.com.br\/#\/schema\/logo\/image\/"},"sameAs":["https:\/\/www.facebook.com\/AmstedMaxion.Oficial","https:\/\/br.linkedin.com\/company\/amstedmaxion"]},{"@type":"Person","@id":"https:\/\/www.amstedmaxion.com.br\/#\/schema\/person\/0120c9e5589f92bbb25580b75edcf439","name":"juan@newmind.com.br","image":{"@type":"ImageObject","inLanguage":"en-US","@id":"https:\/\/www.amstedmaxion.com.br\/#\/schema\/person\/image\/","url":"https:\/\/secure.gravatar.com\/avatar\/4f404a88c5e66d7c90c099fd87bb90a68baa7a7348b153c1c34f9999b4873144?s=96&d=mm&r=g","contentUrl":"https:\/\/secure.gravatar.com\/avatar\/4f404a88c5e66d7c90c099fd87bb90a68baa7a7348b153c1c34f9999b4873144?s=96&d=mm&r=g","caption":"juan@newmind.com.br"}}]}},"_links":{"self":[{"href":"https:\/\/www.amstedmaxion.com.br\/en\/wp-json\/wp\/v2\/posts\/2981","targetHints":{"allow":["GET"]}}],"collection":[{"href":"https:\/\/www.amstedmaxion.com.br\/en\/wp-json\/wp\/v2\/posts"}],"about":[{"href":"https:\/\/www.amstedmaxion.com.br\/en\/wp-json\/wp\/v2\/types\/post"}],"author":[{"embeddable":true,"href":"https:\/\/www.amstedmaxion.com.br\/en\/wp-json\/wp\/v2\/users\/1"}],"replies":[{"embeddable":true,"href":"https:\/\/www.amstedmaxion.com.br\/en\/wp-json\/wp\/v2\/comments?post=2981"}],"version-history":[{"count":0,"href":"https:\/\/www.amstedmaxion.com.br\/en\/wp-json\/wp\/v2\/posts\/2981\/revisions"}],"wp:attachment":[{"href":"https:\/\/www.amstedmaxion.com.br\/en\/wp-json\/wp\/v2\/media?parent=2981"}],"wp:term":[{"taxonomy":"category","embeddable":true,"href":"https:\/\/www.amstedmaxion.com.br\/en\/wp-json\/wp\/v2\/categories?post=2981"},{"taxonomy":"post_tag","embeddable":true,"href":"https:\/\/www.amstedmaxion.com.br\/en\/wp-json\/wp\/v2\/tags?post=2981"}],"curies":[{"name":"wp","href":"https:\/\/api.w.org\/{rel}","templated":true}]}}