{"id":2991,"date":"2017-05-31T00:00:00","date_gmt":"2017-05-31T03:00:00","guid":{"rendered":"http:\/\/189.16.185.54\/ministerios-ja-disputam-r-3-bilhoes-do-orcamento-federal\/"},"modified":"2017-05-31T00:00:00","modified_gmt":"2017-05-31T03:00:00","slug":"ministerios-ja-disputam-r-3-bilhoes-do-orcamento-federal","status":"publish","type":"post","link":"https:\/\/www.amstedmaxion.com.br\/en\/ministerios-ja-disputam-r-3-bilhoes-do-orcamento-federal\/","title":{"rendered":"Minist\u00e9rios j\u00e1 disputam R$ 3 bilh\u00f5es do Or\u00e7amento federal"},"content":{"rendered":"<p>Valor desbloqueado deve ser usado sobretudo na conclus\u00e3o de obras e na sa\u00fadern<\/p>\n<p>rnBRAS\u00cdLIA &#8211; A libera\u00e7\u00e3o de R$ 3,15 bilh\u00f5es do Or\u00e7amento de 2017 abriu uma disputa entre os minist\u00e9rios por uma fatia dos recursos, cuja divis\u00e3o ainda est\u00e1 em discuss\u00e3o. H\u00e1 urg\u00eancias em todas as \u00e1reas, mas a equipe econ\u00f4mica j\u00e1 definiu o principal foco para o uso do dinheiro neste momento: a conclus\u00e3o de obras. O Minist\u00e9rio da Sa\u00fade tamb\u00e9m ser\u00e1 contemplado com parte da libera\u00e7\u00e3o para o cumprimento do piso constitucional de gastos na \u00e1rea.rn<\/p>\n<p>rnO Minist\u00e9rio dos Transportes, Portos e Avia\u00e7\u00e3o Civil dever\u00e1 ser dos mais beneficiados com os recursos extras. O governo considera importante preservar os investimentos, para aquecer a atividade econ\u00f4mica que se ressente dos efeitos do forte ajuste fiscal.rn<\/p>\n<p>rnA pasta pediu para recompor R$ 2,5 bilh\u00f5es dos R$ 5,1 bilh\u00f5es que foram cortados no in\u00edcio do ano. O valor \u00e9 considerado suficiente para garantir a programa\u00e7\u00e3o de obras deste ano para empreendimentos que compunham o Programa de Acelera\u00e7\u00e3o do Crescimento (PAC) e que dever\u00e3o ser \u201creempacotados\u201d com o nome de Avan\u00e7ar.rn<\/p>\n<p>rnCom a libera\u00e7\u00e3o, a estrat\u00e9gia \u00e9 preservar no que for poss\u00edvel os investimentos, que j\u00e1 foram bastante afetados no corte inicial de R$ 42,1 bilh\u00f5es do Or\u00e7amento feito em mar\u00e7o. \u201cEstamos buscando meios para viabilizar a conclus\u00e3o das obras. O Avan\u00e7ar ser\u00e1 focado nisso\u201d, disse uma fonte da equipe econ\u00f4mica.rn<\/p>\n<p>rnNesse novo programa, ainda em formula\u00e7\u00e3o, est\u00e3o projetos cuja conclus\u00e3o est\u00e1 prevista at\u00e9 o final de 2018, como a Ferrovia Norte-Sul e o asfaltamento da BR-163 em Mato Grosso e no Par\u00e1. Essa rodovia foi cen\u00e1rio dos atoleiros que impediram o embarque de 11 milh\u00f5es de toneladas de gr\u00e3os pelos portos do Norte do Pa\u00eds na \u00faltima safra.rn<\/p>\n<p>rnOs recursos tamb\u00e9m serviriam para investir em aeroportos regionais, fazer obras de manuten\u00e7\u00e3o nas rodovias sob administra\u00e7\u00e3o do Departamento Nacional de Infraestrutura de Transportes (Dnit), recompor as finan\u00e7as da Infraero e das ag\u00eancias reguladoras.rn<\/p>\n<p>rnJ\u00e1 est\u00e1 decidido, por\u00e9m, que os Transportes n\u00e3o receber\u00e3o tudo o que solicitaram neste momento. O dinheiro liberado ter\u00e1 de ser suficiente para atender a outras urg\u00eancias do governo, como os gastos com a Sa\u00fade e a distribui\u00e7\u00e3o de caminh\u00f5es-pipa para socorrer munic\u00edpios afetados pela estiagem.rn<\/p>\n<p>rnS\u00f3 os gastos mais urgentes ser\u00e3o atendidos agora, segundo um integrante da equipe econ\u00f4mica. Uma recomposi\u00e7\u00e3o maior nos gastos dos minist\u00e9rios ser\u00e1 feita ainda este ano quando ingressarem no caixa do Tesouro os R$ 8,6 bilh\u00f5es depositados pelo governo para pagamentos de precat\u00f3rios que est\u00e3o parados h\u00e1 mais de dois anos. Para que isso ocorra, ser\u00e1 preciso que os parlamentares aprovem projeto de lei que foi enviado na semana passada ao Congresso.rn<\/p>\n<p>rnA libera\u00e7\u00e3o de R$ 3,15 bilh\u00f5es do Or\u00e7amento ocorreu em meio a d\u00favidas de especialistas quanto ao cumprimento da meta fiscal deste ano. No esfor\u00e7o de blindar a economia contra a crise pol\u00edtica, o governo tenta impulsionar os investimentos p\u00fablicos para acelerar a gera\u00e7\u00e3o de empregos. Os recursos adicionais poder\u00e3o tamb\u00e9m ajudar na conquista de apoio \u00e0s reformas, ao atender a pedidos de bancadas parlamentares.rn<\/p>\n<p>rnO valor do desbloqueio foi definido na segunda-feira no relat\u00f3rio bimestral de avalia\u00e7\u00e3o de receitas e despesas do Or\u00e7amento, mas a libera\u00e7\u00e3o efetiva s\u00f3 ser\u00e1 feita no final do m\u00eas.rn<\/p>\n<p>rn<\/p>\n<p>rnFonte: Estado de S. Paulorn<\/p>\n","protected":false},"excerpt":{"rendered":"<p>Valor desbloqueado deve ser usado sobretudo na conclus\u00e3o de obras e na sa\u00fadern rnBRAS\u00cdLIA &#8211; A libera\u00e7\u00e3o de R$ 3,15 bilh\u00f5es do Or\u00e7amento de 2017 abriu uma disputa entre os minist\u00e9rios por uma fatia dos recursos, cuja divis\u00e3o ainda est\u00e1 em discuss\u00e3o. H\u00e1 urg\u00eancias em todas as \u00e1reas, mas a equipe econ\u00f4mica j\u00e1 definiu o [&hellip;]<\/p>\n","protected":false},"author":1,"featured_media":0,"comment_status":"open","ping_status":"open","sticky":false,"template":"","format":"standard","meta":{"_acf_changed":false,"footnotes":""},"categories":[2],"tags":[],"class_list":["post-2991","post","type-post","status-publish","format-standard","hentry","category-noticias"],"acf":[],"yoast_head":"<!-- This site is optimized with the Yoast SEO plugin v23.9 - https:\/\/yoast.com\/wordpress\/plugins\/seo\/ -->\n<title>Minist\u00e9rios j\u00e1 disputam R$ 3 bilh\u00f5es do Or\u00e7amento federal - AmstedMaxion<\/title>\n<meta name=\"robots\" content=\"index, follow, max-snippet:-1, max-image-preview:large, max-video-preview:-1\" \/>\n<link rel=\"canonical\" href=\"https:\/\/www.amstedmaxion.com.br\/ministerios-ja-disputam-r-3-bilhoes-do-orcamento-federal\/\" \/>\n<meta property=\"og:locale\" content=\"en_US\" \/>\n<meta property=\"og:type\" content=\"article\" \/>\n<meta property=\"og:title\" content=\"Minist\u00e9rios j\u00e1 disputam R$ 3 bilh\u00f5es do Or\u00e7amento federal - AmstedMaxion\" \/>\n<meta property=\"og:description\" content=\"Valor desbloqueado deve ser usado sobretudo na conclus\u00e3o de obras e na sa\u00fadern rnBRAS\u00cdLIA &#8211; A libera\u00e7\u00e3o de R$ 3,15 bilh\u00f5es do Or\u00e7amento de 2017 abriu uma disputa entre os minist\u00e9rios por uma fatia dos recursos, cuja divis\u00e3o ainda est\u00e1 em discuss\u00e3o. H\u00e1 urg\u00eancias em todas as \u00e1reas, mas a equipe econ\u00f4mica j\u00e1 definiu o [&hellip;]\" \/>\n<meta property=\"og:url\" content=\"https:\/\/www.amstedmaxion.com.br\/ministerios-ja-disputam-r-3-bilhoes-do-orcamento-federal\/\" \/>\n<meta property=\"og:site_name\" content=\"AmstedMaxion\" \/>\n<meta property=\"article:publisher\" content=\"https:\/\/www.facebook.com\/AmstedMaxion.Oficial\" \/>\n<meta property=\"article:published_time\" content=\"2017-05-31T03:00:00+00:00\" \/>\n<meta name=\"author\" content=\"juan@newmind.com.br\" \/>\n<meta name=\"twitter:card\" content=\"summary_large_image\" \/>\n<meta name=\"twitter:label1\" content=\"Written by\" \/>\n\t<meta name=\"twitter:data1\" content=\"juan@newmind.com.br\" \/>\n\t<meta name=\"twitter:label2\" content=\"Est. reading time\" \/>\n\t<meta name=\"twitter:data2\" content=\"3 minutes\" \/>\n<script type=\"application\/ld+json\" class=\"yoast-schema-graph\">{\"@context\":\"https:\/\/schema.org\",\"@graph\":[{\"@type\":\"Article\",\"@id\":\"https:\/\/www.amstedmaxion.com.br\/ministerios-ja-disputam-r-3-bilhoes-do-orcamento-federal\/#article\",\"isPartOf\":{\"@id\":\"https:\/\/www.amstedmaxion.com.br\/ministerios-ja-disputam-r-3-bilhoes-do-orcamento-federal\/\"},\"author\":{\"name\":\"juan@newmind.com.br\",\"@id\":\"https:\/\/www.amstedmaxion.com.br\/#\/schema\/person\/0120c9e5589f92bbb25580b75edcf439\"},\"headline\":\"Minist\u00e9rios j\u00e1 disputam R$ 3 bilh\u00f5es do Or\u00e7amento federal\",\"datePublished\":\"2017-05-31T03:00:00+00:00\",\"dateModified\":\"2017-05-31T03:00:00+00:00\",\"mainEntityOfPage\":{\"@id\":\"https:\/\/www.amstedmaxion.com.br\/ministerios-ja-disputam-r-3-bilhoes-do-orcamento-federal\/\"},\"wordCount\":616,\"commentCount\":0,\"publisher\":{\"@id\":\"https:\/\/www.amstedmaxion.com.br\/#organization\"},\"articleSection\":[\"Not\u00edcias da AmstedMaxion\"],\"inLanguage\":\"en-US\",\"potentialAction\":[{\"@type\":\"CommentAction\",\"name\":\"Comment\",\"target\":[\"https:\/\/www.amstedmaxion.com.br\/ministerios-ja-disputam-r-3-bilhoes-do-orcamento-federal\/#respond\"]}]},{\"@type\":\"WebPage\",\"@id\":\"https:\/\/www.amstedmaxion.com.br\/ministerios-ja-disputam-r-3-bilhoes-do-orcamento-federal\/\",\"url\":\"https:\/\/www.amstedmaxion.com.br\/ministerios-ja-disputam-r-3-bilhoes-do-orcamento-federal\/\",\"name\":\"Minist\u00e9rios j\u00e1 disputam R$ 3 bilh\u00f5es do Or\u00e7amento federal - AmstedMaxion\",\"isPartOf\":{\"@id\":\"https:\/\/www.amstedmaxion.com.br\/#website\"},\"datePublished\":\"2017-05-31T03:00:00+00:00\",\"dateModified\":\"2017-05-31T03:00:00+00:00\",\"breadcrumb\":{\"@id\":\"https:\/\/www.amstedmaxion.com.br\/ministerios-ja-disputam-r-3-bilhoes-do-orcamento-federal\/#breadcrumb\"},\"inLanguage\":\"en-US\",\"potentialAction\":[{\"@type\":\"ReadAction\",\"target\":[\"https:\/\/www.amstedmaxion.com.br\/ministerios-ja-disputam-r-3-bilhoes-do-orcamento-federal\/\"]}]},{\"@type\":\"BreadcrumbList\",\"@id\":\"https:\/\/www.amstedmaxion.com.br\/ministerios-ja-disputam-r-3-bilhoes-do-orcamento-federal\/#breadcrumb\",\"itemListElement\":[{\"@type\":\"ListItem\",\"position\":1,\"name\":\"In\u00edcio\",\"item\":\"https:\/\/www.amstedmaxion.com.br\/\"},{\"@type\":\"ListItem\",\"position\":2,\"name\":\"Minist\u00e9rios j\u00e1 disputam R$ 3 bilh\u00f5es do Or\u00e7amento federal\"}]},{\"@type\":\"WebSite\",\"@id\":\"https:\/\/www.amstedmaxion.com.br\/#website\",\"url\":\"https:\/\/www.amstedmaxion.com.br\/\",\"name\":\"AmstedMaxion\",\"description\":\"AmstedMaxion - Fundi\u00e7\u00e3o e Equipamentos Ferrovi\u00e1rios\",\"publisher\":{\"@id\":\"https:\/\/www.amstedmaxion.com.br\/#organization\"},\"alternateName\":\"AmstedMaxion\",\"potentialAction\":[{\"@type\":\"SearchAction\",\"target\":{\"@type\":\"EntryPoint\",\"urlTemplate\":\"https:\/\/www.amstedmaxion.com.br\/?s={search_term_string}\"},\"query-input\":{\"@type\":\"PropertyValueSpecification\",\"valueRequired\":true,\"valueName\":\"search_term_string\"}}],\"inLanguage\":\"en-US\"},{\"@type\":\"Organization\",\"@id\":\"https:\/\/www.amstedmaxion.com.br\/#organization\",\"name\":\"AMSTEDMAXION\",\"url\":\"https:\/\/www.amstedmaxion.com.br\/\",\"logo\":{\"@type\":\"ImageObject\",\"inLanguage\":\"en-US\",\"@id\":\"https:\/\/www.amstedmaxion.com.br\/#\/schema\/logo\/image\/\",\"url\":\"https:\/\/www.amstedmaxion.com.br\/wp-content\/uploads\/2023\/11\/amsted.png\",\"contentUrl\":\"https:\/\/www.amstedmaxion.com.br\/wp-content\/uploads\/2023\/11\/amsted.png\",\"width\":500,\"height\":500,\"caption\":\"AMSTEDMAXION\"},\"image\":{\"@id\":\"https:\/\/www.amstedmaxion.com.br\/#\/schema\/logo\/image\/\"},\"sameAs\":[\"https:\/\/www.facebook.com\/AmstedMaxion.Oficial\",\"https:\/\/br.linkedin.com\/company\/amstedmaxion\"]},{\"@type\":\"Person\",\"@id\":\"https:\/\/www.amstedmaxion.com.br\/#\/schema\/person\/0120c9e5589f92bbb25580b75edcf439\",\"name\":\"juan@newmind.com.br\",\"image\":{\"@type\":\"ImageObject\",\"inLanguage\":\"en-US\",\"@id\":\"https:\/\/www.amstedmaxion.com.br\/#\/schema\/person\/image\/\",\"url\":\"https:\/\/secure.gravatar.com\/avatar\/4f404a88c5e66d7c90c099fd87bb90a68baa7a7348b153c1c34f9999b4873144?s=96&d=mm&r=g\",\"contentUrl\":\"https:\/\/secure.gravatar.com\/avatar\/4f404a88c5e66d7c90c099fd87bb90a68baa7a7348b153c1c34f9999b4873144?s=96&d=mm&r=g\",\"caption\":\"juan@newmind.com.br\"}}]}<\/script>\n<!-- \/ Yoast SEO plugin. -->","yoast_head_json":{"title":"Minist\u00e9rios j\u00e1 disputam R$ 3 bilh\u00f5es do Or\u00e7amento federal - AmstedMaxion","robots":{"index":"index","follow":"follow","max-snippet":"max-snippet:-1","max-image-preview":"max-image-preview:large","max-video-preview":"max-video-preview:-1"},"canonical":"https:\/\/www.amstedmaxion.com.br\/ministerios-ja-disputam-r-3-bilhoes-do-orcamento-federal\/","og_locale":"en_US","og_type":"article","og_title":"Minist\u00e9rios j\u00e1 disputam R$ 3 bilh\u00f5es do Or\u00e7amento federal - AmstedMaxion","og_description":"Valor desbloqueado deve ser usado sobretudo na conclus\u00e3o de obras e na sa\u00fadern rnBRAS\u00cdLIA &#8211; A libera\u00e7\u00e3o de R$ 3,15 bilh\u00f5es do Or\u00e7amento de 2017 abriu uma disputa entre os minist\u00e9rios por uma fatia dos recursos, cuja divis\u00e3o ainda est\u00e1 em discuss\u00e3o. H\u00e1 urg\u00eancias em todas as \u00e1reas, mas a equipe econ\u00f4mica j\u00e1 definiu o [&hellip;]","og_url":"https:\/\/www.amstedmaxion.com.br\/ministerios-ja-disputam-r-3-bilhoes-do-orcamento-federal\/","og_site_name":"AmstedMaxion","article_publisher":"https:\/\/www.facebook.com\/AmstedMaxion.Oficial","article_published_time":"2017-05-31T03:00:00+00:00","author":"juan@newmind.com.br","twitter_card":"summary_large_image","twitter_misc":{"Written by":"juan@newmind.com.br","Est. reading time":"3 minutes"},"schema":{"@context":"https:\/\/schema.org","@graph":[{"@type":"Article","@id":"https:\/\/www.amstedmaxion.com.br\/ministerios-ja-disputam-r-3-bilhoes-do-orcamento-federal\/#article","isPartOf":{"@id":"https:\/\/www.amstedmaxion.com.br\/ministerios-ja-disputam-r-3-bilhoes-do-orcamento-federal\/"},"author":{"name":"juan@newmind.com.br","@id":"https:\/\/www.amstedmaxion.com.br\/#\/schema\/person\/0120c9e5589f92bbb25580b75edcf439"},"headline":"Minist\u00e9rios j\u00e1 disputam R$ 3 bilh\u00f5es do Or\u00e7amento federal","datePublished":"2017-05-31T03:00:00+00:00","dateModified":"2017-05-31T03:00:00+00:00","mainEntityOfPage":{"@id":"https:\/\/www.amstedmaxion.com.br\/ministerios-ja-disputam-r-3-bilhoes-do-orcamento-federal\/"},"wordCount":616,"commentCount":0,"publisher":{"@id":"https:\/\/www.amstedmaxion.com.br\/#organization"},"articleSection":["Not\u00edcias da AmstedMaxion"],"inLanguage":"en-US","potentialAction":[{"@type":"CommentAction","name":"Comment","target":["https:\/\/www.amstedmaxion.com.br\/ministerios-ja-disputam-r-3-bilhoes-do-orcamento-federal\/#respond"]}]},{"@type":"WebPage","@id":"https:\/\/www.amstedmaxion.com.br\/ministerios-ja-disputam-r-3-bilhoes-do-orcamento-federal\/","url":"https:\/\/www.amstedmaxion.com.br\/ministerios-ja-disputam-r-3-bilhoes-do-orcamento-federal\/","name":"Minist\u00e9rios j\u00e1 disputam R$ 3 bilh\u00f5es do Or\u00e7amento federal - AmstedMaxion","isPartOf":{"@id":"https:\/\/www.amstedmaxion.com.br\/#website"},"datePublished":"2017-05-31T03:00:00+00:00","dateModified":"2017-05-31T03:00:00+00:00","breadcrumb":{"@id":"https:\/\/www.amstedmaxion.com.br\/ministerios-ja-disputam-r-3-bilhoes-do-orcamento-federal\/#breadcrumb"},"inLanguage":"en-US","potentialAction":[{"@type":"ReadAction","target":["https:\/\/www.amstedmaxion.com.br\/ministerios-ja-disputam-r-3-bilhoes-do-orcamento-federal\/"]}]},{"@type":"BreadcrumbList","@id":"https:\/\/www.amstedmaxion.com.br\/ministerios-ja-disputam-r-3-bilhoes-do-orcamento-federal\/#breadcrumb","itemListElement":[{"@type":"ListItem","position":1,"name":"In\u00edcio","item":"https:\/\/www.amstedmaxion.com.br\/"},{"@type":"ListItem","position":2,"name":"Minist\u00e9rios j\u00e1 disputam R$ 3 bilh\u00f5es do Or\u00e7amento federal"}]},{"@type":"WebSite","@id":"https:\/\/www.amstedmaxion.com.br\/#website","url":"https:\/\/www.amstedmaxion.com.br\/","name":"AmstedMaxion","description":"AmstedMaxion - Fundi\u00e7\u00e3o e Equipamentos Ferrovi\u00e1rios","publisher":{"@id":"https:\/\/www.amstedmaxion.com.br\/#organization"},"alternateName":"AmstedMaxion","potentialAction":[{"@type":"SearchAction","target":{"@type":"EntryPoint","urlTemplate":"https:\/\/www.amstedmaxion.com.br\/?s={search_term_string}"},"query-input":{"@type":"PropertyValueSpecification","valueRequired":true,"valueName":"search_term_string"}}],"inLanguage":"en-US"},{"@type":"Organization","@id":"https:\/\/www.amstedmaxion.com.br\/#organization","name":"AMSTEDMAXION","url":"https:\/\/www.amstedmaxion.com.br\/","logo":{"@type":"ImageObject","inLanguage":"en-US","@id":"https:\/\/www.amstedmaxion.com.br\/#\/schema\/logo\/image\/","url":"https:\/\/www.amstedmaxion.com.br\/wp-content\/uploads\/2023\/11\/amsted.png","contentUrl":"https:\/\/www.amstedmaxion.com.br\/wp-content\/uploads\/2023\/11\/amsted.png","width":500,"height":500,"caption":"AMSTEDMAXION"},"image":{"@id":"https:\/\/www.amstedmaxion.com.br\/#\/schema\/logo\/image\/"},"sameAs":["https:\/\/www.facebook.com\/AmstedMaxion.Oficial","https:\/\/br.linkedin.com\/company\/amstedmaxion"]},{"@type":"Person","@id":"https:\/\/www.amstedmaxion.com.br\/#\/schema\/person\/0120c9e5589f92bbb25580b75edcf439","name":"juan@newmind.com.br","image":{"@type":"ImageObject","inLanguage":"en-US","@id":"https:\/\/www.amstedmaxion.com.br\/#\/schema\/person\/image\/","url":"https:\/\/secure.gravatar.com\/avatar\/4f404a88c5e66d7c90c099fd87bb90a68baa7a7348b153c1c34f9999b4873144?s=96&d=mm&r=g","contentUrl":"https:\/\/secure.gravatar.com\/avatar\/4f404a88c5e66d7c90c099fd87bb90a68baa7a7348b153c1c34f9999b4873144?s=96&d=mm&r=g","caption":"juan@newmind.com.br"}}]}},"_links":{"self":[{"href":"https:\/\/www.amstedmaxion.com.br\/en\/wp-json\/wp\/v2\/posts\/2991","targetHints":{"allow":["GET"]}}],"collection":[{"href":"https:\/\/www.amstedmaxion.com.br\/en\/wp-json\/wp\/v2\/posts"}],"about":[{"href":"https:\/\/www.amstedmaxion.com.br\/en\/wp-json\/wp\/v2\/types\/post"}],"author":[{"embeddable":true,"href":"https:\/\/www.amstedmaxion.com.br\/en\/wp-json\/wp\/v2\/users\/1"}],"replies":[{"embeddable":true,"href":"https:\/\/www.amstedmaxion.com.br\/en\/wp-json\/wp\/v2\/comments?post=2991"}],"version-history":[{"count":0,"href":"https:\/\/www.amstedmaxion.com.br\/en\/wp-json\/wp\/v2\/posts\/2991\/revisions"}],"wp:attachment":[{"href":"https:\/\/www.amstedmaxion.com.br\/en\/wp-json\/wp\/v2\/media?parent=2991"}],"wp:term":[{"taxonomy":"category","embeddable":true,"href":"https:\/\/www.amstedmaxion.com.br\/en\/wp-json\/wp\/v2\/categories?post=2991"},{"taxonomy":"post_tag","embeddable":true,"href":"https:\/\/www.amstedmaxion.com.br\/en\/wp-json\/wp\/v2\/tags?post=2991"}],"curies":[{"name":"wp","href":"https:\/\/api.w.org\/{rel}","templated":true}]}}