{"id":3018,"date":"2017-07-03T00:00:00","date_gmt":"2017-07-03T03:00:00","guid":{"rendered":"http:\/\/189.16.185.54\/vli-realiza-o-primeiro-embarque-de-manganes-no-terminal-portuario-de-sao-luis\/"},"modified":"2018-10-02T17:20:08","modified_gmt":"2018-10-02T20:20:08","slug":"vli-realiza-o-primeiro-embarque-de-manganes-no-terminal-portuario-de-sao-luis","status":"publish","type":"post","link":"https:\/\/www.amstedmaxion.com.br\/en\/vli-realiza-o-primeiro-embarque-de-manganes-no-terminal-portuario-de-sao-luis\/","title":{"rendered":"VLI realiza o primeiro embarque de mangan\u00eas no Terminal Portu\u00e1rio de S\u00e3o Lu\u00eds"},"content":{"rendered":"<p>A <strong>VLI<\/strong>, empresa de solu\u00e7\u00f5es log\u00edsticas que integra terminais, ferrovias e portos, realizou, na \u00faltima semana, o seu primeiro embarque de mangan\u00eas no Terminal Portu\u00e1rio de S\u00e3o Lu\u00eds. O navio graneleiro, de bandeira libanesa, atracou no ber\u00e7o 105, Porto do Itaqui, carregando 54 mil toneladas do min\u00e9rio, com destino a Singapura. O embarque foi em comissionamento (fase de teste). rn<\/p>\n<p>rnLocalizado no Porto do Itaqui, o ber\u00e7o 105, administrado pela VLI, j\u00e1 movimenta gran\u00e9is agr\u00edcolas para exporta\u00e7\u00e3o, realizando embarques sistem\u00e1ticos para cargas de gr\u00e3os, tais como: milho, soja, farelo de soja, al\u00e9m de ferro gusa. Com o novo embarque, a VLI pretende aumentar a capacidade operacional do modal mar\u00edtimo. De janeiro a maio deste ano, o Terminal Portu\u00e1rio de S\u00e3o Lu\u00eds j\u00e1 recebeu 26 navios para movimenta\u00e7\u00e3o desses produtos e avalia o mangan\u00eas com um potencial de crescimento de volume significativo para os pr\u00f3ximos anos. rn<\/p>\n<p>rnRecorde de gr\u00e3os rn<\/p>\n<p>rnNo fim de maio, a VLI registrou no Corredor Centro-Norte, que engloba os estados do Maranh\u00e3o e Tocantins, recorde em carregamento, alcan\u00e7ando 801, 5 mil toneladas de gr\u00e3os. A capacidade de movimenta\u00e7\u00e3o do corredor representa uma alternativa de escoamento em larga escala para a produ\u00e7\u00e3o agr\u00edcola brasileira. Mas, tamb\u00e9m abre possibilidades para escoamento de outros produtos. rn<\/p>\n<p>rn\u201cO primeiro embarque de mangan\u00eas \u00e9 um marco para o Terminal Portu\u00e1rio de S\u00e3o Lu\u00eds, porque responde, positivamente, a um modelo de infraestrutura log\u00edstica desenvolvida pela VLI que permite ampliar nossa carteira, trabalhando com mais seguran\u00e7a, agilidade e menor custo para o nosso cliente e empresa\u201d, destaca o gerente de portos do corredor Centro Norte, \u00c1lvaro Neto. rn<\/p>\n<p>rnSobre a VLI rn<\/p>\n<p>rnA VLI tem o compromisso de apoiar a transforma\u00e7\u00e3o da log\u00edstica no Pa\u00eds, por meio da integra\u00e7\u00e3o de servi\u00e7os em portos, ferrovias e terminais. A empresa engloba as ferrovias Norte Sul (FNS) e Centro-Atl\u00e2ntica (FCA), al\u00e9m de terminais intermodais, que unem o carregamento e o descarregamento de produtos ao transporte ferrovi\u00e1rio, e terminais portu\u00e1rios situados em eixos estrat\u00e9gicos da costa brasileira, tais como em Santos (SP), S\u00e3o Lu\u00eds (MA) e Vit\u00f3ria (ES). rn<\/p>\n<p>rnEleita a melhor empresa de infraestrutura do pa\u00eds pelo anu\u00e1rio \u00c9pocas Neg\u00f3cios 360\u00ba e escolhida como uma das 150 melhores empresas para se trabalhar pela revista Voc\u00ea S\/A, a VLI transporta as riquezas do Brasil por rotas que passam pelas regi\u00f5es Norte, Nordeste, Sudeste e Centro-Oeste.rn<\/p>\n<p>rn<\/p>\n<p>rnFonte: VLI<\/p>\n","protected":false},"excerpt":{"rendered":"<p>A VLI, empresa de solu\u00e7\u00f5es log\u00edsticas que integra terminais, ferrovias e portos, realizou, na \u00faltima semana, o seu primeiro embarque de mangan\u00eas no Terminal Portu\u00e1rio de S\u00e3o Lu\u00eds. O navio graneleiro, de bandeira libanesa, atracou no ber\u00e7o 105, Porto do Itaqui, carregando 54 mil toneladas do min\u00e9rio, com destino a Singapura. O embarque foi em [&hellip;]<\/p>\n","protected":false},"author":1,"featured_media":0,"comment_status":"open","ping_status":"open","sticky":false,"template":"","format":"standard","meta":{"_acf_changed":false,"footnotes":""},"categories":[2],"tags":[],"class_list":["post-3018","post","type-post","status-publish","format-standard","hentry","category-noticias"],"acf":[],"yoast_head":"<!-- This site is optimized with the Yoast SEO plugin v23.9 - https:\/\/yoast.com\/wordpress\/plugins\/seo\/ -->\n<title>VLI realiza o primeiro embarque de mangan\u00eas no Terminal Portu\u00e1rio de S\u00e3o Lu\u00eds - AmstedMaxion<\/title>\n<meta name=\"robots\" content=\"index, follow, max-snippet:-1, max-image-preview:large, max-video-preview:-1\" \/>\n<link rel=\"canonical\" href=\"https:\/\/www.amstedmaxion.com.br\/en\/vli-realiza-o-primeiro-embarque-de-manganes-no-terminal-portuario-de-sao-luis\/\" \/>\n<meta property=\"og:locale\" content=\"en_US\" \/>\n<meta property=\"og:type\" content=\"article\" \/>\n<meta property=\"og:title\" content=\"VLI realiza o primeiro embarque de mangan\u00eas no Terminal Portu\u00e1rio de S\u00e3o Lu\u00eds - AmstedMaxion\" \/>\n<meta property=\"og:description\" content=\"A VLI, empresa de solu\u00e7\u00f5es log\u00edsticas que integra terminais, ferrovias e portos, realizou, na \u00faltima semana, o seu primeiro embarque de mangan\u00eas no Terminal Portu\u00e1rio de S\u00e3o Lu\u00eds. O navio graneleiro, de bandeira libanesa, atracou no ber\u00e7o 105, Porto do Itaqui, carregando 54 mil toneladas do min\u00e9rio, com destino a Singapura. O embarque foi em [&hellip;]\" \/>\n<meta property=\"og:url\" content=\"https:\/\/www.amstedmaxion.com.br\/en\/vli-realiza-o-primeiro-embarque-de-manganes-no-terminal-portuario-de-sao-luis\/\" \/>\n<meta property=\"og:site_name\" content=\"AmstedMaxion\" \/>\n<meta property=\"article:publisher\" content=\"https:\/\/www.facebook.com\/AmstedMaxion.Oficial\" \/>\n<meta property=\"article:published_time\" content=\"2017-07-03T03:00:00+00:00\" \/>\n<meta property=\"article:modified_time\" content=\"2018-10-02T20:20:08+00:00\" \/>\n<meta name=\"author\" content=\"juan@newmind.com.br\" \/>\n<meta name=\"twitter:card\" content=\"summary_large_image\" \/>\n<meta name=\"twitter:label1\" content=\"Written by\" \/>\n\t<meta name=\"twitter:data1\" content=\"juan@newmind.com.br\" \/>\n\t<meta name=\"twitter:label2\" content=\"Est. reading time\" \/>\n\t<meta name=\"twitter:data2\" content=\"2 minutes\" \/>\n<script type=\"application\/ld+json\" class=\"yoast-schema-graph\">{\"@context\":\"https:\/\/schema.org\",\"@graph\":[{\"@type\":\"Article\",\"@id\":\"https:\/\/www.amstedmaxion.com.br\/en\/vli-realiza-o-primeiro-embarque-de-manganes-no-terminal-portuario-de-sao-luis\/#article\",\"isPartOf\":{\"@id\":\"https:\/\/www.amstedmaxion.com.br\/en\/vli-realiza-o-primeiro-embarque-de-manganes-no-terminal-portuario-de-sao-luis\/\"},\"author\":{\"name\":\"juan@newmind.com.br\",\"@id\":\"https:\/\/www.amstedmaxion.com.br\/#\/schema\/person\/0120c9e5589f92bbb25580b75edcf439\"},\"headline\":\"VLI realiza o primeiro embarque de mangan\u00eas no Terminal Portu\u00e1rio de S\u00e3o Lu\u00eds\",\"datePublished\":\"2017-07-03T03:00:00+00:00\",\"dateModified\":\"2018-10-02T20:20:08+00:00\",\"mainEntityOfPage\":{\"@id\":\"https:\/\/www.amstedmaxion.com.br\/en\/vli-realiza-o-primeiro-embarque-de-manganes-no-terminal-portuario-de-sao-luis\/\"},\"wordCount\":446,\"commentCount\":0,\"publisher\":{\"@id\":\"https:\/\/www.amstedmaxion.com.br\/#organization\"},\"articleSection\":[\"Not\u00edcias da AmstedMaxion\"],\"inLanguage\":\"en-US\",\"potentialAction\":[{\"@type\":\"CommentAction\",\"name\":\"Comment\",\"target\":[\"https:\/\/www.amstedmaxion.com.br\/en\/vli-realiza-o-primeiro-embarque-de-manganes-no-terminal-portuario-de-sao-luis\/#respond\"]}]},{\"@type\":\"WebPage\",\"@id\":\"https:\/\/www.amstedmaxion.com.br\/en\/vli-realiza-o-primeiro-embarque-de-manganes-no-terminal-portuario-de-sao-luis\/\",\"url\":\"https:\/\/www.amstedmaxion.com.br\/en\/vli-realiza-o-primeiro-embarque-de-manganes-no-terminal-portuario-de-sao-luis\/\",\"name\":\"VLI realiza o primeiro embarque de mangan\u00eas no Terminal Portu\u00e1rio de S\u00e3o Lu\u00eds - AmstedMaxion\",\"isPartOf\":{\"@id\":\"https:\/\/www.amstedmaxion.com.br\/#website\"},\"datePublished\":\"2017-07-03T03:00:00+00:00\",\"dateModified\":\"2018-10-02T20:20:08+00:00\",\"breadcrumb\":{\"@id\":\"https:\/\/www.amstedmaxion.com.br\/en\/vli-realiza-o-primeiro-embarque-de-manganes-no-terminal-portuario-de-sao-luis\/#breadcrumb\"},\"inLanguage\":\"en-US\",\"potentialAction\":[{\"@type\":\"ReadAction\",\"target\":[\"https:\/\/www.amstedmaxion.com.br\/en\/vli-realiza-o-primeiro-embarque-de-manganes-no-terminal-portuario-de-sao-luis\/\"]}]},{\"@type\":\"BreadcrumbList\",\"@id\":\"https:\/\/www.amstedmaxion.com.br\/en\/vli-realiza-o-primeiro-embarque-de-manganes-no-terminal-portuario-de-sao-luis\/#breadcrumb\",\"itemListElement\":[{\"@type\":\"ListItem\",\"position\":1,\"name\":\"In\u00edcio\",\"item\":\"https:\/\/www.amstedmaxion.com.br\/\"},{\"@type\":\"ListItem\",\"position\":2,\"name\":\"VLI realiza o primeiro embarque de mangan\u00eas no Terminal Portu\u00e1rio de S\u00e3o Lu\u00eds\"}]},{\"@type\":\"WebSite\",\"@id\":\"https:\/\/www.amstedmaxion.com.br\/#website\",\"url\":\"https:\/\/www.amstedmaxion.com.br\/\",\"name\":\"AmstedMaxion\",\"description\":\"AmstedMaxion - Fundi\u00e7\u00e3o e Equipamentos Ferrovi\u00e1rios\",\"publisher\":{\"@id\":\"https:\/\/www.amstedmaxion.com.br\/#organization\"},\"alternateName\":\"AmstedMaxion\",\"potentialAction\":[{\"@type\":\"SearchAction\",\"target\":{\"@type\":\"EntryPoint\",\"urlTemplate\":\"https:\/\/www.amstedmaxion.com.br\/?s={search_term_string}\"},\"query-input\":{\"@type\":\"PropertyValueSpecification\",\"valueRequired\":true,\"valueName\":\"search_term_string\"}}],\"inLanguage\":\"en-US\"},{\"@type\":\"Organization\",\"@id\":\"https:\/\/www.amstedmaxion.com.br\/#organization\",\"name\":\"AMSTEDMAXION\",\"url\":\"https:\/\/www.amstedmaxion.com.br\/\",\"logo\":{\"@type\":\"ImageObject\",\"inLanguage\":\"en-US\",\"@id\":\"https:\/\/www.amstedmaxion.com.br\/#\/schema\/logo\/image\/\",\"url\":\"https:\/\/www.amstedmaxion.com.br\/wp-content\/uploads\/2023\/11\/amsted.png\",\"contentUrl\":\"https:\/\/www.amstedmaxion.com.br\/wp-content\/uploads\/2023\/11\/amsted.png\",\"width\":500,\"height\":500,\"caption\":\"AMSTEDMAXION\"},\"image\":{\"@id\":\"https:\/\/www.amstedmaxion.com.br\/#\/schema\/logo\/image\/\"},\"sameAs\":[\"https:\/\/www.facebook.com\/AmstedMaxion.Oficial\",\"https:\/\/br.linkedin.com\/company\/amstedmaxion\"]},{\"@type\":\"Person\",\"@id\":\"https:\/\/www.amstedmaxion.com.br\/#\/schema\/person\/0120c9e5589f92bbb25580b75edcf439\",\"name\":\"juan@newmind.com.br\",\"image\":{\"@type\":\"ImageObject\",\"inLanguage\":\"en-US\",\"@id\":\"https:\/\/www.amstedmaxion.com.br\/#\/schema\/person\/image\/\",\"url\":\"https:\/\/secure.gravatar.com\/avatar\/4f404a88c5e66d7c90c099fd87bb90a68baa7a7348b153c1c34f9999b4873144?s=96&d=mm&r=g\",\"contentUrl\":\"https:\/\/secure.gravatar.com\/avatar\/4f404a88c5e66d7c90c099fd87bb90a68baa7a7348b153c1c34f9999b4873144?s=96&d=mm&r=g\",\"caption\":\"juan@newmind.com.br\"}}]}<\/script>\n<!-- \/ Yoast SEO plugin. -->","yoast_head_json":{"title":"VLI realiza o primeiro embarque de mangan\u00eas no Terminal Portu\u00e1rio de S\u00e3o Lu\u00eds - AmstedMaxion","robots":{"index":"index","follow":"follow","max-snippet":"max-snippet:-1","max-image-preview":"max-image-preview:large","max-video-preview":"max-video-preview:-1"},"canonical":"https:\/\/www.amstedmaxion.com.br\/en\/vli-realiza-o-primeiro-embarque-de-manganes-no-terminal-portuario-de-sao-luis\/","og_locale":"en_US","og_type":"article","og_title":"VLI realiza o primeiro embarque de mangan\u00eas no Terminal Portu\u00e1rio de S\u00e3o Lu\u00eds - AmstedMaxion","og_description":"A VLI, empresa de solu\u00e7\u00f5es log\u00edsticas que integra terminais, ferrovias e portos, realizou, na \u00faltima semana, o seu primeiro embarque de mangan\u00eas no Terminal Portu\u00e1rio de S\u00e3o Lu\u00eds. O navio graneleiro, de bandeira libanesa, atracou no ber\u00e7o 105, Porto do Itaqui, carregando 54 mil toneladas do min\u00e9rio, com destino a Singapura. O embarque foi em [&hellip;]","og_url":"https:\/\/www.amstedmaxion.com.br\/en\/vli-realiza-o-primeiro-embarque-de-manganes-no-terminal-portuario-de-sao-luis\/","og_site_name":"AmstedMaxion","article_publisher":"https:\/\/www.facebook.com\/AmstedMaxion.Oficial","article_published_time":"2017-07-03T03:00:00+00:00","article_modified_time":"2018-10-02T20:20:08+00:00","author":"juan@newmind.com.br","twitter_card":"summary_large_image","twitter_misc":{"Written by":"juan@newmind.com.br","Est. reading time":"2 minutes"},"schema":{"@context":"https:\/\/schema.org","@graph":[{"@type":"Article","@id":"https:\/\/www.amstedmaxion.com.br\/en\/vli-realiza-o-primeiro-embarque-de-manganes-no-terminal-portuario-de-sao-luis\/#article","isPartOf":{"@id":"https:\/\/www.amstedmaxion.com.br\/en\/vli-realiza-o-primeiro-embarque-de-manganes-no-terminal-portuario-de-sao-luis\/"},"author":{"name":"juan@newmind.com.br","@id":"https:\/\/www.amstedmaxion.com.br\/#\/schema\/person\/0120c9e5589f92bbb25580b75edcf439"},"headline":"VLI realiza o primeiro embarque de mangan\u00eas no Terminal Portu\u00e1rio de S\u00e3o Lu\u00eds","datePublished":"2017-07-03T03:00:00+00:00","dateModified":"2018-10-02T20:20:08+00:00","mainEntityOfPage":{"@id":"https:\/\/www.amstedmaxion.com.br\/en\/vli-realiza-o-primeiro-embarque-de-manganes-no-terminal-portuario-de-sao-luis\/"},"wordCount":446,"commentCount":0,"publisher":{"@id":"https:\/\/www.amstedmaxion.com.br\/#organization"},"articleSection":["Not\u00edcias da AmstedMaxion"],"inLanguage":"en-US","potentialAction":[{"@type":"CommentAction","name":"Comment","target":["https:\/\/www.amstedmaxion.com.br\/en\/vli-realiza-o-primeiro-embarque-de-manganes-no-terminal-portuario-de-sao-luis\/#respond"]}]},{"@type":"WebPage","@id":"https:\/\/www.amstedmaxion.com.br\/en\/vli-realiza-o-primeiro-embarque-de-manganes-no-terminal-portuario-de-sao-luis\/","url":"https:\/\/www.amstedmaxion.com.br\/en\/vli-realiza-o-primeiro-embarque-de-manganes-no-terminal-portuario-de-sao-luis\/","name":"VLI realiza o primeiro embarque de mangan\u00eas no Terminal Portu\u00e1rio de S\u00e3o Lu\u00eds - AmstedMaxion","isPartOf":{"@id":"https:\/\/www.amstedmaxion.com.br\/#website"},"datePublished":"2017-07-03T03:00:00+00:00","dateModified":"2018-10-02T20:20:08+00:00","breadcrumb":{"@id":"https:\/\/www.amstedmaxion.com.br\/en\/vli-realiza-o-primeiro-embarque-de-manganes-no-terminal-portuario-de-sao-luis\/#breadcrumb"},"inLanguage":"en-US","potentialAction":[{"@type":"ReadAction","target":["https:\/\/www.amstedmaxion.com.br\/en\/vli-realiza-o-primeiro-embarque-de-manganes-no-terminal-portuario-de-sao-luis\/"]}]},{"@type":"BreadcrumbList","@id":"https:\/\/www.amstedmaxion.com.br\/en\/vli-realiza-o-primeiro-embarque-de-manganes-no-terminal-portuario-de-sao-luis\/#breadcrumb","itemListElement":[{"@type":"ListItem","position":1,"name":"In\u00edcio","item":"https:\/\/www.amstedmaxion.com.br\/"},{"@type":"ListItem","position":2,"name":"VLI realiza o primeiro embarque de mangan\u00eas no Terminal Portu\u00e1rio de S\u00e3o Lu\u00eds"}]},{"@type":"WebSite","@id":"https:\/\/www.amstedmaxion.com.br\/#website","url":"https:\/\/www.amstedmaxion.com.br\/","name":"AmstedMaxion","description":"AmstedMaxion - Fundi\u00e7\u00e3o e Equipamentos Ferrovi\u00e1rios","publisher":{"@id":"https:\/\/www.amstedmaxion.com.br\/#organization"},"alternateName":"AmstedMaxion","potentialAction":[{"@type":"SearchAction","target":{"@type":"EntryPoint","urlTemplate":"https:\/\/www.amstedmaxion.com.br\/?s={search_term_string}"},"query-input":{"@type":"PropertyValueSpecification","valueRequired":true,"valueName":"search_term_string"}}],"inLanguage":"en-US"},{"@type":"Organization","@id":"https:\/\/www.amstedmaxion.com.br\/#organization","name":"AMSTEDMAXION","url":"https:\/\/www.amstedmaxion.com.br\/","logo":{"@type":"ImageObject","inLanguage":"en-US","@id":"https:\/\/www.amstedmaxion.com.br\/#\/schema\/logo\/image\/","url":"https:\/\/www.amstedmaxion.com.br\/wp-content\/uploads\/2023\/11\/amsted.png","contentUrl":"https:\/\/www.amstedmaxion.com.br\/wp-content\/uploads\/2023\/11\/amsted.png","width":500,"height":500,"caption":"AMSTEDMAXION"},"image":{"@id":"https:\/\/www.amstedmaxion.com.br\/#\/schema\/logo\/image\/"},"sameAs":["https:\/\/www.facebook.com\/AmstedMaxion.Oficial","https:\/\/br.linkedin.com\/company\/amstedmaxion"]},{"@type":"Person","@id":"https:\/\/www.amstedmaxion.com.br\/#\/schema\/person\/0120c9e5589f92bbb25580b75edcf439","name":"juan@newmind.com.br","image":{"@type":"ImageObject","inLanguage":"en-US","@id":"https:\/\/www.amstedmaxion.com.br\/#\/schema\/person\/image\/","url":"https:\/\/secure.gravatar.com\/avatar\/4f404a88c5e66d7c90c099fd87bb90a68baa7a7348b153c1c34f9999b4873144?s=96&d=mm&r=g","contentUrl":"https:\/\/secure.gravatar.com\/avatar\/4f404a88c5e66d7c90c099fd87bb90a68baa7a7348b153c1c34f9999b4873144?s=96&d=mm&r=g","caption":"juan@newmind.com.br"}}]}},"_links":{"self":[{"href":"https:\/\/www.amstedmaxion.com.br\/en\/wp-json\/wp\/v2\/posts\/3018","targetHints":{"allow":["GET"]}}],"collection":[{"href":"https:\/\/www.amstedmaxion.com.br\/en\/wp-json\/wp\/v2\/posts"}],"about":[{"href":"https:\/\/www.amstedmaxion.com.br\/en\/wp-json\/wp\/v2\/types\/post"}],"author":[{"embeddable":true,"href":"https:\/\/www.amstedmaxion.com.br\/en\/wp-json\/wp\/v2\/users\/1"}],"replies":[{"embeddable":true,"href":"https:\/\/www.amstedmaxion.com.br\/en\/wp-json\/wp\/v2\/comments?post=3018"}],"version-history":[{"count":1,"href":"https:\/\/www.amstedmaxion.com.br\/en\/wp-json\/wp\/v2\/posts\/3018\/revisions"}],"predecessor-version":[{"id":4926,"href":"https:\/\/www.amstedmaxion.com.br\/en\/wp-json\/wp\/v2\/posts\/3018\/revisions\/4926"}],"wp:attachment":[{"href":"https:\/\/www.amstedmaxion.com.br\/en\/wp-json\/wp\/v2\/media?parent=3018"}],"wp:term":[{"taxonomy":"category","embeddable":true,"href":"https:\/\/www.amstedmaxion.com.br\/en\/wp-json\/wp\/v2\/categories?post=3018"},{"taxonomy":"post_tag","embeddable":true,"href":"https:\/\/www.amstedmaxion.com.br\/en\/wp-json\/wp\/v2\/tags?post=3018"}],"curies":[{"name":"wp","href":"https:\/\/api.w.org\/{rel}","templated":true}]}}