{"id":3019,"date":"2017-07-06T00:00:00","date_gmt":"2017-07-06T03:00:00","guid":{"rendered":"http:\/\/189.16.185.54\/governo-avalia-futuro-da-transnordestina\/"},"modified":"2017-07-06T00:00:00","modified_gmt":"2017-07-06T03:00:00","slug":"governo-avalia-futuro-da-transnordestina","status":"publish","type":"post","link":"https:\/\/www.amstedmaxion.com.br\/en\/governo-avalia-futuro-da-transnordestina\/","title":{"rendered":"Governo avalia futuro da Transnordestina"},"content":{"rendered":"<p>O futuro da Transnordestina dever\u00e1 ser tra\u00e7ado em meados de agosto. \u00c9 quando um grupo de trabalho montado pelo governo &#8211; com representantes da Casa Civil, do Minist\u00e9rio dos Transportes e do Minist\u00e9rio de Planejamento &#8211; prev\u00ea concluir sua an\u00e1lise sobre as perspectivas de conclus\u00e3o da ferrovia, que tem trajeto de 1.720 km e corta os estados de Pernambuco, Cear\u00e1 e Piau\u00ed.. rn<\/p>\n<p>rnPara isso, as autoridades esperam uma atualiza\u00e7\u00e3o dos estudos de viabilidade econ\u00f4mica do projeto e das estimativas de demanda de carga. Controlada pela Companhia Sider\u00fargica Nacional (CSN), do empres\u00e1rio Benjamin Steinbruch, a Transnordestina Log\u00edstica (TLSA) est\u00e1 tocando diretamente esse trabalho. A estatal Valec tem 41% de participa\u00e7\u00e3o na empresa. rn<\/p>\n<p>rnA atualiza\u00e7\u00e3o dos estudos \u00e9 uma exig\u00eancia do Tribunal de Contas da Uni\u00e3o (TCU), que determinou o congelamento de aportes do governo na ferrovia enquanto isso n\u00e3o acontecer. Al\u00e9m disso, a TLSA prometeu entregar nos pr\u00f3ximos meses o projeto executivo de engenharia da obra, que nunca foi feito. rn<\/p>\n<p>rnPara t\u00e9cnicos do governo, dificilmente a Transnordestina vai ser conclu\u00edda sem a entrada de um novo s\u00f3cio no empreendimento. A CSN sinalizou ao Pal\u00e1cio do Planalto que estava em tratativas com a gigante asi\u00e1tica China Communications Construction Company (CCCC), mas as conversas estavam em est\u00e1gio inicial e n\u00e3o evolu\u00edram como o esperado pela concession\u00e1ria. rn<\/p>\n<p>rnEstimativas que chegaram ao Pal\u00e1cio do Planalto apontam a necessidade de investimentos da ordem de R$ 3 bilh\u00f5es para concluir a ferrovia. Se esse dinheiro for realmente injetado, pode-se imaginar sua inaugura\u00e7\u00e3o em 2020 &#8211; com dez anos de atraso em rela\u00e7\u00e3o ao planejamento original. A ideia \u00e9 priorizar o trecho entre o munic\u00edpio de Salgueiro (PE) e o porto de Pec\u00e9m (CE), visto como menos problem\u00e1tico do que o trecho Eliseu Martins (PI) a Suape (PE). rn<\/p>\n<p>rnUma possibilidade aberta com a convers\u00e3o em lei da Medida Provis\u00f3ria 752, editada no fim do ano passado, \u00e9 uma devolu\u00e7\u00e3o amig\u00e1vel\u201c do projeto para o governo. Ainda n\u00e3o h\u00e1 negocia\u00e7\u00f5es concretas em torno disso, mas a hip\u00f3tese \u00e9 considerada pelo governo como uma alternativa se a CSN n\u00e3o trouxer um novo s\u00f3cio e nem demonstrar a viabilidade de continuar sozinha no empreendimento. Nesse caso, os atuais donos da Transnordestina receberiam uma indeniza\u00e7\u00e3o e a ferrovia seria relicitada. rn<\/p>\n<p>rnAnteontem, Steinbruch deixou o conselho da ferrovia e indicou para seu lugar Pedro Brito, diretor de portos da CSN. A companhia n\u00e3o comenta as mudan\u00e7as em an\u00e1lise no governo.rn<\/p>\n<p>rn<\/p>\n<p>rnFonte: Valor Econ\u00f4mico\u201c<\/p>\n","protected":false},"excerpt":{"rendered":"<p>O futuro da Transnordestina dever\u00e1 ser tra\u00e7ado em meados de agosto. \u00c9 quando um grupo de trabalho montado pelo governo &#8211; com representantes da Casa Civil, do Minist\u00e9rio dos Transportes e do Minist\u00e9rio de Planejamento &#8211; prev\u00ea concluir sua an\u00e1lise sobre as perspectivas de conclus\u00e3o da ferrovia, que tem trajeto de 1.720 km e corta [&hellip;]<\/p>\n","protected":false},"author":1,"featured_media":0,"comment_status":"open","ping_status":"open","sticky":false,"template":"","format":"standard","meta":{"_acf_changed":false,"footnotes":""},"categories":[2],"tags":[],"class_list":["post-3019","post","type-post","status-publish","format-standard","hentry","category-noticias"],"acf":[],"yoast_head":"<!-- This site is optimized with the Yoast SEO plugin v23.9 - https:\/\/yoast.com\/wordpress\/plugins\/seo\/ -->\n<title>Governo avalia futuro da Transnordestina - AmstedMaxion<\/title>\n<meta name=\"robots\" content=\"index, follow, max-snippet:-1, max-image-preview:large, max-video-preview:-1\" \/>\n<link rel=\"canonical\" href=\"https:\/\/www.amstedmaxion.com.br\/governo-avalia-futuro-da-transnordestina\/\" \/>\n<meta property=\"og:locale\" content=\"en_US\" \/>\n<meta property=\"og:type\" content=\"article\" \/>\n<meta property=\"og:title\" content=\"Governo avalia futuro da Transnordestina - AmstedMaxion\" \/>\n<meta property=\"og:description\" content=\"O futuro da Transnordestina dever\u00e1 ser tra\u00e7ado em meados de agosto. \u00c9 quando um grupo de trabalho montado pelo governo &#8211; com representantes da Casa Civil, do Minist\u00e9rio dos Transportes e do Minist\u00e9rio de Planejamento &#8211; prev\u00ea concluir sua an\u00e1lise sobre as perspectivas de conclus\u00e3o da ferrovia, que tem trajeto de 1.720 km e corta [&hellip;]\" \/>\n<meta property=\"og:url\" content=\"https:\/\/www.amstedmaxion.com.br\/governo-avalia-futuro-da-transnordestina\/\" \/>\n<meta property=\"og:site_name\" content=\"AmstedMaxion\" \/>\n<meta property=\"article:publisher\" content=\"https:\/\/www.facebook.com\/AmstedMaxion.Oficial\" \/>\n<meta property=\"article:published_time\" content=\"2017-07-06T03:00:00+00:00\" \/>\n<meta name=\"author\" content=\"juan@newmind.com.br\" \/>\n<meta name=\"twitter:card\" content=\"summary_large_image\" \/>\n<meta name=\"twitter:label1\" content=\"Written by\" \/>\n\t<meta name=\"twitter:data1\" content=\"juan@newmind.com.br\" \/>\n\t<meta name=\"twitter:label2\" content=\"Est. reading time\" \/>\n\t<meta name=\"twitter:data2\" content=\"2 minutes\" \/>\n<script type=\"application\/ld+json\" class=\"yoast-schema-graph\">{\"@context\":\"https:\/\/schema.org\",\"@graph\":[{\"@type\":\"Article\",\"@id\":\"https:\/\/www.amstedmaxion.com.br\/governo-avalia-futuro-da-transnordestina\/#article\",\"isPartOf\":{\"@id\":\"https:\/\/www.amstedmaxion.com.br\/governo-avalia-futuro-da-transnordestina\/\"},\"author\":{\"name\":\"juan@newmind.com.br\",\"@id\":\"https:\/\/www.amstedmaxion.com.br\/#\/schema\/person\/0120c9e5589f92bbb25580b75edcf439\"},\"headline\":\"Governo avalia futuro da Transnordestina\",\"datePublished\":\"2017-07-06T03:00:00+00:00\",\"dateModified\":\"2017-07-06T03:00:00+00:00\",\"mainEntityOfPage\":{\"@id\":\"https:\/\/www.amstedmaxion.com.br\/governo-avalia-futuro-da-transnordestina\/\"},\"wordCount\":442,\"commentCount\":0,\"publisher\":{\"@id\":\"https:\/\/www.amstedmaxion.com.br\/#organization\"},\"articleSection\":[\"Not\u00edcias da AmstedMaxion\"],\"inLanguage\":\"en-US\",\"potentialAction\":[{\"@type\":\"CommentAction\",\"name\":\"Comment\",\"target\":[\"https:\/\/www.amstedmaxion.com.br\/governo-avalia-futuro-da-transnordestina\/#respond\"]}]},{\"@type\":\"WebPage\",\"@id\":\"https:\/\/www.amstedmaxion.com.br\/governo-avalia-futuro-da-transnordestina\/\",\"url\":\"https:\/\/www.amstedmaxion.com.br\/governo-avalia-futuro-da-transnordestina\/\",\"name\":\"Governo avalia futuro da Transnordestina - AmstedMaxion\",\"isPartOf\":{\"@id\":\"https:\/\/www.amstedmaxion.com.br\/#website\"},\"datePublished\":\"2017-07-06T03:00:00+00:00\",\"dateModified\":\"2017-07-06T03:00:00+00:00\",\"breadcrumb\":{\"@id\":\"https:\/\/www.amstedmaxion.com.br\/governo-avalia-futuro-da-transnordestina\/#breadcrumb\"},\"inLanguage\":\"en-US\",\"potentialAction\":[{\"@type\":\"ReadAction\",\"target\":[\"https:\/\/www.amstedmaxion.com.br\/governo-avalia-futuro-da-transnordestina\/\"]}]},{\"@type\":\"BreadcrumbList\",\"@id\":\"https:\/\/www.amstedmaxion.com.br\/governo-avalia-futuro-da-transnordestina\/#breadcrumb\",\"itemListElement\":[{\"@type\":\"ListItem\",\"position\":1,\"name\":\"In\u00edcio\",\"item\":\"https:\/\/www.amstedmaxion.com.br\/\"},{\"@type\":\"ListItem\",\"position\":2,\"name\":\"Governo avalia futuro da Transnordestina\"}]},{\"@type\":\"WebSite\",\"@id\":\"https:\/\/www.amstedmaxion.com.br\/#website\",\"url\":\"https:\/\/www.amstedmaxion.com.br\/\",\"name\":\"AmstedMaxion\",\"description\":\"AmstedMaxion - Fundi\u00e7\u00e3o e Equipamentos Ferrovi\u00e1rios\",\"publisher\":{\"@id\":\"https:\/\/www.amstedmaxion.com.br\/#organization\"},\"alternateName\":\"AmstedMaxion\",\"potentialAction\":[{\"@type\":\"SearchAction\",\"target\":{\"@type\":\"EntryPoint\",\"urlTemplate\":\"https:\/\/www.amstedmaxion.com.br\/?s={search_term_string}\"},\"query-input\":{\"@type\":\"PropertyValueSpecification\",\"valueRequired\":true,\"valueName\":\"search_term_string\"}}],\"inLanguage\":\"en-US\"},{\"@type\":\"Organization\",\"@id\":\"https:\/\/www.amstedmaxion.com.br\/#organization\",\"name\":\"AMSTEDMAXION\",\"url\":\"https:\/\/www.amstedmaxion.com.br\/\",\"logo\":{\"@type\":\"ImageObject\",\"inLanguage\":\"en-US\",\"@id\":\"https:\/\/www.amstedmaxion.com.br\/#\/schema\/logo\/image\/\",\"url\":\"https:\/\/www.amstedmaxion.com.br\/wp-content\/uploads\/2023\/11\/amsted.png\",\"contentUrl\":\"https:\/\/www.amstedmaxion.com.br\/wp-content\/uploads\/2023\/11\/amsted.png\",\"width\":500,\"height\":500,\"caption\":\"AMSTEDMAXION\"},\"image\":{\"@id\":\"https:\/\/www.amstedmaxion.com.br\/#\/schema\/logo\/image\/\"},\"sameAs\":[\"https:\/\/www.facebook.com\/AmstedMaxion.Oficial\",\"https:\/\/br.linkedin.com\/company\/amstedmaxion\"]},{\"@type\":\"Person\",\"@id\":\"https:\/\/www.amstedmaxion.com.br\/#\/schema\/person\/0120c9e5589f92bbb25580b75edcf439\",\"name\":\"juan@newmind.com.br\",\"image\":{\"@type\":\"ImageObject\",\"inLanguage\":\"en-US\",\"@id\":\"https:\/\/www.amstedmaxion.com.br\/#\/schema\/person\/image\/\",\"url\":\"https:\/\/secure.gravatar.com\/avatar\/4f404a88c5e66d7c90c099fd87bb90a68baa7a7348b153c1c34f9999b4873144?s=96&d=mm&r=g\",\"contentUrl\":\"https:\/\/secure.gravatar.com\/avatar\/4f404a88c5e66d7c90c099fd87bb90a68baa7a7348b153c1c34f9999b4873144?s=96&d=mm&r=g\",\"caption\":\"juan@newmind.com.br\"}}]}<\/script>\n<!-- \/ Yoast SEO plugin. -->","yoast_head_json":{"title":"Governo avalia futuro da Transnordestina - AmstedMaxion","robots":{"index":"index","follow":"follow","max-snippet":"max-snippet:-1","max-image-preview":"max-image-preview:large","max-video-preview":"max-video-preview:-1"},"canonical":"https:\/\/www.amstedmaxion.com.br\/governo-avalia-futuro-da-transnordestina\/","og_locale":"en_US","og_type":"article","og_title":"Governo avalia futuro da Transnordestina - AmstedMaxion","og_description":"O futuro da Transnordestina dever\u00e1 ser tra\u00e7ado em meados de agosto. \u00c9 quando um grupo de trabalho montado pelo governo &#8211; com representantes da Casa Civil, do Minist\u00e9rio dos Transportes e do Minist\u00e9rio de Planejamento &#8211; prev\u00ea concluir sua an\u00e1lise sobre as perspectivas de conclus\u00e3o da ferrovia, que tem trajeto de 1.720 km e corta [&hellip;]","og_url":"https:\/\/www.amstedmaxion.com.br\/governo-avalia-futuro-da-transnordestina\/","og_site_name":"AmstedMaxion","article_publisher":"https:\/\/www.facebook.com\/AmstedMaxion.Oficial","article_published_time":"2017-07-06T03:00:00+00:00","author":"juan@newmind.com.br","twitter_card":"summary_large_image","twitter_misc":{"Written by":"juan@newmind.com.br","Est. reading time":"2 minutes"},"schema":{"@context":"https:\/\/schema.org","@graph":[{"@type":"Article","@id":"https:\/\/www.amstedmaxion.com.br\/governo-avalia-futuro-da-transnordestina\/#article","isPartOf":{"@id":"https:\/\/www.amstedmaxion.com.br\/governo-avalia-futuro-da-transnordestina\/"},"author":{"name":"juan@newmind.com.br","@id":"https:\/\/www.amstedmaxion.com.br\/#\/schema\/person\/0120c9e5589f92bbb25580b75edcf439"},"headline":"Governo avalia futuro da Transnordestina","datePublished":"2017-07-06T03:00:00+00:00","dateModified":"2017-07-06T03:00:00+00:00","mainEntityOfPage":{"@id":"https:\/\/www.amstedmaxion.com.br\/governo-avalia-futuro-da-transnordestina\/"},"wordCount":442,"commentCount":0,"publisher":{"@id":"https:\/\/www.amstedmaxion.com.br\/#organization"},"articleSection":["Not\u00edcias da AmstedMaxion"],"inLanguage":"en-US","potentialAction":[{"@type":"CommentAction","name":"Comment","target":["https:\/\/www.amstedmaxion.com.br\/governo-avalia-futuro-da-transnordestina\/#respond"]}]},{"@type":"WebPage","@id":"https:\/\/www.amstedmaxion.com.br\/governo-avalia-futuro-da-transnordestina\/","url":"https:\/\/www.amstedmaxion.com.br\/governo-avalia-futuro-da-transnordestina\/","name":"Governo avalia futuro da Transnordestina - AmstedMaxion","isPartOf":{"@id":"https:\/\/www.amstedmaxion.com.br\/#website"},"datePublished":"2017-07-06T03:00:00+00:00","dateModified":"2017-07-06T03:00:00+00:00","breadcrumb":{"@id":"https:\/\/www.amstedmaxion.com.br\/governo-avalia-futuro-da-transnordestina\/#breadcrumb"},"inLanguage":"en-US","potentialAction":[{"@type":"ReadAction","target":["https:\/\/www.amstedmaxion.com.br\/governo-avalia-futuro-da-transnordestina\/"]}]},{"@type":"BreadcrumbList","@id":"https:\/\/www.amstedmaxion.com.br\/governo-avalia-futuro-da-transnordestina\/#breadcrumb","itemListElement":[{"@type":"ListItem","position":1,"name":"In\u00edcio","item":"https:\/\/www.amstedmaxion.com.br\/"},{"@type":"ListItem","position":2,"name":"Governo avalia futuro da Transnordestina"}]},{"@type":"WebSite","@id":"https:\/\/www.amstedmaxion.com.br\/#website","url":"https:\/\/www.amstedmaxion.com.br\/","name":"AmstedMaxion","description":"AmstedMaxion - Fundi\u00e7\u00e3o e Equipamentos Ferrovi\u00e1rios","publisher":{"@id":"https:\/\/www.amstedmaxion.com.br\/#organization"},"alternateName":"AmstedMaxion","potentialAction":[{"@type":"SearchAction","target":{"@type":"EntryPoint","urlTemplate":"https:\/\/www.amstedmaxion.com.br\/?s={search_term_string}"},"query-input":{"@type":"PropertyValueSpecification","valueRequired":true,"valueName":"search_term_string"}}],"inLanguage":"en-US"},{"@type":"Organization","@id":"https:\/\/www.amstedmaxion.com.br\/#organization","name":"AMSTEDMAXION","url":"https:\/\/www.amstedmaxion.com.br\/","logo":{"@type":"ImageObject","inLanguage":"en-US","@id":"https:\/\/www.amstedmaxion.com.br\/#\/schema\/logo\/image\/","url":"https:\/\/www.amstedmaxion.com.br\/wp-content\/uploads\/2023\/11\/amsted.png","contentUrl":"https:\/\/www.amstedmaxion.com.br\/wp-content\/uploads\/2023\/11\/amsted.png","width":500,"height":500,"caption":"AMSTEDMAXION"},"image":{"@id":"https:\/\/www.amstedmaxion.com.br\/#\/schema\/logo\/image\/"},"sameAs":["https:\/\/www.facebook.com\/AmstedMaxion.Oficial","https:\/\/br.linkedin.com\/company\/amstedmaxion"]},{"@type":"Person","@id":"https:\/\/www.amstedmaxion.com.br\/#\/schema\/person\/0120c9e5589f92bbb25580b75edcf439","name":"juan@newmind.com.br","image":{"@type":"ImageObject","inLanguage":"en-US","@id":"https:\/\/www.amstedmaxion.com.br\/#\/schema\/person\/image\/","url":"https:\/\/secure.gravatar.com\/avatar\/4f404a88c5e66d7c90c099fd87bb90a68baa7a7348b153c1c34f9999b4873144?s=96&d=mm&r=g","contentUrl":"https:\/\/secure.gravatar.com\/avatar\/4f404a88c5e66d7c90c099fd87bb90a68baa7a7348b153c1c34f9999b4873144?s=96&d=mm&r=g","caption":"juan@newmind.com.br"}}]}},"_links":{"self":[{"href":"https:\/\/www.amstedmaxion.com.br\/en\/wp-json\/wp\/v2\/posts\/3019","targetHints":{"allow":["GET"]}}],"collection":[{"href":"https:\/\/www.amstedmaxion.com.br\/en\/wp-json\/wp\/v2\/posts"}],"about":[{"href":"https:\/\/www.amstedmaxion.com.br\/en\/wp-json\/wp\/v2\/types\/post"}],"author":[{"embeddable":true,"href":"https:\/\/www.amstedmaxion.com.br\/en\/wp-json\/wp\/v2\/users\/1"}],"replies":[{"embeddable":true,"href":"https:\/\/www.amstedmaxion.com.br\/en\/wp-json\/wp\/v2\/comments?post=3019"}],"version-history":[{"count":0,"href":"https:\/\/www.amstedmaxion.com.br\/en\/wp-json\/wp\/v2\/posts\/3019\/revisions"}],"wp:attachment":[{"href":"https:\/\/www.amstedmaxion.com.br\/en\/wp-json\/wp\/v2\/media?parent=3019"}],"wp:term":[{"taxonomy":"category","embeddable":true,"href":"https:\/\/www.amstedmaxion.com.br\/en\/wp-json\/wp\/v2\/categories?post=3019"},{"taxonomy":"post_tag","embeddable":true,"href":"https:\/\/www.amstedmaxion.com.br\/en\/wp-json\/wp\/v2\/tags?post=3019"}],"curies":[{"name":"wp","href":"https:\/\/api.w.org\/{rel}","templated":true}]}}