{"id":3024,"date":"2017-07-20T00:00:00","date_gmt":"2017-07-20T03:00:00","guid":{"rendered":"http:\/\/189.16.185.54\/antt-preve-audiencia-publica-sobre-concessao-da-mrs-para-setembro\/"},"modified":"2017-07-20T00:00:00","modified_gmt":"2017-07-20T03:00:00","slug":"antt-preve-audiencia-publica-sobre-concessao-da-mrs-para-setembro","status":"publish","type":"post","link":"https:\/\/www.amstedmaxion.com.br\/en\/antt-preve-audiencia-publica-sobre-concessao-da-mrs-para-setembro\/","title":{"rendered":"ANTT prev\u00ea audi\u00eancia p\u00fablica sobre concess\u00e3o da MRS para setembro"},"content":{"rendered":"<p>A Ag\u00eancia Nacional de Transportes Terrestres (ANTT) prev\u00ea para o final de setembro a abertura de audi\u00eancia p\u00fablica que discutir\u00e1 os termos da prorroga\u00e7\u00e3o antecipada do contrato da MRS Log\u00edstica. Em troca de mais 30 anos de concess\u00e3o, que expira em 2026, a operadora ferrovi\u00e1ria se prop\u00f4s a construir o Ferroanel de S\u00e3o Paulo como uma das contrapartidas.rn<\/p>\n<p>rnEssa deve ser a segunda minuta de renova\u00e7\u00e3o contratual de ferrovias, em um processo que pretende destravar investimentos de R$ 25 bilh\u00f5es no setor, conforme estimativas do governo. A primeira audi\u00eancia p\u00fablica, lan\u00e7ada em dezembro, tratava da prorroga\u00e7\u00e3o da Rumo Malha Paulista e j\u00e1 foi encerrada.rn<\/p>\n<p>rnO diretor-geral da ANTT, Jorge Bastos, n\u00e3o quis dar um prazo para uma defini\u00e7\u00e3o final sobre a Malha Paulista. \u201cEst\u00e1 andando no tempo que tem de andar. N\u00e3o tem pressa. Tem que sair direito, isso sim. Vai sair no momento em que todos os questionamentos forem debatidos\u201d, afirmou Bastos.rn<\/p>\n<p>rnDe acordo com o diretor-geral, que participou de evento para o lan\u00e7amento do \u201cAnu\u00e1rio do Setor Ferrovi\u00e1rio\u201d na sede da ANTT, houve uma s\u00e9rie de contesta\u00e7\u00f5es feitas pelo Tribunal de Contas da Uni\u00e3o (TCU) e pelo Minist\u00e9rio P\u00fablico Federal (MPF).rn<\/p>\n<p>rnNo caso da MRS, Bastos destacou que a pr\u00f3pria concession\u00e1ria apresentou contrapartidas de investimentos no plano de neg\u00f3cios para estender seu contrato, mas que a defini\u00e7\u00e3o final caber\u00e1 ao governo, n\u00e3o \u00e0 ag\u00eancia. \u201cQuem decide pol\u00edtica p\u00fablica \u00e9 o Minist\u00e9rio dos Transportes.\u201drn<\/p>\n<p>rn<\/p>\n<p>rnFonte: Valor Econ\u00f4mico<\/p>\n","protected":false},"excerpt":{"rendered":"<p>A Ag\u00eancia Nacional de Transportes Terrestres (ANTT) prev\u00ea para o final de setembro a abertura de audi\u00eancia p\u00fablica que discutir\u00e1 os termos da prorroga\u00e7\u00e3o antecipada do contrato da MRS Log\u00edstica. Em troca de mais 30 anos de concess\u00e3o, que expira em 2026, a operadora ferrovi\u00e1ria se prop\u00f4s a construir o Ferroanel de S\u00e3o Paulo como [&hellip;]<\/p>\n","protected":false},"author":1,"featured_media":0,"comment_status":"open","ping_status":"open","sticky":false,"template":"","format":"standard","meta":{"_acf_changed":false,"footnotes":""},"categories":[2],"tags":[],"class_list":["post-3024","post","type-post","status-publish","format-standard","hentry","category-noticias"],"acf":[],"yoast_head":"<!-- This site is optimized with the Yoast SEO plugin v23.9 - https:\/\/yoast.com\/wordpress\/plugins\/seo\/ -->\n<title>ANTT prev\u00ea audi\u00eancia p\u00fablica sobre concess\u00e3o da MRS para setembro - AmstedMaxion<\/title>\n<meta name=\"robots\" content=\"index, follow, max-snippet:-1, max-image-preview:large, max-video-preview:-1\" \/>\n<link rel=\"canonical\" href=\"https:\/\/www.amstedmaxion.com.br\/antt-preve-audiencia-publica-sobre-concessao-da-mrs-para-setembro\/\" \/>\n<meta property=\"og:locale\" content=\"en_US\" \/>\n<meta property=\"og:type\" content=\"article\" \/>\n<meta property=\"og:title\" content=\"ANTT prev\u00ea audi\u00eancia p\u00fablica sobre concess\u00e3o da MRS para setembro - AmstedMaxion\" \/>\n<meta property=\"og:description\" content=\"A Ag\u00eancia Nacional de Transportes Terrestres (ANTT) prev\u00ea para o final de setembro a abertura de audi\u00eancia p\u00fablica que discutir\u00e1 os termos da prorroga\u00e7\u00e3o antecipada do contrato da MRS Log\u00edstica. Em troca de mais 30 anos de concess\u00e3o, que expira em 2026, a operadora ferrovi\u00e1ria se prop\u00f4s a construir o Ferroanel de S\u00e3o Paulo como [&hellip;]\" \/>\n<meta property=\"og:url\" content=\"https:\/\/www.amstedmaxion.com.br\/antt-preve-audiencia-publica-sobre-concessao-da-mrs-para-setembro\/\" \/>\n<meta property=\"og:site_name\" content=\"AmstedMaxion\" \/>\n<meta property=\"article:publisher\" content=\"https:\/\/www.facebook.com\/AmstedMaxion.Oficial\" \/>\n<meta property=\"article:published_time\" content=\"2017-07-20T03:00:00+00:00\" \/>\n<meta name=\"author\" content=\"juan@newmind.com.br\" \/>\n<meta name=\"twitter:card\" content=\"summary_large_image\" \/>\n<meta name=\"twitter:label1\" content=\"Written by\" \/>\n\t<meta name=\"twitter:data1\" content=\"juan@newmind.com.br\" \/>\n\t<meta name=\"twitter:label2\" content=\"Est. reading time\" \/>\n\t<meta name=\"twitter:data2\" content=\"1 minute\" \/>\n<script type=\"application\/ld+json\" class=\"yoast-schema-graph\">{\"@context\":\"https:\/\/schema.org\",\"@graph\":[{\"@type\":\"Article\",\"@id\":\"https:\/\/www.amstedmaxion.com.br\/antt-preve-audiencia-publica-sobre-concessao-da-mrs-para-setembro\/#article\",\"isPartOf\":{\"@id\":\"https:\/\/www.amstedmaxion.com.br\/antt-preve-audiencia-publica-sobre-concessao-da-mrs-para-setembro\/\"},\"author\":{\"name\":\"juan@newmind.com.br\",\"@id\":\"https:\/\/www.amstedmaxion.com.br\/#\/schema\/person\/0120c9e5589f92bbb25580b75edcf439\"},\"headline\":\"ANTT prev\u00ea audi\u00eancia p\u00fablica sobre concess\u00e3o da MRS para setembro\",\"datePublished\":\"2017-07-20T03:00:00+00:00\",\"dateModified\":\"2017-07-20T03:00:00+00:00\",\"mainEntityOfPage\":{\"@id\":\"https:\/\/www.amstedmaxion.com.br\/antt-preve-audiencia-publica-sobre-concessao-da-mrs-para-setembro\/\"},\"wordCount\":282,\"commentCount\":0,\"publisher\":{\"@id\":\"https:\/\/www.amstedmaxion.com.br\/#organization\"},\"articleSection\":[\"Not\u00edcias da AmstedMaxion\"],\"inLanguage\":\"en-US\",\"potentialAction\":[{\"@type\":\"CommentAction\",\"name\":\"Comment\",\"target\":[\"https:\/\/www.amstedmaxion.com.br\/antt-preve-audiencia-publica-sobre-concessao-da-mrs-para-setembro\/#respond\"]}]},{\"@type\":\"WebPage\",\"@id\":\"https:\/\/www.amstedmaxion.com.br\/antt-preve-audiencia-publica-sobre-concessao-da-mrs-para-setembro\/\",\"url\":\"https:\/\/www.amstedmaxion.com.br\/antt-preve-audiencia-publica-sobre-concessao-da-mrs-para-setembro\/\",\"name\":\"ANTT prev\u00ea audi\u00eancia p\u00fablica sobre concess\u00e3o da MRS para setembro - AmstedMaxion\",\"isPartOf\":{\"@id\":\"https:\/\/www.amstedmaxion.com.br\/#website\"},\"datePublished\":\"2017-07-20T03:00:00+00:00\",\"dateModified\":\"2017-07-20T03:00:00+00:00\",\"breadcrumb\":{\"@id\":\"https:\/\/www.amstedmaxion.com.br\/antt-preve-audiencia-publica-sobre-concessao-da-mrs-para-setembro\/#breadcrumb\"},\"inLanguage\":\"en-US\",\"potentialAction\":[{\"@type\":\"ReadAction\",\"target\":[\"https:\/\/www.amstedmaxion.com.br\/antt-preve-audiencia-publica-sobre-concessao-da-mrs-para-setembro\/\"]}]},{\"@type\":\"BreadcrumbList\",\"@id\":\"https:\/\/www.amstedmaxion.com.br\/antt-preve-audiencia-publica-sobre-concessao-da-mrs-para-setembro\/#breadcrumb\",\"itemListElement\":[{\"@type\":\"ListItem\",\"position\":1,\"name\":\"In\u00edcio\",\"item\":\"https:\/\/www.amstedmaxion.com.br\/\"},{\"@type\":\"ListItem\",\"position\":2,\"name\":\"ANTT prev\u00ea audi\u00eancia p\u00fablica sobre concess\u00e3o da MRS para setembro\"}]},{\"@type\":\"WebSite\",\"@id\":\"https:\/\/www.amstedmaxion.com.br\/#website\",\"url\":\"https:\/\/www.amstedmaxion.com.br\/\",\"name\":\"AmstedMaxion\",\"description\":\"AmstedMaxion - Fundi\u00e7\u00e3o e Equipamentos Ferrovi\u00e1rios\",\"publisher\":{\"@id\":\"https:\/\/www.amstedmaxion.com.br\/#organization\"},\"alternateName\":\"AmstedMaxion\",\"potentialAction\":[{\"@type\":\"SearchAction\",\"target\":{\"@type\":\"EntryPoint\",\"urlTemplate\":\"https:\/\/www.amstedmaxion.com.br\/?s={search_term_string}\"},\"query-input\":{\"@type\":\"PropertyValueSpecification\",\"valueRequired\":true,\"valueName\":\"search_term_string\"}}],\"inLanguage\":\"en-US\"},{\"@type\":\"Organization\",\"@id\":\"https:\/\/www.amstedmaxion.com.br\/#organization\",\"name\":\"AMSTEDMAXION\",\"url\":\"https:\/\/www.amstedmaxion.com.br\/\",\"logo\":{\"@type\":\"ImageObject\",\"inLanguage\":\"en-US\",\"@id\":\"https:\/\/www.amstedmaxion.com.br\/#\/schema\/logo\/image\/\",\"url\":\"https:\/\/www.amstedmaxion.com.br\/wp-content\/uploads\/2023\/11\/amsted.png\",\"contentUrl\":\"https:\/\/www.amstedmaxion.com.br\/wp-content\/uploads\/2023\/11\/amsted.png\",\"width\":500,\"height\":500,\"caption\":\"AMSTEDMAXION\"},\"image\":{\"@id\":\"https:\/\/www.amstedmaxion.com.br\/#\/schema\/logo\/image\/\"},\"sameAs\":[\"https:\/\/www.facebook.com\/AmstedMaxion.Oficial\",\"https:\/\/br.linkedin.com\/company\/amstedmaxion\"]},{\"@type\":\"Person\",\"@id\":\"https:\/\/www.amstedmaxion.com.br\/#\/schema\/person\/0120c9e5589f92bbb25580b75edcf439\",\"name\":\"juan@newmind.com.br\",\"image\":{\"@type\":\"ImageObject\",\"inLanguage\":\"en-US\",\"@id\":\"https:\/\/www.amstedmaxion.com.br\/#\/schema\/person\/image\/\",\"url\":\"https:\/\/secure.gravatar.com\/avatar\/4f404a88c5e66d7c90c099fd87bb90a68baa7a7348b153c1c34f9999b4873144?s=96&d=mm&r=g\",\"contentUrl\":\"https:\/\/secure.gravatar.com\/avatar\/4f404a88c5e66d7c90c099fd87bb90a68baa7a7348b153c1c34f9999b4873144?s=96&d=mm&r=g\",\"caption\":\"juan@newmind.com.br\"}}]}<\/script>\n<!-- \/ Yoast SEO plugin. -->","yoast_head_json":{"title":"ANTT prev\u00ea audi\u00eancia p\u00fablica sobre concess\u00e3o da MRS para setembro - AmstedMaxion","robots":{"index":"index","follow":"follow","max-snippet":"max-snippet:-1","max-image-preview":"max-image-preview:large","max-video-preview":"max-video-preview:-1"},"canonical":"https:\/\/www.amstedmaxion.com.br\/antt-preve-audiencia-publica-sobre-concessao-da-mrs-para-setembro\/","og_locale":"en_US","og_type":"article","og_title":"ANTT prev\u00ea audi\u00eancia p\u00fablica sobre concess\u00e3o da MRS para setembro - AmstedMaxion","og_description":"A Ag\u00eancia Nacional de Transportes Terrestres (ANTT) prev\u00ea para o final de setembro a abertura de audi\u00eancia p\u00fablica que discutir\u00e1 os termos da prorroga\u00e7\u00e3o antecipada do contrato da MRS Log\u00edstica. Em troca de mais 30 anos de concess\u00e3o, que expira em 2026, a operadora ferrovi\u00e1ria se prop\u00f4s a construir o Ferroanel de S\u00e3o Paulo como [&hellip;]","og_url":"https:\/\/www.amstedmaxion.com.br\/antt-preve-audiencia-publica-sobre-concessao-da-mrs-para-setembro\/","og_site_name":"AmstedMaxion","article_publisher":"https:\/\/www.facebook.com\/AmstedMaxion.Oficial","article_published_time":"2017-07-20T03:00:00+00:00","author":"juan@newmind.com.br","twitter_card":"summary_large_image","twitter_misc":{"Written by":"juan@newmind.com.br","Est. reading time":"1 minute"},"schema":{"@context":"https:\/\/schema.org","@graph":[{"@type":"Article","@id":"https:\/\/www.amstedmaxion.com.br\/antt-preve-audiencia-publica-sobre-concessao-da-mrs-para-setembro\/#article","isPartOf":{"@id":"https:\/\/www.amstedmaxion.com.br\/antt-preve-audiencia-publica-sobre-concessao-da-mrs-para-setembro\/"},"author":{"name":"juan@newmind.com.br","@id":"https:\/\/www.amstedmaxion.com.br\/#\/schema\/person\/0120c9e5589f92bbb25580b75edcf439"},"headline":"ANTT prev\u00ea audi\u00eancia p\u00fablica sobre concess\u00e3o da MRS para setembro","datePublished":"2017-07-20T03:00:00+00:00","dateModified":"2017-07-20T03:00:00+00:00","mainEntityOfPage":{"@id":"https:\/\/www.amstedmaxion.com.br\/antt-preve-audiencia-publica-sobre-concessao-da-mrs-para-setembro\/"},"wordCount":282,"commentCount":0,"publisher":{"@id":"https:\/\/www.amstedmaxion.com.br\/#organization"},"articleSection":["Not\u00edcias da AmstedMaxion"],"inLanguage":"en-US","potentialAction":[{"@type":"CommentAction","name":"Comment","target":["https:\/\/www.amstedmaxion.com.br\/antt-preve-audiencia-publica-sobre-concessao-da-mrs-para-setembro\/#respond"]}]},{"@type":"WebPage","@id":"https:\/\/www.amstedmaxion.com.br\/antt-preve-audiencia-publica-sobre-concessao-da-mrs-para-setembro\/","url":"https:\/\/www.amstedmaxion.com.br\/antt-preve-audiencia-publica-sobre-concessao-da-mrs-para-setembro\/","name":"ANTT prev\u00ea audi\u00eancia p\u00fablica sobre concess\u00e3o da MRS para setembro - AmstedMaxion","isPartOf":{"@id":"https:\/\/www.amstedmaxion.com.br\/#website"},"datePublished":"2017-07-20T03:00:00+00:00","dateModified":"2017-07-20T03:00:00+00:00","breadcrumb":{"@id":"https:\/\/www.amstedmaxion.com.br\/antt-preve-audiencia-publica-sobre-concessao-da-mrs-para-setembro\/#breadcrumb"},"inLanguage":"en-US","potentialAction":[{"@type":"ReadAction","target":["https:\/\/www.amstedmaxion.com.br\/antt-preve-audiencia-publica-sobre-concessao-da-mrs-para-setembro\/"]}]},{"@type":"BreadcrumbList","@id":"https:\/\/www.amstedmaxion.com.br\/antt-preve-audiencia-publica-sobre-concessao-da-mrs-para-setembro\/#breadcrumb","itemListElement":[{"@type":"ListItem","position":1,"name":"In\u00edcio","item":"https:\/\/www.amstedmaxion.com.br\/"},{"@type":"ListItem","position":2,"name":"ANTT prev\u00ea audi\u00eancia p\u00fablica sobre concess\u00e3o da MRS para setembro"}]},{"@type":"WebSite","@id":"https:\/\/www.amstedmaxion.com.br\/#website","url":"https:\/\/www.amstedmaxion.com.br\/","name":"AmstedMaxion","description":"AmstedMaxion - Fundi\u00e7\u00e3o e Equipamentos Ferrovi\u00e1rios","publisher":{"@id":"https:\/\/www.amstedmaxion.com.br\/#organization"},"alternateName":"AmstedMaxion","potentialAction":[{"@type":"SearchAction","target":{"@type":"EntryPoint","urlTemplate":"https:\/\/www.amstedmaxion.com.br\/?s={search_term_string}"},"query-input":{"@type":"PropertyValueSpecification","valueRequired":true,"valueName":"search_term_string"}}],"inLanguage":"en-US"},{"@type":"Organization","@id":"https:\/\/www.amstedmaxion.com.br\/#organization","name":"AMSTEDMAXION","url":"https:\/\/www.amstedmaxion.com.br\/","logo":{"@type":"ImageObject","inLanguage":"en-US","@id":"https:\/\/www.amstedmaxion.com.br\/#\/schema\/logo\/image\/","url":"https:\/\/www.amstedmaxion.com.br\/wp-content\/uploads\/2023\/11\/amsted.png","contentUrl":"https:\/\/www.amstedmaxion.com.br\/wp-content\/uploads\/2023\/11\/amsted.png","width":500,"height":500,"caption":"AMSTEDMAXION"},"image":{"@id":"https:\/\/www.amstedmaxion.com.br\/#\/schema\/logo\/image\/"},"sameAs":["https:\/\/www.facebook.com\/AmstedMaxion.Oficial","https:\/\/br.linkedin.com\/company\/amstedmaxion"]},{"@type":"Person","@id":"https:\/\/www.amstedmaxion.com.br\/#\/schema\/person\/0120c9e5589f92bbb25580b75edcf439","name":"juan@newmind.com.br","image":{"@type":"ImageObject","inLanguage":"en-US","@id":"https:\/\/www.amstedmaxion.com.br\/#\/schema\/person\/image\/","url":"https:\/\/secure.gravatar.com\/avatar\/4f404a88c5e66d7c90c099fd87bb90a68baa7a7348b153c1c34f9999b4873144?s=96&d=mm&r=g","contentUrl":"https:\/\/secure.gravatar.com\/avatar\/4f404a88c5e66d7c90c099fd87bb90a68baa7a7348b153c1c34f9999b4873144?s=96&d=mm&r=g","caption":"juan@newmind.com.br"}}]}},"_links":{"self":[{"href":"https:\/\/www.amstedmaxion.com.br\/en\/wp-json\/wp\/v2\/posts\/3024","targetHints":{"allow":["GET"]}}],"collection":[{"href":"https:\/\/www.amstedmaxion.com.br\/en\/wp-json\/wp\/v2\/posts"}],"about":[{"href":"https:\/\/www.amstedmaxion.com.br\/en\/wp-json\/wp\/v2\/types\/post"}],"author":[{"embeddable":true,"href":"https:\/\/www.amstedmaxion.com.br\/en\/wp-json\/wp\/v2\/users\/1"}],"replies":[{"embeddable":true,"href":"https:\/\/www.amstedmaxion.com.br\/en\/wp-json\/wp\/v2\/comments?post=3024"}],"version-history":[{"count":0,"href":"https:\/\/www.amstedmaxion.com.br\/en\/wp-json\/wp\/v2\/posts\/3024\/revisions"}],"wp:attachment":[{"href":"https:\/\/www.amstedmaxion.com.br\/en\/wp-json\/wp\/v2\/media?parent=3024"}],"wp:term":[{"taxonomy":"category","embeddable":true,"href":"https:\/\/www.amstedmaxion.com.br\/en\/wp-json\/wp\/v2\/categories?post=3024"},{"taxonomy":"post_tag","embeddable":true,"href":"https:\/\/www.amstedmaxion.com.br\/en\/wp-json\/wp\/v2\/tags?post=3024"}],"curies":[{"name":"wp","href":"https:\/\/api.w.org\/{rel}","templated":true}]}}