{"id":3033,"date":"2017-08-16T00:00:00","date_gmt":"2017-08-16T03:00:00","guid":{"rendered":"http:\/\/189.16.185.54\/movimentacao-de-acucar-por-ferrovias-cresce-187-em-10-anos-no-brasil\/"},"modified":"2017-08-16T00:00:00","modified_gmt":"2017-08-16T03:00:00","slug":"movimentacao-de-acucar-por-ferrovias-cresce-187-em-10-anos-no-brasil","status":"publish","type":"post","link":"https:\/\/www.amstedmaxion.com.br\/en\/movimentacao-de-acucar-por-ferrovias-cresce-187-em-10-anos-no-brasil\/","title":{"rendered":"Movimenta\u00e7\u00e3o de a\u00e7\u00facar por ferrovias cresce 187% em 10 anos no Brasil"},"content":{"rendered":"<p>No \u00faltimo m\u00eas de julho, a Ag\u00eancia Nacional de Transportes Terrestres (ANTT) publicou o Anu\u00e1rio do Setor Ferrovi\u00e1rio, com o objetivo de consolidar e divulgar os principais dados na movimenta\u00e7\u00e3o de carga por ferrovias durante o per\u00edodo de 2006 a 2016. O Anu\u00e1rio indicou que a movimenta\u00e7\u00e3o de a\u00e7\u00facar, soja e farelo de soja por via f\u00e9rrea apresentou um crescimento de 28,9% durante o per\u00edodo de 2006 a 2016. No \u00faltimo ano, o a\u00e7\u00facar foi respons\u00e1vel pela movimenta\u00e7\u00e3o de 14,359 milh\u00f5es de toneladas, enquanto a soja e farelo de soja totalizaram 22,820 milh\u00f5es de toneladas na malha ferrovi\u00e1ria brasileira. rn<\/p>\n<p>rnThiago Guilherme P\u00e9ra, coordenador do ESALQ-LOG &#8211; Grupo de Pesquisa e Extens\u00e3o em Log\u00edstica Agroindustrial da ESALQ\/USP -Piracicaba, comentou a situa\u00e7\u00e3o da log\u00edstica ferrovi\u00e1ria para as cargas agr\u00edcolas no pa\u00eds, envolvendo soja, farelo de soja, e, principalmente, o a\u00e7\u00facar. \u201c\u00c9 interessante notarmos que no per\u00edodo analisado, o crescimento do transporte ferrovi\u00e1rio de a\u00e7\u00facar foi na ordem de 187,2% em termos absolutos, passando de 4,9 milh\u00f5es para 14,359 milh\u00f5es de toneladas movimentadas. Tal crescimento \u00e9 bastante expressivo e decorrente dos fortes investimentos em infraestrutura pelo setor sucroenerg\u00e9tico, principalmente em grandes regi\u00f5es de produ\u00e7\u00e3o dentro do estado de S\u00e3o Paulo\u201d, comenta P\u00e9ra. rn<\/p>\n<p>rnApesar de n\u00fameros expressivos, a situa\u00e7\u00e3o para a movimenta\u00e7\u00e3o da soja \u00e9 oposta \u00e0 do a\u00e7\u00facar, que diminuiu a movimenta\u00e7\u00e3o ferrovi\u00e1ria de 23,849 milh\u00f5es em 2006 para 22,820 milh\u00f5es de toneladas em 2016. rn<\/p>\n<p>rn\u201cHouve uma retra\u00e7\u00e3o na movimenta\u00e7\u00e3o do transporte ferrovi\u00e1rio desses produtos no per\u00edodo analisado, algo oposto do que ocorreu no sistema de produ\u00e7\u00e3o. No mesmo per\u00edodo tivemos um aumento da produ\u00e7\u00e3o passando de 78,6 milh\u00f5es em 2006 para 126,4 milh\u00f5es de toneladas em 2016\u201d, aponta o coordenador. rn<\/p>\n<p>rnEm 2006, a movimenta\u00e7\u00e3o ferrovi\u00e1ria representava 30,33% da produ\u00e7\u00e3o de soja e farelo de soja no pa\u00eds, enquanto em 2016 tal rela\u00e7\u00e3o passou para 18,05%. Para o a\u00e7\u00facar, em 2006 a rela\u00e7\u00e3o entre movimenta\u00e7\u00e3o ferrovi\u00e1ria e produ\u00e7\u00e3o no Centro-Sul brasileiro era de 19,38% e passou para 40,30%, de acordo com an\u00e1lises do Grupo ESALQ-LOG, com base nos dados da ANTT. \u201cQuando analisamos a rela\u00e7\u00e3o entre movimenta\u00e7\u00e3o ferrovi\u00e1ria e produ\u00e7\u00e3o agr\u00edcola nos dois diferentes per\u00edodos, notamos que, para o setor de a\u00e7\u00facar, tivemos uma efetiva diversifica\u00e7\u00e3o da matriz de transporte com um crescimento ferrovi\u00e1rio acima do crescimento da produ\u00e7\u00e3o, algo oposto ao que tivemos para soja e farelo de soja, setor no qual a movimenta\u00e7\u00e3o ferrovi\u00e1ria n\u00e3o conseguiu acompanhar o aumento da produ\u00e7\u00e3o ao longo do tempo.\u201d rn<\/p>\n<p>rnSegundo P\u00e9ra, diversificar a matriz de transporte \u00e9 fundamental para aumentar a competitividade do agroneg\u00f3cio brasileiro. \u201cPrecisamos aumentar a oferta de transporte ferrovi\u00e1rio, principalmente em regi\u00f5es com grandes volumes de produ\u00e7\u00e3o associados a uma alta depend\u00eancia do modal rodovi\u00e1rio em rotas de longas dist\u00e2ncias. Esperamos que o crescimento da movimenta\u00e7\u00e3o ferrovi\u00e1ria de cargas agr\u00edcolas no pa\u00eds seja superior ao aumento da produ\u00e7\u00e3o, para termos uma efetiva diversifica\u00e7\u00e3o da matriz de transporte e possamos ganhar competitividade, trazendo maiores benef\u00edcios econ\u00f4micos, ambientais e sociais para o agroneg\u00f3cio.\u201drn<\/p>\n<p>rn<\/p>\n<p>rnFonte: Not\u00edcias Agr\u00edcolasrn<\/p>\n","protected":false},"excerpt":{"rendered":"<p>No \u00faltimo m\u00eas de julho, a Ag\u00eancia Nacional de Transportes Terrestres (ANTT) publicou o Anu\u00e1rio do Setor Ferrovi\u00e1rio, com o objetivo de consolidar e divulgar os principais dados na movimenta\u00e7\u00e3o de carga por ferrovias durante o per\u00edodo de 2006 a 2016. O Anu\u00e1rio indicou que a movimenta\u00e7\u00e3o de a\u00e7\u00facar, soja e farelo de soja por [&hellip;]<\/p>\n","protected":false},"author":1,"featured_media":0,"comment_status":"open","ping_status":"open","sticky":false,"template":"","format":"standard","meta":{"_acf_changed":false,"footnotes":""},"categories":[2],"tags":[],"class_list":["post-3033","post","type-post","status-publish","format-standard","hentry","category-noticias"],"acf":[],"yoast_head":"<!-- This site is optimized with the Yoast SEO plugin v23.9 - https:\/\/yoast.com\/wordpress\/plugins\/seo\/ -->\n<title>Movimenta\u00e7\u00e3o de a\u00e7\u00facar por ferrovias cresce 187% em 10 anos no Brasil - AmstedMaxion<\/title>\n<meta name=\"robots\" content=\"index, follow, max-snippet:-1, max-image-preview:large, max-video-preview:-1\" \/>\n<link rel=\"canonical\" href=\"https:\/\/www.amstedmaxion.com.br\/movimentacao-de-acucar-por-ferrovias-cresce-187-em-10-anos-no-brasil\/\" \/>\n<meta property=\"og:locale\" content=\"en_US\" \/>\n<meta property=\"og:type\" content=\"article\" \/>\n<meta property=\"og:title\" content=\"Movimenta\u00e7\u00e3o de a\u00e7\u00facar por ferrovias cresce 187% em 10 anos no Brasil - AmstedMaxion\" \/>\n<meta property=\"og:description\" content=\"No \u00faltimo m\u00eas de julho, a Ag\u00eancia Nacional de Transportes Terrestres (ANTT) publicou o Anu\u00e1rio do Setor Ferrovi\u00e1rio, com o objetivo de consolidar e divulgar os principais dados na movimenta\u00e7\u00e3o de carga por ferrovias durante o per\u00edodo de 2006 a 2016. O Anu\u00e1rio indicou que a movimenta\u00e7\u00e3o de a\u00e7\u00facar, soja e farelo de soja por [&hellip;]\" \/>\n<meta property=\"og:url\" content=\"https:\/\/www.amstedmaxion.com.br\/movimentacao-de-acucar-por-ferrovias-cresce-187-em-10-anos-no-brasil\/\" \/>\n<meta property=\"og:site_name\" content=\"AmstedMaxion\" \/>\n<meta property=\"article:publisher\" content=\"https:\/\/www.facebook.com\/AmstedMaxion.Oficial\" \/>\n<meta property=\"article:published_time\" content=\"2017-08-16T03:00:00+00:00\" \/>\n<meta name=\"author\" content=\"juan@newmind.com.br\" \/>\n<meta name=\"twitter:card\" content=\"summary_large_image\" \/>\n<meta name=\"twitter:label1\" content=\"Written by\" \/>\n\t<meta name=\"twitter:data1\" content=\"juan@newmind.com.br\" \/>\n\t<meta name=\"twitter:label2\" content=\"Est. reading time\" \/>\n\t<meta name=\"twitter:data2\" content=\"3 minutes\" \/>\n<script type=\"application\/ld+json\" class=\"yoast-schema-graph\">{\"@context\":\"https:\/\/schema.org\",\"@graph\":[{\"@type\":\"Article\",\"@id\":\"https:\/\/www.amstedmaxion.com.br\/movimentacao-de-acucar-por-ferrovias-cresce-187-em-10-anos-no-brasil\/#article\",\"isPartOf\":{\"@id\":\"https:\/\/www.amstedmaxion.com.br\/movimentacao-de-acucar-por-ferrovias-cresce-187-em-10-anos-no-brasil\/\"},\"author\":{\"name\":\"juan@newmind.com.br\",\"@id\":\"https:\/\/www.amstedmaxion.com.br\/#\/schema\/person\/0120c9e5589f92bbb25580b75edcf439\"},\"headline\":\"Movimenta\u00e7\u00e3o de a\u00e7\u00facar por ferrovias cresce 187% em 10 anos no Brasil\",\"datePublished\":\"2017-08-16T03:00:00+00:00\",\"dateModified\":\"2017-08-16T03:00:00+00:00\",\"mainEntityOfPage\":{\"@id\":\"https:\/\/www.amstedmaxion.com.br\/movimentacao-de-acucar-por-ferrovias-cresce-187-em-10-anos-no-brasil\/\"},\"wordCount\":573,\"commentCount\":0,\"publisher\":{\"@id\":\"https:\/\/www.amstedmaxion.com.br\/#organization\"},\"articleSection\":[\"Not\u00edcias da AmstedMaxion\"],\"inLanguage\":\"en-US\",\"potentialAction\":[{\"@type\":\"CommentAction\",\"name\":\"Comment\",\"target\":[\"https:\/\/www.amstedmaxion.com.br\/movimentacao-de-acucar-por-ferrovias-cresce-187-em-10-anos-no-brasil\/#respond\"]}]},{\"@type\":\"WebPage\",\"@id\":\"https:\/\/www.amstedmaxion.com.br\/movimentacao-de-acucar-por-ferrovias-cresce-187-em-10-anos-no-brasil\/\",\"url\":\"https:\/\/www.amstedmaxion.com.br\/movimentacao-de-acucar-por-ferrovias-cresce-187-em-10-anos-no-brasil\/\",\"name\":\"Movimenta\u00e7\u00e3o de a\u00e7\u00facar por ferrovias cresce 187% em 10 anos no Brasil - AmstedMaxion\",\"isPartOf\":{\"@id\":\"https:\/\/www.amstedmaxion.com.br\/#website\"},\"datePublished\":\"2017-08-16T03:00:00+00:00\",\"dateModified\":\"2017-08-16T03:00:00+00:00\",\"breadcrumb\":{\"@id\":\"https:\/\/www.amstedmaxion.com.br\/movimentacao-de-acucar-por-ferrovias-cresce-187-em-10-anos-no-brasil\/#breadcrumb\"},\"inLanguage\":\"en-US\",\"potentialAction\":[{\"@type\":\"ReadAction\",\"target\":[\"https:\/\/www.amstedmaxion.com.br\/movimentacao-de-acucar-por-ferrovias-cresce-187-em-10-anos-no-brasil\/\"]}]},{\"@type\":\"BreadcrumbList\",\"@id\":\"https:\/\/www.amstedmaxion.com.br\/movimentacao-de-acucar-por-ferrovias-cresce-187-em-10-anos-no-brasil\/#breadcrumb\",\"itemListElement\":[{\"@type\":\"ListItem\",\"position\":1,\"name\":\"In\u00edcio\",\"item\":\"https:\/\/www.amstedmaxion.com.br\/\"},{\"@type\":\"ListItem\",\"position\":2,\"name\":\"Movimenta\u00e7\u00e3o de a\u00e7\u00facar por ferrovias cresce 187% em 10 anos no Brasil\"}]},{\"@type\":\"WebSite\",\"@id\":\"https:\/\/www.amstedmaxion.com.br\/#website\",\"url\":\"https:\/\/www.amstedmaxion.com.br\/\",\"name\":\"AmstedMaxion\",\"description\":\"AmstedMaxion - Fundi\u00e7\u00e3o e Equipamentos Ferrovi\u00e1rios\",\"publisher\":{\"@id\":\"https:\/\/www.amstedmaxion.com.br\/#organization\"},\"alternateName\":\"AmstedMaxion\",\"potentialAction\":[{\"@type\":\"SearchAction\",\"target\":{\"@type\":\"EntryPoint\",\"urlTemplate\":\"https:\/\/www.amstedmaxion.com.br\/?s={search_term_string}\"},\"query-input\":{\"@type\":\"PropertyValueSpecification\",\"valueRequired\":true,\"valueName\":\"search_term_string\"}}],\"inLanguage\":\"en-US\"},{\"@type\":\"Organization\",\"@id\":\"https:\/\/www.amstedmaxion.com.br\/#organization\",\"name\":\"AMSTEDMAXION\",\"url\":\"https:\/\/www.amstedmaxion.com.br\/\",\"logo\":{\"@type\":\"ImageObject\",\"inLanguage\":\"en-US\",\"@id\":\"https:\/\/www.amstedmaxion.com.br\/#\/schema\/logo\/image\/\",\"url\":\"https:\/\/www.amstedmaxion.com.br\/wp-content\/uploads\/2023\/11\/amsted.png\",\"contentUrl\":\"https:\/\/www.amstedmaxion.com.br\/wp-content\/uploads\/2023\/11\/amsted.png\",\"width\":500,\"height\":500,\"caption\":\"AMSTEDMAXION\"},\"image\":{\"@id\":\"https:\/\/www.amstedmaxion.com.br\/#\/schema\/logo\/image\/\"},\"sameAs\":[\"https:\/\/www.facebook.com\/AmstedMaxion.Oficial\",\"https:\/\/br.linkedin.com\/company\/amstedmaxion\"]},{\"@type\":\"Person\",\"@id\":\"https:\/\/www.amstedmaxion.com.br\/#\/schema\/person\/0120c9e5589f92bbb25580b75edcf439\",\"name\":\"juan@newmind.com.br\",\"image\":{\"@type\":\"ImageObject\",\"inLanguage\":\"en-US\",\"@id\":\"https:\/\/www.amstedmaxion.com.br\/#\/schema\/person\/image\/\",\"url\":\"https:\/\/secure.gravatar.com\/avatar\/4f404a88c5e66d7c90c099fd87bb90a68baa7a7348b153c1c34f9999b4873144?s=96&d=mm&r=g\",\"contentUrl\":\"https:\/\/secure.gravatar.com\/avatar\/4f404a88c5e66d7c90c099fd87bb90a68baa7a7348b153c1c34f9999b4873144?s=96&d=mm&r=g\",\"caption\":\"juan@newmind.com.br\"}}]}<\/script>\n<!-- \/ Yoast SEO plugin. -->","yoast_head_json":{"title":"Movimenta\u00e7\u00e3o de a\u00e7\u00facar por ferrovias cresce 187% em 10 anos no Brasil - AmstedMaxion","robots":{"index":"index","follow":"follow","max-snippet":"max-snippet:-1","max-image-preview":"max-image-preview:large","max-video-preview":"max-video-preview:-1"},"canonical":"https:\/\/www.amstedmaxion.com.br\/movimentacao-de-acucar-por-ferrovias-cresce-187-em-10-anos-no-brasil\/","og_locale":"en_US","og_type":"article","og_title":"Movimenta\u00e7\u00e3o de a\u00e7\u00facar por ferrovias cresce 187% em 10 anos no Brasil - AmstedMaxion","og_description":"No \u00faltimo m\u00eas de julho, a Ag\u00eancia Nacional de Transportes Terrestres (ANTT) publicou o Anu\u00e1rio do Setor Ferrovi\u00e1rio, com o objetivo de consolidar e divulgar os principais dados na movimenta\u00e7\u00e3o de carga por ferrovias durante o per\u00edodo de 2006 a 2016. O Anu\u00e1rio indicou que a movimenta\u00e7\u00e3o de a\u00e7\u00facar, soja e farelo de soja por [&hellip;]","og_url":"https:\/\/www.amstedmaxion.com.br\/movimentacao-de-acucar-por-ferrovias-cresce-187-em-10-anos-no-brasil\/","og_site_name":"AmstedMaxion","article_publisher":"https:\/\/www.facebook.com\/AmstedMaxion.Oficial","article_published_time":"2017-08-16T03:00:00+00:00","author":"juan@newmind.com.br","twitter_card":"summary_large_image","twitter_misc":{"Written by":"juan@newmind.com.br","Est. reading time":"3 minutes"},"schema":{"@context":"https:\/\/schema.org","@graph":[{"@type":"Article","@id":"https:\/\/www.amstedmaxion.com.br\/movimentacao-de-acucar-por-ferrovias-cresce-187-em-10-anos-no-brasil\/#article","isPartOf":{"@id":"https:\/\/www.amstedmaxion.com.br\/movimentacao-de-acucar-por-ferrovias-cresce-187-em-10-anos-no-brasil\/"},"author":{"name":"juan@newmind.com.br","@id":"https:\/\/www.amstedmaxion.com.br\/#\/schema\/person\/0120c9e5589f92bbb25580b75edcf439"},"headline":"Movimenta\u00e7\u00e3o de a\u00e7\u00facar por ferrovias cresce 187% em 10 anos no Brasil","datePublished":"2017-08-16T03:00:00+00:00","dateModified":"2017-08-16T03:00:00+00:00","mainEntityOfPage":{"@id":"https:\/\/www.amstedmaxion.com.br\/movimentacao-de-acucar-por-ferrovias-cresce-187-em-10-anos-no-brasil\/"},"wordCount":573,"commentCount":0,"publisher":{"@id":"https:\/\/www.amstedmaxion.com.br\/#organization"},"articleSection":["Not\u00edcias da AmstedMaxion"],"inLanguage":"en-US","potentialAction":[{"@type":"CommentAction","name":"Comment","target":["https:\/\/www.amstedmaxion.com.br\/movimentacao-de-acucar-por-ferrovias-cresce-187-em-10-anos-no-brasil\/#respond"]}]},{"@type":"WebPage","@id":"https:\/\/www.amstedmaxion.com.br\/movimentacao-de-acucar-por-ferrovias-cresce-187-em-10-anos-no-brasil\/","url":"https:\/\/www.amstedmaxion.com.br\/movimentacao-de-acucar-por-ferrovias-cresce-187-em-10-anos-no-brasil\/","name":"Movimenta\u00e7\u00e3o de a\u00e7\u00facar por ferrovias cresce 187% em 10 anos no Brasil - AmstedMaxion","isPartOf":{"@id":"https:\/\/www.amstedmaxion.com.br\/#website"},"datePublished":"2017-08-16T03:00:00+00:00","dateModified":"2017-08-16T03:00:00+00:00","breadcrumb":{"@id":"https:\/\/www.amstedmaxion.com.br\/movimentacao-de-acucar-por-ferrovias-cresce-187-em-10-anos-no-brasil\/#breadcrumb"},"inLanguage":"en-US","potentialAction":[{"@type":"ReadAction","target":["https:\/\/www.amstedmaxion.com.br\/movimentacao-de-acucar-por-ferrovias-cresce-187-em-10-anos-no-brasil\/"]}]},{"@type":"BreadcrumbList","@id":"https:\/\/www.amstedmaxion.com.br\/movimentacao-de-acucar-por-ferrovias-cresce-187-em-10-anos-no-brasil\/#breadcrumb","itemListElement":[{"@type":"ListItem","position":1,"name":"In\u00edcio","item":"https:\/\/www.amstedmaxion.com.br\/"},{"@type":"ListItem","position":2,"name":"Movimenta\u00e7\u00e3o de a\u00e7\u00facar por ferrovias cresce 187% em 10 anos no Brasil"}]},{"@type":"WebSite","@id":"https:\/\/www.amstedmaxion.com.br\/#website","url":"https:\/\/www.amstedmaxion.com.br\/","name":"AmstedMaxion","description":"AmstedMaxion - Fundi\u00e7\u00e3o e Equipamentos Ferrovi\u00e1rios","publisher":{"@id":"https:\/\/www.amstedmaxion.com.br\/#organization"},"alternateName":"AmstedMaxion","potentialAction":[{"@type":"SearchAction","target":{"@type":"EntryPoint","urlTemplate":"https:\/\/www.amstedmaxion.com.br\/?s={search_term_string}"},"query-input":{"@type":"PropertyValueSpecification","valueRequired":true,"valueName":"search_term_string"}}],"inLanguage":"en-US"},{"@type":"Organization","@id":"https:\/\/www.amstedmaxion.com.br\/#organization","name":"AMSTEDMAXION","url":"https:\/\/www.amstedmaxion.com.br\/","logo":{"@type":"ImageObject","inLanguage":"en-US","@id":"https:\/\/www.amstedmaxion.com.br\/#\/schema\/logo\/image\/","url":"https:\/\/www.amstedmaxion.com.br\/wp-content\/uploads\/2023\/11\/amsted.png","contentUrl":"https:\/\/www.amstedmaxion.com.br\/wp-content\/uploads\/2023\/11\/amsted.png","width":500,"height":500,"caption":"AMSTEDMAXION"},"image":{"@id":"https:\/\/www.amstedmaxion.com.br\/#\/schema\/logo\/image\/"},"sameAs":["https:\/\/www.facebook.com\/AmstedMaxion.Oficial","https:\/\/br.linkedin.com\/company\/amstedmaxion"]},{"@type":"Person","@id":"https:\/\/www.amstedmaxion.com.br\/#\/schema\/person\/0120c9e5589f92bbb25580b75edcf439","name":"juan@newmind.com.br","image":{"@type":"ImageObject","inLanguage":"en-US","@id":"https:\/\/www.amstedmaxion.com.br\/#\/schema\/person\/image\/","url":"https:\/\/secure.gravatar.com\/avatar\/4f404a88c5e66d7c90c099fd87bb90a68baa7a7348b153c1c34f9999b4873144?s=96&d=mm&r=g","contentUrl":"https:\/\/secure.gravatar.com\/avatar\/4f404a88c5e66d7c90c099fd87bb90a68baa7a7348b153c1c34f9999b4873144?s=96&d=mm&r=g","caption":"juan@newmind.com.br"}}]}},"_links":{"self":[{"href":"https:\/\/www.amstedmaxion.com.br\/en\/wp-json\/wp\/v2\/posts\/3033","targetHints":{"allow":["GET"]}}],"collection":[{"href":"https:\/\/www.amstedmaxion.com.br\/en\/wp-json\/wp\/v2\/posts"}],"about":[{"href":"https:\/\/www.amstedmaxion.com.br\/en\/wp-json\/wp\/v2\/types\/post"}],"author":[{"embeddable":true,"href":"https:\/\/www.amstedmaxion.com.br\/en\/wp-json\/wp\/v2\/users\/1"}],"replies":[{"embeddable":true,"href":"https:\/\/www.amstedmaxion.com.br\/en\/wp-json\/wp\/v2\/comments?post=3033"}],"version-history":[{"count":0,"href":"https:\/\/www.amstedmaxion.com.br\/en\/wp-json\/wp\/v2\/posts\/3033\/revisions"}],"wp:attachment":[{"href":"https:\/\/www.amstedmaxion.com.br\/en\/wp-json\/wp\/v2\/media?parent=3033"}],"wp:term":[{"taxonomy":"category","embeddable":true,"href":"https:\/\/www.amstedmaxion.com.br\/en\/wp-json\/wp\/v2\/categories?post=3033"},{"taxonomy":"post_tag","embeddable":true,"href":"https:\/\/www.amstedmaxion.com.br\/en\/wp-json\/wp\/v2\/tags?post=3033"}],"curies":[{"name":"wp","href":"https:\/\/api.w.org\/{rel}","templated":true}]}}