{"id":3353,"date":"2018-02-22T08:10:44","date_gmt":"2018-02-22T11:10:44","guid":{"rendered":"http:\/\/189.16.185.54\/?p=3353"},"modified":"2018-02-27T16:50:41","modified_gmt":"2018-02-27T19:50:41","slug":"rumo-celebra-150-anos-da-companhia-paulista-de-estradas-de-ferro","status":"publish","type":"post","link":"https:\/\/www.amstedmaxion.com.br\/en\/rumo-celebra-150-anos-da-companhia-paulista-de-estradas-de-ferro\/","title":{"rendered":"Rumo celebra 150 anos da Companhia Paulista de Estradas de Ferro"},"content":{"rendered":"<p>Sess\u00e3o solene na Assembleia Legislativa do Estado de S\u00e3o Paulo lembrou as origens de uma das principais vias f\u00e9rreas do Pa\u00eds, que hoje integra a Malha Paulista, sob concess\u00e3o da Companhia.<\/p>\n<p>A Rumo, maior companhia log\u00edstica de base ferrovi\u00e1ria do Brasil, participou na manh\u00e3 desta segunda-feira (dia 19\/02), de uma sess\u00e3o solene para celebrar os 150 anos de funda\u00e7\u00e3o da Companhia Paulista de Estradas de Ferro (CPEF). Seus trilhos hoje fazem parte da Malha Paulista, sob concess\u00e3o da Rumo desde abril de 2015. O evento realizado na Assembleia Legislativa do Estado de S\u00e3o Paulo (Alesp) contou com a presen\u00e7a de lideran\u00e7as pol\u00edticas, especialistas do setor e historiadores.<\/p>\n<p>\u201cH\u00e1 150 anos, em 30 de janeiro de 1868, no mesmo local de nascimento da cidade de S\u00e3o Paulo, o P\u00e1tio do Col\u00e9gio, nascia um dos mais lembrados \u00edcones da constela\u00e7\u00e3o ferrovi\u00e1ria americana e do empreendedorismo p\u00e1trio\u201d, lembrou S\u00e9rgio Feij\u00e3o Filho, diretor da Associa\u00e7\u00e3o de Preserva\u00e7\u00e3o da Mem\u00f3ria Ferrovi\u00e1ria (APMF). \u201cA constitui\u00e7\u00e3o da CPEF marca o in\u00edcio do ferroviarismo genuinamente paulista, concebido e empreendido por paulistas e brasileiros\u201d.<\/p>\n<p>O presidente da Associa\u00e7\u00e3o Brasileira da Ind\u00fastria Ferrovi\u00e1ria (Abifer), Vicente Abate, fez um retrospecto da import\u00e2ncia hist\u00f3rica da Companhia: \u201cSeu primeiro trecho, entre Jundia\u00ed e Campinas, foi inaugurado em 1872 e levou apenas dois anos para ser constru\u00eddo. Em 1880, ao chegar a Rio Claro e Mogi Gua\u00e7u, j\u00e1 somava 223 quil\u00f4metros em bitola larga. Em 1892 adquiriu a bitola m\u00e9trica de Rio Claro a Araraquara e Ja\u00fa. Alargou a bitola, eletrificou os principais trechos e inovou na administra\u00e7\u00e3o e na opera\u00e7\u00e3o. Com o rigor nos servi\u00e7os, expresso pela pontualidade, seguran\u00e7a e conforto, foi denominada ferrovia-padr\u00e3o no mundo\u201d.<\/p>\n<p> Renova\u00e7\u00e3o da Concess\u00e3o<\/p>\n<p>Atualmente, a Rumo est\u00e1 em avan\u00e7ada negocia\u00e7\u00e3o com o governo brasileiro para renovar antecipadamente a concess\u00e3o da Malha Paulista, uma das quatro malhas ferrovi\u00e1rias sob sua gest\u00e3o. Assim, o contrato original, que termina em 2028, se estenderia por mais 30 anos, at\u00e9 2058. Esse processo encontra-se em linha com o planejamento estrat\u00e9gico da Companhia, que prev\u00ea cerca de R$ 6 bilh\u00f5es em investimentos para ampliar a capacidade da Malha Paulista em 150% &#8211; dos atuais 35 milh\u00f5es de toneladas\/ano para 70 milh\u00f5es de toneladas anuais.<\/p>\n<p>\u201cOs trilhos da antiga CPEF, que come\u00e7ou fazendo o transporte regional de caf\u00e9, important\u00edssimo na \u00e9poca, hoje t\u00eam uma dimens\u00e3o muito maior\u201d, afirma Fernando Paes, diretor-executivo da Associa\u00e7\u00e3o Nacional dos Transportadores Ferrovi\u00e1rios, ressaltando a import\u00e2ncia da renova\u00e7\u00e3o da concess\u00e3o. \u201cA Malha Paulista transporta at\u00e9 Santos produtos do pr\u00f3prio Estado de S\u00e3o Paulo, mas tamb\u00e9m origin\u00e1rios do Centro-Oeste e, futuramente, da Ferrovia Norte-Sul. Trata-se, portanto, de uma ferrovia de import\u00e2ncia nacional\u201d.<\/p>\n<p>Guilherme Penin, diretor institucional e de regula\u00e7\u00e3o da Rumo, explicou que, atualmente, do volume que chega \u00e0 Santos, 70% vem por meio de rodovia e apenas 30% por ferrovia. \u201cA Rumo tem um plano estruturado para inverter essa raz\u00e3o, que envolve o aumento da capacidade da linha-tronco da Malha Paulista e tamb\u00e9m a reativa\u00e7\u00e3o dos ramais de Panorama e Barretos, retomando o transporte regional\u201d, diz Penin. \u201cEsses investimentos s\u00e3o fundamentais para que S\u00e3o Paulo consiga ter uma ferrovia \u00e0 altura de sua economia, da import\u00e2ncia do nosso Estado e da relev\u00e2ncia do Porto de Santos para o com\u00e9rcio exterior brasileiro\u201d.<\/p>\n<p>A\u00e7\u00f5es comemorativas<\/p>\n<p>Durante o evento, foi exibido um v\u00eddeo hist\u00f3rico sobre a Companhia Paulista de Estradas de Ferro, que estar\u00e1 dispon\u00edvel no Facebook da Rumo (https:\/\/www.facebook.com\/rumologistica\/). Desde 30 de janeiro deste ano, a empresa vem divulgando em suas redes sociais uma s\u00e9rie de posts em comemora\u00e7\u00e3o aos 150 anos de funda\u00e7\u00e3o da CPEF. O evento na Alesp contou ainda com o descerramento de uma placa comemorativa, que ser\u00e1 fixada na assembleia. A sess\u00e3o solene foi realizada por solicita\u00e7\u00e3o do deputado estadual Jo\u00e3o Caramez (PSDB), coordenador da Frente Parlamentar em Prol do Transporte Metroferrovi\u00e1rio (FTRAM).<\/p>\n<p>Fonte: Portal Nacional de Seguros<\/p>\n","protected":false},"excerpt":{"rendered":"<p>Sess\u00e3o solene na Assembleia Legislativa do Estado de S\u00e3o Paulo lembrou as origens de uma das principais vias f\u00e9rreas do Pa\u00eds, que hoje integra a Malha Paulista, sob concess\u00e3o da Companhia. A Rumo, maior companhia log\u00edstica de base ferrovi\u00e1ria do Brasil, participou na manh\u00e3 desta segunda-feira (dia 19\/02), de uma sess\u00e3o solene para celebrar os [&hellip;]<\/p>\n","protected":false},"author":5,"featured_media":3354,"comment_status":"open","ping_status":"open","sticky":false,"template":"","format":"standard","meta":{"_acf_changed":false,"footnotes":""},"categories":[2],"tags":[],"class_list":["post-3353","post","type-post","status-publish","format-standard","has-post-thumbnail","hentry","category-noticias"],"acf":[],"yoast_head":"<!-- This site is optimized with the Yoast SEO plugin v23.9 - https:\/\/yoast.com\/wordpress\/plugins\/seo\/ -->\n<title>Rumo celebra 150 anos da Companhia Paulista de Estradas de Ferro - AmstedMaxion<\/title>\n<meta name=\"robots\" content=\"index, follow, max-snippet:-1, max-image-preview:large, max-video-preview:-1\" \/>\n<link rel=\"canonical\" href=\"https:\/\/www.amstedmaxion.com.br\/rumo-celebra-150-anos-da-companhia-paulista-de-estradas-de-ferro\/\" \/>\n<meta property=\"og:locale\" content=\"en_US\" \/>\n<meta property=\"og:type\" content=\"article\" \/>\n<meta property=\"og:title\" content=\"Rumo celebra 150 anos da Companhia Paulista de Estradas de Ferro - AmstedMaxion\" \/>\n<meta property=\"og:description\" content=\"Sess\u00e3o solene na Assembleia Legislativa do Estado de S\u00e3o Paulo lembrou as origens de uma das principais vias f\u00e9rreas do Pa\u00eds, que hoje integra a Malha Paulista, sob concess\u00e3o da Companhia. A Rumo, maior companhia log\u00edstica de base ferrovi\u00e1ria do Brasil, participou na manh\u00e3 desta segunda-feira (dia 19\/02), de uma sess\u00e3o solene para celebrar os [&hellip;]\" \/>\n<meta property=\"og:url\" content=\"https:\/\/www.amstedmaxion.com.br\/rumo-celebra-150-anos-da-companhia-paulista-de-estradas-de-ferro\/\" \/>\n<meta property=\"og:site_name\" content=\"AmstedMaxion\" \/>\n<meta property=\"article:publisher\" content=\"https:\/\/www.facebook.com\/AmstedMaxion.Oficial\" \/>\n<meta property=\"article:published_time\" content=\"2018-02-22T11:10:44+00:00\" \/>\n<meta property=\"article:modified_time\" content=\"2018-02-27T19:50:41+00:00\" \/>\n<meta property=\"og:image\" content=\"https:\/\/www.amstedmaxion.com.br\/wp-content\/uploads\/2018\/02\/porto.CarlosNogueira.AT_.jpg\" \/>\n\t<meta property=\"og:image:width\" content=\"620\" \/>\n\t<meta property=\"og:image:height\" content=\"413\" \/>\n\t<meta property=\"og:image:type\" content=\"image\/jpeg\" \/>\n<meta name=\"author\" content=\"Rosane Storto\" \/>\n<meta name=\"twitter:card\" content=\"summary_large_image\" \/>\n<meta name=\"twitter:label1\" content=\"Written by\" \/>\n\t<meta name=\"twitter:data1\" content=\"Rosane Storto\" \/>\n\t<meta name=\"twitter:label2\" content=\"Est. reading time\" \/>\n\t<meta name=\"twitter:data2\" content=\"3 minutes\" \/>\n<script type=\"application\/ld+json\" class=\"yoast-schema-graph\">{\"@context\":\"https:\/\/schema.org\",\"@graph\":[{\"@type\":\"Article\",\"@id\":\"https:\/\/www.amstedmaxion.com.br\/rumo-celebra-150-anos-da-companhia-paulista-de-estradas-de-ferro\/#article\",\"isPartOf\":{\"@id\":\"https:\/\/www.amstedmaxion.com.br\/rumo-celebra-150-anos-da-companhia-paulista-de-estradas-de-ferro\/\"},\"author\":{\"name\":\"Rosane Storto\",\"@id\":\"https:\/\/www.amstedmaxion.com.br\/#\/schema\/person\/140cb65f07d4e66dd5543c8a187bf436\"},\"headline\":\"Rumo celebra 150 anos da Companhia Paulista de Estradas de Ferro\",\"datePublished\":\"2018-02-22T11:10:44+00:00\",\"dateModified\":\"2018-02-27T19:50:41+00:00\",\"mainEntityOfPage\":{\"@id\":\"https:\/\/www.amstedmaxion.com.br\/rumo-celebra-150-anos-da-companhia-paulista-de-estradas-de-ferro\/\"},\"wordCount\":709,\"commentCount\":0,\"publisher\":{\"@id\":\"https:\/\/www.amstedmaxion.com.br\/#organization\"},\"image\":{\"@id\":\"https:\/\/www.amstedmaxion.com.br\/rumo-celebra-150-anos-da-companhia-paulista-de-estradas-de-ferro\/#primaryimage\"},\"thumbnailUrl\":\"https:\/\/www.amstedmaxion.com.br\/wp-content\/uploads\/2018\/02\/porto.CarlosNogueira.AT_.jpg\",\"articleSection\":[\"Not\u00edcias da AmstedMaxion\"],\"inLanguage\":\"en-US\",\"potentialAction\":[{\"@type\":\"CommentAction\",\"name\":\"Comment\",\"target\":[\"https:\/\/www.amstedmaxion.com.br\/rumo-celebra-150-anos-da-companhia-paulista-de-estradas-de-ferro\/#respond\"]}]},{\"@type\":\"WebPage\",\"@id\":\"https:\/\/www.amstedmaxion.com.br\/rumo-celebra-150-anos-da-companhia-paulista-de-estradas-de-ferro\/\",\"url\":\"https:\/\/www.amstedmaxion.com.br\/rumo-celebra-150-anos-da-companhia-paulista-de-estradas-de-ferro\/\",\"name\":\"Rumo celebra 150 anos da Companhia Paulista de Estradas de Ferro - AmstedMaxion\",\"isPartOf\":{\"@id\":\"https:\/\/www.amstedmaxion.com.br\/#website\"},\"primaryImageOfPage\":{\"@id\":\"https:\/\/www.amstedmaxion.com.br\/rumo-celebra-150-anos-da-companhia-paulista-de-estradas-de-ferro\/#primaryimage\"},\"image\":{\"@id\":\"https:\/\/www.amstedmaxion.com.br\/rumo-celebra-150-anos-da-companhia-paulista-de-estradas-de-ferro\/#primaryimage\"},\"thumbnailUrl\":\"https:\/\/www.amstedmaxion.com.br\/wp-content\/uploads\/2018\/02\/porto.CarlosNogueira.AT_.jpg\",\"datePublished\":\"2018-02-22T11:10:44+00:00\",\"dateModified\":\"2018-02-27T19:50:41+00:00\",\"breadcrumb\":{\"@id\":\"https:\/\/www.amstedmaxion.com.br\/rumo-celebra-150-anos-da-companhia-paulista-de-estradas-de-ferro\/#breadcrumb\"},\"inLanguage\":\"en-US\",\"potentialAction\":[{\"@type\":\"ReadAction\",\"target\":[\"https:\/\/www.amstedmaxion.com.br\/rumo-celebra-150-anos-da-companhia-paulista-de-estradas-de-ferro\/\"]}]},{\"@type\":\"ImageObject\",\"inLanguage\":\"en-US\",\"@id\":\"https:\/\/www.amstedmaxion.com.br\/rumo-celebra-150-anos-da-companhia-paulista-de-estradas-de-ferro\/#primaryimage\",\"url\":\"https:\/\/www.amstedmaxion.com.br\/wp-content\/uploads\/2018\/02\/porto.CarlosNogueira.AT_.jpg\",\"contentUrl\":\"https:\/\/www.amstedmaxion.com.br\/wp-content\/uploads\/2018\/02\/porto.CarlosNogueira.AT_.jpg\",\"width\":620,\"height\":413,\"caption\":\"cr\u00e9dito: Carlos Nogueira\/AT\"},{\"@type\":\"BreadcrumbList\",\"@id\":\"https:\/\/www.amstedmaxion.com.br\/rumo-celebra-150-anos-da-companhia-paulista-de-estradas-de-ferro\/#breadcrumb\",\"itemListElement\":[{\"@type\":\"ListItem\",\"position\":1,\"name\":\"In\u00edcio\",\"item\":\"https:\/\/www.amstedmaxion.com.br\/\"},{\"@type\":\"ListItem\",\"position\":2,\"name\":\"Rumo celebra 150 anos da Companhia Paulista de Estradas de Ferro\"}]},{\"@type\":\"WebSite\",\"@id\":\"https:\/\/www.amstedmaxion.com.br\/#website\",\"url\":\"https:\/\/www.amstedmaxion.com.br\/\",\"name\":\"AmstedMaxion\",\"description\":\"AmstedMaxion - Fundi\u00e7\u00e3o e Equipamentos Ferrovi\u00e1rios\",\"publisher\":{\"@id\":\"https:\/\/www.amstedmaxion.com.br\/#organization\"},\"alternateName\":\"AmstedMaxion\",\"potentialAction\":[{\"@type\":\"SearchAction\",\"target\":{\"@type\":\"EntryPoint\",\"urlTemplate\":\"https:\/\/www.amstedmaxion.com.br\/?s={search_term_string}\"},\"query-input\":{\"@type\":\"PropertyValueSpecification\",\"valueRequired\":true,\"valueName\":\"search_term_string\"}}],\"inLanguage\":\"en-US\"},{\"@type\":\"Organization\",\"@id\":\"https:\/\/www.amstedmaxion.com.br\/#organization\",\"name\":\"AMSTEDMAXION\",\"url\":\"https:\/\/www.amstedmaxion.com.br\/\",\"logo\":{\"@type\":\"ImageObject\",\"inLanguage\":\"en-US\",\"@id\":\"https:\/\/www.amstedmaxion.com.br\/#\/schema\/logo\/image\/\",\"url\":\"https:\/\/www.amstedmaxion.com.br\/wp-content\/uploads\/2023\/11\/amsted.png\",\"contentUrl\":\"https:\/\/www.amstedmaxion.com.br\/wp-content\/uploads\/2023\/11\/amsted.png\",\"width\":500,\"height\":500,\"caption\":\"AMSTEDMAXION\"},\"image\":{\"@id\":\"https:\/\/www.amstedmaxion.com.br\/#\/schema\/logo\/image\/\"},\"sameAs\":[\"https:\/\/www.facebook.com\/AmstedMaxion.Oficial\",\"https:\/\/br.linkedin.com\/company\/amstedmaxion\"]},{\"@type\":\"Person\",\"@id\":\"https:\/\/www.amstedmaxion.com.br\/#\/schema\/person\/140cb65f07d4e66dd5543c8a187bf436\",\"name\":\"Rosane Storto\",\"image\":{\"@type\":\"ImageObject\",\"inLanguage\":\"en-US\",\"@id\":\"https:\/\/www.amstedmaxion.com.br\/#\/schema\/person\/image\/\",\"url\":\"https:\/\/secure.gravatar.com\/avatar\/0e3d021545bbe593cb0eb3ee740544fefa86d59762e63dec1dbe9480a34c98cd?s=96&d=mm&r=g\",\"contentUrl\":\"https:\/\/secure.gravatar.com\/avatar\/0e3d021545bbe593cb0eb3ee740544fefa86d59762e63dec1dbe9480a34c98cd?s=96&d=mm&r=g\",\"caption\":\"Rosane Storto\"}}]}<\/script>\n<!-- \/ Yoast SEO plugin. -->","yoast_head_json":{"title":"Rumo celebra 150 anos da Companhia Paulista de Estradas de Ferro - AmstedMaxion","robots":{"index":"index","follow":"follow","max-snippet":"max-snippet:-1","max-image-preview":"max-image-preview:large","max-video-preview":"max-video-preview:-1"},"canonical":"https:\/\/www.amstedmaxion.com.br\/rumo-celebra-150-anos-da-companhia-paulista-de-estradas-de-ferro\/","og_locale":"en_US","og_type":"article","og_title":"Rumo celebra 150 anos da Companhia Paulista de Estradas de Ferro - AmstedMaxion","og_description":"Sess\u00e3o solene na Assembleia Legislativa do Estado de S\u00e3o Paulo lembrou as origens de uma das principais vias f\u00e9rreas do Pa\u00eds, que hoje integra a Malha Paulista, sob concess\u00e3o da Companhia. A Rumo, maior companhia log\u00edstica de base ferrovi\u00e1ria do Brasil, participou na manh\u00e3 desta segunda-feira (dia 19\/02), de uma sess\u00e3o solene para celebrar os [&hellip;]","og_url":"https:\/\/www.amstedmaxion.com.br\/rumo-celebra-150-anos-da-companhia-paulista-de-estradas-de-ferro\/","og_site_name":"AmstedMaxion","article_publisher":"https:\/\/www.facebook.com\/AmstedMaxion.Oficial","article_published_time":"2018-02-22T11:10:44+00:00","article_modified_time":"2018-02-27T19:50:41+00:00","og_image":[{"width":620,"height":413,"url":"https:\/\/www.amstedmaxion.com.br\/wp-content\/uploads\/2018\/02\/porto.CarlosNogueira.AT_.jpg","type":"image\/jpeg"}],"author":"Rosane Storto","twitter_card":"summary_large_image","twitter_misc":{"Written by":"Rosane Storto","Est. reading time":"3 minutes"},"schema":{"@context":"https:\/\/schema.org","@graph":[{"@type":"Article","@id":"https:\/\/www.amstedmaxion.com.br\/rumo-celebra-150-anos-da-companhia-paulista-de-estradas-de-ferro\/#article","isPartOf":{"@id":"https:\/\/www.amstedmaxion.com.br\/rumo-celebra-150-anos-da-companhia-paulista-de-estradas-de-ferro\/"},"author":{"name":"Rosane Storto","@id":"https:\/\/www.amstedmaxion.com.br\/#\/schema\/person\/140cb65f07d4e66dd5543c8a187bf436"},"headline":"Rumo celebra 150 anos da Companhia Paulista de Estradas de Ferro","datePublished":"2018-02-22T11:10:44+00:00","dateModified":"2018-02-27T19:50:41+00:00","mainEntityOfPage":{"@id":"https:\/\/www.amstedmaxion.com.br\/rumo-celebra-150-anos-da-companhia-paulista-de-estradas-de-ferro\/"},"wordCount":709,"commentCount":0,"publisher":{"@id":"https:\/\/www.amstedmaxion.com.br\/#organization"},"image":{"@id":"https:\/\/www.amstedmaxion.com.br\/rumo-celebra-150-anos-da-companhia-paulista-de-estradas-de-ferro\/#primaryimage"},"thumbnailUrl":"https:\/\/www.amstedmaxion.com.br\/wp-content\/uploads\/2018\/02\/porto.CarlosNogueira.AT_.jpg","articleSection":["Not\u00edcias da AmstedMaxion"],"inLanguage":"en-US","potentialAction":[{"@type":"CommentAction","name":"Comment","target":["https:\/\/www.amstedmaxion.com.br\/rumo-celebra-150-anos-da-companhia-paulista-de-estradas-de-ferro\/#respond"]}]},{"@type":"WebPage","@id":"https:\/\/www.amstedmaxion.com.br\/rumo-celebra-150-anos-da-companhia-paulista-de-estradas-de-ferro\/","url":"https:\/\/www.amstedmaxion.com.br\/rumo-celebra-150-anos-da-companhia-paulista-de-estradas-de-ferro\/","name":"Rumo celebra 150 anos da Companhia Paulista de Estradas de Ferro - AmstedMaxion","isPartOf":{"@id":"https:\/\/www.amstedmaxion.com.br\/#website"},"primaryImageOfPage":{"@id":"https:\/\/www.amstedmaxion.com.br\/rumo-celebra-150-anos-da-companhia-paulista-de-estradas-de-ferro\/#primaryimage"},"image":{"@id":"https:\/\/www.amstedmaxion.com.br\/rumo-celebra-150-anos-da-companhia-paulista-de-estradas-de-ferro\/#primaryimage"},"thumbnailUrl":"https:\/\/www.amstedmaxion.com.br\/wp-content\/uploads\/2018\/02\/porto.CarlosNogueira.AT_.jpg","datePublished":"2018-02-22T11:10:44+00:00","dateModified":"2018-02-27T19:50:41+00:00","breadcrumb":{"@id":"https:\/\/www.amstedmaxion.com.br\/rumo-celebra-150-anos-da-companhia-paulista-de-estradas-de-ferro\/#breadcrumb"},"inLanguage":"en-US","potentialAction":[{"@type":"ReadAction","target":["https:\/\/www.amstedmaxion.com.br\/rumo-celebra-150-anos-da-companhia-paulista-de-estradas-de-ferro\/"]}]},{"@type":"ImageObject","inLanguage":"en-US","@id":"https:\/\/www.amstedmaxion.com.br\/rumo-celebra-150-anos-da-companhia-paulista-de-estradas-de-ferro\/#primaryimage","url":"https:\/\/www.amstedmaxion.com.br\/wp-content\/uploads\/2018\/02\/porto.CarlosNogueira.AT_.jpg","contentUrl":"https:\/\/www.amstedmaxion.com.br\/wp-content\/uploads\/2018\/02\/porto.CarlosNogueira.AT_.jpg","width":620,"height":413,"caption":"cr\u00e9dito: Carlos Nogueira\/AT"},{"@type":"BreadcrumbList","@id":"https:\/\/www.amstedmaxion.com.br\/rumo-celebra-150-anos-da-companhia-paulista-de-estradas-de-ferro\/#breadcrumb","itemListElement":[{"@type":"ListItem","position":1,"name":"In\u00edcio","item":"https:\/\/www.amstedmaxion.com.br\/"},{"@type":"ListItem","position":2,"name":"Rumo celebra 150 anos da Companhia Paulista de Estradas de Ferro"}]},{"@type":"WebSite","@id":"https:\/\/www.amstedmaxion.com.br\/#website","url":"https:\/\/www.amstedmaxion.com.br\/","name":"AmstedMaxion","description":"AmstedMaxion - Fundi\u00e7\u00e3o e Equipamentos Ferrovi\u00e1rios","publisher":{"@id":"https:\/\/www.amstedmaxion.com.br\/#organization"},"alternateName":"AmstedMaxion","potentialAction":[{"@type":"SearchAction","target":{"@type":"EntryPoint","urlTemplate":"https:\/\/www.amstedmaxion.com.br\/?s={search_term_string}"},"query-input":{"@type":"PropertyValueSpecification","valueRequired":true,"valueName":"search_term_string"}}],"inLanguage":"en-US"},{"@type":"Organization","@id":"https:\/\/www.amstedmaxion.com.br\/#organization","name":"AMSTEDMAXION","url":"https:\/\/www.amstedmaxion.com.br\/","logo":{"@type":"ImageObject","inLanguage":"en-US","@id":"https:\/\/www.amstedmaxion.com.br\/#\/schema\/logo\/image\/","url":"https:\/\/www.amstedmaxion.com.br\/wp-content\/uploads\/2023\/11\/amsted.png","contentUrl":"https:\/\/www.amstedmaxion.com.br\/wp-content\/uploads\/2023\/11\/amsted.png","width":500,"height":500,"caption":"AMSTEDMAXION"},"image":{"@id":"https:\/\/www.amstedmaxion.com.br\/#\/schema\/logo\/image\/"},"sameAs":["https:\/\/www.facebook.com\/AmstedMaxion.Oficial","https:\/\/br.linkedin.com\/company\/amstedmaxion"]},{"@type":"Person","@id":"https:\/\/www.amstedmaxion.com.br\/#\/schema\/person\/140cb65f07d4e66dd5543c8a187bf436","name":"Rosane Storto","image":{"@type":"ImageObject","inLanguage":"en-US","@id":"https:\/\/www.amstedmaxion.com.br\/#\/schema\/person\/image\/","url":"https:\/\/secure.gravatar.com\/avatar\/0e3d021545bbe593cb0eb3ee740544fefa86d59762e63dec1dbe9480a34c98cd?s=96&d=mm&r=g","contentUrl":"https:\/\/secure.gravatar.com\/avatar\/0e3d021545bbe593cb0eb3ee740544fefa86d59762e63dec1dbe9480a34c98cd?s=96&d=mm&r=g","caption":"Rosane Storto"}}]}},"_links":{"self":[{"href":"https:\/\/www.amstedmaxion.com.br\/en\/wp-json\/wp\/v2\/posts\/3353","targetHints":{"allow":["GET"]}}],"collection":[{"href":"https:\/\/www.amstedmaxion.com.br\/en\/wp-json\/wp\/v2\/posts"}],"about":[{"href":"https:\/\/www.amstedmaxion.com.br\/en\/wp-json\/wp\/v2\/types\/post"}],"author":[{"embeddable":true,"href":"https:\/\/www.amstedmaxion.com.br\/en\/wp-json\/wp\/v2\/users\/5"}],"replies":[{"embeddable":true,"href":"https:\/\/www.amstedmaxion.com.br\/en\/wp-json\/wp\/v2\/comments?post=3353"}],"version-history":[{"count":0,"href":"https:\/\/www.amstedmaxion.com.br\/en\/wp-json\/wp\/v2\/posts\/3353\/revisions"}],"wp:featuredmedia":[{"embeddable":true,"href":"https:\/\/www.amstedmaxion.com.br\/en\/wp-json\/wp\/v2\/media\/3354"}],"wp:attachment":[{"href":"https:\/\/www.amstedmaxion.com.br\/en\/wp-json\/wp\/v2\/media?parent=3353"}],"wp:term":[{"taxonomy":"category","embeddable":true,"href":"https:\/\/www.amstedmaxion.com.br\/en\/wp-json\/wp\/v2\/categories?post=3353"},{"taxonomy":"post_tag","embeddable":true,"href":"https:\/\/www.amstedmaxion.com.br\/en\/wp-json\/wp\/v2\/tags?post=3353"}],"curies":[{"name":"wp","href":"https:\/\/api.w.org\/{rel}","templated":true}]}}