{"id":34976,"date":"2022-01-03T15:57:24","date_gmt":"2022-01-03T18:57:24","guid":{"rendered":"https:\/\/www.amstedmaxion.com.br\/?p=34976"},"modified":"2022-01-03T15:57:25","modified_gmt":"2022-01-03T18:57:25","slug":"desoneracao-da-folha-e-prorrogada-ate-fim-de-2023","status":"publish","type":"post","link":"https:\/\/www.amstedmaxion.com.br\/en\/desoneracao-da-folha-e-prorrogada-ate-fim-de-2023\/","title":{"rendered":"Desonera\u00e7\u00e3o da folha \u00e9 prorrogada at\u00e9 fim de 2023"},"content":{"rendered":"\n<p>Extens\u00e3o da medida foi acertada entre o presidente e representantes do setor produtivo depois de articula\u00e7\u00f5es com o Congresso<\/p>\n\n\n\n<p>Valor Econ\u00f4mico &#8211; O presidente Jair Bolsonaro sancionou na noite de sexta-feira sem vetos a lei que prorroga at\u00e9 31 de dezembro de 2023 a desonera\u00e7\u00e3o da folha de pagamento dos 17 setores que mais empregam na economia. A medida expiraria dia 31, mas sua extens\u00e3o foi acertada entre o presidente e representantes do setor produtivo depois de articula\u00e7\u00f5es com o Congresso Nacional.<\/p>\n\n\n\n<p>A san\u00e7\u00e3o foi celebrada por parlamentares e empres\u00e1rios que defendiam a prorroga\u00e7\u00e3o. Esses setores, juntos, empregam mais de 6 milh\u00f5es de pessoas no pa\u00eds e diziam que havia risco de cortes caso a folha de sal\u00e1rios fosse reonerada. \u201cEssa lei dialoga com o maior desafio do Brasil para 2022: preservar empregos e gerar novas oportunidades de trabalho\u201d, disse o autor do projeto, o deputado Efraim Filho (DEM-PB).<\/p>\n\n\n\n<p>A pol\u00edtica de desonera\u00e7\u00e3o da folha foi criada em 2011 para permitir \u00e0s empresas substituir a contribui\u00e7\u00e3o previdenci\u00e1ria de 20% sobre os sal\u00e1rios dos empregados por uma al\u00edquota sobre a receita bruta, que pode variar de 1% a 4,5%. Entre os 17 setores que podem aderir a esse modelo est\u00e3o as ind\u00fastrias t\u00eaxtil, de cal\u00e7ados, m\u00e1quinas e equipamentos e prote\u00edna animal, constru\u00e7\u00e3o civil, comunica\u00e7\u00e3o e transporte rodovi\u00e1rio. A prorroga\u00e7\u00e3o do benef\u00edcio para as empresas tamb\u00e9m era defendida por representantes dos trabalhadores. Cinco das seis maiores centrais sindicais do pa\u00eds assinaram nota na semana passada pedindo a san\u00e7\u00e3o at\u00e9 31 de dezembro, lembrando que o desemprego j\u00e1 chega a quase 12,1% no Brasil e poderia aumentar ainda mais sem a medida.<\/p>\n\n\n\n<p>Na nota, os presidentes da For\u00e7a Sindical, UGT, CSB, CTB e CST afirmaram que, se a pol\u00edtica de desonera\u00e7\u00e3o fosse extinta sem outra alternativa vi\u00e1vel, ocorreriam \u201cefeitos perversos para a economia nacional sobre os empregos, sobre a competitividade das empresas, sobre os custos e pre\u00e7os\u201d.<\/p>\n\n\n\n<p>Na quinta-feira, Bolsonaro justificou a demora para a san\u00e7\u00e3o pelo fato de que seria preciso apresentar uma compensa\u00e7\u00e3o de tribut\u00e1ria para a medida. Mas, lembrou que estava \u201capalavrado\u201d com os empres\u00e1rios e que tinha prometido manter o benef\u00edcio tribut\u00e1rio por mais dois anos.<\/p>\n\n\n\n<p>A san\u00e7\u00e3o, contudo, acabou ocorrendo sem o corte de outros gastos &#8211; o Congresso aprovou a Lei Or\u00e7ament\u00e1ria Anual (LOA) de 2022 sem incluir as despesas com a desonera\u00e7\u00e3o, embora o acordo fosse para utilizar o espa\u00e7o fiscal aberto pela aprova\u00e7\u00e3o da emenda constitucional dos Precat\u00f3rios, que autorizou o governo a n\u00e3o pagar parte de suas d\u00edvidas judiciais at\u00e9 2026.<\/p>\n\n\n\n<p>A Secretaria-Geral da Presid\u00eancia justificou, em nota divulgada no s\u00e1bado, que a orienta\u00e7\u00e3o recente Tribunal de Contas da Uni\u00e3o (TCU) \u00e9 que \u201cn\u00e3o ser\u00e1 necess\u00e1ria nova compensa\u00e7\u00e3o fiscal\u201d porque \u201cse trata de prorroga\u00e7\u00e3o de benef\u00edcio fiscal j\u00e1 existente, e como a medida foi considerada no Relat\u00f3rio de Estimativa de Receita do Projeto de Lei Or\u00e7ament\u00e1ria de 2022\u201d.<\/p>\n\n\n\n<p>Al\u00e9m disso, o governo editou uma medida provis\u00f3ria (MP) revogando a necessidade de que a Uni\u00e3o compensasse, por transfer\u00eancia or\u00e7ament\u00e1ria, o valor da desonera\u00e7\u00e3o para o Regime Geral de Previd\u00eancia Social (RGPS), o que acabava fazendo que a mesma despesa fosse computada duas vezes dentro do Or\u00e7amento. Essa sugest\u00e3o tinha sido feita pela assessoria do DEM na C\u00e2mara, como uma alternativa para garantir a prorroga\u00e7\u00e3o.<\/p>\n\n\n\n<p>\u201cCom a corre\u00e7\u00e3o na metodologia antiga, n\u00e3o haver\u00e1 cria\u00e7\u00e3o de nova despesa or\u00e7ament\u00e1ria, o que tornou poss\u00edvel sancionar a prorroga\u00e7\u00e3o da desonera\u00e7\u00e3o com os recursos j\u00e1 existentes no Or\u00e7amento\u201d, afirmou a Secretaria-Geral na nota.<\/p>\n\n\n\n<p>Para Fernando Valente Pimentel, presidente da Associa\u00e7\u00e3o Brasileira da Ind\u00fastria T\u00eaxtil e de Confec\u00e7\u00e3o (Abit), a medida vai ao encontro da necessidade de manuten\u00e7\u00e3o de empregos em uma economia que ter\u00e1 um crescimento limitado em 2022. \u201cCom esta san\u00e7\u00e3o haver\u00e1 maior seguran\u00e7a jur\u00eddica e ambiente mais favor\u00e1vel para que novos investimentos sejam feitos pelas empresas com consequente possibilidades de gera\u00e7\u00e3o de postos formais de trabalho\u201d, disse.<\/p>\n\n\n\n<p>O presidente-executivo da Associa\u00e7\u00e3o Brasileira das Ind\u00fastrias de Cal\u00e7ados (Abical\u00e7ados), Haroldo Ferreira, avaliou que a desonera\u00e7\u00e3o da folha de pagamentos \u00e9 fundamental para que o setor possa manter &#8211; e at\u00e9 mesmo ampliar &#8211; os mais de 37 mil postos j\u00e1 criados ao longo de 2021. \u201c\u00c9 a melhor not\u00edcia do ano. Com a desonera\u00e7\u00e3o poderemos seguir na toada da recupera\u00e7\u00e3o dos empregos do setor, que em 2021 est\u00e3o mais de 13% superiores aos registros de 2020, retomada que n\u00e3o existiria caso houvesse mais essa onera\u00e7\u00e3o\u201d, diz.<\/p>\n\n\n\n<p>Presidente da Federa\u00e7\u00e3o Nacional de Call Center, Instala\u00e7\u00e3o e Manuten\u00e7\u00e3o de Infraestrutura de Redes de Telecomunica\u00e7\u00f5es e de Inform\u00e1tica (Feninfra), Vivien Suruagy lembra que o Brasil est\u00e1 em processo de implanta\u00e7\u00e3o da tecnologia 5G e que a desonera\u00e7\u00e3o ser\u00e1 fundamental para as empresas do setor investirem nesta tecnologia e criar empregos. \u201cNum pa\u00eds com 13 milh\u00f5es de desempregados, \u00e9 uma grande not\u00edcia\u201d, ressalta. Com a desonera\u00e7\u00e3o, at\u00e9 970 mil empregos podem ser gerados. Ela defende que a medida se torne perene. \u201cGostar\u00edamos que este tema seja inclu\u00eddo em uma reforma tribut\u00e1ria. Ganhamos uma batalha com a prorroga\u00e7\u00e3o por dois anos, mas n\u00e3o a guerra\u201d, lembra ela.<\/p>\n\n\n\n<p>O presidente da Associa\u00e7\u00e3o Brasileira de Prote\u00edna Animal (ABPA), Ricardo Santin, disse que a san\u00e7\u00e3o da lei consolida um programa de sucesso, existente h\u00e1 mais de dez anos, e que contribuir\u00e1, com seguran\u00e7a jur\u00eddica, para garantir a manuten\u00e7\u00e3o dos empregos e a cria\u00e7\u00e3o de novos postos de trabalho. Ele tamb\u00e9m ressaltou que a medida evita nova onera\u00e7\u00e3o no pre\u00e7o da comida dos brasileiros.<\/p>\n\n\n\n<p>\u201cManter esse programa que h\u00e1 mais de dez anos tem dado certo e garantido emprego e renda vai tamb\u00e9m agora poder gerar novas oportunidades de trabalho. Com a retomada da economia n\u00f3s vamos poder gerar novos postos de trabalho e manter aqueles que foram constru\u00eddos ao longo desses dez anos\u201d, disse. <\/p>\n\n\n\n<figure class=\"wp-block-image size-large is-resized\"><img loading=\"lazy\" decoding=\"async\" src=\"https:\/\/www.amstedmaxion.com.br\/wp-content\/uploads\/2022\/01\/desoneracao-folha-Valor.jpg\" alt=\"\" class=\"wp-image-34977\" width=\"387\" height=\"218\"\/><figcaption>Foto: reprodu\u00e7\u00e3o G1<\/figcaption><\/figure>\n\n\n\n<p>Fonte: Valor Econ\u00f4mico (<a href=\"https:\/\/valor.globo.com\/politica\/noticia\/2022\/01\/03\/desoneracao-da-folha-e-prorrogada-ate-fim-de-2023.ghtml\">https:\/\/valor.globo.com\/politica\/noticia\/2022\/01\/03\/desoneracao-da-folha-e-prorrogada-ate-fim-de-2023.ghtml<\/a>)<\/p>\n","protected":false},"excerpt":{"rendered":"<p>Extens\u00e3o da medida foi acertada entre o presidente e representantes do setor produtivo depois de articula\u00e7\u00f5es com o Congresso Valor Econ\u00f4mico &#8211; O presidente Jair Bolsonaro sancionou na noite de sexta-feira sem vetos a lei que prorroga at\u00e9 31 de dezembro de 2023 a desonera\u00e7\u00e3o da folha de pagamento dos 17 setores que mais empregam [&hellip;]<\/p>\n","protected":false},"author":5,"featured_media":34977,"comment_status":"open","ping_status":"open","sticky":false,"template":"","format":"standard","meta":{"_acf_changed":false,"footnotes":""},"categories":[148],"tags":[],"class_list":["post-34976","post","type-post","status-publish","format-standard","has-post-thumbnail","hentry","category-newsletter"],"acf":[],"yoast_head":"<!-- This site is optimized with the Yoast SEO plugin v23.9 - https:\/\/yoast.com\/wordpress\/plugins\/seo\/ -->\n<title>Desonera\u00e7\u00e3o da folha \u00e9 prorrogada at\u00e9 fim de 2023 - AmstedMaxion<\/title>\n<meta name=\"robots\" content=\"index, follow, max-snippet:-1, max-image-preview:large, max-video-preview:-1\" \/>\n<link rel=\"canonical\" href=\"https:\/\/www.amstedmaxion.com.br\/desoneracao-da-folha-e-prorrogada-ate-fim-de-2023\/\" \/>\n<meta property=\"og:locale\" content=\"en_US\" \/>\n<meta property=\"og:type\" content=\"article\" \/>\n<meta property=\"og:title\" content=\"Desonera\u00e7\u00e3o da folha \u00e9 prorrogada at\u00e9 fim de 2023 - AmstedMaxion\" \/>\n<meta property=\"og:description\" content=\"Extens\u00e3o da medida foi acertada entre o presidente e representantes do setor produtivo depois de articula\u00e7\u00f5es com o Congresso Valor Econ\u00f4mico &#8211; O presidente Jair Bolsonaro sancionou na noite de sexta-feira sem vetos a lei que prorroga at\u00e9 31 de dezembro de 2023 a desonera\u00e7\u00e3o da folha de pagamento dos 17 setores que mais empregam [&hellip;]\" \/>\n<meta property=\"og:url\" content=\"https:\/\/www.amstedmaxion.com.br\/desoneracao-da-folha-e-prorrogada-ate-fim-de-2023\/\" \/>\n<meta property=\"og:site_name\" content=\"AmstedMaxion\" \/>\n<meta property=\"article:publisher\" content=\"https:\/\/www.facebook.com\/AmstedMaxion.Oficial\" \/>\n<meta property=\"article:published_time\" content=\"2022-01-03T18:57:24+00:00\" \/>\n<meta property=\"article:modified_time\" content=\"2022-01-03T18:57:25+00:00\" \/>\n<meta property=\"og:image\" content=\"https:\/\/www.amstedmaxion.com.br\/wp-content\/uploads\/2022\/01\/desoneracao-folha-Valor.jpg\" \/>\n\t<meta property=\"og:image:width\" content=\"1280\" \/>\n\t<meta property=\"og:image:height\" content=\"720\" \/>\n\t<meta property=\"og:image:type\" content=\"image\/jpeg\" \/>\n<meta name=\"author\" content=\"Rosane Storto\" \/>\n<meta name=\"twitter:card\" content=\"summary_large_image\" \/>\n<meta name=\"twitter:label1\" content=\"Written by\" \/>\n\t<meta name=\"twitter:data1\" content=\"Rosane Storto\" \/>\n\t<meta name=\"twitter:label2\" content=\"Est. reading time\" \/>\n\t<meta name=\"twitter:data2\" content=\"5 minutes\" \/>\n<script type=\"application\/ld+json\" class=\"yoast-schema-graph\">{\"@context\":\"https:\/\/schema.org\",\"@graph\":[{\"@type\":\"Article\",\"@id\":\"https:\/\/www.amstedmaxion.com.br\/desoneracao-da-folha-e-prorrogada-ate-fim-de-2023\/#article\",\"isPartOf\":{\"@id\":\"https:\/\/www.amstedmaxion.com.br\/desoneracao-da-folha-e-prorrogada-ate-fim-de-2023\/\"},\"author\":{\"name\":\"Rosane Storto\",\"@id\":\"https:\/\/www.amstedmaxion.com.br\/#\/schema\/person\/140cb65f07d4e66dd5543c8a187bf436\"},\"headline\":\"Desonera\u00e7\u00e3o da folha \u00e9 prorrogada at\u00e9 fim de 2023\",\"datePublished\":\"2022-01-03T18:57:24+00:00\",\"dateModified\":\"2022-01-03T18:57:25+00:00\",\"mainEntityOfPage\":{\"@id\":\"https:\/\/www.amstedmaxion.com.br\/desoneracao-da-folha-e-prorrogada-ate-fim-de-2023\/\"},\"wordCount\":1077,\"commentCount\":0,\"publisher\":{\"@id\":\"https:\/\/www.amstedmaxion.com.br\/#organization\"},\"image\":{\"@id\":\"https:\/\/www.amstedmaxion.com.br\/desoneracao-da-folha-e-prorrogada-ate-fim-de-2023\/#primaryimage\"},\"thumbnailUrl\":\"https:\/\/www.amstedmaxion.com.br\/wp-content\/uploads\/2022\/01\/desoneracao-folha-Valor.jpg\",\"articleSection\":[\"Newsletter\"],\"inLanguage\":\"en-US\",\"potentialAction\":[{\"@type\":\"CommentAction\",\"name\":\"Comment\",\"target\":[\"https:\/\/www.amstedmaxion.com.br\/desoneracao-da-folha-e-prorrogada-ate-fim-de-2023\/#respond\"]}]},{\"@type\":\"WebPage\",\"@id\":\"https:\/\/www.amstedmaxion.com.br\/desoneracao-da-folha-e-prorrogada-ate-fim-de-2023\/\",\"url\":\"https:\/\/www.amstedmaxion.com.br\/desoneracao-da-folha-e-prorrogada-ate-fim-de-2023\/\",\"name\":\"Desonera\u00e7\u00e3o da folha \u00e9 prorrogada at\u00e9 fim de 2023 - AmstedMaxion\",\"isPartOf\":{\"@id\":\"https:\/\/www.amstedmaxion.com.br\/#website\"},\"primaryImageOfPage\":{\"@id\":\"https:\/\/www.amstedmaxion.com.br\/desoneracao-da-folha-e-prorrogada-ate-fim-de-2023\/#primaryimage\"},\"image\":{\"@id\":\"https:\/\/www.amstedmaxion.com.br\/desoneracao-da-folha-e-prorrogada-ate-fim-de-2023\/#primaryimage\"},\"thumbnailUrl\":\"https:\/\/www.amstedmaxion.com.br\/wp-content\/uploads\/2022\/01\/desoneracao-folha-Valor.jpg\",\"datePublished\":\"2022-01-03T18:57:24+00:00\",\"dateModified\":\"2022-01-03T18:57:25+00:00\",\"breadcrumb\":{\"@id\":\"https:\/\/www.amstedmaxion.com.br\/desoneracao-da-folha-e-prorrogada-ate-fim-de-2023\/#breadcrumb\"},\"inLanguage\":\"en-US\",\"potentialAction\":[{\"@type\":\"ReadAction\",\"target\":[\"https:\/\/www.amstedmaxion.com.br\/desoneracao-da-folha-e-prorrogada-ate-fim-de-2023\/\"]}]},{\"@type\":\"ImageObject\",\"inLanguage\":\"en-US\",\"@id\":\"https:\/\/www.amstedmaxion.com.br\/desoneracao-da-folha-e-prorrogada-ate-fim-de-2023\/#primaryimage\",\"url\":\"https:\/\/www.amstedmaxion.com.br\/wp-content\/uploads\/2022\/01\/desoneracao-folha-Valor.jpg\",\"contentUrl\":\"https:\/\/www.amstedmaxion.com.br\/wp-content\/uploads\/2022\/01\/desoneracao-folha-Valor.jpg\",\"width\":1280,\"height\":720,\"caption\":\"Foto: reprodu\u00e7\u00e3o G1\"},{\"@type\":\"BreadcrumbList\",\"@id\":\"https:\/\/www.amstedmaxion.com.br\/desoneracao-da-folha-e-prorrogada-ate-fim-de-2023\/#breadcrumb\",\"itemListElement\":[{\"@type\":\"ListItem\",\"position\":1,\"name\":\"In\u00edcio\",\"item\":\"https:\/\/www.amstedmaxion.com.br\/\"},{\"@type\":\"ListItem\",\"position\":2,\"name\":\"Desonera\u00e7\u00e3o da folha \u00e9 prorrogada at\u00e9 fim de 2023\"}]},{\"@type\":\"WebSite\",\"@id\":\"https:\/\/www.amstedmaxion.com.br\/#website\",\"url\":\"https:\/\/www.amstedmaxion.com.br\/\",\"name\":\"AmstedMaxion\",\"description\":\"AmstedMaxion - Fundi\u00e7\u00e3o e Equipamentos Ferrovi\u00e1rios\",\"publisher\":{\"@id\":\"https:\/\/www.amstedmaxion.com.br\/#organization\"},\"alternateName\":\"AmstedMaxion\",\"potentialAction\":[{\"@type\":\"SearchAction\",\"target\":{\"@type\":\"EntryPoint\",\"urlTemplate\":\"https:\/\/www.amstedmaxion.com.br\/?s={search_term_string}\"},\"query-input\":{\"@type\":\"PropertyValueSpecification\",\"valueRequired\":true,\"valueName\":\"search_term_string\"}}],\"inLanguage\":\"en-US\"},{\"@type\":\"Organization\",\"@id\":\"https:\/\/www.amstedmaxion.com.br\/#organization\",\"name\":\"AMSTEDMAXION\",\"url\":\"https:\/\/www.amstedmaxion.com.br\/\",\"logo\":{\"@type\":\"ImageObject\",\"inLanguage\":\"en-US\",\"@id\":\"https:\/\/www.amstedmaxion.com.br\/#\/schema\/logo\/image\/\",\"url\":\"https:\/\/www.amstedmaxion.com.br\/wp-content\/uploads\/2023\/11\/amsted.png\",\"contentUrl\":\"https:\/\/www.amstedmaxion.com.br\/wp-content\/uploads\/2023\/11\/amsted.png\",\"width\":500,\"height\":500,\"caption\":\"AMSTEDMAXION\"},\"image\":{\"@id\":\"https:\/\/www.amstedmaxion.com.br\/#\/schema\/logo\/image\/\"},\"sameAs\":[\"https:\/\/www.facebook.com\/AmstedMaxion.Oficial\",\"https:\/\/br.linkedin.com\/company\/amstedmaxion\"]},{\"@type\":\"Person\",\"@id\":\"https:\/\/www.amstedmaxion.com.br\/#\/schema\/person\/140cb65f07d4e66dd5543c8a187bf436\",\"name\":\"Rosane Storto\",\"image\":{\"@type\":\"ImageObject\",\"inLanguage\":\"en-US\",\"@id\":\"https:\/\/www.amstedmaxion.com.br\/#\/schema\/person\/image\/\",\"url\":\"https:\/\/secure.gravatar.com\/avatar\/0e3d021545bbe593cb0eb3ee740544fefa86d59762e63dec1dbe9480a34c98cd?s=96&d=mm&r=g\",\"contentUrl\":\"https:\/\/secure.gravatar.com\/avatar\/0e3d021545bbe593cb0eb3ee740544fefa86d59762e63dec1dbe9480a34c98cd?s=96&d=mm&r=g\",\"caption\":\"Rosane Storto\"}}]}<\/script>\n<!-- \/ Yoast SEO plugin. -->","yoast_head_json":{"title":"Desonera\u00e7\u00e3o da folha \u00e9 prorrogada at\u00e9 fim de 2023 - AmstedMaxion","robots":{"index":"index","follow":"follow","max-snippet":"max-snippet:-1","max-image-preview":"max-image-preview:large","max-video-preview":"max-video-preview:-1"},"canonical":"https:\/\/www.amstedmaxion.com.br\/desoneracao-da-folha-e-prorrogada-ate-fim-de-2023\/","og_locale":"en_US","og_type":"article","og_title":"Desonera\u00e7\u00e3o da folha \u00e9 prorrogada at\u00e9 fim de 2023 - AmstedMaxion","og_description":"Extens\u00e3o da medida foi acertada entre o presidente e representantes do setor produtivo depois de articula\u00e7\u00f5es com o Congresso Valor Econ\u00f4mico &#8211; O presidente Jair Bolsonaro sancionou na noite de sexta-feira sem vetos a lei que prorroga at\u00e9 31 de dezembro de 2023 a desonera\u00e7\u00e3o da folha de pagamento dos 17 setores que mais empregam [&hellip;]","og_url":"https:\/\/www.amstedmaxion.com.br\/desoneracao-da-folha-e-prorrogada-ate-fim-de-2023\/","og_site_name":"AmstedMaxion","article_publisher":"https:\/\/www.facebook.com\/AmstedMaxion.Oficial","article_published_time":"2022-01-03T18:57:24+00:00","article_modified_time":"2022-01-03T18:57:25+00:00","og_image":[{"width":1280,"height":720,"url":"https:\/\/www.amstedmaxion.com.br\/wp-content\/uploads\/2022\/01\/desoneracao-folha-Valor.jpg","type":"image\/jpeg"}],"author":"Rosane Storto","twitter_card":"summary_large_image","twitter_misc":{"Written by":"Rosane Storto","Est. reading time":"5 minutes"},"schema":{"@context":"https:\/\/schema.org","@graph":[{"@type":"Article","@id":"https:\/\/www.amstedmaxion.com.br\/desoneracao-da-folha-e-prorrogada-ate-fim-de-2023\/#article","isPartOf":{"@id":"https:\/\/www.amstedmaxion.com.br\/desoneracao-da-folha-e-prorrogada-ate-fim-de-2023\/"},"author":{"name":"Rosane Storto","@id":"https:\/\/www.amstedmaxion.com.br\/#\/schema\/person\/140cb65f07d4e66dd5543c8a187bf436"},"headline":"Desonera\u00e7\u00e3o da folha \u00e9 prorrogada at\u00e9 fim de 2023","datePublished":"2022-01-03T18:57:24+00:00","dateModified":"2022-01-03T18:57:25+00:00","mainEntityOfPage":{"@id":"https:\/\/www.amstedmaxion.com.br\/desoneracao-da-folha-e-prorrogada-ate-fim-de-2023\/"},"wordCount":1077,"commentCount":0,"publisher":{"@id":"https:\/\/www.amstedmaxion.com.br\/#organization"},"image":{"@id":"https:\/\/www.amstedmaxion.com.br\/desoneracao-da-folha-e-prorrogada-ate-fim-de-2023\/#primaryimage"},"thumbnailUrl":"https:\/\/www.amstedmaxion.com.br\/wp-content\/uploads\/2022\/01\/desoneracao-folha-Valor.jpg","articleSection":["Newsletter"],"inLanguage":"en-US","potentialAction":[{"@type":"CommentAction","name":"Comment","target":["https:\/\/www.amstedmaxion.com.br\/desoneracao-da-folha-e-prorrogada-ate-fim-de-2023\/#respond"]}]},{"@type":"WebPage","@id":"https:\/\/www.amstedmaxion.com.br\/desoneracao-da-folha-e-prorrogada-ate-fim-de-2023\/","url":"https:\/\/www.amstedmaxion.com.br\/desoneracao-da-folha-e-prorrogada-ate-fim-de-2023\/","name":"Desonera\u00e7\u00e3o da folha \u00e9 prorrogada at\u00e9 fim de 2023 - AmstedMaxion","isPartOf":{"@id":"https:\/\/www.amstedmaxion.com.br\/#website"},"primaryImageOfPage":{"@id":"https:\/\/www.amstedmaxion.com.br\/desoneracao-da-folha-e-prorrogada-ate-fim-de-2023\/#primaryimage"},"image":{"@id":"https:\/\/www.amstedmaxion.com.br\/desoneracao-da-folha-e-prorrogada-ate-fim-de-2023\/#primaryimage"},"thumbnailUrl":"https:\/\/www.amstedmaxion.com.br\/wp-content\/uploads\/2022\/01\/desoneracao-folha-Valor.jpg","datePublished":"2022-01-03T18:57:24+00:00","dateModified":"2022-01-03T18:57:25+00:00","breadcrumb":{"@id":"https:\/\/www.amstedmaxion.com.br\/desoneracao-da-folha-e-prorrogada-ate-fim-de-2023\/#breadcrumb"},"inLanguage":"en-US","potentialAction":[{"@type":"ReadAction","target":["https:\/\/www.amstedmaxion.com.br\/desoneracao-da-folha-e-prorrogada-ate-fim-de-2023\/"]}]},{"@type":"ImageObject","inLanguage":"en-US","@id":"https:\/\/www.amstedmaxion.com.br\/desoneracao-da-folha-e-prorrogada-ate-fim-de-2023\/#primaryimage","url":"https:\/\/www.amstedmaxion.com.br\/wp-content\/uploads\/2022\/01\/desoneracao-folha-Valor.jpg","contentUrl":"https:\/\/www.amstedmaxion.com.br\/wp-content\/uploads\/2022\/01\/desoneracao-folha-Valor.jpg","width":1280,"height":720,"caption":"Foto: reprodu\u00e7\u00e3o G1"},{"@type":"BreadcrumbList","@id":"https:\/\/www.amstedmaxion.com.br\/desoneracao-da-folha-e-prorrogada-ate-fim-de-2023\/#breadcrumb","itemListElement":[{"@type":"ListItem","position":1,"name":"In\u00edcio","item":"https:\/\/www.amstedmaxion.com.br\/"},{"@type":"ListItem","position":2,"name":"Desonera\u00e7\u00e3o da folha \u00e9 prorrogada at\u00e9 fim de 2023"}]},{"@type":"WebSite","@id":"https:\/\/www.amstedmaxion.com.br\/#website","url":"https:\/\/www.amstedmaxion.com.br\/","name":"AmstedMaxion","description":"AmstedMaxion - Fundi\u00e7\u00e3o e Equipamentos Ferrovi\u00e1rios","publisher":{"@id":"https:\/\/www.amstedmaxion.com.br\/#organization"},"alternateName":"AmstedMaxion","potentialAction":[{"@type":"SearchAction","target":{"@type":"EntryPoint","urlTemplate":"https:\/\/www.amstedmaxion.com.br\/?s={search_term_string}"},"query-input":{"@type":"PropertyValueSpecification","valueRequired":true,"valueName":"search_term_string"}}],"inLanguage":"en-US"},{"@type":"Organization","@id":"https:\/\/www.amstedmaxion.com.br\/#organization","name":"AMSTEDMAXION","url":"https:\/\/www.amstedmaxion.com.br\/","logo":{"@type":"ImageObject","inLanguage":"en-US","@id":"https:\/\/www.amstedmaxion.com.br\/#\/schema\/logo\/image\/","url":"https:\/\/www.amstedmaxion.com.br\/wp-content\/uploads\/2023\/11\/amsted.png","contentUrl":"https:\/\/www.amstedmaxion.com.br\/wp-content\/uploads\/2023\/11\/amsted.png","width":500,"height":500,"caption":"AMSTEDMAXION"},"image":{"@id":"https:\/\/www.amstedmaxion.com.br\/#\/schema\/logo\/image\/"},"sameAs":["https:\/\/www.facebook.com\/AmstedMaxion.Oficial","https:\/\/br.linkedin.com\/company\/amstedmaxion"]},{"@type":"Person","@id":"https:\/\/www.amstedmaxion.com.br\/#\/schema\/person\/140cb65f07d4e66dd5543c8a187bf436","name":"Rosane Storto","image":{"@type":"ImageObject","inLanguage":"en-US","@id":"https:\/\/www.amstedmaxion.com.br\/#\/schema\/person\/image\/","url":"https:\/\/secure.gravatar.com\/avatar\/0e3d021545bbe593cb0eb3ee740544fefa86d59762e63dec1dbe9480a34c98cd?s=96&d=mm&r=g","contentUrl":"https:\/\/secure.gravatar.com\/avatar\/0e3d021545bbe593cb0eb3ee740544fefa86d59762e63dec1dbe9480a34c98cd?s=96&d=mm&r=g","caption":"Rosane Storto"}}]}},"_links":{"self":[{"href":"https:\/\/www.amstedmaxion.com.br\/en\/wp-json\/wp\/v2\/posts\/34976","targetHints":{"allow":["GET"]}}],"collection":[{"href":"https:\/\/www.amstedmaxion.com.br\/en\/wp-json\/wp\/v2\/posts"}],"about":[{"href":"https:\/\/www.amstedmaxion.com.br\/en\/wp-json\/wp\/v2\/types\/post"}],"author":[{"embeddable":true,"href":"https:\/\/www.amstedmaxion.com.br\/en\/wp-json\/wp\/v2\/users\/5"}],"replies":[{"embeddable":true,"href":"https:\/\/www.amstedmaxion.com.br\/en\/wp-json\/wp\/v2\/comments?post=34976"}],"version-history":[{"count":1,"href":"https:\/\/www.amstedmaxion.com.br\/en\/wp-json\/wp\/v2\/posts\/34976\/revisions"}],"predecessor-version":[{"id":34978,"href":"https:\/\/www.amstedmaxion.com.br\/en\/wp-json\/wp\/v2\/posts\/34976\/revisions\/34978"}],"wp:featuredmedia":[{"embeddable":true,"href":"https:\/\/www.amstedmaxion.com.br\/en\/wp-json\/wp\/v2\/media\/34977"}],"wp:attachment":[{"href":"https:\/\/www.amstedmaxion.com.br\/en\/wp-json\/wp\/v2\/media?parent=34976"}],"wp:term":[{"taxonomy":"category","embeddable":true,"href":"https:\/\/www.amstedmaxion.com.br\/en\/wp-json\/wp\/v2\/categories?post=34976"},{"taxonomy":"post_tag","embeddable":true,"href":"https:\/\/www.amstedmaxion.com.br\/en\/wp-json\/wp\/v2\/tags?post=34976"}],"curies":[{"name":"wp","href":"https:\/\/api.w.org\/{rel}","templated":true}]}}