{"id":35100,"date":"2022-01-10T17:13:22","date_gmt":"2022-01-10T20:13:22","guid":{"rendered":"https:\/\/www.amstedmaxion.com.br\/?p=35100"},"modified":"2022-01-10T17:13:24","modified_gmt":"2022-01-10T20:13:24","slug":"vendas-de-maquinas-agricolas-caem-159-em-novembro-ante-outubro-diz-fenabrave","status":"publish","type":"post","link":"https:\/\/www.amstedmaxion.com.br\/en\/vendas-de-maquinas-agricolas-caem-159-em-novembro-ante-outubro-diz-fenabrave\/","title":{"rendered":"Vendas de m\u00e1quinas agr\u00edcolas caem 15,9% em novembro ante outubro, diz Fenabrave"},"content":{"rendered":"\n<p>Dinheiro Rural &#8211; As vendas de m\u00e1quinas agr\u00edcolas, entre tratores e colheitadeiras, somaram 5,2 mil unidades em novembro, com queda de 15,9% em rela\u00e7\u00e3o ao total de outubro. O balan\u00e7o foi divulgado nesta quinta-feira, 6, pela Fenabrave, associa\u00e7\u00e3o que, al\u00e9m das concession\u00e1rias de autom\u00f3veis, representa revendedores de equipamentos usados no campo.<\/p>\n\n\n\n<p>Como n\u00e3o se trata de emplacamentos, que podem ser atualizados diariamente, os n\u00fameros de m\u00e1quinas agr\u00edcolas precisam ser levantados com os fabricantes. Por isso, as estat\u00edsticas t\u00eam defasagem de um m\u00eas em rela\u00e7\u00e3o ao balan\u00e7o das vendas de carros, cujos resultados divulgados nesta quinta pela Fenabrave s\u00e3o relativos a dezembro.<\/p>\n\n\n\n<p>Frente a novembro de 2020, as vendas de tratores e colheitadeiras tiveram alta de 24,8%, levando o crescimento de volume acumulado nos onze primeiros meses do ano para 28,3%, num total de 52,7 mil unidades.<\/p>\n\n\n\n<p>Ao comentar os resultados, o novo presidente da Fenabrave, Jos\u00e9 Maur\u00edcio Andreta J\u00fanior, considerou que a queda das m\u00e1quinas agr\u00edcolas em novembro representa um ajuste do patamar &#8220;bastante alto&#8221; dos meses anteriores.<\/p>\n\n\n\n<figure class=\"wp-block-image size-large is-resized\"><img loading=\"lazy\" decoding=\"async\" src=\"https:\/\/www.amstedmaxion.com.br\/wp-content\/uploads\/2021\/11\/pages-1.jpg\" alt=\"\" class=\"wp-image-34647\" width=\"385\" height=\"257\"\/><figcaption>Foto: Divulga\u00e7\u00e3o \/ John Deere <\/figcaption><\/figure>\n\n\n\n<p>Fonte: Dinheiro Rural \/ Estad\u00e3o Conte\u00fado (https:\/\/www.dinheirorural.com.br\/vendas-de-maquinas-agricolas-caem-159-em-novembro-ante-outubro-diz-fenabrave\/)<\/p>\n","protected":false},"excerpt":{"rendered":"<p>Dinheiro Rural &#8211; As vendas de m\u00e1quinas agr\u00edcolas, entre tratores e colheitadeiras, somaram 5,2 mil unidades em novembro, com queda de 15,9% em rela\u00e7\u00e3o ao total de outubro. O balan\u00e7o foi divulgado nesta quinta-feira, 6, pela Fenabrave, associa\u00e7\u00e3o que, al\u00e9m das concession\u00e1rias de autom\u00f3veis, representa revendedores de equipamentos usados no campo. Como n\u00e3o se trata [&hellip;]<\/p>\n","protected":false},"author":5,"featured_media":34647,"comment_status":"open","ping_status":"open","sticky":false,"template":"","format":"standard","meta":{"_acf_changed":false,"footnotes":""},"categories":[148],"tags":[],"class_list":["post-35100","post","type-post","status-publish","format-standard","has-post-thumbnail","hentry","category-newsletter"],"acf":[],"yoast_head":"<!-- This site is optimized with the Yoast SEO plugin v23.9 - https:\/\/yoast.com\/wordpress\/plugins\/seo\/ -->\n<title>Vendas de m\u00e1quinas agr\u00edcolas caem 15,9% em novembro ante outubro, diz Fenabrave - AmstedMaxion<\/title>\n<meta name=\"robots\" content=\"index, follow, max-snippet:-1, max-image-preview:large, max-video-preview:-1\" \/>\n<link rel=\"canonical\" href=\"https:\/\/www.amstedmaxion.com.br\/vendas-de-maquinas-agricolas-caem-159-em-novembro-ante-outubro-diz-fenabrave\/\" \/>\n<meta property=\"og:locale\" content=\"en_US\" \/>\n<meta property=\"og:type\" content=\"article\" \/>\n<meta property=\"og:title\" content=\"Vendas de m\u00e1quinas agr\u00edcolas caem 15,9% em novembro ante outubro, diz Fenabrave - AmstedMaxion\" \/>\n<meta property=\"og:description\" content=\"Dinheiro Rural &#8211; As vendas de m\u00e1quinas agr\u00edcolas, entre tratores e colheitadeiras, somaram 5,2 mil unidades em novembro, com queda de 15,9% em rela\u00e7\u00e3o ao total de outubro. O balan\u00e7o foi divulgado nesta quinta-feira, 6, pela Fenabrave, associa\u00e7\u00e3o que, al\u00e9m das concession\u00e1rias de autom\u00f3veis, representa revendedores de equipamentos usados no campo. Como n\u00e3o se trata [&hellip;]\" \/>\n<meta property=\"og:url\" content=\"https:\/\/www.amstedmaxion.com.br\/vendas-de-maquinas-agricolas-caem-159-em-novembro-ante-outubro-diz-fenabrave\/\" \/>\n<meta property=\"og:site_name\" content=\"AmstedMaxion\" \/>\n<meta property=\"article:publisher\" content=\"https:\/\/www.facebook.com\/AmstedMaxion.Oficial\" \/>\n<meta property=\"article:published_time\" content=\"2022-01-10T20:13:22+00:00\" \/>\n<meta property=\"article:modified_time\" content=\"2022-01-10T20:13:24+00:00\" \/>\n<meta property=\"og:image\" content=\"https:\/\/www.amstedmaxion.com.br\/wp-content\/uploads\/2021\/11\/pages-1.jpg\" \/>\n\t<meta property=\"og:image:width\" content=\"600\" \/>\n\t<meta property=\"og:image:height\" content=\"401\" \/>\n\t<meta property=\"og:image:type\" content=\"image\/jpeg\" \/>\n<meta name=\"author\" content=\"Rosane Storto\" \/>\n<meta name=\"twitter:card\" content=\"summary_large_image\" \/>\n<meta name=\"twitter:label1\" content=\"Written by\" \/>\n\t<meta name=\"twitter:data1\" content=\"Rosane Storto\" \/>\n\t<meta name=\"twitter:label2\" content=\"Est. reading time\" \/>\n\t<meta name=\"twitter:data2\" content=\"1 minute\" \/>\n<script type=\"application\/ld+json\" class=\"yoast-schema-graph\">{\"@context\":\"https:\/\/schema.org\",\"@graph\":[{\"@type\":\"Article\",\"@id\":\"https:\/\/www.amstedmaxion.com.br\/vendas-de-maquinas-agricolas-caem-159-em-novembro-ante-outubro-diz-fenabrave\/#article\",\"isPartOf\":{\"@id\":\"https:\/\/www.amstedmaxion.com.br\/vendas-de-maquinas-agricolas-caem-159-em-novembro-ante-outubro-diz-fenabrave\/\"},\"author\":{\"name\":\"Rosane Storto\",\"@id\":\"https:\/\/www.amstedmaxion.com.br\/#\/schema\/person\/140cb65f07d4e66dd5543c8a187bf436\"},\"headline\":\"Vendas de m\u00e1quinas agr\u00edcolas caem 15,9% em novembro ante outubro, diz Fenabrave\",\"datePublished\":\"2022-01-10T20:13:22+00:00\",\"dateModified\":\"2022-01-10T20:13:24+00:00\",\"mainEntityOfPage\":{\"@id\":\"https:\/\/www.amstedmaxion.com.br\/vendas-de-maquinas-agricolas-caem-159-em-novembro-ante-outubro-diz-fenabrave\/\"},\"wordCount\":215,\"commentCount\":0,\"publisher\":{\"@id\":\"https:\/\/www.amstedmaxion.com.br\/#organization\"},\"image\":{\"@id\":\"https:\/\/www.amstedmaxion.com.br\/vendas-de-maquinas-agricolas-caem-159-em-novembro-ante-outubro-diz-fenabrave\/#primaryimage\"},\"thumbnailUrl\":\"https:\/\/www.amstedmaxion.com.br\/wp-content\/uploads\/2021\/11\/pages-1.jpg\",\"articleSection\":[\"Newsletter\"],\"inLanguage\":\"en-US\",\"potentialAction\":[{\"@type\":\"CommentAction\",\"name\":\"Comment\",\"target\":[\"https:\/\/www.amstedmaxion.com.br\/vendas-de-maquinas-agricolas-caem-159-em-novembro-ante-outubro-diz-fenabrave\/#respond\"]}]},{\"@type\":\"WebPage\",\"@id\":\"https:\/\/www.amstedmaxion.com.br\/vendas-de-maquinas-agricolas-caem-159-em-novembro-ante-outubro-diz-fenabrave\/\",\"url\":\"https:\/\/www.amstedmaxion.com.br\/vendas-de-maquinas-agricolas-caem-159-em-novembro-ante-outubro-diz-fenabrave\/\",\"name\":\"Vendas de m\u00e1quinas agr\u00edcolas caem 15,9% em novembro ante outubro, diz Fenabrave - AmstedMaxion\",\"isPartOf\":{\"@id\":\"https:\/\/www.amstedmaxion.com.br\/#website\"},\"primaryImageOfPage\":{\"@id\":\"https:\/\/www.amstedmaxion.com.br\/vendas-de-maquinas-agricolas-caem-159-em-novembro-ante-outubro-diz-fenabrave\/#primaryimage\"},\"image\":{\"@id\":\"https:\/\/www.amstedmaxion.com.br\/vendas-de-maquinas-agricolas-caem-159-em-novembro-ante-outubro-diz-fenabrave\/#primaryimage\"},\"thumbnailUrl\":\"https:\/\/www.amstedmaxion.com.br\/wp-content\/uploads\/2021\/11\/pages-1.jpg\",\"datePublished\":\"2022-01-10T20:13:22+00:00\",\"dateModified\":\"2022-01-10T20:13:24+00:00\",\"breadcrumb\":{\"@id\":\"https:\/\/www.amstedmaxion.com.br\/vendas-de-maquinas-agricolas-caem-159-em-novembro-ante-outubro-diz-fenabrave\/#breadcrumb\"},\"inLanguage\":\"en-US\",\"potentialAction\":[{\"@type\":\"ReadAction\",\"target\":[\"https:\/\/www.amstedmaxion.com.br\/vendas-de-maquinas-agricolas-caem-159-em-novembro-ante-outubro-diz-fenabrave\/\"]}]},{\"@type\":\"ImageObject\",\"inLanguage\":\"en-US\",\"@id\":\"https:\/\/www.amstedmaxion.com.br\/vendas-de-maquinas-agricolas-caem-159-em-novembro-ante-outubro-diz-fenabrave\/#primaryimage\",\"url\":\"https:\/\/www.amstedmaxion.com.br\/wp-content\/uploads\/2021\/11\/pages-1.jpg\",\"contentUrl\":\"https:\/\/www.amstedmaxion.com.br\/wp-content\/uploads\/2021\/11\/pages-1.jpg\",\"width\":600,\"height\":401,\"caption\":\"Foto: Divulga\u00e7\u00e3o \/ John Deere\"},{\"@type\":\"BreadcrumbList\",\"@id\":\"https:\/\/www.amstedmaxion.com.br\/vendas-de-maquinas-agricolas-caem-159-em-novembro-ante-outubro-diz-fenabrave\/#breadcrumb\",\"itemListElement\":[{\"@type\":\"ListItem\",\"position\":1,\"name\":\"In\u00edcio\",\"item\":\"https:\/\/www.amstedmaxion.com.br\/\"},{\"@type\":\"ListItem\",\"position\":2,\"name\":\"Vendas de m\u00e1quinas agr\u00edcolas caem 15,9% em novembro ante outubro, diz Fenabrave\"}]},{\"@type\":\"WebSite\",\"@id\":\"https:\/\/www.amstedmaxion.com.br\/#website\",\"url\":\"https:\/\/www.amstedmaxion.com.br\/\",\"name\":\"AmstedMaxion\",\"description\":\"AmstedMaxion - Fundi\u00e7\u00e3o e Equipamentos Ferrovi\u00e1rios\",\"publisher\":{\"@id\":\"https:\/\/www.amstedmaxion.com.br\/#organization\"},\"alternateName\":\"AmstedMaxion\",\"potentialAction\":[{\"@type\":\"SearchAction\",\"target\":{\"@type\":\"EntryPoint\",\"urlTemplate\":\"https:\/\/www.amstedmaxion.com.br\/?s={search_term_string}\"},\"query-input\":{\"@type\":\"PropertyValueSpecification\",\"valueRequired\":true,\"valueName\":\"search_term_string\"}}],\"inLanguage\":\"en-US\"},{\"@type\":\"Organization\",\"@id\":\"https:\/\/www.amstedmaxion.com.br\/#organization\",\"name\":\"AMSTEDMAXION\",\"url\":\"https:\/\/www.amstedmaxion.com.br\/\",\"logo\":{\"@type\":\"ImageObject\",\"inLanguage\":\"en-US\",\"@id\":\"https:\/\/www.amstedmaxion.com.br\/#\/schema\/logo\/image\/\",\"url\":\"https:\/\/www.amstedmaxion.com.br\/wp-content\/uploads\/2023\/11\/amsted.png\",\"contentUrl\":\"https:\/\/www.amstedmaxion.com.br\/wp-content\/uploads\/2023\/11\/amsted.png\",\"width\":500,\"height\":500,\"caption\":\"AMSTEDMAXION\"},\"image\":{\"@id\":\"https:\/\/www.amstedmaxion.com.br\/#\/schema\/logo\/image\/\"},\"sameAs\":[\"https:\/\/www.facebook.com\/AmstedMaxion.Oficial\",\"https:\/\/br.linkedin.com\/company\/amstedmaxion\"]},{\"@type\":\"Person\",\"@id\":\"https:\/\/www.amstedmaxion.com.br\/#\/schema\/person\/140cb65f07d4e66dd5543c8a187bf436\",\"name\":\"Rosane Storto\",\"image\":{\"@type\":\"ImageObject\",\"inLanguage\":\"en-US\",\"@id\":\"https:\/\/www.amstedmaxion.com.br\/#\/schema\/person\/image\/\",\"url\":\"https:\/\/secure.gravatar.com\/avatar\/0e3d021545bbe593cb0eb3ee740544fefa86d59762e63dec1dbe9480a34c98cd?s=96&d=mm&r=g\",\"contentUrl\":\"https:\/\/secure.gravatar.com\/avatar\/0e3d021545bbe593cb0eb3ee740544fefa86d59762e63dec1dbe9480a34c98cd?s=96&d=mm&r=g\",\"caption\":\"Rosane Storto\"}}]}<\/script>\n<!-- \/ Yoast SEO plugin. -->","yoast_head_json":{"title":"Vendas de m\u00e1quinas agr\u00edcolas caem 15,9% em novembro ante outubro, diz Fenabrave - AmstedMaxion","robots":{"index":"index","follow":"follow","max-snippet":"max-snippet:-1","max-image-preview":"max-image-preview:large","max-video-preview":"max-video-preview:-1"},"canonical":"https:\/\/www.amstedmaxion.com.br\/vendas-de-maquinas-agricolas-caem-159-em-novembro-ante-outubro-diz-fenabrave\/","og_locale":"en_US","og_type":"article","og_title":"Vendas de m\u00e1quinas agr\u00edcolas caem 15,9% em novembro ante outubro, diz Fenabrave - AmstedMaxion","og_description":"Dinheiro Rural &#8211; As vendas de m\u00e1quinas agr\u00edcolas, entre tratores e colheitadeiras, somaram 5,2 mil unidades em novembro, com queda de 15,9% em rela\u00e7\u00e3o ao total de outubro. O balan\u00e7o foi divulgado nesta quinta-feira, 6, pela Fenabrave, associa\u00e7\u00e3o que, al\u00e9m das concession\u00e1rias de autom\u00f3veis, representa revendedores de equipamentos usados no campo. Como n\u00e3o se trata [&hellip;]","og_url":"https:\/\/www.amstedmaxion.com.br\/vendas-de-maquinas-agricolas-caem-159-em-novembro-ante-outubro-diz-fenabrave\/","og_site_name":"AmstedMaxion","article_publisher":"https:\/\/www.facebook.com\/AmstedMaxion.Oficial","article_published_time":"2022-01-10T20:13:22+00:00","article_modified_time":"2022-01-10T20:13:24+00:00","og_image":[{"width":600,"height":401,"url":"https:\/\/www.amstedmaxion.com.br\/wp-content\/uploads\/2021\/11\/pages-1.jpg","type":"image\/jpeg"}],"author":"Rosane Storto","twitter_card":"summary_large_image","twitter_misc":{"Written by":"Rosane Storto","Est. reading time":"1 minute"},"schema":{"@context":"https:\/\/schema.org","@graph":[{"@type":"Article","@id":"https:\/\/www.amstedmaxion.com.br\/vendas-de-maquinas-agricolas-caem-159-em-novembro-ante-outubro-diz-fenabrave\/#article","isPartOf":{"@id":"https:\/\/www.amstedmaxion.com.br\/vendas-de-maquinas-agricolas-caem-159-em-novembro-ante-outubro-diz-fenabrave\/"},"author":{"name":"Rosane Storto","@id":"https:\/\/www.amstedmaxion.com.br\/#\/schema\/person\/140cb65f07d4e66dd5543c8a187bf436"},"headline":"Vendas de m\u00e1quinas agr\u00edcolas caem 15,9% em novembro ante outubro, diz Fenabrave","datePublished":"2022-01-10T20:13:22+00:00","dateModified":"2022-01-10T20:13:24+00:00","mainEntityOfPage":{"@id":"https:\/\/www.amstedmaxion.com.br\/vendas-de-maquinas-agricolas-caem-159-em-novembro-ante-outubro-diz-fenabrave\/"},"wordCount":215,"commentCount":0,"publisher":{"@id":"https:\/\/www.amstedmaxion.com.br\/#organization"},"image":{"@id":"https:\/\/www.amstedmaxion.com.br\/vendas-de-maquinas-agricolas-caem-159-em-novembro-ante-outubro-diz-fenabrave\/#primaryimage"},"thumbnailUrl":"https:\/\/www.amstedmaxion.com.br\/wp-content\/uploads\/2021\/11\/pages-1.jpg","articleSection":["Newsletter"],"inLanguage":"en-US","potentialAction":[{"@type":"CommentAction","name":"Comment","target":["https:\/\/www.amstedmaxion.com.br\/vendas-de-maquinas-agricolas-caem-159-em-novembro-ante-outubro-diz-fenabrave\/#respond"]}]},{"@type":"WebPage","@id":"https:\/\/www.amstedmaxion.com.br\/vendas-de-maquinas-agricolas-caem-159-em-novembro-ante-outubro-diz-fenabrave\/","url":"https:\/\/www.amstedmaxion.com.br\/vendas-de-maquinas-agricolas-caem-159-em-novembro-ante-outubro-diz-fenabrave\/","name":"Vendas de m\u00e1quinas agr\u00edcolas caem 15,9% em novembro ante outubro, diz Fenabrave - AmstedMaxion","isPartOf":{"@id":"https:\/\/www.amstedmaxion.com.br\/#website"},"primaryImageOfPage":{"@id":"https:\/\/www.amstedmaxion.com.br\/vendas-de-maquinas-agricolas-caem-159-em-novembro-ante-outubro-diz-fenabrave\/#primaryimage"},"image":{"@id":"https:\/\/www.amstedmaxion.com.br\/vendas-de-maquinas-agricolas-caem-159-em-novembro-ante-outubro-diz-fenabrave\/#primaryimage"},"thumbnailUrl":"https:\/\/www.amstedmaxion.com.br\/wp-content\/uploads\/2021\/11\/pages-1.jpg","datePublished":"2022-01-10T20:13:22+00:00","dateModified":"2022-01-10T20:13:24+00:00","breadcrumb":{"@id":"https:\/\/www.amstedmaxion.com.br\/vendas-de-maquinas-agricolas-caem-159-em-novembro-ante-outubro-diz-fenabrave\/#breadcrumb"},"inLanguage":"en-US","potentialAction":[{"@type":"ReadAction","target":["https:\/\/www.amstedmaxion.com.br\/vendas-de-maquinas-agricolas-caem-159-em-novembro-ante-outubro-diz-fenabrave\/"]}]},{"@type":"ImageObject","inLanguage":"en-US","@id":"https:\/\/www.amstedmaxion.com.br\/vendas-de-maquinas-agricolas-caem-159-em-novembro-ante-outubro-diz-fenabrave\/#primaryimage","url":"https:\/\/www.amstedmaxion.com.br\/wp-content\/uploads\/2021\/11\/pages-1.jpg","contentUrl":"https:\/\/www.amstedmaxion.com.br\/wp-content\/uploads\/2021\/11\/pages-1.jpg","width":600,"height":401,"caption":"Foto: Divulga\u00e7\u00e3o \/ John Deere"},{"@type":"BreadcrumbList","@id":"https:\/\/www.amstedmaxion.com.br\/vendas-de-maquinas-agricolas-caem-159-em-novembro-ante-outubro-diz-fenabrave\/#breadcrumb","itemListElement":[{"@type":"ListItem","position":1,"name":"In\u00edcio","item":"https:\/\/www.amstedmaxion.com.br\/"},{"@type":"ListItem","position":2,"name":"Vendas de m\u00e1quinas agr\u00edcolas caem 15,9% em novembro ante outubro, diz Fenabrave"}]},{"@type":"WebSite","@id":"https:\/\/www.amstedmaxion.com.br\/#website","url":"https:\/\/www.amstedmaxion.com.br\/","name":"AmstedMaxion","description":"AmstedMaxion - Fundi\u00e7\u00e3o e Equipamentos Ferrovi\u00e1rios","publisher":{"@id":"https:\/\/www.amstedmaxion.com.br\/#organization"},"alternateName":"AmstedMaxion","potentialAction":[{"@type":"SearchAction","target":{"@type":"EntryPoint","urlTemplate":"https:\/\/www.amstedmaxion.com.br\/?s={search_term_string}"},"query-input":{"@type":"PropertyValueSpecification","valueRequired":true,"valueName":"search_term_string"}}],"inLanguage":"en-US"},{"@type":"Organization","@id":"https:\/\/www.amstedmaxion.com.br\/#organization","name":"AMSTEDMAXION","url":"https:\/\/www.amstedmaxion.com.br\/","logo":{"@type":"ImageObject","inLanguage":"en-US","@id":"https:\/\/www.amstedmaxion.com.br\/#\/schema\/logo\/image\/","url":"https:\/\/www.amstedmaxion.com.br\/wp-content\/uploads\/2023\/11\/amsted.png","contentUrl":"https:\/\/www.amstedmaxion.com.br\/wp-content\/uploads\/2023\/11\/amsted.png","width":500,"height":500,"caption":"AMSTEDMAXION"},"image":{"@id":"https:\/\/www.amstedmaxion.com.br\/#\/schema\/logo\/image\/"},"sameAs":["https:\/\/www.facebook.com\/AmstedMaxion.Oficial","https:\/\/br.linkedin.com\/company\/amstedmaxion"]},{"@type":"Person","@id":"https:\/\/www.amstedmaxion.com.br\/#\/schema\/person\/140cb65f07d4e66dd5543c8a187bf436","name":"Rosane Storto","image":{"@type":"ImageObject","inLanguage":"en-US","@id":"https:\/\/www.amstedmaxion.com.br\/#\/schema\/person\/image\/","url":"https:\/\/secure.gravatar.com\/avatar\/0e3d021545bbe593cb0eb3ee740544fefa86d59762e63dec1dbe9480a34c98cd?s=96&d=mm&r=g","contentUrl":"https:\/\/secure.gravatar.com\/avatar\/0e3d021545bbe593cb0eb3ee740544fefa86d59762e63dec1dbe9480a34c98cd?s=96&d=mm&r=g","caption":"Rosane Storto"}}]}},"_links":{"self":[{"href":"https:\/\/www.amstedmaxion.com.br\/en\/wp-json\/wp\/v2\/posts\/35100","targetHints":{"allow":["GET"]}}],"collection":[{"href":"https:\/\/www.amstedmaxion.com.br\/en\/wp-json\/wp\/v2\/posts"}],"about":[{"href":"https:\/\/www.amstedmaxion.com.br\/en\/wp-json\/wp\/v2\/types\/post"}],"author":[{"embeddable":true,"href":"https:\/\/www.amstedmaxion.com.br\/en\/wp-json\/wp\/v2\/users\/5"}],"replies":[{"embeddable":true,"href":"https:\/\/www.amstedmaxion.com.br\/en\/wp-json\/wp\/v2\/comments?post=35100"}],"version-history":[{"count":1,"href":"https:\/\/www.amstedmaxion.com.br\/en\/wp-json\/wp\/v2\/posts\/35100\/revisions"}],"predecessor-version":[{"id":35101,"href":"https:\/\/www.amstedmaxion.com.br\/en\/wp-json\/wp\/v2\/posts\/35100\/revisions\/35101"}],"wp:featuredmedia":[{"embeddable":true,"href":"https:\/\/www.amstedmaxion.com.br\/en\/wp-json\/wp\/v2\/media\/34647"}],"wp:attachment":[{"href":"https:\/\/www.amstedmaxion.com.br\/en\/wp-json\/wp\/v2\/media?parent=35100"}],"wp:term":[{"taxonomy":"category","embeddable":true,"href":"https:\/\/www.amstedmaxion.com.br\/en\/wp-json\/wp\/v2\/categories?post=35100"},{"taxonomy":"post_tag","embeddable":true,"href":"https:\/\/www.amstedmaxion.com.br\/en\/wp-json\/wp\/v2\/tags?post=35100"}],"curies":[{"name":"wp","href":"https:\/\/api.w.org\/{rel}","templated":true}]}}