{"id":35390,"date":"2022-01-20T17:10:25","date_gmt":"2022-01-20T20:10:25","guid":{"rendered":"https:\/\/www.amstedmaxion.com.br\/?p=35390"},"modified":"2022-01-20T17:10:27","modified_gmt":"2022-01-20T20:10:27","slug":"em-reuniao-com-guedes-setores-da-industria-projetam-crescer-ate-dois-digitos-em-2022","status":"publish","type":"post","link":"https:\/\/www.amstedmaxion.com.br\/en\/em-reuniao-com-guedes-setores-da-industria-projetam-crescer-ate-dois-digitos-em-2022\/","title":{"rendered":"Em reuni\u00e3o com Guedes, setores da ind\u00fastria projetam crescer at\u00e9 dois d\u00edgitos em 2022"},"content":{"rendered":"\n<p>Valor Econ\u00f4mico &#8211; Em reuni\u00e3o com o ministro da Economia, Paulo Guedes, nessa sexta-feira (14) representantes de 13 setores da ind\u00fastria estimaram crescimento em 2022 frente ao ano passado. De acordo com documento da Coaliz\u00e3o Ind\u00fastria, entregue a Guedes e ao qual o Valor teve acesso, h\u00e1 perspectiva de aumento na produ\u00e7\u00e3o, investimentos e exporta\u00e7\u00f5es em pelo menos dez segmentos.<\/p>\n\n\n\n<p>A ind\u00fastria do a\u00e7o, por exemplo, projeta crescer seu faturamento em 2,5% em 2022, enquanto a ind\u00fastria de brinquedos, 11%, o setor automotivo, 8,5%, eletr\u00f4nicos, 9%, e cimento, 1%.<\/p>\n\n\n\n<p>Jos\u00e9 Velloso Dias, presidente executivo da Associa\u00e7\u00e3o Brasileira da Ind\u00fastria de M\u00e1quinas e Equipamentos (Abimaq), disse que esses segmentos industriais fizeram quest\u00e3o de demonstrar otimismo, apesar da Selic e infla\u00e7\u00e3o altas. Apenas a entidade espera uma alta de 4,5% na produ\u00e7\u00e3o nacional e de 6% em suas vendas neste ano.<\/p>\n\n\n\n<p>\u201cA despeito de ser ano eleitoral e um ano em que o Banco Central deve aumentar mais os juros, a gente acredita que em 2022 tamb\u00e9m ser\u00e1 poss\u00edvel aprovar a reforma tribut\u00e1ria, concluir as privatiza\u00e7\u00f5es de Correios e Eletrobras e avan\u00e7ar com marcos regulat\u00f3rios importantes\u201d, afirmou.<\/p>\n\n\n\n<p>De acordo com Velloso, Guedes se mostrou convergente com as prioridades do grupo de industriais, que tamb\u00e9m inclui ampliar as exporta\u00e7\u00f5es de bens manufaturados, melhorar o acesso ao cr\u00e9dito para pequenas e m\u00e9dias empresas e atrair mais ind\u00fastrias estrat\u00e9gicas para o pa\u00eds, como no segmento de semicondutores. \u201cSe a gente conseguir avan\u00e7ar com essas reformas e prioridades em 2022, daremos um belo passo\u201d, acrescentou o executivo da ind\u00fastria qu\u00edmica.<\/p>\n\n\n\n<p>Executivos do grupo Coaliz\u00e3o Ind\u00fastria t\u00eam se reunido mensalmente com Guedes para tra\u00e7ar estrat\u00e9gias macroecon\u00f4micas e debater o quadro da ind\u00fastria.<\/p>\n\n\n\n<figure class=\"wp-block-image size-large is-resized\"><img loading=\"lazy\" decoding=\"async\" src=\"https:\/\/www.amstedmaxion.com.br\/wp-content\/uploads\/2022\/01\/Industria-Marcelo-Camargo-ABr.jpg\" alt=\"\" class=\"wp-image-35392\" width=\"385\" height=\"385\"\/><figcaption>Proje\u00e7\u00f5es: ind\u00fastria do a\u00e7o, por exemplo, projeta crescer seu faturamento em 2,5% em 2022, enquanto a ind\u00fastria de brinquedos, 11% \u2014 Foto: Marcelo Camargo\/ABr<\/figcaption><\/figure>\n\n\n\n<p>Fonte: Valor Econ\u00f4mico (<a href=\"https:\/\/valor.globo.com\/brasil\/noticia\/2022\/01\/14\/em-reunio-com-guedes-setores-da-indstria-projetam-crescer-at-dois-dgitos-em-2022.ghtml\">https:\/\/valor.globo.com\/brasil\/noticia\/2022\/01\/14\/em-reunio-com-guedes-setores-da-indstria-projetam-crescer-at-dois-dgitos-em-2022.ghtml<\/a>)<\/p>\n\n\n\n<p><\/p>\n","protected":false},"excerpt":{"rendered":"<p>Valor Econ\u00f4mico &#8211; Em reuni\u00e3o com o ministro da Economia, Paulo Guedes, nessa sexta-feira (14) representantes de 13 setores da ind\u00fastria estimaram crescimento em 2022 frente ao ano passado. De acordo com documento da Coaliz\u00e3o Ind\u00fastria, entregue a Guedes e ao qual o Valor teve acesso, h\u00e1 perspectiva de aumento na produ\u00e7\u00e3o, investimentos e exporta\u00e7\u00f5es [&hellip;]<\/p>\n","protected":false},"author":5,"featured_media":0,"comment_status":"open","ping_status":"open","sticky":false,"template":"","format":"standard","meta":{"_acf_changed":false,"footnotes":""},"categories":[148],"tags":[],"class_list":["post-35390","post","type-post","status-publish","format-standard","hentry","category-newsletter"],"acf":[],"yoast_head":"<!-- This site is optimized with the Yoast SEO plugin v23.9 - https:\/\/yoast.com\/wordpress\/plugins\/seo\/ -->\n<title>Em reuni\u00e3o com Guedes, setores da ind\u00fastria projetam crescer at\u00e9 dois d\u00edgitos em 2022 - AmstedMaxion<\/title>\n<meta name=\"robots\" content=\"index, follow, max-snippet:-1, max-image-preview:large, max-video-preview:-1\" \/>\n<link rel=\"canonical\" href=\"https:\/\/www.amstedmaxion.com.br\/em-reuniao-com-guedes-setores-da-industria-projetam-crescer-ate-dois-digitos-em-2022\/\" \/>\n<meta property=\"og:locale\" content=\"en_US\" \/>\n<meta property=\"og:type\" content=\"article\" \/>\n<meta property=\"og:title\" content=\"Em reuni\u00e3o com Guedes, setores da ind\u00fastria projetam crescer at\u00e9 dois d\u00edgitos em 2022 - AmstedMaxion\" \/>\n<meta property=\"og:description\" content=\"Valor Econ\u00f4mico &#8211; Em reuni\u00e3o com o ministro da Economia, Paulo Guedes, nessa sexta-feira (14) representantes de 13 setores da ind\u00fastria estimaram crescimento em 2022 frente ao ano passado. De acordo com documento da Coaliz\u00e3o Ind\u00fastria, entregue a Guedes e ao qual o Valor teve acesso, h\u00e1 perspectiva de aumento na produ\u00e7\u00e3o, investimentos e exporta\u00e7\u00f5es [&hellip;]\" \/>\n<meta property=\"og:url\" content=\"https:\/\/www.amstedmaxion.com.br\/em-reuniao-com-guedes-setores-da-industria-projetam-crescer-ate-dois-digitos-em-2022\/\" \/>\n<meta property=\"og:site_name\" content=\"AmstedMaxion\" \/>\n<meta property=\"article:publisher\" content=\"https:\/\/www.facebook.com\/AmstedMaxion.Oficial\" \/>\n<meta property=\"article:published_time\" content=\"2022-01-20T20:10:25+00:00\" \/>\n<meta property=\"article:modified_time\" content=\"2022-01-20T20:10:27+00:00\" \/>\n<meta property=\"og:image\" content=\"https:\/\/www.amstedmaxion.com.br\/wp-content\/uploads\/2022\/01\/Industria-Marcelo-Camargo-ABr.jpg\" \/>\n<meta name=\"author\" content=\"Rosane Storto\" \/>\n<meta name=\"twitter:card\" content=\"summary_large_image\" \/>\n<meta name=\"twitter:label1\" content=\"Written by\" \/>\n\t<meta name=\"twitter:data1\" content=\"Rosane Storto\" \/>\n\t<meta name=\"twitter:label2\" content=\"Est. reading time\" \/>\n\t<meta name=\"twitter:data2\" content=\"2 minutes\" \/>\n<script type=\"application\/ld+json\" class=\"yoast-schema-graph\">{\"@context\":\"https:\/\/schema.org\",\"@graph\":[{\"@type\":\"Article\",\"@id\":\"https:\/\/www.amstedmaxion.com.br\/em-reuniao-com-guedes-setores-da-industria-projetam-crescer-ate-dois-digitos-em-2022\/#article\",\"isPartOf\":{\"@id\":\"https:\/\/www.amstedmaxion.com.br\/em-reuniao-com-guedes-setores-da-industria-projetam-crescer-ate-dois-digitos-em-2022\/\"},\"author\":{\"name\":\"Rosane Storto\",\"@id\":\"https:\/\/www.amstedmaxion.com.br\/#\/schema\/person\/140cb65f07d4e66dd5543c8a187bf436\"},\"headline\":\"Em reuni\u00e3o com Guedes, setores da ind\u00fastria projetam crescer at\u00e9 dois d\u00edgitos em 2022\",\"datePublished\":\"2022-01-20T20:10:25+00:00\",\"dateModified\":\"2022-01-20T20:10:27+00:00\",\"mainEntityOfPage\":{\"@id\":\"https:\/\/www.amstedmaxion.com.br\/em-reuniao-com-guedes-setores-da-industria-projetam-crescer-ate-dois-digitos-em-2022\/\"},\"wordCount\":355,\"commentCount\":0,\"publisher\":{\"@id\":\"https:\/\/www.amstedmaxion.com.br\/#organization\"},\"image\":{\"@id\":\"https:\/\/www.amstedmaxion.com.br\/em-reuniao-com-guedes-setores-da-industria-projetam-crescer-ate-dois-digitos-em-2022\/#primaryimage\"},\"thumbnailUrl\":\"https:\/\/www.amstedmaxion.com.br\/wp-content\/uploads\/2022\/01\/Industria-Marcelo-Camargo-ABr.jpg\",\"articleSection\":[\"Newsletter\"],\"inLanguage\":\"en-US\",\"potentialAction\":[{\"@type\":\"CommentAction\",\"name\":\"Comment\",\"target\":[\"https:\/\/www.amstedmaxion.com.br\/em-reuniao-com-guedes-setores-da-industria-projetam-crescer-ate-dois-digitos-em-2022\/#respond\"]}]},{\"@type\":\"WebPage\",\"@id\":\"https:\/\/www.amstedmaxion.com.br\/em-reuniao-com-guedes-setores-da-industria-projetam-crescer-ate-dois-digitos-em-2022\/\",\"url\":\"https:\/\/www.amstedmaxion.com.br\/em-reuniao-com-guedes-setores-da-industria-projetam-crescer-ate-dois-digitos-em-2022\/\",\"name\":\"Em reuni\u00e3o com Guedes, setores da ind\u00fastria projetam crescer at\u00e9 dois d\u00edgitos em 2022 - AmstedMaxion\",\"isPartOf\":{\"@id\":\"https:\/\/www.amstedmaxion.com.br\/#website\"},\"primaryImageOfPage\":{\"@id\":\"https:\/\/www.amstedmaxion.com.br\/em-reuniao-com-guedes-setores-da-industria-projetam-crescer-ate-dois-digitos-em-2022\/#primaryimage\"},\"image\":{\"@id\":\"https:\/\/www.amstedmaxion.com.br\/em-reuniao-com-guedes-setores-da-industria-projetam-crescer-ate-dois-digitos-em-2022\/#primaryimage\"},\"thumbnailUrl\":\"https:\/\/www.amstedmaxion.com.br\/wp-content\/uploads\/2022\/01\/Industria-Marcelo-Camargo-ABr.jpg\",\"datePublished\":\"2022-01-20T20:10:25+00:00\",\"dateModified\":\"2022-01-20T20:10:27+00:00\",\"breadcrumb\":{\"@id\":\"https:\/\/www.amstedmaxion.com.br\/em-reuniao-com-guedes-setores-da-industria-projetam-crescer-ate-dois-digitos-em-2022\/#breadcrumb\"},\"inLanguage\":\"en-US\",\"potentialAction\":[{\"@type\":\"ReadAction\",\"target\":[\"https:\/\/www.amstedmaxion.com.br\/em-reuniao-com-guedes-setores-da-industria-projetam-crescer-ate-dois-digitos-em-2022\/\"]}]},{\"@type\":\"ImageObject\",\"inLanguage\":\"en-US\",\"@id\":\"https:\/\/www.amstedmaxion.com.br\/em-reuniao-com-guedes-setores-da-industria-projetam-crescer-ate-dois-digitos-em-2022\/#primaryimage\",\"url\":\"https:\/\/www.amstedmaxion.com.br\/wp-content\/uploads\/2022\/01\/Industria-Marcelo-Camargo-ABr.jpg\",\"contentUrl\":\"https:\/\/www.amstedmaxion.com.br\/wp-content\/uploads\/2022\/01\/Industria-Marcelo-Camargo-ABr.jpg\"},{\"@type\":\"BreadcrumbList\",\"@id\":\"https:\/\/www.amstedmaxion.com.br\/em-reuniao-com-guedes-setores-da-industria-projetam-crescer-ate-dois-digitos-em-2022\/#breadcrumb\",\"itemListElement\":[{\"@type\":\"ListItem\",\"position\":1,\"name\":\"In\u00edcio\",\"item\":\"https:\/\/www.amstedmaxion.com.br\/\"},{\"@type\":\"ListItem\",\"position\":2,\"name\":\"Em reuni\u00e3o com Guedes, setores da ind\u00fastria projetam crescer at\u00e9 dois d\u00edgitos em 2022\"}]},{\"@type\":\"WebSite\",\"@id\":\"https:\/\/www.amstedmaxion.com.br\/#website\",\"url\":\"https:\/\/www.amstedmaxion.com.br\/\",\"name\":\"AmstedMaxion\",\"description\":\"AmstedMaxion - Fundi\u00e7\u00e3o e Equipamentos Ferrovi\u00e1rios\",\"publisher\":{\"@id\":\"https:\/\/www.amstedmaxion.com.br\/#organization\"},\"alternateName\":\"AmstedMaxion\",\"potentialAction\":[{\"@type\":\"SearchAction\",\"target\":{\"@type\":\"EntryPoint\",\"urlTemplate\":\"https:\/\/www.amstedmaxion.com.br\/?s={search_term_string}\"},\"query-input\":{\"@type\":\"PropertyValueSpecification\",\"valueRequired\":true,\"valueName\":\"search_term_string\"}}],\"inLanguage\":\"en-US\"},{\"@type\":\"Organization\",\"@id\":\"https:\/\/www.amstedmaxion.com.br\/#organization\",\"name\":\"AMSTEDMAXION\",\"url\":\"https:\/\/www.amstedmaxion.com.br\/\",\"logo\":{\"@type\":\"ImageObject\",\"inLanguage\":\"en-US\",\"@id\":\"https:\/\/www.amstedmaxion.com.br\/#\/schema\/logo\/image\/\",\"url\":\"https:\/\/www.amstedmaxion.com.br\/wp-content\/uploads\/2023\/11\/amsted.png\",\"contentUrl\":\"https:\/\/www.amstedmaxion.com.br\/wp-content\/uploads\/2023\/11\/amsted.png\",\"width\":500,\"height\":500,\"caption\":\"AMSTEDMAXION\"},\"image\":{\"@id\":\"https:\/\/www.amstedmaxion.com.br\/#\/schema\/logo\/image\/\"},\"sameAs\":[\"https:\/\/www.facebook.com\/AmstedMaxion.Oficial\",\"https:\/\/br.linkedin.com\/company\/amstedmaxion\"]},{\"@type\":\"Person\",\"@id\":\"https:\/\/www.amstedmaxion.com.br\/#\/schema\/person\/140cb65f07d4e66dd5543c8a187bf436\",\"name\":\"Rosane Storto\",\"image\":{\"@type\":\"ImageObject\",\"inLanguage\":\"en-US\",\"@id\":\"https:\/\/www.amstedmaxion.com.br\/#\/schema\/person\/image\/\",\"url\":\"https:\/\/secure.gravatar.com\/avatar\/0e3d021545bbe593cb0eb3ee740544fefa86d59762e63dec1dbe9480a34c98cd?s=96&d=mm&r=g\",\"contentUrl\":\"https:\/\/secure.gravatar.com\/avatar\/0e3d021545bbe593cb0eb3ee740544fefa86d59762e63dec1dbe9480a34c98cd?s=96&d=mm&r=g\",\"caption\":\"Rosane Storto\"}}]}<\/script>\n<!-- \/ Yoast SEO plugin. -->","yoast_head_json":{"title":"Em reuni\u00e3o com Guedes, setores da ind\u00fastria projetam crescer at\u00e9 dois d\u00edgitos em 2022 - AmstedMaxion","robots":{"index":"index","follow":"follow","max-snippet":"max-snippet:-1","max-image-preview":"max-image-preview:large","max-video-preview":"max-video-preview:-1"},"canonical":"https:\/\/www.amstedmaxion.com.br\/em-reuniao-com-guedes-setores-da-industria-projetam-crescer-ate-dois-digitos-em-2022\/","og_locale":"en_US","og_type":"article","og_title":"Em reuni\u00e3o com Guedes, setores da ind\u00fastria projetam crescer at\u00e9 dois d\u00edgitos em 2022 - AmstedMaxion","og_description":"Valor Econ\u00f4mico &#8211; Em reuni\u00e3o com o ministro da Economia, Paulo Guedes, nessa sexta-feira (14) representantes de 13 setores da ind\u00fastria estimaram crescimento em 2022 frente ao ano passado. De acordo com documento da Coaliz\u00e3o Ind\u00fastria, entregue a Guedes e ao qual o Valor teve acesso, h\u00e1 perspectiva de aumento na produ\u00e7\u00e3o, investimentos e exporta\u00e7\u00f5es [&hellip;]","og_url":"https:\/\/www.amstedmaxion.com.br\/em-reuniao-com-guedes-setores-da-industria-projetam-crescer-ate-dois-digitos-em-2022\/","og_site_name":"AmstedMaxion","article_publisher":"https:\/\/www.facebook.com\/AmstedMaxion.Oficial","article_published_time":"2022-01-20T20:10:25+00:00","article_modified_time":"2022-01-20T20:10:27+00:00","og_image":[{"url":"https:\/\/www.amstedmaxion.com.br\/wp-content\/uploads\/2022\/01\/Industria-Marcelo-Camargo-ABr.jpg"}],"author":"Rosane Storto","twitter_card":"summary_large_image","twitter_misc":{"Written by":"Rosane Storto","Est. reading time":"2 minutes"},"schema":{"@context":"https:\/\/schema.org","@graph":[{"@type":"Article","@id":"https:\/\/www.amstedmaxion.com.br\/em-reuniao-com-guedes-setores-da-industria-projetam-crescer-ate-dois-digitos-em-2022\/#article","isPartOf":{"@id":"https:\/\/www.amstedmaxion.com.br\/em-reuniao-com-guedes-setores-da-industria-projetam-crescer-ate-dois-digitos-em-2022\/"},"author":{"name":"Rosane Storto","@id":"https:\/\/www.amstedmaxion.com.br\/#\/schema\/person\/140cb65f07d4e66dd5543c8a187bf436"},"headline":"Em reuni\u00e3o com Guedes, setores da ind\u00fastria projetam crescer at\u00e9 dois d\u00edgitos em 2022","datePublished":"2022-01-20T20:10:25+00:00","dateModified":"2022-01-20T20:10:27+00:00","mainEntityOfPage":{"@id":"https:\/\/www.amstedmaxion.com.br\/em-reuniao-com-guedes-setores-da-industria-projetam-crescer-ate-dois-digitos-em-2022\/"},"wordCount":355,"commentCount":0,"publisher":{"@id":"https:\/\/www.amstedmaxion.com.br\/#organization"},"image":{"@id":"https:\/\/www.amstedmaxion.com.br\/em-reuniao-com-guedes-setores-da-industria-projetam-crescer-ate-dois-digitos-em-2022\/#primaryimage"},"thumbnailUrl":"https:\/\/www.amstedmaxion.com.br\/wp-content\/uploads\/2022\/01\/Industria-Marcelo-Camargo-ABr.jpg","articleSection":["Newsletter"],"inLanguage":"en-US","potentialAction":[{"@type":"CommentAction","name":"Comment","target":["https:\/\/www.amstedmaxion.com.br\/em-reuniao-com-guedes-setores-da-industria-projetam-crescer-ate-dois-digitos-em-2022\/#respond"]}]},{"@type":"WebPage","@id":"https:\/\/www.amstedmaxion.com.br\/em-reuniao-com-guedes-setores-da-industria-projetam-crescer-ate-dois-digitos-em-2022\/","url":"https:\/\/www.amstedmaxion.com.br\/em-reuniao-com-guedes-setores-da-industria-projetam-crescer-ate-dois-digitos-em-2022\/","name":"Em reuni\u00e3o com Guedes, setores da ind\u00fastria projetam crescer at\u00e9 dois d\u00edgitos em 2022 - AmstedMaxion","isPartOf":{"@id":"https:\/\/www.amstedmaxion.com.br\/#website"},"primaryImageOfPage":{"@id":"https:\/\/www.amstedmaxion.com.br\/em-reuniao-com-guedes-setores-da-industria-projetam-crescer-ate-dois-digitos-em-2022\/#primaryimage"},"image":{"@id":"https:\/\/www.amstedmaxion.com.br\/em-reuniao-com-guedes-setores-da-industria-projetam-crescer-ate-dois-digitos-em-2022\/#primaryimage"},"thumbnailUrl":"https:\/\/www.amstedmaxion.com.br\/wp-content\/uploads\/2022\/01\/Industria-Marcelo-Camargo-ABr.jpg","datePublished":"2022-01-20T20:10:25+00:00","dateModified":"2022-01-20T20:10:27+00:00","breadcrumb":{"@id":"https:\/\/www.amstedmaxion.com.br\/em-reuniao-com-guedes-setores-da-industria-projetam-crescer-ate-dois-digitos-em-2022\/#breadcrumb"},"inLanguage":"en-US","potentialAction":[{"@type":"ReadAction","target":["https:\/\/www.amstedmaxion.com.br\/em-reuniao-com-guedes-setores-da-industria-projetam-crescer-ate-dois-digitos-em-2022\/"]}]},{"@type":"ImageObject","inLanguage":"en-US","@id":"https:\/\/www.amstedmaxion.com.br\/em-reuniao-com-guedes-setores-da-industria-projetam-crescer-ate-dois-digitos-em-2022\/#primaryimage","url":"https:\/\/www.amstedmaxion.com.br\/wp-content\/uploads\/2022\/01\/Industria-Marcelo-Camargo-ABr.jpg","contentUrl":"https:\/\/www.amstedmaxion.com.br\/wp-content\/uploads\/2022\/01\/Industria-Marcelo-Camargo-ABr.jpg"},{"@type":"BreadcrumbList","@id":"https:\/\/www.amstedmaxion.com.br\/em-reuniao-com-guedes-setores-da-industria-projetam-crescer-ate-dois-digitos-em-2022\/#breadcrumb","itemListElement":[{"@type":"ListItem","position":1,"name":"In\u00edcio","item":"https:\/\/www.amstedmaxion.com.br\/"},{"@type":"ListItem","position":2,"name":"Em reuni\u00e3o com Guedes, setores da ind\u00fastria projetam crescer at\u00e9 dois d\u00edgitos em 2022"}]},{"@type":"WebSite","@id":"https:\/\/www.amstedmaxion.com.br\/#website","url":"https:\/\/www.amstedmaxion.com.br\/","name":"AmstedMaxion","description":"AmstedMaxion - Fundi\u00e7\u00e3o e Equipamentos Ferrovi\u00e1rios","publisher":{"@id":"https:\/\/www.amstedmaxion.com.br\/#organization"},"alternateName":"AmstedMaxion","potentialAction":[{"@type":"SearchAction","target":{"@type":"EntryPoint","urlTemplate":"https:\/\/www.amstedmaxion.com.br\/?s={search_term_string}"},"query-input":{"@type":"PropertyValueSpecification","valueRequired":true,"valueName":"search_term_string"}}],"inLanguage":"en-US"},{"@type":"Organization","@id":"https:\/\/www.amstedmaxion.com.br\/#organization","name":"AMSTEDMAXION","url":"https:\/\/www.amstedmaxion.com.br\/","logo":{"@type":"ImageObject","inLanguage":"en-US","@id":"https:\/\/www.amstedmaxion.com.br\/#\/schema\/logo\/image\/","url":"https:\/\/www.amstedmaxion.com.br\/wp-content\/uploads\/2023\/11\/amsted.png","contentUrl":"https:\/\/www.amstedmaxion.com.br\/wp-content\/uploads\/2023\/11\/amsted.png","width":500,"height":500,"caption":"AMSTEDMAXION"},"image":{"@id":"https:\/\/www.amstedmaxion.com.br\/#\/schema\/logo\/image\/"},"sameAs":["https:\/\/www.facebook.com\/AmstedMaxion.Oficial","https:\/\/br.linkedin.com\/company\/amstedmaxion"]},{"@type":"Person","@id":"https:\/\/www.amstedmaxion.com.br\/#\/schema\/person\/140cb65f07d4e66dd5543c8a187bf436","name":"Rosane Storto","image":{"@type":"ImageObject","inLanguage":"en-US","@id":"https:\/\/www.amstedmaxion.com.br\/#\/schema\/person\/image\/","url":"https:\/\/secure.gravatar.com\/avatar\/0e3d021545bbe593cb0eb3ee740544fefa86d59762e63dec1dbe9480a34c98cd?s=96&d=mm&r=g","contentUrl":"https:\/\/secure.gravatar.com\/avatar\/0e3d021545bbe593cb0eb3ee740544fefa86d59762e63dec1dbe9480a34c98cd?s=96&d=mm&r=g","caption":"Rosane Storto"}}]}},"_links":{"self":[{"href":"https:\/\/www.amstedmaxion.com.br\/en\/wp-json\/wp\/v2\/posts\/35390","targetHints":{"allow":["GET"]}}],"collection":[{"href":"https:\/\/www.amstedmaxion.com.br\/en\/wp-json\/wp\/v2\/posts"}],"about":[{"href":"https:\/\/www.amstedmaxion.com.br\/en\/wp-json\/wp\/v2\/types\/post"}],"author":[{"embeddable":true,"href":"https:\/\/www.amstedmaxion.com.br\/en\/wp-json\/wp\/v2\/users\/5"}],"replies":[{"embeddable":true,"href":"https:\/\/www.amstedmaxion.com.br\/en\/wp-json\/wp\/v2\/comments?post=35390"}],"version-history":[{"count":1,"href":"https:\/\/www.amstedmaxion.com.br\/en\/wp-json\/wp\/v2\/posts\/35390\/revisions"}],"predecessor-version":[{"id":35393,"href":"https:\/\/www.amstedmaxion.com.br\/en\/wp-json\/wp\/v2\/posts\/35390\/revisions\/35393"}],"wp:attachment":[{"href":"https:\/\/www.amstedmaxion.com.br\/en\/wp-json\/wp\/v2\/media?parent=35390"}],"wp:term":[{"taxonomy":"category","embeddable":true,"href":"https:\/\/www.amstedmaxion.com.br\/en\/wp-json\/wp\/v2\/categories?post=35390"},{"taxonomy":"post_tag","embeddable":true,"href":"https:\/\/www.amstedmaxion.com.br\/en\/wp-json\/wp\/v2\/tags?post=35390"}],"curies":[{"name":"wp","href":"https:\/\/api.w.org\/{rel}","templated":true}]}}