{"id":35762,"date":"2022-02-08T14:46:17","date_gmt":"2022-02-08T17:46:17","guid":{"rendered":"https:\/\/www.amstedmaxion.com.br\/?p=35762"},"modified":"2022-02-08T14:46:19","modified_gmt":"2022-02-08T17:46:19","slug":"preco-de-maquinas-agricolas-deve-subir-em-2022","status":"publish","type":"post","link":"https:\/\/www.amstedmaxion.com.br\/en\/preco-de-maquinas-agricolas-deve-subir-em-2022\/","title":{"rendered":"Pre\u00e7o de m\u00e1quinas agr\u00edcolas deve subir em 2022"},"content":{"rendered":"\n<p>Com demanda alta e custo da ind\u00fastria defasado, s\u00e3o esperados reajustes ao consumidor neste ano<\/p>\n\n\n\n<p>Jovem Pan &#8211; A ind\u00fastria de m\u00e1quinas agr\u00edcolas registrou o melhor resultado da hist\u00f3ria em 2021, com faturamento de 43% acima do ano anterior. O ciclo de alta das commodities aumentou o apetite por investimentos no campo e o movimento tende a permanecer em 2022, por\u00e9m com algumas diferen\u00e7as em rela\u00e7\u00e3o \u00e0 expectativa de renda dos agricultores. O centro-sul do Brasil, que registra quebra de safra, ter\u00e1 problemas financeiros e precisar\u00e1 de cr\u00e9dito e renegocia\u00e7\u00e3o de d\u00edvidas, o que inibir\u00e1 o apetite para novas aquisi\u00e7\u00f5es em alguns bols\u00f5es. No centro-oeste do pa\u00eds s\u00e3o esperados resultados positivos e haver\u00e1 est\u00edmulo para investimentos, o que se reflete em demanda aquecida para o setor de m\u00e1quinas.<\/p>\n\n\n\n<p>A demanda alta ainda dever\u00e1 encontrar estoques baixos, o que abre espa\u00e7o para reajuste de pre\u00e7o ao consumidor. Fontes de grandes ind\u00fastrias me disseram que o valor da m\u00e1quina deve subir, acompanhando altas de petr\u00f3leo, d\u00f3lar e insumos como microchips. Do per\u00edodo pr\u00e9-pandemia para c\u00e1, houve um incremento importante no valor pago pelo maquin\u00e1rio no Brasil. Dados da Abimaq apontam que em 2020, a alta no pre\u00e7o das m\u00e1quinas foi de 11,1%, enquanto o custo da ind\u00fastria subiu 19,4%. Em 2021, o reajuste ficou em 23,8%, \u00e0 medida que o custo ficou 26,9% mais alto. Ou seja, mais um sinal de que a defasagem entre o custo e o repasse ao mercado dever\u00e1 acontecer.<\/p>\n\n\n\n<p>O atraso na entrega de m\u00e1quinas aos produtores foi visto em diferentes regi\u00f5es nos \u00faltimos anos e n\u00e3o dever\u00e1 ser diferente em 2022. Em entrevista com Rodrigo Junqueira, vice-presidente da Massey Ferguson para Am\u00e9rica do Sul, uma das maiores empresas do setor de m\u00e1quinas agr\u00edcolas no Brasil, ele destacou que a falta de mat\u00e9ria-prima pode gerar atraso de embarques. No segmento da agricultura familiar, a Mahinda, l\u00edder mundial na venda de tratores para o segmento, espera atender a demanda reprimida neste primeiro semestre, mas teme que o desempenho na segunda parte do ano seja contagiado pela perda de renda por seca e riscos associados \u00e0 baixa disponibilidade de cr\u00e9dito para compra de m\u00e1quinas, disse Jak Torreta, diretor geral da companhia no Brasil. A Abimaq projeta aumento de 5% no faturamento com m\u00e1quinas neste ano. Com demanda alta e custo da ind\u00fastria defasado, est\u00e1 claro o espa\u00e7o que h\u00e1 para a ocorr\u00eancia de altas de pre\u00e7o em 2022.<\/p>\n\n\n\n<figure class=\"wp-block-image size-large is-resized\"><img loading=\"lazy\" decoding=\"async\" src=\"https:\/\/www.amstedmaxion.com.br\/wp-content\/uploads\/2022\/02\/Maquinas-Agricolas-Jovem-Pan.jpg\" alt=\"\" class=\"wp-image-35763\" width=\"395\" height=\"268\"\/><figcaption>Em 2021, alta no pre\u00e7o das m\u00e1quinas ficou em 23,8%, segundo a Abimaq \/ Foto: Pixabay (reprodu\u00e7\u00e3o Jovem Pan)<\/figcaption><\/figure>\n\n\n\n<p>Fonte: Jovem Pan (https:\/\/jovempan.com.br\/opiniao-jovem-pan\/comentaristas\/kellen-severo\/preco-de-maquinas-agricolas-deve-subir-em-2022.html)<\/p>\n\n\n\n<p><\/p>\n","protected":false},"excerpt":{"rendered":"<p>Com demanda alta e custo da ind\u00fastria defasado, s\u00e3o esperados reajustes ao consumidor neste ano Jovem Pan &#8211; A ind\u00fastria de m\u00e1quinas agr\u00edcolas registrou o melhor resultado da hist\u00f3ria em 2021, com faturamento de 43% acima do ano anterior. O ciclo de alta das commodities aumentou o apetite por investimentos no campo e o movimento [&hellip;]<\/p>\n","protected":false},"author":5,"featured_media":0,"comment_status":"open","ping_status":"open","sticky":false,"template":"","format":"standard","meta":{"_acf_changed":false,"footnotes":""},"categories":[148],"tags":[],"class_list":["post-35762","post","type-post","status-publish","format-standard","hentry","category-newsletter"],"acf":[],"yoast_head":"<!-- This site is optimized with the Yoast SEO plugin v23.9 - https:\/\/yoast.com\/wordpress\/plugins\/seo\/ -->\n<title>Pre\u00e7o de m\u00e1quinas agr\u00edcolas deve subir em 2022 - AmstedMaxion<\/title>\n<meta name=\"robots\" content=\"index, follow, max-snippet:-1, max-image-preview:large, max-video-preview:-1\" \/>\n<link rel=\"canonical\" href=\"https:\/\/www.amstedmaxion.com.br\/preco-de-maquinas-agricolas-deve-subir-em-2022\/\" \/>\n<meta property=\"og:locale\" content=\"en_US\" \/>\n<meta property=\"og:type\" content=\"article\" \/>\n<meta property=\"og:title\" content=\"Pre\u00e7o de m\u00e1quinas agr\u00edcolas deve subir em 2022 - AmstedMaxion\" \/>\n<meta property=\"og:description\" content=\"Com demanda alta e custo da ind\u00fastria defasado, s\u00e3o esperados reajustes ao consumidor neste ano Jovem Pan &#8211; A ind\u00fastria de m\u00e1quinas agr\u00edcolas registrou o melhor resultado da hist\u00f3ria em 2021, com faturamento de 43% acima do ano anterior. O ciclo de alta das commodities aumentou o apetite por investimentos no campo e o movimento [&hellip;]\" \/>\n<meta property=\"og:url\" content=\"https:\/\/www.amstedmaxion.com.br\/preco-de-maquinas-agricolas-deve-subir-em-2022\/\" \/>\n<meta property=\"og:site_name\" content=\"AmstedMaxion\" \/>\n<meta property=\"article:publisher\" content=\"https:\/\/www.facebook.com\/AmstedMaxion.Oficial\" \/>\n<meta property=\"article:published_time\" content=\"2022-02-08T17:46:17+00:00\" \/>\n<meta property=\"article:modified_time\" content=\"2022-02-08T17:46:19+00:00\" \/>\n<meta property=\"og:image\" content=\"https:\/\/www.amstedmaxion.com.br\/wp-content\/uploads\/2022\/02\/Maquinas-Agricolas-Jovem-Pan.jpg\" \/>\n<meta name=\"author\" content=\"Rosane Storto\" \/>\n<meta name=\"twitter:card\" content=\"summary_large_image\" \/>\n<meta name=\"twitter:label1\" content=\"Written by\" \/>\n\t<meta name=\"twitter:data1\" content=\"Rosane Storto\" \/>\n\t<meta name=\"twitter:label2\" content=\"Est. reading time\" \/>\n\t<meta name=\"twitter:data2\" content=\"3 minutes\" \/>\n<script type=\"application\/ld+json\" class=\"yoast-schema-graph\">{\"@context\":\"https:\/\/schema.org\",\"@graph\":[{\"@type\":\"Article\",\"@id\":\"https:\/\/www.amstedmaxion.com.br\/preco-de-maquinas-agricolas-deve-subir-em-2022\/#article\",\"isPartOf\":{\"@id\":\"https:\/\/www.amstedmaxion.com.br\/preco-de-maquinas-agricolas-deve-subir-em-2022\/\"},\"author\":{\"name\":\"Rosane Storto\",\"@id\":\"https:\/\/www.amstedmaxion.com.br\/#\/schema\/person\/140cb65f07d4e66dd5543c8a187bf436\"},\"headline\":\"Pre\u00e7o de m\u00e1quinas agr\u00edcolas deve subir em 2022\",\"datePublished\":\"2022-02-08T17:46:17+00:00\",\"dateModified\":\"2022-02-08T17:46:19+00:00\",\"mainEntityOfPage\":{\"@id\":\"https:\/\/www.amstedmaxion.com.br\/preco-de-maquinas-agricolas-deve-subir-em-2022\/\"},\"wordCount\":470,\"commentCount\":0,\"publisher\":{\"@id\":\"https:\/\/www.amstedmaxion.com.br\/#organization\"},\"image\":{\"@id\":\"https:\/\/www.amstedmaxion.com.br\/preco-de-maquinas-agricolas-deve-subir-em-2022\/#primaryimage\"},\"thumbnailUrl\":\"https:\/\/www.amstedmaxion.com.br\/wp-content\/uploads\/2022\/02\/Maquinas-Agricolas-Jovem-Pan.jpg\",\"articleSection\":[\"Newsletter\"],\"inLanguage\":\"en-US\",\"potentialAction\":[{\"@type\":\"CommentAction\",\"name\":\"Comment\",\"target\":[\"https:\/\/www.amstedmaxion.com.br\/preco-de-maquinas-agricolas-deve-subir-em-2022\/#respond\"]}]},{\"@type\":\"WebPage\",\"@id\":\"https:\/\/www.amstedmaxion.com.br\/preco-de-maquinas-agricolas-deve-subir-em-2022\/\",\"url\":\"https:\/\/www.amstedmaxion.com.br\/preco-de-maquinas-agricolas-deve-subir-em-2022\/\",\"name\":\"Pre\u00e7o de m\u00e1quinas agr\u00edcolas deve subir em 2022 - AmstedMaxion\",\"isPartOf\":{\"@id\":\"https:\/\/www.amstedmaxion.com.br\/#website\"},\"primaryImageOfPage\":{\"@id\":\"https:\/\/www.amstedmaxion.com.br\/preco-de-maquinas-agricolas-deve-subir-em-2022\/#primaryimage\"},\"image\":{\"@id\":\"https:\/\/www.amstedmaxion.com.br\/preco-de-maquinas-agricolas-deve-subir-em-2022\/#primaryimage\"},\"thumbnailUrl\":\"https:\/\/www.amstedmaxion.com.br\/wp-content\/uploads\/2022\/02\/Maquinas-Agricolas-Jovem-Pan.jpg\",\"datePublished\":\"2022-02-08T17:46:17+00:00\",\"dateModified\":\"2022-02-08T17:46:19+00:00\",\"breadcrumb\":{\"@id\":\"https:\/\/www.amstedmaxion.com.br\/preco-de-maquinas-agricolas-deve-subir-em-2022\/#breadcrumb\"},\"inLanguage\":\"en-US\",\"potentialAction\":[{\"@type\":\"ReadAction\",\"target\":[\"https:\/\/www.amstedmaxion.com.br\/preco-de-maquinas-agricolas-deve-subir-em-2022\/\"]}]},{\"@type\":\"ImageObject\",\"inLanguage\":\"en-US\",\"@id\":\"https:\/\/www.amstedmaxion.com.br\/preco-de-maquinas-agricolas-deve-subir-em-2022\/#primaryimage\",\"url\":\"https:\/\/www.amstedmaxion.com.br\/wp-content\/uploads\/2022\/02\/Maquinas-Agricolas-Jovem-Pan.jpg\",\"contentUrl\":\"https:\/\/www.amstedmaxion.com.br\/wp-content\/uploads\/2022\/02\/Maquinas-Agricolas-Jovem-Pan.jpg\"},{\"@type\":\"BreadcrumbList\",\"@id\":\"https:\/\/www.amstedmaxion.com.br\/preco-de-maquinas-agricolas-deve-subir-em-2022\/#breadcrumb\",\"itemListElement\":[{\"@type\":\"ListItem\",\"position\":1,\"name\":\"In\u00edcio\",\"item\":\"https:\/\/www.amstedmaxion.com.br\/\"},{\"@type\":\"ListItem\",\"position\":2,\"name\":\"Pre\u00e7o de m\u00e1quinas agr\u00edcolas deve subir em 2022\"}]},{\"@type\":\"WebSite\",\"@id\":\"https:\/\/www.amstedmaxion.com.br\/#website\",\"url\":\"https:\/\/www.amstedmaxion.com.br\/\",\"name\":\"AmstedMaxion\",\"description\":\"AmstedMaxion - Fundi\u00e7\u00e3o e Equipamentos Ferrovi\u00e1rios\",\"publisher\":{\"@id\":\"https:\/\/www.amstedmaxion.com.br\/#organization\"},\"alternateName\":\"AmstedMaxion\",\"potentialAction\":[{\"@type\":\"SearchAction\",\"target\":{\"@type\":\"EntryPoint\",\"urlTemplate\":\"https:\/\/www.amstedmaxion.com.br\/?s={search_term_string}\"},\"query-input\":{\"@type\":\"PropertyValueSpecification\",\"valueRequired\":true,\"valueName\":\"search_term_string\"}}],\"inLanguage\":\"en-US\"},{\"@type\":\"Organization\",\"@id\":\"https:\/\/www.amstedmaxion.com.br\/#organization\",\"name\":\"AMSTEDMAXION\",\"url\":\"https:\/\/www.amstedmaxion.com.br\/\",\"logo\":{\"@type\":\"ImageObject\",\"inLanguage\":\"en-US\",\"@id\":\"https:\/\/www.amstedmaxion.com.br\/#\/schema\/logo\/image\/\",\"url\":\"https:\/\/www.amstedmaxion.com.br\/wp-content\/uploads\/2023\/11\/amsted.png\",\"contentUrl\":\"https:\/\/www.amstedmaxion.com.br\/wp-content\/uploads\/2023\/11\/amsted.png\",\"width\":500,\"height\":500,\"caption\":\"AMSTEDMAXION\"},\"image\":{\"@id\":\"https:\/\/www.amstedmaxion.com.br\/#\/schema\/logo\/image\/\"},\"sameAs\":[\"https:\/\/www.facebook.com\/AmstedMaxion.Oficial\",\"https:\/\/br.linkedin.com\/company\/amstedmaxion\"]},{\"@type\":\"Person\",\"@id\":\"https:\/\/www.amstedmaxion.com.br\/#\/schema\/person\/140cb65f07d4e66dd5543c8a187bf436\",\"name\":\"Rosane Storto\",\"image\":{\"@type\":\"ImageObject\",\"inLanguage\":\"en-US\",\"@id\":\"https:\/\/www.amstedmaxion.com.br\/#\/schema\/person\/image\/\",\"url\":\"https:\/\/secure.gravatar.com\/avatar\/0e3d021545bbe593cb0eb3ee740544fefa86d59762e63dec1dbe9480a34c98cd?s=96&d=mm&r=g\",\"contentUrl\":\"https:\/\/secure.gravatar.com\/avatar\/0e3d021545bbe593cb0eb3ee740544fefa86d59762e63dec1dbe9480a34c98cd?s=96&d=mm&r=g\",\"caption\":\"Rosane Storto\"}}]}<\/script>\n<!-- \/ Yoast SEO plugin. -->","yoast_head_json":{"title":"Pre\u00e7o de m\u00e1quinas agr\u00edcolas deve subir em 2022 - AmstedMaxion","robots":{"index":"index","follow":"follow","max-snippet":"max-snippet:-1","max-image-preview":"max-image-preview:large","max-video-preview":"max-video-preview:-1"},"canonical":"https:\/\/www.amstedmaxion.com.br\/preco-de-maquinas-agricolas-deve-subir-em-2022\/","og_locale":"en_US","og_type":"article","og_title":"Pre\u00e7o de m\u00e1quinas agr\u00edcolas deve subir em 2022 - AmstedMaxion","og_description":"Com demanda alta e custo da ind\u00fastria defasado, s\u00e3o esperados reajustes ao consumidor neste ano Jovem Pan &#8211; A ind\u00fastria de m\u00e1quinas agr\u00edcolas registrou o melhor resultado da hist\u00f3ria em 2021, com faturamento de 43% acima do ano anterior. O ciclo de alta das commodities aumentou o apetite por investimentos no campo e o movimento [&hellip;]","og_url":"https:\/\/www.amstedmaxion.com.br\/preco-de-maquinas-agricolas-deve-subir-em-2022\/","og_site_name":"AmstedMaxion","article_publisher":"https:\/\/www.facebook.com\/AmstedMaxion.Oficial","article_published_time":"2022-02-08T17:46:17+00:00","article_modified_time":"2022-02-08T17:46:19+00:00","og_image":[{"url":"https:\/\/www.amstedmaxion.com.br\/wp-content\/uploads\/2022\/02\/Maquinas-Agricolas-Jovem-Pan.jpg"}],"author":"Rosane Storto","twitter_card":"summary_large_image","twitter_misc":{"Written by":"Rosane Storto","Est. reading time":"3 minutes"},"schema":{"@context":"https:\/\/schema.org","@graph":[{"@type":"Article","@id":"https:\/\/www.amstedmaxion.com.br\/preco-de-maquinas-agricolas-deve-subir-em-2022\/#article","isPartOf":{"@id":"https:\/\/www.amstedmaxion.com.br\/preco-de-maquinas-agricolas-deve-subir-em-2022\/"},"author":{"name":"Rosane Storto","@id":"https:\/\/www.amstedmaxion.com.br\/#\/schema\/person\/140cb65f07d4e66dd5543c8a187bf436"},"headline":"Pre\u00e7o de m\u00e1quinas agr\u00edcolas deve subir em 2022","datePublished":"2022-02-08T17:46:17+00:00","dateModified":"2022-02-08T17:46:19+00:00","mainEntityOfPage":{"@id":"https:\/\/www.amstedmaxion.com.br\/preco-de-maquinas-agricolas-deve-subir-em-2022\/"},"wordCount":470,"commentCount":0,"publisher":{"@id":"https:\/\/www.amstedmaxion.com.br\/#organization"},"image":{"@id":"https:\/\/www.amstedmaxion.com.br\/preco-de-maquinas-agricolas-deve-subir-em-2022\/#primaryimage"},"thumbnailUrl":"https:\/\/www.amstedmaxion.com.br\/wp-content\/uploads\/2022\/02\/Maquinas-Agricolas-Jovem-Pan.jpg","articleSection":["Newsletter"],"inLanguage":"en-US","potentialAction":[{"@type":"CommentAction","name":"Comment","target":["https:\/\/www.amstedmaxion.com.br\/preco-de-maquinas-agricolas-deve-subir-em-2022\/#respond"]}]},{"@type":"WebPage","@id":"https:\/\/www.amstedmaxion.com.br\/preco-de-maquinas-agricolas-deve-subir-em-2022\/","url":"https:\/\/www.amstedmaxion.com.br\/preco-de-maquinas-agricolas-deve-subir-em-2022\/","name":"Pre\u00e7o de m\u00e1quinas agr\u00edcolas deve subir em 2022 - AmstedMaxion","isPartOf":{"@id":"https:\/\/www.amstedmaxion.com.br\/#website"},"primaryImageOfPage":{"@id":"https:\/\/www.amstedmaxion.com.br\/preco-de-maquinas-agricolas-deve-subir-em-2022\/#primaryimage"},"image":{"@id":"https:\/\/www.amstedmaxion.com.br\/preco-de-maquinas-agricolas-deve-subir-em-2022\/#primaryimage"},"thumbnailUrl":"https:\/\/www.amstedmaxion.com.br\/wp-content\/uploads\/2022\/02\/Maquinas-Agricolas-Jovem-Pan.jpg","datePublished":"2022-02-08T17:46:17+00:00","dateModified":"2022-02-08T17:46:19+00:00","breadcrumb":{"@id":"https:\/\/www.amstedmaxion.com.br\/preco-de-maquinas-agricolas-deve-subir-em-2022\/#breadcrumb"},"inLanguage":"en-US","potentialAction":[{"@type":"ReadAction","target":["https:\/\/www.amstedmaxion.com.br\/preco-de-maquinas-agricolas-deve-subir-em-2022\/"]}]},{"@type":"ImageObject","inLanguage":"en-US","@id":"https:\/\/www.amstedmaxion.com.br\/preco-de-maquinas-agricolas-deve-subir-em-2022\/#primaryimage","url":"https:\/\/www.amstedmaxion.com.br\/wp-content\/uploads\/2022\/02\/Maquinas-Agricolas-Jovem-Pan.jpg","contentUrl":"https:\/\/www.amstedmaxion.com.br\/wp-content\/uploads\/2022\/02\/Maquinas-Agricolas-Jovem-Pan.jpg"},{"@type":"BreadcrumbList","@id":"https:\/\/www.amstedmaxion.com.br\/preco-de-maquinas-agricolas-deve-subir-em-2022\/#breadcrumb","itemListElement":[{"@type":"ListItem","position":1,"name":"In\u00edcio","item":"https:\/\/www.amstedmaxion.com.br\/"},{"@type":"ListItem","position":2,"name":"Pre\u00e7o de m\u00e1quinas agr\u00edcolas deve subir em 2022"}]},{"@type":"WebSite","@id":"https:\/\/www.amstedmaxion.com.br\/#website","url":"https:\/\/www.amstedmaxion.com.br\/","name":"AmstedMaxion","description":"AmstedMaxion - Fundi\u00e7\u00e3o e Equipamentos Ferrovi\u00e1rios","publisher":{"@id":"https:\/\/www.amstedmaxion.com.br\/#organization"},"alternateName":"AmstedMaxion","potentialAction":[{"@type":"SearchAction","target":{"@type":"EntryPoint","urlTemplate":"https:\/\/www.amstedmaxion.com.br\/?s={search_term_string}"},"query-input":{"@type":"PropertyValueSpecification","valueRequired":true,"valueName":"search_term_string"}}],"inLanguage":"en-US"},{"@type":"Organization","@id":"https:\/\/www.amstedmaxion.com.br\/#organization","name":"AMSTEDMAXION","url":"https:\/\/www.amstedmaxion.com.br\/","logo":{"@type":"ImageObject","inLanguage":"en-US","@id":"https:\/\/www.amstedmaxion.com.br\/#\/schema\/logo\/image\/","url":"https:\/\/www.amstedmaxion.com.br\/wp-content\/uploads\/2023\/11\/amsted.png","contentUrl":"https:\/\/www.amstedmaxion.com.br\/wp-content\/uploads\/2023\/11\/amsted.png","width":500,"height":500,"caption":"AMSTEDMAXION"},"image":{"@id":"https:\/\/www.amstedmaxion.com.br\/#\/schema\/logo\/image\/"},"sameAs":["https:\/\/www.facebook.com\/AmstedMaxion.Oficial","https:\/\/br.linkedin.com\/company\/amstedmaxion"]},{"@type":"Person","@id":"https:\/\/www.amstedmaxion.com.br\/#\/schema\/person\/140cb65f07d4e66dd5543c8a187bf436","name":"Rosane Storto","image":{"@type":"ImageObject","inLanguage":"en-US","@id":"https:\/\/www.amstedmaxion.com.br\/#\/schema\/person\/image\/","url":"https:\/\/secure.gravatar.com\/avatar\/0e3d021545bbe593cb0eb3ee740544fefa86d59762e63dec1dbe9480a34c98cd?s=96&d=mm&r=g","contentUrl":"https:\/\/secure.gravatar.com\/avatar\/0e3d021545bbe593cb0eb3ee740544fefa86d59762e63dec1dbe9480a34c98cd?s=96&d=mm&r=g","caption":"Rosane Storto"}}]}},"_links":{"self":[{"href":"https:\/\/www.amstedmaxion.com.br\/en\/wp-json\/wp\/v2\/posts\/35762","targetHints":{"allow":["GET"]}}],"collection":[{"href":"https:\/\/www.amstedmaxion.com.br\/en\/wp-json\/wp\/v2\/posts"}],"about":[{"href":"https:\/\/www.amstedmaxion.com.br\/en\/wp-json\/wp\/v2\/types\/post"}],"author":[{"embeddable":true,"href":"https:\/\/www.amstedmaxion.com.br\/en\/wp-json\/wp\/v2\/users\/5"}],"replies":[{"embeddable":true,"href":"https:\/\/www.amstedmaxion.com.br\/en\/wp-json\/wp\/v2\/comments?post=35762"}],"version-history":[{"count":1,"href":"https:\/\/www.amstedmaxion.com.br\/en\/wp-json\/wp\/v2\/posts\/35762\/revisions"}],"predecessor-version":[{"id":35764,"href":"https:\/\/www.amstedmaxion.com.br\/en\/wp-json\/wp\/v2\/posts\/35762\/revisions\/35764"}],"wp:attachment":[{"href":"https:\/\/www.amstedmaxion.com.br\/en\/wp-json\/wp\/v2\/media?parent=35762"}],"wp:term":[{"taxonomy":"category","embeddable":true,"href":"https:\/\/www.amstedmaxion.com.br\/en\/wp-json\/wp\/v2\/categories?post=35762"},{"taxonomy":"post_tag","embeddable":true,"href":"https:\/\/www.amstedmaxion.com.br\/en\/wp-json\/wp\/v2\/tags?post=35762"}],"curies":[{"name":"wp","href":"https:\/\/api.w.org\/{rel}","templated":true}]}}