{"id":36117,"date":"2022-03-02T17:29:04","date_gmt":"2022-03-02T20:29:04","guid":{"rendered":"https:\/\/www.amstedmaxion.com.br\/?p=36117"},"modified":"2022-03-02T17:29:07","modified_gmt":"2022-03-02T20:29:07","slug":"producao-do-setor-de-fundicao-aumenta-28-em-minas-gerais","status":"publish","type":"post","link":"https:\/\/www.amstedmaxion.com.br\/en\/producao-do-setor-de-fundicao-aumenta-28-em-minas-gerais\/","title":{"rendered":"Produ\u00e7\u00e3o do setor de fundi\u00e7\u00e3o aumenta 28% em Minas Gerais"},"content":{"rendered":"\n<p>Di\u00e1rio do Com\u00e9rcio &#8211; A ind\u00fastria de fundi\u00e7\u00e3o de Minas Gerais encerrou 2021 com crescimento de 28% em rela\u00e7\u00e3o ao ano anterior. O resultado ficou acima das estimativas iniciais, que davam conta de um avan\u00e7o de 15% nesta base comparativa, e tamb\u00e9m ao desempenho nacional, que apurou alta de 20%. Para 2022 a expectativa tamb\u00e9m \u00e9 grande, sendo aguardado um incremento m\u00e9dio no Pa\u00eds de pelo menos 15% sobre o exerc\u00edcio passado, mediante o suprimento da demanda reprimida e a investimentos hist\u00f3ricos que v\u00eam sendo realizados pelas empresas do setor.<\/p>\n\n\n\n<p>De acordo com o presidente do Sindicato da Ind\u00fastria da Fundi\u00e7\u00e3o no Estado de Minas Gerais (Sifumg), Afonso Gonzaga, ao todo foram produzidas 2,7 milh\u00f5es de toneladas de fundidos no Pa\u00eds no decorrer de 2021. Cerca de 25% deste total, ou o equivalente a 695 mil toneladas, em Minas Gerais.<\/p>\n\n\n\n<p>\u201cVivemos um ano bem at\u00edpico. Apesar de a pandemia n\u00e3o ter acabado, o consumo disparou. Em Minas Gerais o crescimento foi ainda maior, at\u00e9 pela concentra\u00e7\u00e3o das empresas. Tivemos destaque na agroind\u00fastria, no saneamento b\u00e1sico, nos utens\u00edlios dom\u00e9sticos e na infraestrutura, que re\u00fane minera\u00e7\u00e3o e o setor ferrovi\u00e1rio\u201c, afirma.<\/p>\n\n\n\n<p>Para este exerc\u00edcio, as expectativas para o setor em Minas tamb\u00e9m s\u00e3o mais favor\u00e1veis e \u00e9 aguardado um crescimento superior a 20%. Em vistas de sustentar o crescimento n\u00e3o apenas estadual, mas o do setor em todo o Pa\u00eds, os investimentos em produtividade est\u00e3o batendo recordes.<\/p>\n\n\n\n<p>\u201cNos pr\u00f3ximos tr\u00eas anos, vamos acompanhar algo at\u00e9 ent\u00e3o in\u00e9dito no setor: investimentos robustos acompanhados por uma velocidade de crescimento em termos de produ\u00e7\u00e3o. J\u00e1 temos visto empresas preocupadas em modernizar suas opera\u00e7\u00f5es, implantando sistemas de molda\u00e7\u00e3o automatizados. Nunca t\u00ednhamos visto tanta aquisi\u00e7\u00e3o de m\u00e1quinas quanto em 2021. E isso vai continuar, pois as empresas est\u00e3o buscando n\u00e3o apenas ampliar suas capacidades de produ\u00e7\u00e3o, mas tamb\u00e9m produzir de forma mais sustent\u00e1vel, adquirindo fornos de indu\u00e7\u00e3o\u201c, explica.<\/p>\n\n\n\n<p>Gargalos<\/p>\n\n\n\n<p>Ainda segundo Gonzaga, apesar do cen\u00e1rio favor\u00e1vel, gargalos como o aumento dos custos de produ\u00e7\u00e3o ainda persistem. Por\u00e9m, segundo ele, o setor vem conseguindo fazer o repasse para os compradores. O valor do ferro-gusa subiu a patamares extremamente altos em fun\u00e7\u00e3o do aumento nos pre\u00e7os do min\u00e9rio, do frete e do carv\u00e3o.<\/p>\n\n\n\n<p>\u201cO comprador est\u00e1 ciente das dificuldades na aquisi\u00e7\u00e3o de mat\u00e9rias-primas e grande parte tem aceitado a recomposi\u00e7\u00e3o de pre\u00e7o. Temos tido um di\u00e1logo constante, mostrando as dificuldades e sendo muito transparentes quanto \u00e0 sobreviv\u00eancia do setor\u201d, comenta.<\/p>\n\n\n\n<p>Outro desafio diz respeito \u00e0 energia el\u00e9trica, que, conforme Gonzaga, \u00e9 cara e pode atrapalhar o desempenho do setor. Uma alternativa que traria competitividade seria o uso do g\u00e1s natural. \u201cA energia el\u00e9trica \u00e9 cara e, infelizmente, n\u00e3o temos um fornecedor \u00e0 altura da necessidade e com a competitividade que o setor exige. \u00c9 uma demanda importante e que temos trabalhado junto ao governo estadual\u201d, diz.<\/p>\n\n\n\n<p>Por fim, o dirigente cobra um olhar diferenciado dos gestores p\u00fablicos para os industriais, que, segundo ele, precisam ser mais valorizados. \u201cAinda temos muitas dificuldades com rela\u00e7\u00e3o a alta carga tribut\u00e1ria e precisamos de uma pol\u00edtica industrial decente\u201d, conclui.<\/p>\n\n\n\n<figure class=\"wp-block-image size-large is-resized\"><img loading=\"lazy\" decoding=\"async\" src=\"https:\/\/www.amstedmaxion.com.br\/wp-content\/uploads\/2022\/03\/Producao-do-setor-de-fundicao-aumenta-28-em-Minas-Gerais-reproducao-Diario-do-Comercio.png\" alt=\"\" class=\"wp-image-36118\" width=\"387\" height=\"250\"\/><figcaption>Foto: reprodu\u00e7\u00e3o Di\u00e1rio do Com\u00e9rcio<\/figcaption><\/figure>\n\n\n\n<p>Fonte: Di\u00e1rio do Com\u00e9rcio (<a href=\"https:\/\/diariodocomercio.com.br\/economia\/producao-do-setor-de-fundicao-aumenta-28-em-minas-gerais\/\">https:\/\/diariodocomercio.com.br\/economia\/producao-do-setor-de-fundicao-aumenta-28-em-minas-gerais\/<\/a>) <\/p>\n","protected":false},"excerpt":{"rendered":"<p>Di\u00e1rio do Com\u00e9rcio &#8211; A ind\u00fastria de fundi\u00e7\u00e3o de Minas Gerais encerrou 2021 com crescimento de 28% em rela\u00e7\u00e3o ao ano anterior. O resultado ficou acima das estimativas iniciais, que davam conta de um avan\u00e7o de 15% nesta base comparativa, e tamb\u00e9m ao desempenho nacional, que apurou alta de 20%. Para 2022 a expectativa tamb\u00e9m [&hellip;]<\/p>\n","protected":false},"author":5,"featured_media":36118,"comment_status":"open","ping_status":"open","sticky":false,"template":"","format":"standard","meta":{"_acf_changed":false,"footnotes":""},"categories":[148],"tags":[],"class_list":["post-36117","post","type-post","status-publish","format-standard","has-post-thumbnail","hentry","category-newsletter"],"acf":[],"yoast_head":"<!-- This site is optimized with the Yoast SEO plugin v23.9 - https:\/\/yoast.com\/wordpress\/plugins\/seo\/ -->\n<title>Produ\u00e7\u00e3o do setor de fundi\u00e7\u00e3o aumenta 28% em Minas Gerais - AmstedMaxion<\/title>\n<meta name=\"robots\" content=\"index, follow, max-snippet:-1, max-image-preview:large, max-video-preview:-1\" \/>\n<link rel=\"canonical\" href=\"https:\/\/www.amstedmaxion.com.br\/producao-do-setor-de-fundicao-aumenta-28-em-minas-gerais\/\" \/>\n<meta property=\"og:locale\" content=\"en_US\" \/>\n<meta property=\"og:type\" content=\"article\" \/>\n<meta property=\"og:title\" content=\"Produ\u00e7\u00e3o do setor de fundi\u00e7\u00e3o aumenta 28% em Minas Gerais - AmstedMaxion\" \/>\n<meta property=\"og:description\" content=\"Di\u00e1rio do Com\u00e9rcio &#8211; A ind\u00fastria de fundi\u00e7\u00e3o de Minas Gerais encerrou 2021 com crescimento de 28% em rela\u00e7\u00e3o ao ano anterior. O resultado ficou acima das estimativas iniciais, que davam conta de um avan\u00e7o de 15% nesta base comparativa, e tamb\u00e9m ao desempenho nacional, que apurou alta de 20%. Para 2022 a expectativa tamb\u00e9m [&hellip;]\" \/>\n<meta property=\"og:url\" content=\"https:\/\/www.amstedmaxion.com.br\/producao-do-setor-de-fundicao-aumenta-28-em-minas-gerais\/\" \/>\n<meta property=\"og:site_name\" content=\"AmstedMaxion\" \/>\n<meta property=\"article:publisher\" content=\"https:\/\/www.facebook.com\/AmstedMaxion.Oficial\" \/>\n<meta property=\"article:published_time\" content=\"2022-03-02T20:29:04+00:00\" \/>\n<meta property=\"article:modified_time\" content=\"2022-03-02T20:29:07+00:00\" \/>\n<meta property=\"og:image\" content=\"https:\/\/www.amstedmaxion.com.br\/wp-content\/uploads\/2022\/03\/Producao-do-setor-de-fundicao-aumenta-28-em-Minas-Gerais-reproducao-Diario-do-Comercio.png\" \/>\n\t<meta property=\"og:image:width\" content=\"685\" \/>\n\t<meta property=\"og:image:height\" content=\"442\" \/>\n\t<meta property=\"og:image:type\" content=\"image\/png\" \/>\n<meta name=\"author\" content=\"Rosane Storto\" \/>\n<meta name=\"twitter:card\" content=\"summary_large_image\" \/>\n<meta name=\"twitter:label1\" content=\"Written by\" \/>\n\t<meta name=\"twitter:data1\" content=\"Rosane Storto\" \/>\n\t<meta name=\"twitter:label2\" content=\"Est. reading time\" \/>\n\t<meta name=\"twitter:data2\" content=\"3 minutes\" \/>\n<script type=\"application\/ld+json\" class=\"yoast-schema-graph\">{\"@context\":\"https:\/\/schema.org\",\"@graph\":[{\"@type\":\"Article\",\"@id\":\"https:\/\/www.amstedmaxion.com.br\/producao-do-setor-de-fundicao-aumenta-28-em-minas-gerais\/#article\",\"isPartOf\":{\"@id\":\"https:\/\/www.amstedmaxion.com.br\/producao-do-setor-de-fundicao-aumenta-28-em-minas-gerais\/\"},\"author\":{\"name\":\"Rosane Storto\",\"@id\":\"https:\/\/www.amstedmaxion.com.br\/#\/schema\/person\/140cb65f07d4e66dd5543c8a187bf436\"},\"headline\":\"Produ\u00e7\u00e3o do setor de fundi\u00e7\u00e3o aumenta 28% em Minas Gerais\",\"datePublished\":\"2022-03-02T20:29:04+00:00\",\"dateModified\":\"2022-03-02T20:29:07+00:00\",\"mainEntityOfPage\":{\"@id\":\"https:\/\/www.amstedmaxion.com.br\/producao-do-setor-de-fundicao-aumenta-28-em-minas-gerais\/\"},\"wordCount\":590,\"commentCount\":0,\"publisher\":{\"@id\":\"https:\/\/www.amstedmaxion.com.br\/#organization\"},\"image\":{\"@id\":\"https:\/\/www.amstedmaxion.com.br\/producao-do-setor-de-fundicao-aumenta-28-em-minas-gerais\/#primaryimage\"},\"thumbnailUrl\":\"https:\/\/www.amstedmaxion.com.br\/wp-content\/uploads\/2022\/03\/Producao-do-setor-de-fundicao-aumenta-28-em-Minas-Gerais-reproducao-Diario-do-Comercio.png\",\"articleSection\":[\"Newsletter\"],\"inLanguage\":\"en-US\",\"potentialAction\":[{\"@type\":\"CommentAction\",\"name\":\"Comment\",\"target\":[\"https:\/\/www.amstedmaxion.com.br\/producao-do-setor-de-fundicao-aumenta-28-em-minas-gerais\/#respond\"]}]},{\"@type\":\"WebPage\",\"@id\":\"https:\/\/www.amstedmaxion.com.br\/producao-do-setor-de-fundicao-aumenta-28-em-minas-gerais\/\",\"url\":\"https:\/\/www.amstedmaxion.com.br\/producao-do-setor-de-fundicao-aumenta-28-em-minas-gerais\/\",\"name\":\"Produ\u00e7\u00e3o do setor de fundi\u00e7\u00e3o aumenta 28% em Minas Gerais - AmstedMaxion\",\"isPartOf\":{\"@id\":\"https:\/\/www.amstedmaxion.com.br\/#website\"},\"primaryImageOfPage\":{\"@id\":\"https:\/\/www.amstedmaxion.com.br\/producao-do-setor-de-fundicao-aumenta-28-em-minas-gerais\/#primaryimage\"},\"image\":{\"@id\":\"https:\/\/www.amstedmaxion.com.br\/producao-do-setor-de-fundicao-aumenta-28-em-minas-gerais\/#primaryimage\"},\"thumbnailUrl\":\"https:\/\/www.amstedmaxion.com.br\/wp-content\/uploads\/2022\/03\/Producao-do-setor-de-fundicao-aumenta-28-em-Minas-Gerais-reproducao-Diario-do-Comercio.png\",\"datePublished\":\"2022-03-02T20:29:04+00:00\",\"dateModified\":\"2022-03-02T20:29:07+00:00\",\"breadcrumb\":{\"@id\":\"https:\/\/www.amstedmaxion.com.br\/producao-do-setor-de-fundicao-aumenta-28-em-minas-gerais\/#breadcrumb\"},\"inLanguage\":\"en-US\",\"potentialAction\":[{\"@type\":\"ReadAction\",\"target\":[\"https:\/\/www.amstedmaxion.com.br\/producao-do-setor-de-fundicao-aumenta-28-em-minas-gerais\/\"]}]},{\"@type\":\"ImageObject\",\"inLanguage\":\"en-US\",\"@id\":\"https:\/\/www.amstedmaxion.com.br\/producao-do-setor-de-fundicao-aumenta-28-em-minas-gerais\/#primaryimage\",\"url\":\"https:\/\/www.amstedmaxion.com.br\/wp-content\/uploads\/2022\/03\/Producao-do-setor-de-fundicao-aumenta-28-em-Minas-Gerais-reproducao-Diario-do-Comercio.png\",\"contentUrl\":\"https:\/\/www.amstedmaxion.com.br\/wp-content\/uploads\/2022\/03\/Producao-do-setor-de-fundicao-aumenta-28-em-Minas-Gerais-reproducao-Diario-do-Comercio.png\",\"width\":685,\"height\":442,\"caption\":\"Foto: reprodu\u00e7\u00e3o Di\u00e1rio do Com\u00e9rcio\"},{\"@type\":\"BreadcrumbList\",\"@id\":\"https:\/\/www.amstedmaxion.com.br\/producao-do-setor-de-fundicao-aumenta-28-em-minas-gerais\/#breadcrumb\",\"itemListElement\":[{\"@type\":\"ListItem\",\"position\":1,\"name\":\"In\u00edcio\",\"item\":\"https:\/\/www.amstedmaxion.com.br\/\"},{\"@type\":\"ListItem\",\"position\":2,\"name\":\"Produ\u00e7\u00e3o do setor de fundi\u00e7\u00e3o aumenta 28% em Minas Gerais\"}]},{\"@type\":\"WebSite\",\"@id\":\"https:\/\/www.amstedmaxion.com.br\/#website\",\"url\":\"https:\/\/www.amstedmaxion.com.br\/\",\"name\":\"AmstedMaxion\",\"description\":\"AmstedMaxion - Fundi\u00e7\u00e3o e Equipamentos Ferrovi\u00e1rios\",\"publisher\":{\"@id\":\"https:\/\/www.amstedmaxion.com.br\/#organization\"},\"alternateName\":\"AmstedMaxion\",\"potentialAction\":[{\"@type\":\"SearchAction\",\"target\":{\"@type\":\"EntryPoint\",\"urlTemplate\":\"https:\/\/www.amstedmaxion.com.br\/?s={search_term_string}\"},\"query-input\":{\"@type\":\"PropertyValueSpecification\",\"valueRequired\":true,\"valueName\":\"search_term_string\"}}],\"inLanguage\":\"en-US\"},{\"@type\":\"Organization\",\"@id\":\"https:\/\/www.amstedmaxion.com.br\/#organization\",\"name\":\"AMSTEDMAXION\",\"url\":\"https:\/\/www.amstedmaxion.com.br\/\",\"logo\":{\"@type\":\"ImageObject\",\"inLanguage\":\"en-US\",\"@id\":\"https:\/\/www.amstedmaxion.com.br\/#\/schema\/logo\/image\/\",\"url\":\"https:\/\/www.amstedmaxion.com.br\/wp-content\/uploads\/2023\/11\/amsted.png\",\"contentUrl\":\"https:\/\/www.amstedmaxion.com.br\/wp-content\/uploads\/2023\/11\/amsted.png\",\"width\":500,\"height\":500,\"caption\":\"AMSTEDMAXION\"},\"image\":{\"@id\":\"https:\/\/www.amstedmaxion.com.br\/#\/schema\/logo\/image\/\"},\"sameAs\":[\"https:\/\/www.facebook.com\/AmstedMaxion.Oficial\",\"https:\/\/br.linkedin.com\/company\/amstedmaxion\"]},{\"@type\":\"Person\",\"@id\":\"https:\/\/www.amstedmaxion.com.br\/#\/schema\/person\/140cb65f07d4e66dd5543c8a187bf436\",\"name\":\"Rosane Storto\",\"image\":{\"@type\":\"ImageObject\",\"inLanguage\":\"en-US\",\"@id\":\"https:\/\/www.amstedmaxion.com.br\/#\/schema\/person\/image\/\",\"url\":\"https:\/\/secure.gravatar.com\/avatar\/0e3d021545bbe593cb0eb3ee740544fefa86d59762e63dec1dbe9480a34c98cd?s=96&d=mm&r=g\",\"contentUrl\":\"https:\/\/secure.gravatar.com\/avatar\/0e3d021545bbe593cb0eb3ee740544fefa86d59762e63dec1dbe9480a34c98cd?s=96&d=mm&r=g\",\"caption\":\"Rosane Storto\"}}]}<\/script>\n<!-- \/ Yoast SEO plugin. -->","yoast_head_json":{"title":"Produ\u00e7\u00e3o do setor de fundi\u00e7\u00e3o aumenta 28% em Minas Gerais - AmstedMaxion","robots":{"index":"index","follow":"follow","max-snippet":"max-snippet:-1","max-image-preview":"max-image-preview:large","max-video-preview":"max-video-preview:-1"},"canonical":"https:\/\/www.amstedmaxion.com.br\/producao-do-setor-de-fundicao-aumenta-28-em-minas-gerais\/","og_locale":"en_US","og_type":"article","og_title":"Produ\u00e7\u00e3o do setor de fundi\u00e7\u00e3o aumenta 28% em Minas Gerais - AmstedMaxion","og_description":"Di\u00e1rio do Com\u00e9rcio &#8211; A ind\u00fastria de fundi\u00e7\u00e3o de Minas Gerais encerrou 2021 com crescimento de 28% em rela\u00e7\u00e3o ao ano anterior. O resultado ficou acima das estimativas iniciais, que davam conta de um avan\u00e7o de 15% nesta base comparativa, e tamb\u00e9m ao desempenho nacional, que apurou alta de 20%. Para 2022 a expectativa tamb\u00e9m [&hellip;]","og_url":"https:\/\/www.amstedmaxion.com.br\/producao-do-setor-de-fundicao-aumenta-28-em-minas-gerais\/","og_site_name":"AmstedMaxion","article_publisher":"https:\/\/www.facebook.com\/AmstedMaxion.Oficial","article_published_time":"2022-03-02T20:29:04+00:00","article_modified_time":"2022-03-02T20:29:07+00:00","og_image":[{"width":685,"height":442,"url":"https:\/\/www.amstedmaxion.com.br\/wp-content\/uploads\/2022\/03\/Producao-do-setor-de-fundicao-aumenta-28-em-Minas-Gerais-reproducao-Diario-do-Comercio.png","type":"image\/png"}],"author":"Rosane Storto","twitter_card":"summary_large_image","twitter_misc":{"Written by":"Rosane Storto","Est. reading time":"3 minutes"},"schema":{"@context":"https:\/\/schema.org","@graph":[{"@type":"Article","@id":"https:\/\/www.amstedmaxion.com.br\/producao-do-setor-de-fundicao-aumenta-28-em-minas-gerais\/#article","isPartOf":{"@id":"https:\/\/www.amstedmaxion.com.br\/producao-do-setor-de-fundicao-aumenta-28-em-minas-gerais\/"},"author":{"name":"Rosane Storto","@id":"https:\/\/www.amstedmaxion.com.br\/#\/schema\/person\/140cb65f07d4e66dd5543c8a187bf436"},"headline":"Produ\u00e7\u00e3o do setor de fundi\u00e7\u00e3o aumenta 28% em Minas Gerais","datePublished":"2022-03-02T20:29:04+00:00","dateModified":"2022-03-02T20:29:07+00:00","mainEntityOfPage":{"@id":"https:\/\/www.amstedmaxion.com.br\/producao-do-setor-de-fundicao-aumenta-28-em-minas-gerais\/"},"wordCount":590,"commentCount":0,"publisher":{"@id":"https:\/\/www.amstedmaxion.com.br\/#organization"},"image":{"@id":"https:\/\/www.amstedmaxion.com.br\/producao-do-setor-de-fundicao-aumenta-28-em-minas-gerais\/#primaryimage"},"thumbnailUrl":"https:\/\/www.amstedmaxion.com.br\/wp-content\/uploads\/2022\/03\/Producao-do-setor-de-fundicao-aumenta-28-em-Minas-Gerais-reproducao-Diario-do-Comercio.png","articleSection":["Newsletter"],"inLanguage":"en-US","potentialAction":[{"@type":"CommentAction","name":"Comment","target":["https:\/\/www.amstedmaxion.com.br\/producao-do-setor-de-fundicao-aumenta-28-em-minas-gerais\/#respond"]}]},{"@type":"WebPage","@id":"https:\/\/www.amstedmaxion.com.br\/producao-do-setor-de-fundicao-aumenta-28-em-minas-gerais\/","url":"https:\/\/www.amstedmaxion.com.br\/producao-do-setor-de-fundicao-aumenta-28-em-minas-gerais\/","name":"Produ\u00e7\u00e3o do setor de fundi\u00e7\u00e3o aumenta 28% em Minas Gerais - AmstedMaxion","isPartOf":{"@id":"https:\/\/www.amstedmaxion.com.br\/#website"},"primaryImageOfPage":{"@id":"https:\/\/www.amstedmaxion.com.br\/producao-do-setor-de-fundicao-aumenta-28-em-minas-gerais\/#primaryimage"},"image":{"@id":"https:\/\/www.amstedmaxion.com.br\/producao-do-setor-de-fundicao-aumenta-28-em-minas-gerais\/#primaryimage"},"thumbnailUrl":"https:\/\/www.amstedmaxion.com.br\/wp-content\/uploads\/2022\/03\/Producao-do-setor-de-fundicao-aumenta-28-em-Minas-Gerais-reproducao-Diario-do-Comercio.png","datePublished":"2022-03-02T20:29:04+00:00","dateModified":"2022-03-02T20:29:07+00:00","breadcrumb":{"@id":"https:\/\/www.amstedmaxion.com.br\/producao-do-setor-de-fundicao-aumenta-28-em-minas-gerais\/#breadcrumb"},"inLanguage":"en-US","potentialAction":[{"@type":"ReadAction","target":["https:\/\/www.amstedmaxion.com.br\/producao-do-setor-de-fundicao-aumenta-28-em-minas-gerais\/"]}]},{"@type":"ImageObject","inLanguage":"en-US","@id":"https:\/\/www.amstedmaxion.com.br\/producao-do-setor-de-fundicao-aumenta-28-em-minas-gerais\/#primaryimage","url":"https:\/\/www.amstedmaxion.com.br\/wp-content\/uploads\/2022\/03\/Producao-do-setor-de-fundicao-aumenta-28-em-Minas-Gerais-reproducao-Diario-do-Comercio.png","contentUrl":"https:\/\/www.amstedmaxion.com.br\/wp-content\/uploads\/2022\/03\/Producao-do-setor-de-fundicao-aumenta-28-em-Minas-Gerais-reproducao-Diario-do-Comercio.png","width":685,"height":442,"caption":"Foto: reprodu\u00e7\u00e3o Di\u00e1rio do Com\u00e9rcio"},{"@type":"BreadcrumbList","@id":"https:\/\/www.amstedmaxion.com.br\/producao-do-setor-de-fundicao-aumenta-28-em-minas-gerais\/#breadcrumb","itemListElement":[{"@type":"ListItem","position":1,"name":"In\u00edcio","item":"https:\/\/www.amstedmaxion.com.br\/"},{"@type":"ListItem","position":2,"name":"Produ\u00e7\u00e3o do setor de fundi\u00e7\u00e3o aumenta 28% em Minas Gerais"}]},{"@type":"WebSite","@id":"https:\/\/www.amstedmaxion.com.br\/#website","url":"https:\/\/www.amstedmaxion.com.br\/","name":"AmstedMaxion","description":"AmstedMaxion - Fundi\u00e7\u00e3o e Equipamentos Ferrovi\u00e1rios","publisher":{"@id":"https:\/\/www.amstedmaxion.com.br\/#organization"},"alternateName":"AmstedMaxion","potentialAction":[{"@type":"SearchAction","target":{"@type":"EntryPoint","urlTemplate":"https:\/\/www.amstedmaxion.com.br\/?s={search_term_string}"},"query-input":{"@type":"PropertyValueSpecification","valueRequired":true,"valueName":"search_term_string"}}],"inLanguage":"en-US"},{"@type":"Organization","@id":"https:\/\/www.amstedmaxion.com.br\/#organization","name":"AMSTEDMAXION","url":"https:\/\/www.amstedmaxion.com.br\/","logo":{"@type":"ImageObject","inLanguage":"en-US","@id":"https:\/\/www.amstedmaxion.com.br\/#\/schema\/logo\/image\/","url":"https:\/\/www.amstedmaxion.com.br\/wp-content\/uploads\/2023\/11\/amsted.png","contentUrl":"https:\/\/www.amstedmaxion.com.br\/wp-content\/uploads\/2023\/11\/amsted.png","width":500,"height":500,"caption":"AMSTEDMAXION"},"image":{"@id":"https:\/\/www.amstedmaxion.com.br\/#\/schema\/logo\/image\/"},"sameAs":["https:\/\/www.facebook.com\/AmstedMaxion.Oficial","https:\/\/br.linkedin.com\/company\/amstedmaxion"]},{"@type":"Person","@id":"https:\/\/www.amstedmaxion.com.br\/#\/schema\/person\/140cb65f07d4e66dd5543c8a187bf436","name":"Rosane Storto","image":{"@type":"ImageObject","inLanguage":"en-US","@id":"https:\/\/www.amstedmaxion.com.br\/#\/schema\/person\/image\/","url":"https:\/\/secure.gravatar.com\/avatar\/0e3d021545bbe593cb0eb3ee740544fefa86d59762e63dec1dbe9480a34c98cd?s=96&d=mm&r=g","contentUrl":"https:\/\/secure.gravatar.com\/avatar\/0e3d021545bbe593cb0eb3ee740544fefa86d59762e63dec1dbe9480a34c98cd?s=96&d=mm&r=g","caption":"Rosane Storto"}}]}},"_links":{"self":[{"href":"https:\/\/www.amstedmaxion.com.br\/en\/wp-json\/wp\/v2\/posts\/36117","targetHints":{"allow":["GET"]}}],"collection":[{"href":"https:\/\/www.amstedmaxion.com.br\/en\/wp-json\/wp\/v2\/posts"}],"about":[{"href":"https:\/\/www.amstedmaxion.com.br\/en\/wp-json\/wp\/v2\/types\/post"}],"author":[{"embeddable":true,"href":"https:\/\/www.amstedmaxion.com.br\/en\/wp-json\/wp\/v2\/users\/5"}],"replies":[{"embeddable":true,"href":"https:\/\/www.amstedmaxion.com.br\/en\/wp-json\/wp\/v2\/comments?post=36117"}],"version-history":[{"count":1,"href":"https:\/\/www.amstedmaxion.com.br\/en\/wp-json\/wp\/v2\/posts\/36117\/revisions"}],"predecessor-version":[{"id":36119,"href":"https:\/\/www.amstedmaxion.com.br\/en\/wp-json\/wp\/v2\/posts\/36117\/revisions\/36119"}],"wp:featuredmedia":[{"embeddable":true,"href":"https:\/\/www.amstedmaxion.com.br\/en\/wp-json\/wp\/v2\/media\/36118"}],"wp:attachment":[{"href":"https:\/\/www.amstedmaxion.com.br\/en\/wp-json\/wp\/v2\/media?parent=36117"}],"wp:term":[{"taxonomy":"category","embeddable":true,"href":"https:\/\/www.amstedmaxion.com.br\/en\/wp-json\/wp\/v2\/categories?post=36117"},{"taxonomy":"post_tag","embeddable":true,"href":"https:\/\/www.amstedmaxion.com.br\/en\/wp-json\/wp\/v2\/tags?post=36117"}],"curies":[{"name":"wp","href":"https:\/\/api.w.org\/{rel}","templated":true}]}}