{"id":36320,"date":"2022-03-16T16:51:01","date_gmt":"2022-03-16T19:51:01","guid":{"rendered":"https:\/\/www.amstedmaxion.com.br\/?p=36320"},"modified":"2022-03-16T16:53:02","modified_gmt":"2022-03-16T19:53:02","slug":"ministro-tarcisio-de-freitas-participa-da-nt-expo-durante-o-seminario-pro-trilhos","status":"publish","type":"post","link":"https:\/\/www.amstedmaxion.com.br\/en\/ministro-tarcisio-de-freitas-participa-da-nt-expo-durante-o-seminario-pro-trilhos\/","title":{"rendered":"Ministro Tarc\u00edsio de Freitas participa da NT Expo durante o semin\u00e1rio Pro Trilhos"},"content":{"rendered":"\n<p>O ministro da Infraestrutura, Tarc\u00edsio de Freitas, participou do semin\u00e1rio Pro Trilhos, que aconteceu durante a abertura da NT Expo &#8211; Neg\u00f3cios nos Trilhos, que aconteceu ontem, dia 15, no S\u00e3o Paulo Expo, em S\u00e3o Paulo. Tarc\u00edsio, juntamente com a equipe do Minist\u00e9rio da Infraestrutura, falou sobre as a\u00e7\u00f5es do programa Pro Trilhos, atrav\u00e9s do novo modelo de autoriza\u00e7\u00f5es, para promover o renascimento do transporte ferrovi\u00e1rio no pa\u00eds, destacando o programa criado para atrair investimentos privados em ferrovias.<\/p>\n\n\n\n<p>Tarc\u00edsio destacou que a alta ades\u00e3o do setor privado surpreendeu o Minist\u00e9rio. Esper\u00e1vamos cerca de oito pedidos de autoriza\u00e7\u00f5es, mas tivemos uma grande surpresa quando recebemos 80 pedidos 80 pedidos de autoriza\u00e7\u00e3o para a constru\u00e7\u00e3o de ferrovias de diferentes players do mercado, al\u00e9m das empresas concession\u00e1rias tradicionais. \u201cO setor privado entendeu que \u00e9 preciso resolver o seu problema de log\u00edstica e resolveu assumir o risco\u201d, disse.<\/p>\n\n\n\n<p>Hoje, o Pro trilhos conta com 27 contratos j\u00e1 assinados entre o Governo Federal e setor privado. Com isso, a previs\u00e3o \u00e9 de que o pa\u00eds deve ganhar mais 20 mil quil\u00f4metros de novas ferrovias e a participa\u00e7\u00e3o do modal ferrovi\u00e1rio na matriz nacional vai passar dos 20% atuais para 40% at\u00e9 2035. \u201cAl\u00e9m dos pedidos de autoriza\u00e7\u00e3o, temos as novas concess\u00f5es, o investimento cruzado e as renova\u00e7\u00f5es antecipadas, gerando uma matriz de transporte mais equilibrada, sustent\u00e1vel e barata\u201d, destacou.<\/p>\n\n\n\n<p><strong>Concession\u00e1rias e Autorizat\u00e1rias <\/strong><strong><\/strong><\/p>\n\n\n\n<p>O semin\u00e1rio Pro Trilhos, que aconteceu durante a abertura da NT Expo, al\u00e9m da participa\u00e7\u00e3o do ministro da Infraestrutura, contou com a participa\u00e7\u00e3o de concession\u00e1rias e autorizat\u00e1rias, que apresentaram seus projetos e investimentos no setor para os pr\u00f3ximos anos.<\/p>\n\n\n\n<p>Representantes das concession\u00e1rias: BAMIN, MRS, VLI, Rumo e Vale apresentaram, no painel 1, seus projetos e investimentos. Os pain\u00e9is 2 e 3 foram divididos entre 12 autorizat\u00e1rias: BRACELL, LOG\u00cdSTICA SUZANO, FAZENDA CAMPO GRANDE &#8211; Projeto do Centro Log\u00edstico Campo Grande, PORTO A\u00c7U: A solu\u00e7\u00e3o log\u00edstica para o Sudeste, ELDORADO BRASIL CELULOSE -Log\u00edstica da Celulose, FERROESTE &#8211; Projeto Nova Ferroeste, DOHA INVESTIMENTOS, 3G Empreendimentos, MACRO DESENVOLVIMENTO, GR\u00c3O PAR\u00c1, PETROCITY e MINERVA PARTICIPA\u00c7\u00d5ES.<\/p>\n\n\n\n<p>Entre os projetos apresentados, est\u00e1 o projeto da 3G Empreendimentos, que visa a constru\u00e7\u00e3o de uma ferrovia no Par\u00e1 com 1.370 quil\u00f4metros de extens\u00e3o, ligando o Estado de Barcarena a Santana do Araguaia.&nbsp;De acordo com Maur\u00edcio Girardello Filho, s\u00f3cio diretor da 3G Empreendimentos, o projeto, com investimento estimado em R$ 10 bilh\u00f5es, visa um sistema integrado log\u00edstico com o porto Vila do Conde, que ter\u00e1, por exemplo, o calado ampliando com a dragagem do canal de Quiriri. A Gr\u00e3o Par\u00e1 Multimodal apresentou um empreendimento conjunto de ferrovia e terminal de uso privado na Baia de S\u00e3o Marcos, no Maranh\u00e3o. A Ferrovia EF-317, com 520 quil\u00f4metros de extens\u00e3o prev\u00ea a liga\u00e7\u00e3o entre o Terminal Portu\u00e1rio de Alc\u00e2ntara e A\u00e7ail\u00e2ndia. De acordo com Paulo Salvador, diretor da Gr\u00e3o Par\u00e1 Multimodal, o projeto dever\u00e1 aumentar a capacidade ferrovi\u00e1ria e portu\u00e1ria para o escoamento da demanda do agroneg\u00f3cio e da minera\u00e7\u00e3o.<\/p>\n\n\n\n<p>A Macro Desenvolvimento apresentou o projeto da Ferrovia EF-352, que prev\u00ea interligar Presidente Kennedy (ES) a Concei\u00e7\u00e3o do Mato Dentro (MG) e a Sete Lagoas\/MG, na fase inicial e, posteriormente, \u00e0 Macro Central (Sete Lagos &#8211; MG a Anapolis &#8211; GO). De acordo com o CEO da Macro Desenvolvimento, Fabr\u00edcio Cardoso Freitas, o prazo estimado para o projeto ser conclu\u00eddo \u00e9 de 10 anos e o objetivo principal \u00e9 o transporte de min\u00e9rio de ferro da regi\u00e3o de Minas Gerais.<\/p>\n\n\n\n<p>Jos\u00e9 Maria de Mello Firmo,\u00a0do Porto do A\u00e7u Opera\u00e7\u00f5es S.A, falou sobre o projeto da ferrovia, com 41 quil\u00f4metros de extens\u00e3o, conectando os terminais do Porto A\u00e7u ao ramal principal da ferrovia que interligar\u00e1 a regi\u00e3o Norte Fluminense \u00e0 malha ferrovi\u00e1ria nacional. O projeto, com investimentos de R$ 610 milh\u00f5es, indica um potencial de escoamento de 16 milh\u00f5es de toneladas, sendo 8 milh\u00f5es de toneladas de gr\u00e3os.<\/p>\n\n\n\n<figure class=\"wp-block-image size-large is-resized\"><img loading=\"lazy\" decoding=\"async\" src=\"https:\/\/www.amstedmaxion.com.br\/wp-content\/uploads\/2022\/03\/NT-Expo-Divulgacao.jpg\" alt=\"\" class=\"wp-image-36321\" width=\"382\" height=\"382\"\/><figcaption>Reprodu\u00e7\u00e3o Facebook NT Expo<\/figcaption><\/figure>\n\n\n\n<p>Fonte: Assessoria de Imprensa Greenbrier Maxion \/ AmstedMaxion<\/p>\n","protected":false},"excerpt":{"rendered":"<p>O ministro da Infraestrutura, Tarc\u00edsio de Freitas, participou do semin\u00e1rio Pro Trilhos, que aconteceu durante a abertura da NT Expo &#8211; Neg\u00f3cios nos Trilhos, que aconteceu ontem, dia 15, no S\u00e3o Paulo Expo, em S\u00e3o Paulo. Tarc\u00edsio, juntamente com a equipe do Minist\u00e9rio da Infraestrutura, falou sobre as a\u00e7\u00f5es do programa Pro Trilhos, atrav\u00e9s do [&hellip;]<\/p>\n","protected":false},"author":5,"featured_media":36321,"comment_status":"open","ping_status":"open","sticky":false,"template":"","format":"standard","meta":{"_acf_changed":false,"footnotes":""},"categories":[2,80],"tags":[],"class_list":["post-36320","post","type-post","status-publish","format-standard","has-post-thumbnail","hentry","category-noticias","category-mercado"],"acf":[],"yoast_head":"<!-- This site is optimized with the Yoast SEO plugin v23.9 - https:\/\/yoast.com\/wordpress\/plugins\/seo\/ -->\n<title>Ministro Tarc\u00edsio de Freitas participa da NT Expo durante o semin\u00e1rio Pro Trilhos - AmstedMaxion<\/title>\n<meta name=\"robots\" content=\"index, follow, max-snippet:-1, max-image-preview:large, max-video-preview:-1\" \/>\n<link rel=\"canonical\" href=\"https:\/\/www.amstedmaxion.com.br\/ministro-tarcisio-de-freitas-participa-da-nt-expo-durante-o-seminario-pro-trilhos\/\" \/>\n<meta property=\"og:locale\" content=\"en_US\" \/>\n<meta property=\"og:type\" content=\"article\" \/>\n<meta property=\"og:title\" content=\"Ministro Tarc\u00edsio de Freitas participa da NT Expo durante o semin\u00e1rio Pro Trilhos - AmstedMaxion\" \/>\n<meta property=\"og:description\" content=\"O ministro da Infraestrutura, Tarc\u00edsio de Freitas, participou do semin\u00e1rio Pro Trilhos, que aconteceu durante a abertura da NT Expo &#8211; Neg\u00f3cios nos Trilhos, que aconteceu ontem, dia 15, no S\u00e3o Paulo Expo, em S\u00e3o Paulo. Tarc\u00edsio, juntamente com a equipe do Minist\u00e9rio da Infraestrutura, falou sobre as a\u00e7\u00f5es do programa Pro Trilhos, atrav\u00e9s do [&hellip;]\" \/>\n<meta property=\"og:url\" content=\"https:\/\/www.amstedmaxion.com.br\/ministro-tarcisio-de-freitas-participa-da-nt-expo-durante-o-seminario-pro-trilhos\/\" \/>\n<meta property=\"og:site_name\" content=\"AmstedMaxion\" \/>\n<meta property=\"article:publisher\" content=\"https:\/\/www.facebook.com\/AmstedMaxion.Oficial\" \/>\n<meta property=\"article:published_time\" content=\"2022-03-16T19:51:01+00:00\" \/>\n<meta property=\"article:modified_time\" content=\"2022-03-16T19:53:02+00:00\" \/>\n<meta property=\"og:image\" content=\"https:\/\/www.amstedmaxion.com.br\/wp-content\/uploads\/2022\/03\/NT-Expo-Divulgacao.jpg\" \/>\n\t<meta property=\"og:image:width\" content=\"1080\" \/>\n\t<meta property=\"og:image:height\" content=\"1080\" \/>\n\t<meta property=\"og:image:type\" content=\"image\/jpeg\" \/>\n<meta name=\"author\" content=\"Rosane Storto\" \/>\n<meta name=\"twitter:card\" content=\"summary_large_image\" \/>\n<meta name=\"twitter:label1\" content=\"Written by\" \/>\n\t<meta name=\"twitter:data1\" content=\"Rosane Storto\" \/>\n\t<meta name=\"twitter:label2\" content=\"Est. reading time\" \/>\n\t<meta name=\"twitter:data2\" content=\"4 minutes\" \/>\n<script type=\"application\/ld+json\" class=\"yoast-schema-graph\">{\"@context\":\"https:\/\/schema.org\",\"@graph\":[{\"@type\":\"Article\",\"@id\":\"https:\/\/www.amstedmaxion.com.br\/ministro-tarcisio-de-freitas-participa-da-nt-expo-durante-o-seminario-pro-trilhos\/#article\",\"isPartOf\":{\"@id\":\"https:\/\/www.amstedmaxion.com.br\/ministro-tarcisio-de-freitas-participa-da-nt-expo-durante-o-seminario-pro-trilhos\/\"},\"author\":{\"name\":\"Rosane Storto\",\"@id\":\"https:\/\/www.amstedmaxion.com.br\/#\/schema\/person\/140cb65f07d4e66dd5543c8a187bf436\"},\"headline\":\"Ministro Tarc\u00edsio de Freitas participa da NT Expo durante o semin\u00e1rio Pro Trilhos\",\"datePublished\":\"2022-03-16T19:51:01+00:00\",\"dateModified\":\"2022-03-16T19:53:02+00:00\",\"mainEntityOfPage\":{\"@id\":\"https:\/\/www.amstedmaxion.com.br\/ministro-tarcisio-de-freitas-participa-da-nt-expo-durante-o-seminario-pro-trilhos\/\"},\"wordCount\":727,\"commentCount\":0,\"publisher\":{\"@id\":\"https:\/\/www.amstedmaxion.com.br\/#organization\"},\"image\":{\"@id\":\"https:\/\/www.amstedmaxion.com.br\/ministro-tarcisio-de-freitas-participa-da-nt-expo-durante-o-seminario-pro-trilhos\/#primaryimage\"},\"thumbnailUrl\":\"https:\/\/www.amstedmaxion.com.br\/wp-content\/uploads\/2022\/03\/NT-Expo-Divulgacao.jpg\",\"articleSection\":[\"Not\u00edcias da AmstedMaxion\",\"Not\u00edcias do Mercado\"],\"inLanguage\":\"en-US\",\"potentialAction\":[{\"@type\":\"CommentAction\",\"name\":\"Comment\",\"target\":[\"https:\/\/www.amstedmaxion.com.br\/ministro-tarcisio-de-freitas-participa-da-nt-expo-durante-o-seminario-pro-trilhos\/#respond\"]}]},{\"@type\":\"WebPage\",\"@id\":\"https:\/\/www.amstedmaxion.com.br\/ministro-tarcisio-de-freitas-participa-da-nt-expo-durante-o-seminario-pro-trilhos\/\",\"url\":\"https:\/\/www.amstedmaxion.com.br\/ministro-tarcisio-de-freitas-participa-da-nt-expo-durante-o-seminario-pro-trilhos\/\",\"name\":\"Ministro Tarc\u00edsio de Freitas participa da NT Expo durante o semin\u00e1rio Pro Trilhos - AmstedMaxion\",\"isPartOf\":{\"@id\":\"https:\/\/www.amstedmaxion.com.br\/#website\"},\"primaryImageOfPage\":{\"@id\":\"https:\/\/www.amstedmaxion.com.br\/ministro-tarcisio-de-freitas-participa-da-nt-expo-durante-o-seminario-pro-trilhos\/#primaryimage\"},\"image\":{\"@id\":\"https:\/\/www.amstedmaxion.com.br\/ministro-tarcisio-de-freitas-participa-da-nt-expo-durante-o-seminario-pro-trilhos\/#primaryimage\"},\"thumbnailUrl\":\"https:\/\/www.amstedmaxion.com.br\/wp-content\/uploads\/2022\/03\/NT-Expo-Divulgacao.jpg\",\"datePublished\":\"2022-03-16T19:51:01+00:00\",\"dateModified\":\"2022-03-16T19:53:02+00:00\",\"breadcrumb\":{\"@id\":\"https:\/\/www.amstedmaxion.com.br\/ministro-tarcisio-de-freitas-participa-da-nt-expo-durante-o-seminario-pro-trilhos\/#breadcrumb\"},\"inLanguage\":\"en-US\",\"potentialAction\":[{\"@type\":\"ReadAction\",\"target\":[\"https:\/\/www.amstedmaxion.com.br\/ministro-tarcisio-de-freitas-participa-da-nt-expo-durante-o-seminario-pro-trilhos\/\"]}]},{\"@type\":\"ImageObject\",\"inLanguage\":\"en-US\",\"@id\":\"https:\/\/www.amstedmaxion.com.br\/ministro-tarcisio-de-freitas-participa-da-nt-expo-durante-o-seminario-pro-trilhos\/#primaryimage\",\"url\":\"https:\/\/www.amstedmaxion.com.br\/wp-content\/uploads\/2022\/03\/NT-Expo-Divulgacao.jpg\",\"contentUrl\":\"https:\/\/www.amstedmaxion.com.br\/wp-content\/uploads\/2022\/03\/NT-Expo-Divulgacao.jpg\",\"width\":1080,\"height\":1080,\"caption\":\"Foto: Divulga\u00e7\u00e3o Facebook NT Expo\"},{\"@type\":\"BreadcrumbList\",\"@id\":\"https:\/\/www.amstedmaxion.com.br\/ministro-tarcisio-de-freitas-participa-da-nt-expo-durante-o-seminario-pro-trilhos\/#breadcrumb\",\"itemListElement\":[{\"@type\":\"ListItem\",\"position\":1,\"name\":\"In\u00edcio\",\"item\":\"https:\/\/www.amstedmaxion.com.br\/\"},{\"@type\":\"ListItem\",\"position\":2,\"name\":\"Ministro Tarc\u00edsio de Freitas participa da NT Expo durante o semin\u00e1rio Pro Trilhos\"}]},{\"@type\":\"WebSite\",\"@id\":\"https:\/\/www.amstedmaxion.com.br\/#website\",\"url\":\"https:\/\/www.amstedmaxion.com.br\/\",\"name\":\"AmstedMaxion\",\"description\":\"AmstedMaxion - Fundi\u00e7\u00e3o e Equipamentos Ferrovi\u00e1rios\",\"publisher\":{\"@id\":\"https:\/\/www.amstedmaxion.com.br\/#organization\"},\"alternateName\":\"AmstedMaxion\",\"potentialAction\":[{\"@type\":\"SearchAction\",\"target\":{\"@type\":\"EntryPoint\",\"urlTemplate\":\"https:\/\/www.amstedmaxion.com.br\/?s={search_term_string}\"},\"query-input\":{\"@type\":\"PropertyValueSpecification\",\"valueRequired\":true,\"valueName\":\"search_term_string\"}}],\"inLanguage\":\"en-US\"},{\"@type\":\"Organization\",\"@id\":\"https:\/\/www.amstedmaxion.com.br\/#organization\",\"name\":\"AMSTEDMAXION\",\"url\":\"https:\/\/www.amstedmaxion.com.br\/\",\"logo\":{\"@type\":\"ImageObject\",\"inLanguage\":\"en-US\",\"@id\":\"https:\/\/www.amstedmaxion.com.br\/#\/schema\/logo\/image\/\",\"url\":\"https:\/\/www.amstedmaxion.com.br\/wp-content\/uploads\/2023\/11\/amsted.png\",\"contentUrl\":\"https:\/\/www.amstedmaxion.com.br\/wp-content\/uploads\/2023\/11\/amsted.png\",\"width\":500,\"height\":500,\"caption\":\"AMSTEDMAXION\"},\"image\":{\"@id\":\"https:\/\/www.amstedmaxion.com.br\/#\/schema\/logo\/image\/\"},\"sameAs\":[\"https:\/\/www.facebook.com\/AmstedMaxion.Oficial\",\"https:\/\/br.linkedin.com\/company\/amstedmaxion\"]},{\"@type\":\"Person\",\"@id\":\"https:\/\/www.amstedmaxion.com.br\/#\/schema\/person\/140cb65f07d4e66dd5543c8a187bf436\",\"name\":\"Rosane Storto\",\"image\":{\"@type\":\"ImageObject\",\"inLanguage\":\"en-US\",\"@id\":\"https:\/\/www.amstedmaxion.com.br\/#\/schema\/person\/image\/\",\"url\":\"https:\/\/secure.gravatar.com\/avatar\/0e3d021545bbe593cb0eb3ee740544fefa86d59762e63dec1dbe9480a34c98cd?s=96&d=mm&r=g\",\"contentUrl\":\"https:\/\/secure.gravatar.com\/avatar\/0e3d021545bbe593cb0eb3ee740544fefa86d59762e63dec1dbe9480a34c98cd?s=96&d=mm&r=g\",\"caption\":\"Rosane Storto\"}}]}<\/script>\n<!-- \/ Yoast SEO plugin. -->","yoast_head_json":{"title":"Ministro Tarc\u00edsio de Freitas participa da NT Expo durante o semin\u00e1rio Pro Trilhos - AmstedMaxion","robots":{"index":"index","follow":"follow","max-snippet":"max-snippet:-1","max-image-preview":"max-image-preview:large","max-video-preview":"max-video-preview:-1"},"canonical":"https:\/\/www.amstedmaxion.com.br\/ministro-tarcisio-de-freitas-participa-da-nt-expo-durante-o-seminario-pro-trilhos\/","og_locale":"en_US","og_type":"article","og_title":"Ministro Tarc\u00edsio de Freitas participa da NT Expo durante o semin\u00e1rio Pro Trilhos - AmstedMaxion","og_description":"O ministro da Infraestrutura, Tarc\u00edsio de Freitas, participou do semin\u00e1rio Pro Trilhos, que aconteceu durante a abertura da NT Expo &#8211; Neg\u00f3cios nos Trilhos, que aconteceu ontem, dia 15, no S\u00e3o Paulo Expo, em S\u00e3o Paulo. Tarc\u00edsio, juntamente com a equipe do Minist\u00e9rio da Infraestrutura, falou sobre as a\u00e7\u00f5es do programa Pro Trilhos, atrav\u00e9s do [&hellip;]","og_url":"https:\/\/www.amstedmaxion.com.br\/ministro-tarcisio-de-freitas-participa-da-nt-expo-durante-o-seminario-pro-trilhos\/","og_site_name":"AmstedMaxion","article_publisher":"https:\/\/www.facebook.com\/AmstedMaxion.Oficial","article_published_time":"2022-03-16T19:51:01+00:00","article_modified_time":"2022-03-16T19:53:02+00:00","og_image":[{"width":1080,"height":1080,"url":"https:\/\/www.amstedmaxion.com.br\/wp-content\/uploads\/2022\/03\/NT-Expo-Divulgacao.jpg","type":"image\/jpeg"}],"author":"Rosane Storto","twitter_card":"summary_large_image","twitter_misc":{"Written by":"Rosane Storto","Est. reading time":"4 minutes"},"schema":{"@context":"https:\/\/schema.org","@graph":[{"@type":"Article","@id":"https:\/\/www.amstedmaxion.com.br\/ministro-tarcisio-de-freitas-participa-da-nt-expo-durante-o-seminario-pro-trilhos\/#article","isPartOf":{"@id":"https:\/\/www.amstedmaxion.com.br\/ministro-tarcisio-de-freitas-participa-da-nt-expo-durante-o-seminario-pro-trilhos\/"},"author":{"name":"Rosane Storto","@id":"https:\/\/www.amstedmaxion.com.br\/#\/schema\/person\/140cb65f07d4e66dd5543c8a187bf436"},"headline":"Ministro Tarc\u00edsio de Freitas participa da NT Expo durante o semin\u00e1rio Pro Trilhos","datePublished":"2022-03-16T19:51:01+00:00","dateModified":"2022-03-16T19:53:02+00:00","mainEntityOfPage":{"@id":"https:\/\/www.amstedmaxion.com.br\/ministro-tarcisio-de-freitas-participa-da-nt-expo-durante-o-seminario-pro-trilhos\/"},"wordCount":727,"commentCount":0,"publisher":{"@id":"https:\/\/www.amstedmaxion.com.br\/#organization"},"image":{"@id":"https:\/\/www.amstedmaxion.com.br\/ministro-tarcisio-de-freitas-participa-da-nt-expo-durante-o-seminario-pro-trilhos\/#primaryimage"},"thumbnailUrl":"https:\/\/www.amstedmaxion.com.br\/wp-content\/uploads\/2022\/03\/NT-Expo-Divulgacao.jpg","articleSection":["Not\u00edcias da AmstedMaxion","Not\u00edcias do Mercado"],"inLanguage":"en-US","potentialAction":[{"@type":"CommentAction","name":"Comment","target":["https:\/\/www.amstedmaxion.com.br\/ministro-tarcisio-de-freitas-participa-da-nt-expo-durante-o-seminario-pro-trilhos\/#respond"]}]},{"@type":"WebPage","@id":"https:\/\/www.amstedmaxion.com.br\/ministro-tarcisio-de-freitas-participa-da-nt-expo-durante-o-seminario-pro-trilhos\/","url":"https:\/\/www.amstedmaxion.com.br\/ministro-tarcisio-de-freitas-participa-da-nt-expo-durante-o-seminario-pro-trilhos\/","name":"Ministro Tarc\u00edsio de Freitas participa da NT Expo durante o semin\u00e1rio Pro Trilhos - AmstedMaxion","isPartOf":{"@id":"https:\/\/www.amstedmaxion.com.br\/#website"},"primaryImageOfPage":{"@id":"https:\/\/www.amstedmaxion.com.br\/ministro-tarcisio-de-freitas-participa-da-nt-expo-durante-o-seminario-pro-trilhos\/#primaryimage"},"image":{"@id":"https:\/\/www.amstedmaxion.com.br\/ministro-tarcisio-de-freitas-participa-da-nt-expo-durante-o-seminario-pro-trilhos\/#primaryimage"},"thumbnailUrl":"https:\/\/www.amstedmaxion.com.br\/wp-content\/uploads\/2022\/03\/NT-Expo-Divulgacao.jpg","datePublished":"2022-03-16T19:51:01+00:00","dateModified":"2022-03-16T19:53:02+00:00","breadcrumb":{"@id":"https:\/\/www.amstedmaxion.com.br\/ministro-tarcisio-de-freitas-participa-da-nt-expo-durante-o-seminario-pro-trilhos\/#breadcrumb"},"inLanguage":"en-US","potentialAction":[{"@type":"ReadAction","target":["https:\/\/www.amstedmaxion.com.br\/ministro-tarcisio-de-freitas-participa-da-nt-expo-durante-o-seminario-pro-trilhos\/"]}]},{"@type":"ImageObject","inLanguage":"en-US","@id":"https:\/\/www.amstedmaxion.com.br\/ministro-tarcisio-de-freitas-participa-da-nt-expo-durante-o-seminario-pro-trilhos\/#primaryimage","url":"https:\/\/www.amstedmaxion.com.br\/wp-content\/uploads\/2022\/03\/NT-Expo-Divulgacao.jpg","contentUrl":"https:\/\/www.amstedmaxion.com.br\/wp-content\/uploads\/2022\/03\/NT-Expo-Divulgacao.jpg","width":1080,"height":1080,"caption":"Foto: Divulga\u00e7\u00e3o Facebook NT Expo"},{"@type":"BreadcrumbList","@id":"https:\/\/www.amstedmaxion.com.br\/ministro-tarcisio-de-freitas-participa-da-nt-expo-durante-o-seminario-pro-trilhos\/#breadcrumb","itemListElement":[{"@type":"ListItem","position":1,"name":"In\u00edcio","item":"https:\/\/www.amstedmaxion.com.br\/"},{"@type":"ListItem","position":2,"name":"Ministro Tarc\u00edsio de Freitas participa da NT Expo durante o semin\u00e1rio Pro Trilhos"}]},{"@type":"WebSite","@id":"https:\/\/www.amstedmaxion.com.br\/#website","url":"https:\/\/www.amstedmaxion.com.br\/","name":"AmstedMaxion","description":"AmstedMaxion - Fundi\u00e7\u00e3o e Equipamentos Ferrovi\u00e1rios","publisher":{"@id":"https:\/\/www.amstedmaxion.com.br\/#organization"},"alternateName":"AmstedMaxion","potentialAction":[{"@type":"SearchAction","target":{"@type":"EntryPoint","urlTemplate":"https:\/\/www.amstedmaxion.com.br\/?s={search_term_string}"},"query-input":{"@type":"PropertyValueSpecification","valueRequired":true,"valueName":"search_term_string"}}],"inLanguage":"en-US"},{"@type":"Organization","@id":"https:\/\/www.amstedmaxion.com.br\/#organization","name":"AMSTEDMAXION","url":"https:\/\/www.amstedmaxion.com.br\/","logo":{"@type":"ImageObject","inLanguage":"en-US","@id":"https:\/\/www.amstedmaxion.com.br\/#\/schema\/logo\/image\/","url":"https:\/\/www.amstedmaxion.com.br\/wp-content\/uploads\/2023\/11\/amsted.png","contentUrl":"https:\/\/www.amstedmaxion.com.br\/wp-content\/uploads\/2023\/11\/amsted.png","width":500,"height":500,"caption":"AMSTEDMAXION"},"image":{"@id":"https:\/\/www.amstedmaxion.com.br\/#\/schema\/logo\/image\/"},"sameAs":["https:\/\/www.facebook.com\/AmstedMaxion.Oficial","https:\/\/br.linkedin.com\/company\/amstedmaxion"]},{"@type":"Person","@id":"https:\/\/www.amstedmaxion.com.br\/#\/schema\/person\/140cb65f07d4e66dd5543c8a187bf436","name":"Rosane Storto","image":{"@type":"ImageObject","inLanguage":"en-US","@id":"https:\/\/www.amstedmaxion.com.br\/#\/schema\/person\/image\/","url":"https:\/\/secure.gravatar.com\/avatar\/0e3d021545bbe593cb0eb3ee740544fefa86d59762e63dec1dbe9480a34c98cd?s=96&d=mm&r=g","contentUrl":"https:\/\/secure.gravatar.com\/avatar\/0e3d021545bbe593cb0eb3ee740544fefa86d59762e63dec1dbe9480a34c98cd?s=96&d=mm&r=g","caption":"Rosane Storto"}}]}},"_links":{"self":[{"href":"https:\/\/www.amstedmaxion.com.br\/en\/wp-json\/wp\/v2\/posts\/36320","targetHints":{"allow":["GET"]}}],"collection":[{"href":"https:\/\/www.amstedmaxion.com.br\/en\/wp-json\/wp\/v2\/posts"}],"about":[{"href":"https:\/\/www.amstedmaxion.com.br\/en\/wp-json\/wp\/v2\/types\/post"}],"author":[{"embeddable":true,"href":"https:\/\/www.amstedmaxion.com.br\/en\/wp-json\/wp\/v2\/users\/5"}],"replies":[{"embeddable":true,"href":"https:\/\/www.amstedmaxion.com.br\/en\/wp-json\/wp\/v2\/comments?post=36320"}],"version-history":[{"count":1,"href":"https:\/\/www.amstedmaxion.com.br\/en\/wp-json\/wp\/v2\/posts\/36320\/revisions"}],"predecessor-version":[{"id":36322,"href":"https:\/\/www.amstedmaxion.com.br\/en\/wp-json\/wp\/v2\/posts\/36320\/revisions\/36322"}],"wp:featuredmedia":[{"embeddable":true,"href":"https:\/\/www.amstedmaxion.com.br\/en\/wp-json\/wp\/v2\/media\/36321"}],"wp:attachment":[{"href":"https:\/\/www.amstedmaxion.com.br\/en\/wp-json\/wp\/v2\/media?parent=36320"}],"wp:term":[{"taxonomy":"category","embeddable":true,"href":"https:\/\/www.amstedmaxion.com.br\/en\/wp-json\/wp\/v2\/categories?post=36320"},{"taxonomy":"post_tag","embeddable":true,"href":"https:\/\/www.amstedmaxion.com.br\/en\/wp-json\/wp\/v2\/tags?post=36320"}],"curies":[{"name":"wp","href":"https:\/\/api.w.org\/{rel}","templated":true}]}}