{"id":36492,"date":"2022-03-31T16:27:48","date_gmt":"2022-03-31T19:27:48","guid":{"rendered":"https:\/\/www.amstedmaxion.com.br\/?p=36492"},"modified":"2022-03-31T16:27:50","modified_gmt":"2022-03-31T19:27:50","slug":"setor-de-maquinas-tem-queda-no-bimestre","status":"publish","type":"post","link":"https:\/\/www.amstedmaxion.com.br\/en\/setor-de-maquinas-tem-queda-no-bimestre\/","title":{"rendered":"Setor de m\u00e1quinas tem queda no bimestre"},"content":{"rendered":"\n<p>Houve queda de 3,9% no per\u00edodo, mas exporta\u00e7\u00f5es seguiram em alta<\/p>\n\n\n\n<p>AGROLINK &#8211; A ind\u00fastria brasileira de m\u00e1quinas e equipamentos iniciou o ano de 2022 com desempenho abaixo do observado em 2021 e abaixo das expectativas. Conforme a Associa\u00e7\u00e3o Brasileira da Ind\u00fastria de M\u00e1quinas e Equipamentos (ABIMAQ) em fevereiro, ainda que a receita l\u00edquida tenha melhorado em rela\u00e7\u00e3o ao m\u00eas de janeiro (+8,5%), se manteve abaixo do resultado de fevereiro de 2021 (-2,9%).<\/p>\n\n\n\n<p>No acumulando no ano o primeiro bimestre deste ano teve queda de 3,9%, ap\u00f3s crescimento de 21,7% em 2021 (jan-dez). O resultado anualizado do setor fabricantes de m\u00e1quinas equipamentos recuou de um crescimento de 18,5% em janeiro para crescimento de 16,7% em fevereiro de 2022.<\/p>\n\n\n\n<p>A queda \u00e9 atribu\u00edda \u00e0 desacelera\u00e7\u00e3o do consumo e da atividade industrial. Na an\u00e1lise interanual, comparando o 1\u00ba bimestre de 2022 em rela\u00e7\u00e3o ao 1\u00ba bimestre de 2021, a queda se deu principalmente nas vendas de m\u00e1quinas no mercado dom\u00e9stico (-6,1%). As exporta\u00e7\u00f5es no mesmo per\u00edodo registraram crescimento de 12,1% em Reais. Por outro lado, os investimentos ligados aos setores agr\u00edcolas de constru\u00e7\u00e3o civil continuam em crescimento.<\/p>\n\n\n\n<p>Em fevereiro o setor exportou US$ 879 milh\u00f5es em m\u00e1quinas e equipamentos. Volume 22,3% acima do observado em janeiro de 2022 e 37,8% acima do patamar de fevereiro de 2021 (US$ 638 milh\u00f5es). No segmento de m\u00e1quinas agr\u00edcolas as vendas externas cresceram 31% e no acumulado do ano a alta foi superior a 63%, tendo a maior contribui\u00e7\u00e3o no setor, com salto de de US$ 175 milh\u00f5es para US$ 287 milh\u00f5es no 1\u00ba bimestre.<\/p>\n\n\n\n<p>As importa\u00e7\u00f5es tamb\u00e9m registraram crescimento em rela\u00e7\u00e3o ao m\u00eas de janeiro (4,1%). No primeiro bimestre as importa\u00e7\u00f5es de m\u00e1quinas e equipamentos acumularam crescimento de 19,0%. Em m\u00e9dia o Brasil vem importando cerca de US$ 1,9 bilh\u00e3o por m\u00eas nesse setor. Nas m\u00e1quinas para a agricultura alta de 29% no m\u00eas e de 48% no acumulado do ano.<\/p>\n\n\n\n<figure class=\"wp-block-image size-large is-resized\"><img loading=\"lazy\" decoding=\"async\" src=\"https:\/\/www.amstedmaxion.com.br\/wp-content\/uploads\/2022\/03\/maquinas-agricolas-Divulgacao-Agrolink.jpg\" alt=\"\" class=\"wp-image-36493\" width=\"382\" height=\"382\"\/><figcaption>Foto: Divulga\u00e7\u00e3o (reprodu\u00e7\u00e3o AGROLINK)<\/figcaption><\/figure>\n\n\n\n<p>Fonte: AGROLINK (<a href=\"https:\/\/www.agrolink.com.br\/noticias\/setor-de-maquinas-tem-queda-no-bimestre_464002.html\">https:\/\/www.agrolink.com.br\/noticias\/setor-de-maquinas-tem-queda-no-bimestre_464002.html<\/a>)<\/p>\n","protected":false},"excerpt":{"rendered":"<p>Houve queda de 3,9% no per\u00edodo, mas exporta\u00e7\u00f5es seguiram em alta AGROLINK &#8211; A ind\u00fastria brasileira de m\u00e1quinas e equipamentos iniciou o ano de 2022 com desempenho abaixo do observado em 2021 e abaixo das expectativas. Conforme a Associa\u00e7\u00e3o Brasileira da Ind\u00fastria de M\u00e1quinas e Equipamentos (ABIMAQ) em fevereiro, ainda que a receita l\u00edquida tenha [&hellip;]<\/p>\n","protected":false},"author":5,"featured_media":36493,"comment_status":"open","ping_status":"open","sticky":false,"template":"","format":"standard","meta":{"_acf_changed":false,"footnotes":""},"categories":[148],"tags":[],"class_list":["post-36492","post","type-post","status-publish","format-standard","has-post-thumbnail","hentry","category-newsletter"],"acf":[],"yoast_head":"<!-- This site is optimized with the Yoast SEO plugin v23.9 - https:\/\/yoast.com\/wordpress\/plugins\/seo\/ -->\n<title>Setor de m\u00e1quinas tem queda no bimestre - AmstedMaxion<\/title>\n<meta name=\"robots\" content=\"index, follow, max-snippet:-1, max-image-preview:large, max-video-preview:-1\" \/>\n<link rel=\"canonical\" href=\"https:\/\/www.amstedmaxion.com.br\/setor-de-maquinas-tem-queda-no-bimestre\/\" \/>\n<meta property=\"og:locale\" content=\"en_US\" \/>\n<meta property=\"og:type\" content=\"article\" \/>\n<meta property=\"og:title\" content=\"Setor de m\u00e1quinas tem queda no bimestre - AmstedMaxion\" \/>\n<meta property=\"og:description\" content=\"Houve queda de 3,9% no per\u00edodo, mas exporta\u00e7\u00f5es seguiram em alta AGROLINK &#8211; A ind\u00fastria brasileira de m\u00e1quinas e equipamentos iniciou o ano de 2022 com desempenho abaixo do observado em 2021 e abaixo das expectativas. Conforme a Associa\u00e7\u00e3o Brasileira da Ind\u00fastria de M\u00e1quinas e Equipamentos (ABIMAQ) em fevereiro, ainda que a receita l\u00edquida tenha [&hellip;]\" \/>\n<meta property=\"og:url\" content=\"https:\/\/www.amstedmaxion.com.br\/setor-de-maquinas-tem-queda-no-bimestre\/\" \/>\n<meta property=\"og:site_name\" content=\"AmstedMaxion\" \/>\n<meta property=\"article:publisher\" content=\"https:\/\/www.facebook.com\/AmstedMaxion.Oficial\" \/>\n<meta property=\"article:published_time\" content=\"2022-03-31T19:27:48+00:00\" \/>\n<meta property=\"article:modified_time\" content=\"2022-03-31T19:27:50+00:00\" \/>\n<meta property=\"og:image\" content=\"https:\/\/www.amstedmaxion.com.br\/wp-content\/uploads\/2022\/03\/maquinas-agricolas-Divulgacao-Agrolink.jpg\" \/>\n\t<meta property=\"og:image:width\" content=\"200\" \/>\n\t<meta property=\"og:image:height\" content=\"200\" \/>\n\t<meta property=\"og:image:type\" content=\"image\/jpeg\" \/>\n<meta name=\"author\" content=\"Rosane Storto\" \/>\n<meta name=\"twitter:card\" content=\"summary_large_image\" \/>\n<meta name=\"twitter:label1\" content=\"Written by\" \/>\n\t<meta name=\"twitter:data1\" content=\"Rosane Storto\" \/>\n\t<meta name=\"twitter:label2\" content=\"Est. reading time\" \/>\n\t<meta name=\"twitter:data2\" content=\"2 minutes\" \/>\n<script type=\"application\/ld+json\" class=\"yoast-schema-graph\">{\"@context\":\"https:\/\/schema.org\",\"@graph\":[{\"@type\":\"Article\",\"@id\":\"https:\/\/www.amstedmaxion.com.br\/setor-de-maquinas-tem-queda-no-bimestre\/#article\",\"isPartOf\":{\"@id\":\"https:\/\/www.amstedmaxion.com.br\/setor-de-maquinas-tem-queda-no-bimestre\/\"},\"author\":{\"name\":\"Rosane Storto\",\"@id\":\"https:\/\/www.amstedmaxion.com.br\/#\/schema\/person\/140cb65f07d4e66dd5543c8a187bf436\"},\"headline\":\"Setor de m\u00e1quinas tem queda no bimestre\",\"datePublished\":\"2022-03-31T19:27:48+00:00\",\"dateModified\":\"2022-03-31T19:27:50+00:00\",\"mainEntityOfPage\":{\"@id\":\"https:\/\/www.amstedmaxion.com.br\/setor-de-maquinas-tem-queda-no-bimestre\/\"},\"wordCount\":347,\"commentCount\":0,\"publisher\":{\"@id\":\"https:\/\/www.amstedmaxion.com.br\/#organization\"},\"image\":{\"@id\":\"https:\/\/www.amstedmaxion.com.br\/setor-de-maquinas-tem-queda-no-bimestre\/#primaryimage\"},\"thumbnailUrl\":\"https:\/\/www.amstedmaxion.com.br\/wp-content\/uploads\/2022\/03\/maquinas-agricolas-Divulgacao-Agrolink.jpg\",\"articleSection\":[\"Newsletter\"],\"inLanguage\":\"en-US\",\"potentialAction\":[{\"@type\":\"CommentAction\",\"name\":\"Comment\",\"target\":[\"https:\/\/www.amstedmaxion.com.br\/setor-de-maquinas-tem-queda-no-bimestre\/#respond\"]}]},{\"@type\":\"WebPage\",\"@id\":\"https:\/\/www.amstedmaxion.com.br\/setor-de-maquinas-tem-queda-no-bimestre\/\",\"url\":\"https:\/\/www.amstedmaxion.com.br\/setor-de-maquinas-tem-queda-no-bimestre\/\",\"name\":\"Setor de m\u00e1quinas tem queda no bimestre - AmstedMaxion\",\"isPartOf\":{\"@id\":\"https:\/\/www.amstedmaxion.com.br\/#website\"},\"primaryImageOfPage\":{\"@id\":\"https:\/\/www.amstedmaxion.com.br\/setor-de-maquinas-tem-queda-no-bimestre\/#primaryimage\"},\"image\":{\"@id\":\"https:\/\/www.amstedmaxion.com.br\/setor-de-maquinas-tem-queda-no-bimestre\/#primaryimage\"},\"thumbnailUrl\":\"https:\/\/www.amstedmaxion.com.br\/wp-content\/uploads\/2022\/03\/maquinas-agricolas-Divulgacao-Agrolink.jpg\",\"datePublished\":\"2022-03-31T19:27:48+00:00\",\"dateModified\":\"2022-03-31T19:27:50+00:00\",\"breadcrumb\":{\"@id\":\"https:\/\/www.amstedmaxion.com.br\/setor-de-maquinas-tem-queda-no-bimestre\/#breadcrumb\"},\"inLanguage\":\"en-US\",\"potentialAction\":[{\"@type\":\"ReadAction\",\"target\":[\"https:\/\/www.amstedmaxion.com.br\/setor-de-maquinas-tem-queda-no-bimestre\/\"]}]},{\"@type\":\"ImageObject\",\"inLanguage\":\"en-US\",\"@id\":\"https:\/\/www.amstedmaxion.com.br\/setor-de-maquinas-tem-queda-no-bimestre\/#primaryimage\",\"url\":\"https:\/\/www.amstedmaxion.com.br\/wp-content\/uploads\/2022\/03\/maquinas-agricolas-Divulgacao-Agrolink.jpg\",\"contentUrl\":\"https:\/\/www.amstedmaxion.com.br\/wp-content\/uploads\/2022\/03\/maquinas-agricolas-Divulgacao-Agrolink.jpg\",\"width\":200,\"height\":200,\"caption\":\"Foto: Divulga\u00e7\u00e3o (reprodu\u00e7\u00e3o AGROLINK)\"},{\"@type\":\"BreadcrumbList\",\"@id\":\"https:\/\/www.amstedmaxion.com.br\/setor-de-maquinas-tem-queda-no-bimestre\/#breadcrumb\",\"itemListElement\":[{\"@type\":\"ListItem\",\"position\":1,\"name\":\"In\u00edcio\",\"item\":\"https:\/\/www.amstedmaxion.com.br\/\"},{\"@type\":\"ListItem\",\"position\":2,\"name\":\"Setor de m\u00e1quinas tem queda no bimestre\"}]},{\"@type\":\"WebSite\",\"@id\":\"https:\/\/www.amstedmaxion.com.br\/#website\",\"url\":\"https:\/\/www.amstedmaxion.com.br\/\",\"name\":\"AmstedMaxion\",\"description\":\"AmstedMaxion - Fundi\u00e7\u00e3o e Equipamentos Ferrovi\u00e1rios\",\"publisher\":{\"@id\":\"https:\/\/www.amstedmaxion.com.br\/#organization\"},\"alternateName\":\"AmstedMaxion\",\"potentialAction\":[{\"@type\":\"SearchAction\",\"target\":{\"@type\":\"EntryPoint\",\"urlTemplate\":\"https:\/\/www.amstedmaxion.com.br\/?s={search_term_string}\"},\"query-input\":{\"@type\":\"PropertyValueSpecification\",\"valueRequired\":true,\"valueName\":\"search_term_string\"}}],\"inLanguage\":\"en-US\"},{\"@type\":\"Organization\",\"@id\":\"https:\/\/www.amstedmaxion.com.br\/#organization\",\"name\":\"AMSTEDMAXION\",\"url\":\"https:\/\/www.amstedmaxion.com.br\/\",\"logo\":{\"@type\":\"ImageObject\",\"inLanguage\":\"en-US\",\"@id\":\"https:\/\/www.amstedmaxion.com.br\/#\/schema\/logo\/image\/\",\"url\":\"https:\/\/www.amstedmaxion.com.br\/wp-content\/uploads\/2023\/11\/amsted.png\",\"contentUrl\":\"https:\/\/www.amstedmaxion.com.br\/wp-content\/uploads\/2023\/11\/amsted.png\",\"width\":500,\"height\":500,\"caption\":\"AMSTEDMAXION\"},\"image\":{\"@id\":\"https:\/\/www.amstedmaxion.com.br\/#\/schema\/logo\/image\/\"},\"sameAs\":[\"https:\/\/www.facebook.com\/AmstedMaxion.Oficial\",\"https:\/\/br.linkedin.com\/company\/amstedmaxion\"]},{\"@type\":\"Person\",\"@id\":\"https:\/\/www.amstedmaxion.com.br\/#\/schema\/person\/140cb65f07d4e66dd5543c8a187bf436\",\"name\":\"Rosane Storto\",\"image\":{\"@type\":\"ImageObject\",\"inLanguage\":\"en-US\",\"@id\":\"https:\/\/www.amstedmaxion.com.br\/#\/schema\/person\/image\/\",\"url\":\"https:\/\/secure.gravatar.com\/avatar\/0e3d021545bbe593cb0eb3ee740544fefa86d59762e63dec1dbe9480a34c98cd?s=96&d=mm&r=g\",\"contentUrl\":\"https:\/\/secure.gravatar.com\/avatar\/0e3d021545bbe593cb0eb3ee740544fefa86d59762e63dec1dbe9480a34c98cd?s=96&d=mm&r=g\",\"caption\":\"Rosane Storto\"}}]}<\/script>\n<!-- \/ Yoast SEO plugin. -->","yoast_head_json":{"title":"Setor de m\u00e1quinas tem queda no bimestre - AmstedMaxion","robots":{"index":"index","follow":"follow","max-snippet":"max-snippet:-1","max-image-preview":"max-image-preview:large","max-video-preview":"max-video-preview:-1"},"canonical":"https:\/\/www.amstedmaxion.com.br\/setor-de-maquinas-tem-queda-no-bimestre\/","og_locale":"en_US","og_type":"article","og_title":"Setor de m\u00e1quinas tem queda no bimestre - AmstedMaxion","og_description":"Houve queda de 3,9% no per\u00edodo, mas exporta\u00e7\u00f5es seguiram em alta AGROLINK &#8211; A ind\u00fastria brasileira de m\u00e1quinas e equipamentos iniciou o ano de 2022 com desempenho abaixo do observado em 2021 e abaixo das expectativas. Conforme a Associa\u00e7\u00e3o Brasileira da Ind\u00fastria de M\u00e1quinas e Equipamentos (ABIMAQ) em fevereiro, ainda que a receita l\u00edquida tenha [&hellip;]","og_url":"https:\/\/www.amstedmaxion.com.br\/setor-de-maquinas-tem-queda-no-bimestre\/","og_site_name":"AmstedMaxion","article_publisher":"https:\/\/www.facebook.com\/AmstedMaxion.Oficial","article_published_time":"2022-03-31T19:27:48+00:00","article_modified_time":"2022-03-31T19:27:50+00:00","og_image":[{"width":200,"height":200,"url":"https:\/\/www.amstedmaxion.com.br\/wp-content\/uploads\/2022\/03\/maquinas-agricolas-Divulgacao-Agrolink.jpg","type":"image\/jpeg"}],"author":"Rosane Storto","twitter_card":"summary_large_image","twitter_misc":{"Written by":"Rosane Storto","Est. reading time":"2 minutes"},"schema":{"@context":"https:\/\/schema.org","@graph":[{"@type":"Article","@id":"https:\/\/www.amstedmaxion.com.br\/setor-de-maquinas-tem-queda-no-bimestre\/#article","isPartOf":{"@id":"https:\/\/www.amstedmaxion.com.br\/setor-de-maquinas-tem-queda-no-bimestre\/"},"author":{"name":"Rosane Storto","@id":"https:\/\/www.amstedmaxion.com.br\/#\/schema\/person\/140cb65f07d4e66dd5543c8a187bf436"},"headline":"Setor de m\u00e1quinas tem queda no bimestre","datePublished":"2022-03-31T19:27:48+00:00","dateModified":"2022-03-31T19:27:50+00:00","mainEntityOfPage":{"@id":"https:\/\/www.amstedmaxion.com.br\/setor-de-maquinas-tem-queda-no-bimestre\/"},"wordCount":347,"commentCount":0,"publisher":{"@id":"https:\/\/www.amstedmaxion.com.br\/#organization"},"image":{"@id":"https:\/\/www.amstedmaxion.com.br\/setor-de-maquinas-tem-queda-no-bimestre\/#primaryimage"},"thumbnailUrl":"https:\/\/www.amstedmaxion.com.br\/wp-content\/uploads\/2022\/03\/maquinas-agricolas-Divulgacao-Agrolink.jpg","articleSection":["Newsletter"],"inLanguage":"en-US","potentialAction":[{"@type":"CommentAction","name":"Comment","target":["https:\/\/www.amstedmaxion.com.br\/setor-de-maquinas-tem-queda-no-bimestre\/#respond"]}]},{"@type":"WebPage","@id":"https:\/\/www.amstedmaxion.com.br\/setor-de-maquinas-tem-queda-no-bimestre\/","url":"https:\/\/www.amstedmaxion.com.br\/setor-de-maquinas-tem-queda-no-bimestre\/","name":"Setor de m\u00e1quinas tem queda no bimestre - AmstedMaxion","isPartOf":{"@id":"https:\/\/www.amstedmaxion.com.br\/#website"},"primaryImageOfPage":{"@id":"https:\/\/www.amstedmaxion.com.br\/setor-de-maquinas-tem-queda-no-bimestre\/#primaryimage"},"image":{"@id":"https:\/\/www.amstedmaxion.com.br\/setor-de-maquinas-tem-queda-no-bimestre\/#primaryimage"},"thumbnailUrl":"https:\/\/www.amstedmaxion.com.br\/wp-content\/uploads\/2022\/03\/maquinas-agricolas-Divulgacao-Agrolink.jpg","datePublished":"2022-03-31T19:27:48+00:00","dateModified":"2022-03-31T19:27:50+00:00","breadcrumb":{"@id":"https:\/\/www.amstedmaxion.com.br\/setor-de-maquinas-tem-queda-no-bimestre\/#breadcrumb"},"inLanguage":"en-US","potentialAction":[{"@type":"ReadAction","target":["https:\/\/www.amstedmaxion.com.br\/setor-de-maquinas-tem-queda-no-bimestre\/"]}]},{"@type":"ImageObject","inLanguage":"en-US","@id":"https:\/\/www.amstedmaxion.com.br\/setor-de-maquinas-tem-queda-no-bimestre\/#primaryimage","url":"https:\/\/www.amstedmaxion.com.br\/wp-content\/uploads\/2022\/03\/maquinas-agricolas-Divulgacao-Agrolink.jpg","contentUrl":"https:\/\/www.amstedmaxion.com.br\/wp-content\/uploads\/2022\/03\/maquinas-agricolas-Divulgacao-Agrolink.jpg","width":200,"height":200,"caption":"Foto: Divulga\u00e7\u00e3o (reprodu\u00e7\u00e3o AGROLINK)"},{"@type":"BreadcrumbList","@id":"https:\/\/www.amstedmaxion.com.br\/setor-de-maquinas-tem-queda-no-bimestre\/#breadcrumb","itemListElement":[{"@type":"ListItem","position":1,"name":"In\u00edcio","item":"https:\/\/www.amstedmaxion.com.br\/"},{"@type":"ListItem","position":2,"name":"Setor de m\u00e1quinas tem queda no bimestre"}]},{"@type":"WebSite","@id":"https:\/\/www.amstedmaxion.com.br\/#website","url":"https:\/\/www.amstedmaxion.com.br\/","name":"AmstedMaxion","description":"AmstedMaxion - Fundi\u00e7\u00e3o e Equipamentos Ferrovi\u00e1rios","publisher":{"@id":"https:\/\/www.amstedmaxion.com.br\/#organization"},"alternateName":"AmstedMaxion","potentialAction":[{"@type":"SearchAction","target":{"@type":"EntryPoint","urlTemplate":"https:\/\/www.amstedmaxion.com.br\/?s={search_term_string}"},"query-input":{"@type":"PropertyValueSpecification","valueRequired":true,"valueName":"search_term_string"}}],"inLanguage":"en-US"},{"@type":"Organization","@id":"https:\/\/www.amstedmaxion.com.br\/#organization","name":"AMSTEDMAXION","url":"https:\/\/www.amstedmaxion.com.br\/","logo":{"@type":"ImageObject","inLanguage":"en-US","@id":"https:\/\/www.amstedmaxion.com.br\/#\/schema\/logo\/image\/","url":"https:\/\/www.amstedmaxion.com.br\/wp-content\/uploads\/2023\/11\/amsted.png","contentUrl":"https:\/\/www.amstedmaxion.com.br\/wp-content\/uploads\/2023\/11\/amsted.png","width":500,"height":500,"caption":"AMSTEDMAXION"},"image":{"@id":"https:\/\/www.amstedmaxion.com.br\/#\/schema\/logo\/image\/"},"sameAs":["https:\/\/www.facebook.com\/AmstedMaxion.Oficial","https:\/\/br.linkedin.com\/company\/amstedmaxion"]},{"@type":"Person","@id":"https:\/\/www.amstedmaxion.com.br\/#\/schema\/person\/140cb65f07d4e66dd5543c8a187bf436","name":"Rosane Storto","image":{"@type":"ImageObject","inLanguage":"en-US","@id":"https:\/\/www.amstedmaxion.com.br\/#\/schema\/person\/image\/","url":"https:\/\/secure.gravatar.com\/avatar\/0e3d021545bbe593cb0eb3ee740544fefa86d59762e63dec1dbe9480a34c98cd?s=96&d=mm&r=g","contentUrl":"https:\/\/secure.gravatar.com\/avatar\/0e3d021545bbe593cb0eb3ee740544fefa86d59762e63dec1dbe9480a34c98cd?s=96&d=mm&r=g","caption":"Rosane Storto"}}]}},"_links":{"self":[{"href":"https:\/\/www.amstedmaxion.com.br\/en\/wp-json\/wp\/v2\/posts\/36492","targetHints":{"allow":["GET"]}}],"collection":[{"href":"https:\/\/www.amstedmaxion.com.br\/en\/wp-json\/wp\/v2\/posts"}],"about":[{"href":"https:\/\/www.amstedmaxion.com.br\/en\/wp-json\/wp\/v2\/types\/post"}],"author":[{"embeddable":true,"href":"https:\/\/www.amstedmaxion.com.br\/en\/wp-json\/wp\/v2\/users\/5"}],"replies":[{"embeddable":true,"href":"https:\/\/www.amstedmaxion.com.br\/en\/wp-json\/wp\/v2\/comments?post=36492"}],"version-history":[{"count":1,"href":"https:\/\/www.amstedmaxion.com.br\/en\/wp-json\/wp\/v2\/posts\/36492\/revisions"}],"predecessor-version":[{"id":36494,"href":"https:\/\/www.amstedmaxion.com.br\/en\/wp-json\/wp\/v2\/posts\/36492\/revisions\/36494"}],"wp:featuredmedia":[{"embeddable":true,"href":"https:\/\/www.amstedmaxion.com.br\/en\/wp-json\/wp\/v2\/media\/36493"}],"wp:attachment":[{"href":"https:\/\/www.amstedmaxion.com.br\/en\/wp-json\/wp\/v2\/media?parent=36492"}],"wp:term":[{"taxonomy":"category","embeddable":true,"href":"https:\/\/www.amstedmaxion.com.br\/en\/wp-json\/wp\/v2\/categories?post=36492"},{"taxonomy":"post_tag","embeddable":true,"href":"https:\/\/www.amstedmaxion.com.br\/en\/wp-json\/wp\/v2\/tags?post=36492"}],"curies":[{"name":"wp","href":"https:\/\/api.w.org\/{rel}","templated":true}]}}