{"id":36649,"date":"2022-04-12T15:18:53","date_gmt":"2022-04-12T18:18:53","guid":{"rendered":"https:\/\/www.amstedmaxion.com.br\/?p=36649"},"modified":"2022-04-12T15:26:35","modified_gmt":"2022-04-12T18:26:35","slug":"industria-se-recupera-e-volta-a-avancar-em-fevereiro","status":"publish","type":"post","link":"https:\/\/www.amstedmaxion.com.br\/en\/industria-se-recupera-e-volta-a-avancar-em-fevereiro\/","title":{"rendered":"Ind\u00fastria se recupera e volta a avan\u00e7ar em fevereiro"},"content":{"rendered":"\n<p>Di\u00e1rio do Com\u00e9rcio &#8211; A ind\u00fastria mineira voltou a crescer em fevereiro, ap\u00f3s queda acentuada em janeiro devido ao per\u00edodo chuvoso no Estado. Segundo a Pesquisa Industrial Mensal, realizada pelo Instituto Brasileiro de Geografia e Estat\u00edstica (IBGE), Minas Gerais avan\u00e7ou 7,3% no m\u00eas de refer\u00eancia. No entanto, o acumulado do bimestre segue negativo (-4,4%), o que demonstra a for\u00e7a do recuo registrado no m\u00eas imediatamente anterior (-8,2%).<\/p>\n\n\n\n<p>Segundo a analista do IBGE Alessandra Coelho de Oliveira, o crescimento registrado em fevereiro deste ano trata-se de uma recupera\u00e7\u00e3o da ind\u00fastria. Mas a explica\u00e7\u00e3o tamb\u00e9m est\u00e1 sobre o crescimento expressivo das atividades relacionadas ao setor de m\u00e1quinas e equipamentos, que registrou alta de 10,0% no m\u00eas, seguido pela metalurgia (9,1%) e produtos aliment\u00edcios (8,5%).<\/p>\n\n\n\n<p>J\u00e1 em rela\u00e7\u00e3o \u00e0 redu\u00e7\u00e3o do bimestre, a especialista aponta que o resultado segue o mesmo fator de chuvas que, conforme noticiado \u00e0 \u00e9poca, impediu a chegada de trabalhadores e insumos \u00e0s f\u00e1bricas em muitos locais, e dificultou o escoamento de cargas em todo o Estado.<\/p>\n\n\n\n<p>Os efeitos foram potencializados, por vezes, pela situa\u00e7\u00e3o das rodovias em Minas Gerais, uma vez que muitas ficaram inacess\u00edveis durante o per\u00edodo. Naquela \u00e9poca, a Federa\u00e7\u00e3o das Ind\u00fastrias do Estado de Minas Gerais (Fiemg) calculou que as perdas da ind\u00fastria no Estado poderiam chegar a R$ 90 milh\u00f5es devido \u00e0s paralisa\u00e7\u00f5es.<\/p>\n\n\n\n<p>O crescimento de Minas Gerais em fevereiro foi o maior desde julho de 2020, quando a ind\u00fastria teve crescimento de 8,6%. O Estado est\u00e1 ao lado dos entes federativos que cresceram no per\u00edodo e contribu\u00edram para o resultado nacional (eleva\u00e7\u00e3o de 0,7% em compara\u00e7\u00e3o ao m\u00eas de janeiro e resultado de -5,8% no acumulado do bimestre).<\/p>\n\n\n\n<p>Entre os 15 locais pesquisados, o crescimento de Minas Gerais (7,3%) aparece atr\u00e1s daqueles registrados nos Estados do Par\u00e1 (23,9%), de Pernambuco (10,2%), e do Amazonas (7,8%). Conforme ressaltou Alessandra Coelho de Oliveira, Minas Gerais foi o estado com a segunda maior influ\u00eancia sobre o resultado geral da ind\u00fastria em fevereiro, o que \u00e9 explicado pelo peso da ind\u00fastria mineira em todo o Pa\u00eds.&nbsp;<\/p>\n\n\n\n<p>Quedas<\/p>\n\n\n\n<p>Enquanto as ind\u00fastrias de m\u00e1quinas, equipamentos e metalurgia, al\u00e9m dos fabricantes de produtos aliment\u00edcios, registraram as altas mais expressivas, alguns setores performaram negativamente. \u00c9 o caso de produtos t\u00eaxteis (-26,1%), produtos de metal, exceto m\u00e1quinas e equipamentos (-21,0%), ve\u00edculos automotores, reboques e carrocerias (-11,9%), celulose, papel e produtos do papel (-10,3%) e outros produtos qu\u00edmicos (-8,4%).<\/p>\n\n\n\n<figure class=\"wp-block-image size-large is-resized\"><img loading=\"lazy\" decoding=\"async\" src=\"https:\/\/www.amstedmaxion.com.br\/wp-content\/uploads\/2022\/04\/Industria-Diario-do-Comercio.jpg\" alt=\"\" class=\"wp-image-36651\" width=\"424\" height=\"238\"\/><figcaption>Reprodu\u00e7\u00e3o Di\u00e1rio do Com\u00e9rcio<\/figcaption><\/figure>\n\n\n\n<p>Fonte: Di\u00e1rio do Com\u00e9rcio (https:\/\/diariodocomercio.com.br\/economia\/industria-se-recupera-e-volta-a-avancar-em-fevereiro\/)<\/p>\n\n\n\n<p><\/p>\n","protected":false},"excerpt":{"rendered":"<p>Di\u00e1rio do Com\u00e9rcio &#8211; A ind\u00fastria mineira voltou a crescer em fevereiro, ap\u00f3s queda acentuada em janeiro devido ao per\u00edodo chuvoso no Estado. Segundo a Pesquisa Industrial Mensal, realizada pelo Instituto Brasileiro de Geografia e Estat\u00edstica (IBGE), Minas Gerais avan\u00e7ou 7,3% no m\u00eas de refer\u00eancia. No entanto, o acumulado do bimestre segue negativo (-4,4%), o [&hellip;]<\/p>\n","protected":false},"author":5,"featured_media":36651,"comment_status":"open","ping_status":"open","sticky":false,"template":"","format":"standard","meta":{"_acf_changed":false,"footnotes":""},"categories":[148,2],"tags":[],"class_list":["post-36649","post","type-post","status-publish","format-standard","has-post-thumbnail","hentry","category-newsletter","category-noticias"],"acf":[],"yoast_head":"<!-- This site is optimized with the Yoast SEO plugin v23.9 - https:\/\/yoast.com\/wordpress\/plugins\/seo\/ -->\n<title>Ind\u00fastria se recupera e volta a avan\u00e7ar em fevereiro - AmstedMaxion<\/title>\n<meta name=\"robots\" content=\"index, follow, max-snippet:-1, max-image-preview:large, max-video-preview:-1\" \/>\n<link rel=\"canonical\" href=\"https:\/\/www.amstedmaxion.com.br\/industria-se-recupera-e-volta-a-avancar-em-fevereiro\/\" \/>\n<meta property=\"og:locale\" content=\"en_US\" \/>\n<meta property=\"og:type\" content=\"article\" \/>\n<meta property=\"og:title\" content=\"Ind\u00fastria se recupera e volta a avan\u00e7ar em fevereiro - AmstedMaxion\" \/>\n<meta property=\"og:description\" content=\"Di\u00e1rio do Com\u00e9rcio &#8211; A ind\u00fastria mineira voltou a crescer em fevereiro, ap\u00f3s queda acentuada em janeiro devido ao per\u00edodo chuvoso no Estado. Segundo a Pesquisa Industrial Mensal, realizada pelo Instituto Brasileiro de Geografia e Estat\u00edstica (IBGE), Minas Gerais avan\u00e7ou 7,3% no m\u00eas de refer\u00eancia. No entanto, o acumulado do bimestre segue negativo (-4,4%), o [&hellip;]\" \/>\n<meta property=\"og:url\" content=\"https:\/\/www.amstedmaxion.com.br\/industria-se-recupera-e-volta-a-avancar-em-fevereiro\/\" \/>\n<meta property=\"og:site_name\" content=\"AmstedMaxion\" \/>\n<meta property=\"article:publisher\" content=\"https:\/\/www.facebook.com\/AmstedMaxion.Oficial\" \/>\n<meta property=\"article:published_time\" content=\"2022-04-12T18:18:53+00:00\" \/>\n<meta property=\"article:modified_time\" content=\"2022-04-12T18:26:35+00:00\" \/>\n<meta property=\"og:image\" content=\"https:\/\/www.amstedmaxion.com.br\/wp-content\/uploads\/2022\/04\/Industria-Diario-do-Comercio.jpg\" \/>\n\t<meta property=\"og:image:width\" content=\"1280\" \/>\n\t<meta property=\"og:image:height\" content=\"720\" \/>\n\t<meta property=\"og:image:type\" content=\"image\/jpeg\" \/>\n<meta name=\"author\" content=\"Rosane Storto\" \/>\n<meta name=\"twitter:card\" content=\"summary_large_image\" \/>\n<meta name=\"twitter:label1\" content=\"Written by\" \/>\n\t<meta name=\"twitter:data1\" content=\"Rosane Storto\" \/>\n\t<meta name=\"twitter:label2\" content=\"Est. reading time\" \/>\n\t<meta name=\"twitter:data2\" content=\"2 minutes\" \/>\n<script type=\"application\/ld+json\" class=\"yoast-schema-graph\">{\"@context\":\"https:\/\/schema.org\",\"@graph\":[{\"@type\":\"Article\",\"@id\":\"https:\/\/www.amstedmaxion.com.br\/industria-se-recupera-e-volta-a-avancar-em-fevereiro\/#article\",\"isPartOf\":{\"@id\":\"https:\/\/www.amstedmaxion.com.br\/industria-se-recupera-e-volta-a-avancar-em-fevereiro\/\"},\"author\":{\"name\":\"Rosane Storto\",\"@id\":\"https:\/\/www.amstedmaxion.com.br\/#\/schema\/person\/140cb65f07d4e66dd5543c8a187bf436\"},\"headline\":\"Ind\u00fastria se recupera e volta a avan\u00e7ar em fevereiro\",\"datePublished\":\"2022-04-12T18:18:53+00:00\",\"dateModified\":\"2022-04-12T18:26:35+00:00\",\"mainEntityOfPage\":{\"@id\":\"https:\/\/www.amstedmaxion.com.br\/industria-se-recupera-e-volta-a-avancar-em-fevereiro\/\"},\"wordCount\":458,\"commentCount\":0,\"publisher\":{\"@id\":\"https:\/\/www.amstedmaxion.com.br\/#organization\"},\"image\":{\"@id\":\"https:\/\/www.amstedmaxion.com.br\/industria-se-recupera-e-volta-a-avancar-em-fevereiro\/#primaryimage\"},\"thumbnailUrl\":\"https:\/\/www.amstedmaxion.com.br\/wp-content\/uploads\/2022\/04\/Industria-Diario-do-Comercio.jpg\",\"articleSection\":[\"Newsletter\",\"Not\u00edcias da AmstedMaxion\"],\"inLanguage\":\"en-US\",\"potentialAction\":[{\"@type\":\"CommentAction\",\"name\":\"Comment\",\"target\":[\"https:\/\/www.amstedmaxion.com.br\/industria-se-recupera-e-volta-a-avancar-em-fevereiro\/#respond\"]}]},{\"@type\":\"WebPage\",\"@id\":\"https:\/\/www.amstedmaxion.com.br\/industria-se-recupera-e-volta-a-avancar-em-fevereiro\/\",\"url\":\"https:\/\/www.amstedmaxion.com.br\/industria-se-recupera-e-volta-a-avancar-em-fevereiro\/\",\"name\":\"Ind\u00fastria se recupera e volta a avan\u00e7ar em fevereiro - AmstedMaxion\",\"isPartOf\":{\"@id\":\"https:\/\/www.amstedmaxion.com.br\/#website\"},\"primaryImageOfPage\":{\"@id\":\"https:\/\/www.amstedmaxion.com.br\/industria-se-recupera-e-volta-a-avancar-em-fevereiro\/#primaryimage\"},\"image\":{\"@id\":\"https:\/\/www.amstedmaxion.com.br\/industria-se-recupera-e-volta-a-avancar-em-fevereiro\/#primaryimage\"},\"thumbnailUrl\":\"https:\/\/www.amstedmaxion.com.br\/wp-content\/uploads\/2022\/04\/Industria-Diario-do-Comercio.jpg\",\"datePublished\":\"2022-04-12T18:18:53+00:00\",\"dateModified\":\"2022-04-12T18:26:35+00:00\",\"breadcrumb\":{\"@id\":\"https:\/\/www.amstedmaxion.com.br\/industria-se-recupera-e-volta-a-avancar-em-fevereiro\/#breadcrumb\"},\"inLanguage\":\"en-US\",\"potentialAction\":[{\"@type\":\"ReadAction\",\"target\":[\"https:\/\/www.amstedmaxion.com.br\/industria-se-recupera-e-volta-a-avancar-em-fevereiro\/\"]}]},{\"@type\":\"ImageObject\",\"inLanguage\":\"en-US\",\"@id\":\"https:\/\/www.amstedmaxion.com.br\/industria-se-recupera-e-volta-a-avancar-em-fevereiro\/#primaryimage\",\"url\":\"https:\/\/www.amstedmaxion.com.br\/wp-content\/uploads\/2022\/04\/Industria-Diario-do-Comercio.jpg\",\"contentUrl\":\"https:\/\/www.amstedmaxion.com.br\/wp-content\/uploads\/2022\/04\/Industria-Diario-do-Comercio.jpg\",\"width\":1280,\"height\":720,\"caption\":\"Reprodu\u00e7\u00e3o Di\u00e1rio do Com\u00e9rcio\"},{\"@type\":\"BreadcrumbList\",\"@id\":\"https:\/\/www.amstedmaxion.com.br\/industria-se-recupera-e-volta-a-avancar-em-fevereiro\/#breadcrumb\",\"itemListElement\":[{\"@type\":\"ListItem\",\"position\":1,\"name\":\"In\u00edcio\",\"item\":\"https:\/\/www.amstedmaxion.com.br\/\"},{\"@type\":\"ListItem\",\"position\":2,\"name\":\"Ind\u00fastria se recupera e volta a avan\u00e7ar em fevereiro\"}]},{\"@type\":\"WebSite\",\"@id\":\"https:\/\/www.amstedmaxion.com.br\/#website\",\"url\":\"https:\/\/www.amstedmaxion.com.br\/\",\"name\":\"AmstedMaxion\",\"description\":\"AmstedMaxion - Fundi\u00e7\u00e3o e Equipamentos Ferrovi\u00e1rios\",\"publisher\":{\"@id\":\"https:\/\/www.amstedmaxion.com.br\/#organization\"},\"alternateName\":\"AmstedMaxion\",\"potentialAction\":[{\"@type\":\"SearchAction\",\"target\":{\"@type\":\"EntryPoint\",\"urlTemplate\":\"https:\/\/www.amstedmaxion.com.br\/?s={search_term_string}\"},\"query-input\":{\"@type\":\"PropertyValueSpecification\",\"valueRequired\":true,\"valueName\":\"search_term_string\"}}],\"inLanguage\":\"en-US\"},{\"@type\":\"Organization\",\"@id\":\"https:\/\/www.amstedmaxion.com.br\/#organization\",\"name\":\"AMSTEDMAXION\",\"url\":\"https:\/\/www.amstedmaxion.com.br\/\",\"logo\":{\"@type\":\"ImageObject\",\"inLanguage\":\"en-US\",\"@id\":\"https:\/\/www.amstedmaxion.com.br\/#\/schema\/logo\/image\/\",\"url\":\"https:\/\/www.amstedmaxion.com.br\/wp-content\/uploads\/2023\/11\/amsted.png\",\"contentUrl\":\"https:\/\/www.amstedmaxion.com.br\/wp-content\/uploads\/2023\/11\/amsted.png\",\"width\":500,\"height\":500,\"caption\":\"AMSTEDMAXION\"},\"image\":{\"@id\":\"https:\/\/www.amstedmaxion.com.br\/#\/schema\/logo\/image\/\"},\"sameAs\":[\"https:\/\/www.facebook.com\/AmstedMaxion.Oficial\",\"https:\/\/br.linkedin.com\/company\/amstedmaxion\"]},{\"@type\":\"Person\",\"@id\":\"https:\/\/www.amstedmaxion.com.br\/#\/schema\/person\/140cb65f07d4e66dd5543c8a187bf436\",\"name\":\"Rosane Storto\",\"image\":{\"@type\":\"ImageObject\",\"inLanguage\":\"en-US\",\"@id\":\"https:\/\/www.amstedmaxion.com.br\/#\/schema\/person\/image\/\",\"url\":\"https:\/\/secure.gravatar.com\/avatar\/0e3d021545bbe593cb0eb3ee740544fefa86d59762e63dec1dbe9480a34c98cd?s=96&d=mm&r=g\",\"contentUrl\":\"https:\/\/secure.gravatar.com\/avatar\/0e3d021545bbe593cb0eb3ee740544fefa86d59762e63dec1dbe9480a34c98cd?s=96&d=mm&r=g\",\"caption\":\"Rosane Storto\"}}]}<\/script>\n<!-- \/ Yoast SEO plugin. -->","yoast_head_json":{"title":"Ind\u00fastria se recupera e volta a avan\u00e7ar em fevereiro - AmstedMaxion","robots":{"index":"index","follow":"follow","max-snippet":"max-snippet:-1","max-image-preview":"max-image-preview:large","max-video-preview":"max-video-preview:-1"},"canonical":"https:\/\/www.amstedmaxion.com.br\/industria-se-recupera-e-volta-a-avancar-em-fevereiro\/","og_locale":"en_US","og_type":"article","og_title":"Ind\u00fastria se recupera e volta a avan\u00e7ar em fevereiro - AmstedMaxion","og_description":"Di\u00e1rio do Com\u00e9rcio &#8211; A ind\u00fastria mineira voltou a crescer em fevereiro, ap\u00f3s queda acentuada em janeiro devido ao per\u00edodo chuvoso no Estado. Segundo a Pesquisa Industrial Mensal, realizada pelo Instituto Brasileiro de Geografia e Estat\u00edstica (IBGE), Minas Gerais avan\u00e7ou 7,3% no m\u00eas de refer\u00eancia. No entanto, o acumulado do bimestre segue negativo (-4,4%), o [&hellip;]","og_url":"https:\/\/www.amstedmaxion.com.br\/industria-se-recupera-e-volta-a-avancar-em-fevereiro\/","og_site_name":"AmstedMaxion","article_publisher":"https:\/\/www.facebook.com\/AmstedMaxion.Oficial","article_published_time":"2022-04-12T18:18:53+00:00","article_modified_time":"2022-04-12T18:26:35+00:00","og_image":[{"width":1280,"height":720,"url":"https:\/\/www.amstedmaxion.com.br\/wp-content\/uploads\/2022\/04\/Industria-Diario-do-Comercio.jpg","type":"image\/jpeg"}],"author":"Rosane Storto","twitter_card":"summary_large_image","twitter_misc":{"Written by":"Rosane Storto","Est. reading time":"2 minutes"},"schema":{"@context":"https:\/\/schema.org","@graph":[{"@type":"Article","@id":"https:\/\/www.amstedmaxion.com.br\/industria-se-recupera-e-volta-a-avancar-em-fevereiro\/#article","isPartOf":{"@id":"https:\/\/www.amstedmaxion.com.br\/industria-se-recupera-e-volta-a-avancar-em-fevereiro\/"},"author":{"name":"Rosane Storto","@id":"https:\/\/www.amstedmaxion.com.br\/#\/schema\/person\/140cb65f07d4e66dd5543c8a187bf436"},"headline":"Ind\u00fastria se recupera e volta a avan\u00e7ar em fevereiro","datePublished":"2022-04-12T18:18:53+00:00","dateModified":"2022-04-12T18:26:35+00:00","mainEntityOfPage":{"@id":"https:\/\/www.amstedmaxion.com.br\/industria-se-recupera-e-volta-a-avancar-em-fevereiro\/"},"wordCount":458,"commentCount":0,"publisher":{"@id":"https:\/\/www.amstedmaxion.com.br\/#organization"},"image":{"@id":"https:\/\/www.amstedmaxion.com.br\/industria-se-recupera-e-volta-a-avancar-em-fevereiro\/#primaryimage"},"thumbnailUrl":"https:\/\/www.amstedmaxion.com.br\/wp-content\/uploads\/2022\/04\/Industria-Diario-do-Comercio.jpg","articleSection":["Newsletter","Not\u00edcias da AmstedMaxion"],"inLanguage":"en-US","potentialAction":[{"@type":"CommentAction","name":"Comment","target":["https:\/\/www.amstedmaxion.com.br\/industria-se-recupera-e-volta-a-avancar-em-fevereiro\/#respond"]}]},{"@type":"WebPage","@id":"https:\/\/www.amstedmaxion.com.br\/industria-se-recupera-e-volta-a-avancar-em-fevereiro\/","url":"https:\/\/www.amstedmaxion.com.br\/industria-se-recupera-e-volta-a-avancar-em-fevereiro\/","name":"Ind\u00fastria se recupera e volta a avan\u00e7ar em fevereiro - AmstedMaxion","isPartOf":{"@id":"https:\/\/www.amstedmaxion.com.br\/#website"},"primaryImageOfPage":{"@id":"https:\/\/www.amstedmaxion.com.br\/industria-se-recupera-e-volta-a-avancar-em-fevereiro\/#primaryimage"},"image":{"@id":"https:\/\/www.amstedmaxion.com.br\/industria-se-recupera-e-volta-a-avancar-em-fevereiro\/#primaryimage"},"thumbnailUrl":"https:\/\/www.amstedmaxion.com.br\/wp-content\/uploads\/2022\/04\/Industria-Diario-do-Comercio.jpg","datePublished":"2022-04-12T18:18:53+00:00","dateModified":"2022-04-12T18:26:35+00:00","breadcrumb":{"@id":"https:\/\/www.amstedmaxion.com.br\/industria-se-recupera-e-volta-a-avancar-em-fevereiro\/#breadcrumb"},"inLanguage":"en-US","potentialAction":[{"@type":"ReadAction","target":["https:\/\/www.amstedmaxion.com.br\/industria-se-recupera-e-volta-a-avancar-em-fevereiro\/"]}]},{"@type":"ImageObject","inLanguage":"en-US","@id":"https:\/\/www.amstedmaxion.com.br\/industria-se-recupera-e-volta-a-avancar-em-fevereiro\/#primaryimage","url":"https:\/\/www.amstedmaxion.com.br\/wp-content\/uploads\/2022\/04\/Industria-Diario-do-Comercio.jpg","contentUrl":"https:\/\/www.amstedmaxion.com.br\/wp-content\/uploads\/2022\/04\/Industria-Diario-do-Comercio.jpg","width":1280,"height":720,"caption":"Reprodu\u00e7\u00e3o Di\u00e1rio do Com\u00e9rcio"},{"@type":"BreadcrumbList","@id":"https:\/\/www.amstedmaxion.com.br\/industria-se-recupera-e-volta-a-avancar-em-fevereiro\/#breadcrumb","itemListElement":[{"@type":"ListItem","position":1,"name":"In\u00edcio","item":"https:\/\/www.amstedmaxion.com.br\/"},{"@type":"ListItem","position":2,"name":"Ind\u00fastria se recupera e volta a avan\u00e7ar em fevereiro"}]},{"@type":"WebSite","@id":"https:\/\/www.amstedmaxion.com.br\/#website","url":"https:\/\/www.amstedmaxion.com.br\/","name":"AmstedMaxion","description":"AmstedMaxion - Fundi\u00e7\u00e3o e Equipamentos Ferrovi\u00e1rios","publisher":{"@id":"https:\/\/www.amstedmaxion.com.br\/#organization"},"alternateName":"AmstedMaxion","potentialAction":[{"@type":"SearchAction","target":{"@type":"EntryPoint","urlTemplate":"https:\/\/www.amstedmaxion.com.br\/?s={search_term_string}"},"query-input":{"@type":"PropertyValueSpecification","valueRequired":true,"valueName":"search_term_string"}}],"inLanguage":"en-US"},{"@type":"Organization","@id":"https:\/\/www.amstedmaxion.com.br\/#organization","name":"AMSTEDMAXION","url":"https:\/\/www.amstedmaxion.com.br\/","logo":{"@type":"ImageObject","inLanguage":"en-US","@id":"https:\/\/www.amstedmaxion.com.br\/#\/schema\/logo\/image\/","url":"https:\/\/www.amstedmaxion.com.br\/wp-content\/uploads\/2023\/11\/amsted.png","contentUrl":"https:\/\/www.amstedmaxion.com.br\/wp-content\/uploads\/2023\/11\/amsted.png","width":500,"height":500,"caption":"AMSTEDMAXION"},"image":{"@id":"https:\/\/www.amstedmaxion.com.br\/#\/schema\/logo\/image\/"},"sameAs":["https:\/\/www.facebook.com\/AmstedMaxion.Oficial","https:\/\/br.linkedin.com\/company\/amstedmaxion"]},{"@type":"Person","@id":"https:\/\/www.amstedmaxion.com.br\/#\/schema\/person\/140cb65f07d4e66dd5543c8a187bf436","name":"Rosane Storto","image":{"@type":"ImageObject","inLanguage":"en-US","@id":"https:\/\/www.amstedmaxion.com.br\/#\/schema\/person\/image\/","url":"https:\/\/secure.gravatar.com\/avatar\/0e3d021545bbe593cb0eb3ee740544fefa86d59762e63dec1dbe9480a34c98cd?s=96&d=mm&r=g","contentUrl":"https:\/\/secure.gravatar.com\/avatar\/0e3d021545bbe593cb0eb3ee740544fefa86d59762e63dec1dbe9480a34c98cd?s=96&d=mm&r=g","caption":"Rosane Storto"}}]}},"_links":{"self":[{"href":"https:\/\/www.amstedmaxion.com.br\/en\/wp-json\/wp\/v2\/posts\/36649","targetHints":{"allow":["GET"]}}],"collection":[{"href":"https:\/\/www.amstedmaxion.com.br\/en\/wp-json\/wp\/v2\/posts"}],"about":[{"href":"https:\/\/www.amstedmaxion.com.br\/en\/wp-json\/wp\/v2\/types\/post"}],"author":[{"embeddable":true,"href":"https:\/\/www.amstedmaxion.com.br\/en\/wp-json\/wp\/v2\/users\/5"}],"replies":[{"embeddable":true,"href":"https:\/\/www.amstedmaxion.com.br\/en\/wp-json\/wp\/v2\/comments?post=36649"}],"version-history":[{"count":1,"href":"https:\/\/www.amstedmaxion.com.br\/en\/wp-json\/wp\/v2\/posts\/36649\/revisions"}],"predecessor-version":[{"id":36652,"href":"https:\/\/www.amstedmaxion.com.br\/en\/wp-json\/wp\/v2\/posts\/36649\/revisions\/36652"}],"wp:featuredmedia":[{"embeddable":true,"href":"https:\/\/www.amstedmaxion.com.br\/en\/wp-json\/wp\/v2\/media\/36651"}],"wp:attachment":[{"href":"https:\/\/www.amstedmaxion.com.br\/en\/wp-json\/wp\/v2\/media?parent=36649"}],"wp:term":[{"taxonomy":"category","embeddable":true,"href":"https:\/\/www.amstedmaxion.com.br\/en\/wp-json\/wp\/v2\/categories?post=36649"},{"taxonomy":"post_tag","embeddable":true,"href":"https:\/\/www.amstedmaxion.com.br\/en\/wp-json\/wp\/v2\/tags?post=36649"}],"curies":[{"name":"wp","href":"https:\/\/api.w.org\/{rel}","templated":true}]}}