{"id":36843,"date":"2022-04-27T17:25:37","date_gmt":"2022-04-27T20:25:37","guid":{"rendered":"https:\/\/www.amstedmaxion.com.br\/?p=36843"},"modified":"2022-04-27T17:48:49","modified_gmt":"2022-04-27T20:48:49","slug":"exportacao-de-maquinas-agricolas-cresce-52-em-marco-ante-fevereiro-diz-abimaq","status":"publish","type":"post","link":"https:\/\/www.amstedmaxion.com.br\/en\/exportacao-de-maquinas-agricolas-cresce-52-em-marco-ante-fevereiro-diz-abimaq\/","title":{"rendered":"Exporta\u00e7\u00e3o de m\u00e1quinas agr\u00edcolas cresce 5,2% em mar\u00e7o ante fevereiro, diz Abimaq"},"content":{"rendered":"\n<p>Terra &#8211; As exporta\u00e7\u00f5es de m\u00e1quinas agr\u00edcolas cresceram 5,2% em mar\u00e7o comparativamente a fevereiro, informou nesta quarta-feira, 27, a Associa\u00e7\u00e3o Brasileira da Ind\u00fastria de M\u00e1quinas e Equipamentos (Abimaq). De janeiro a mar\u00e7o, segundo a associa\u00e7\u00e3o, as exporta\u00e7\u00f5es de m\u00e1quinas agr\u00edcolas acumulam um crescimento de 29,5%.<\/p>\n\n\n\n<p>No front das importa\u00e7\u00f5es, a Abimaq relata queda de 3,9% no m\u00eas de mar\u00e7o ante fevereiro e um aumento de 29,5% no acumulado de janeiro a mar\u00e7o.<\/p>\n\n\n\n<p>A Abimaq manteve a previs\u00e3o de crescimento de 6% do faturamento este ano puxado pela agricultura e aprecia\u00e7\u00e3o do c\u00e2mbio, disse o presidente da entidade, Jos\u00e9 Velloso.<\/p>\n\n\n\n<p>Ele afirmou que a previs\u00e3o de 6%, feita entre outubro e novembro de 2021 est\u00e1 sendo mantida mesmo com o aumento da infla\u00e7\u00e3o e do efeito do eleva\u00e7\u00e3o de juros pelo Banco Central (BC) porque o aumento da Selic passar\u00e1 fazer efeito sobre os pre\u00e7os, derrubando a infla\u00e7\u00e3o.<\/p>\n\n\n\n<p>Al\u00e9m disso, de acordo com Velloso, come\u00e7am a ser retomados agora os investimentos em bens de capitais depois da desacelera\u00e7\u00e3o nos \u00faltimos dois anos em fun\u00e7\u00e3o da crise da covid-19.<\/p>\n\n\n\n<p>&#8220;O crescimento ser\u00e1 puxado pela agricultura por conta dos pre\u00e7os das commodities e da valoriza\u00e7\u00e3o do real frente ao d\u00f3lar&#8221;, disse o presidente da Abimaq destacando, por exemplo, o aumento de 8,9% da produ\u00e7\u00e3o de m\u00e1quinas agr\u00edcolas no primeiro trimestre.<\/p>\n\n\n\n<p>O presidente da C\u00e2mara de M\u00e1quinas Agr\u00edcolas da Abimaq, Pedro Estev\u00e3o, previu que a ind\u00fastria de m\u00e1quinas agr\u00edcolas deve crescer este ano entre 5% e 9%.<\/p>\n\n\n\n<p>De acordo com Estev\u00e3o, o produtor rural est\u00e1 bem capitalizado por conta do aumento dos pre\u00e7os das commodities e est\u00e1 fazendo investimentos em m\u00e1quinas e equipamentos agr\u00edcolas.<\/p>\n\n\n\n<p>&#8220;Esperamos crescer de 5% a 9% este ano por conta das perspectivas de aumento da \u00e1rea plantada no Centro-oeste. Se a \u00e1rea de plantio est\u00e1 crescendo vai precisar mais m\u00e1quinas agr\u00edcolas&#8221;, disse ele.<\/p>\n\n\n\n<figure class=\"wp-block-image size-large is-resized\"><img loading=\"lazy\" decoding=\"async\" src=\"https:\/\/www.amstedmaxion.com.br\/wp-content\/uploads\/2021\/09\/Maquinas_agricolas-Reproducao-COMEX-do-Brasil.jpg\" alt=\"\" class=\"wp-image-25830\" width=\"399\" height=\"260\"\/><\/figure>\n\n\n\n<p>Fonte: Terra (https:\/\/www.terra.com.br\/economia\/exportacao-de-maquinas-agricolas-cresce-52-em-marco-ante-fevereiro-diz-abimaq,92de0a69af082c9f7a175152e5fec3c9lqpv4h9e.html)<\/p>\n","protected":false},"excerpt":{"rendered":"<p>Terra &#8211; As exporta\u00e7\u00f5es de m\u00e1quinas agr\u00edcolas cresceram 5,2% em mar\u00e7o comparativamente a fevereiro, informou nesta quarta-feira, 27, a Associa\u00e7\u00e3o Brasileira da Ind\u00fastria de M\u00e1quinas e Equipamentos (Abimaq). De janeiro a mar\u00e7o, segundo a associa\u00e7\u00e3o, as exporta\u00e7\u00f5es de m\u00e1quinas agr\u00edcolas acumulam um crescimento de 29,5%. No front das importa\u00e7\u00f5es, a Abimaq relata queda de 3,9% [&hellip;]<\/p>\n","protected":false},"author":5,"featured_media":25830,"comment_status":"open","ping_status":"open","sticky":false,"template":"","format":"standard","meta":{"_acf_changed":false,"footnotes":""},"categories":[148,2],"tags":[],"class_list":["post-36843","post","type-post","status-publish","format-standard","has-post-thumbnail","hentry","category-newsletter","category-noticias"],"acf":[],"yoast_head":"<!-- This site is optimized with the Yoast SEO plugin v23.9 - https:\/\/yoast.com\/wordpress\/plugins\/seo\/ -->\n<title>Exporta\u00e7\u00e3o de m\u00e1quinas agr\u00edcolas cresce 5,2% em mar\u00e7o ante fevereiro, diz Abimaq - AmstedMaxion<\/title>\n<meta name=\"robots\" content=\"index, follow, max-snippet:-1, max-image-preview:large, max-video-preview:-1\" \/>\n<link rel=\"canonical\" href=\"https:\/\/www.amstedmaxion.com.br\/exportacao-de-maquinas-agricolas-cresce-52-em-marco-ante-fevereiro-diz-abimaq\/\" \/>\n<meta property=\"og:locale\" content=\"en_US\" \/>\n<meta property=\"og:type\" content=\"article\" \/>\n<meta property=\"og:title\" content=\"Exporta\u00e7\u00e3o de m\u00e1quinas agr\u00edcolas cresce 5,2% em mar\u00e7o ante fevereiro, diz Abimaq - AmstedMaxion\" \/>\n<meta property=\"og:description\" content=\"Terra &#8211; As exporta\u00e7\u00f5es de m\u00e1quinas agr\u00edcolas cresceram 5,2% em mar\u00e7o comparativamente a fevereiro, informou nesta quarta-feira, 27, a Associa\u00e7\u00e3o Brasileira da Ind\u00fastria de M\u00e1quinas e Equipamentos (Abimaq). De janeiro a mar\u00e7o, segundo a associa\u00e7\u00e3o, as exporta\u00e7\u00f5es de m\u00e1quinas agr\u00edcolas acumulam um crescimento de 29,5%. No front das importa\u00e7\u00f5es, a Abimaq relata queda de 3,9% [&hellip;]\" \/>\n<meta property=\"og:url\" content=\"https:\/\/www.amstedmaxion.com.br\/exportacao-de-maquinas-agricolas-cresce-52-em-marco-ante-fevereiro-diz-abimaq\/\" \/>\n<meta property=\"og:site_name\" content=\"AmstedMaxion\" \/>\n<meta property=\"article:publisher\" content=\"https:\/\/www.facebook.com\/AmstedMaxion.Oficial\" \/>\n<meta property=\"article:published_time\" content=\"2022-04-27T20:25:37+00:00\" \/>\n<meta property=\"article:modified_time\" content=\"2022-04-27T20:48:49+00:00\" \/>\n<meta property=\"og:image\" content=\"https:\/\/www.amstedmaxion.com.br\/wp-content\/uploads\/2021\/09\/Maquinas_agricolas-Reproducao-COMEX-do-Brasil.jpg\" \/>\n\t<meta property=\"og:image:width\" content=\"695\" \/>\n\t<meta property=\"og:image:height\" content=\"455\" \/>\n\t<meta property=\"og:image:type\" content=\"image\/jpeg\" \/>\n<meta name=\"author\" content=\"Rosane Storto\" \/>\n<meta name=\"twitter:card\" content=\"summary_large_image\" \/>\n<meta name=\"twitter:label1\" content=\"Written by\" \/>\n\t<meta name=\"twitter:data1\" content=\"Rosane Storto\" \/>\n\t<meta name=\"twitter:label2\" content=\"Est. reading time\" \/>\n\t<meta name=\"twitter:data2\" content=\"2 minutes\" \/>\n<script type=\"application\/ld+json\" class=\"yoast-schema-graph\">{\"@context\":\"https:\/\/schema.org\",\"@graph\":[{\"@type\":\"Article\",\"@id\":\"https:\/\/www.amstedmaxion.com.br\/exportacao-de-maquinas-agricolas-cresce-52-em-marco-ante-fevereiro-diz-abimaq\/#article\",\"isPartOf\":{\"@id\":\"https:\/\/www.amstedmaxion.com.br\/exportacao-de-maquinas-agricolas-cresce-52-em-marco-ante-fevereiro-diz-abimaq\/\"},\"author\":{\"name\":\"Rosane Storto\",\"@id\":\"https:\/\/www.amstedmaxion.com.br\/#\/schema\/person\/140cb65f07d4e66dd5543c8a187bf436\"},\"headline\":\"Exporta\u00e7\u00e3o de m\u00e1quinas agr\u00edcolas cresce 5,2% em mar\u00e7o ante fevereiro, diz Abimaq\",\"datePublished\":\"2022-04-27T20:25:37+00:00\",\"dateModified\":\"2022-04-27T20:48:49+00:00\",\"mainEntityOfPage\":{\"@id\":\"https:\/\/www.amstedmaxion.com.br\/exportacao-de-maquinas-agricolas-cresce-52-em-marco-ante-fevereiro-diz-abimaq\/\"},\"wordCount\":375,\"commentCount\":0,\"publisher\":{\"@id\":\"https:\/\/www.amstedmaxion.com.br\/#organization\"},\"image\":{\"@id\":\"https:\/\/www.amstedmaxion.com.br\/exportacao-de-maquinas-agricolas-cresce-52-em-marco-ante-fevereiro-diz-abimaq\/#primaryimage\"},\"thumbnailUrl\":\"https:\/\/www.amstedmaxion.com.br\/wp-content\/uploads\/2021\/09\/Maquinas_agricolas-Reproducao-COMEX-do-Brasil.jpg\",\"articleSection\":[\"Newsletter\",\"Not\u00edcias da AmstedMaxion\"],\"inLanguage\":\"en-US\",\"potentialAction\":[{\"@type\":\"CommentAction\",\"name\":\"Comment\",\"target\":[\"https:\/\/www.amstedmaxion.com.br\/exportacao-de-maquinas-agricolas-cresce-52-em-marco-ante-fevereiro-diz-abimaq\/#respond\"]}]},{\"@type\":\"WebPage\",\"@id\":\"https:\/\/www.amstedmaxion.com.br\/exportacao-de-maquinas-agricolas-cresce-52-em-marco-ante-fevereiro-diz-abimaq\/\",\"url\":\"https:\/\/www.amstedmaxion.com.br\/exportacao-de-maquinas-agricolas-cresce-52-em-marco-ante-fevereiro-diz-abimaq\/\",\"name\":\"Exporta\u00e7\u00e3o de m\u00e1quinas agr\u00edcolas cresce 5,2% em mar\u00e7o ante fevereiro, diz Abimaq - AmstedMaxion\",\"isPartOf\":{\"@id\":\"https:\/\/www.amstedmaxion.com.br\/#website\"},\"primaryImageOfPage\":{\"@id\":\"https:\/\/www.amstedmaxion.com.br\/exportacao-de-maquinas-agricolas-cresce-52-em-marco-ante-fevereiro-diz-abimaq\/#primaryimage\"},\"image\":{\"@id\":\"https:\/\/www.amstedmaxion.com.br\/exportacao-de-maquinas-agricolas-cresce-52-em-marco-ante-fevereiro-diz-abimaq\/#primaryimage\"},\"thumbnailUrl\":\"https:\/\/www.amstedmaxion.com.br\/wp-content\/uploads\/2021\/09\/Maquinas_agricolas-Reproducao-COMEX-do-Brasil.jpg\",\"datePublished\":\"2022-04-27T20:25:37+00:00\",\"dateModified\":\"2022-04-27T20:48:49+00:00\",\"breadcrumb\":{\"@id\":\"https:\/\/www.amstedmaxion.com.br\/exportacao-de-maquinas-agricolas-cresce-52-em-marco-ante-fevereiro-diz-abimaq\/#breadcrumb\"},\"inLanguage\":\"en-US\",\"potentialAction\":[{\"@type\":\"ReadAction\",\"target\":[\"https:\/\/www.amstedmaxion.com.br\/exportacao-de-maquinas-agricolas-cresce-52-em-marco-ante-fevereiro-diz-abimaq\/\"]}]},{\"@type\":\"ImageObject\",\"inLanguage\":\"en-US\",\"@id\":\"https:\/\/www.amstedmaxion.com.br\/exportacao-de-maquinas-agricolas-cresce-52-em-marco-ante-fevereiro-diz-abimaq\/#primaryimage\",\"url\":\"https:\/\/www.amstedmaxion.com.br\/wp-content\/uploads\/2021\/09\/Maquinas_agricolas-Reproducao-COMEX-do-Brasil.jpg\",\"contentUrl\":\"https:\/\/www.amstedmaxion.com.br\/wp-content\/uploads\/2021\/09\/Maquinas_agricolas-Reproducao-COMEX-do-Brasil.jpg\",\"width\":695,\"height\":455},{\"@type\":\"BreadcrumbList\",\"@id\":\"https:\/\/www.amstedmaxion.com.br\/exportacao-de-maquinas-agricolas-cresce-52-em-marco-ante-fevereiro-diz-abimaq\/#breadcrumb\",\"itemListElement\":[{\"@type\":\"ListItem\",\"position\":1,\"name\":\"In\u00edcio\",\"item\":\"https:\/\/www.amstedmaxion.com.br\/\"},{\"@type\":\"ListItem\",\"position\":2,\"name\":\"Exporta\u00e7\u00e3o de m\u00e1quinas agr\u00edcolas cresce 5,2% em mar\u00e7o ante fevereiro, diz Abimaq\"}]},{\"@type\":\"WebSite\",\"@id\":\"https:\/\/www.amstedmaxion.com.br\/#website\",\"url\":\"https:\/\/www.amstedmaxion.com.br\/\",\"name\":\"AmstedMaxion\",\"description\":\"AmstedMaxion - Fundi\u00e7\u00e3o e Equipamentos Ferrovi\u00e1rios\",\"publisher\":{\"@id\":\"https:\/\/www.amstedmaxion.com.br\/#organization\"},\"alternateName\":\"AmstedMaxion\",\"potentialAction\":[{\"@type\":\"SearchAction\",\"target\":{\"@type\":\"EntryPoint\",\"urlTemplate\":\"https:\/\/www.amstedmaxion.com.br\/?s={search_term_string}\"},\"query-input\":{\"@type\":\"PropertyValueSpecification\",\"valueRequired\":true,\"valueName\":\"search_term_string\"}}],\"inLanguage\":\"en-US\"},{\"@type\":\"Organization\",\"@id\":\"https:\/\/www.amstedmaxion.com.br\/#organization\",\"name\":\"AMSTEDMAXION\",\"url\":\"https:\/\/www.amstedmaxion.com.br\/\",\"logo\":{\"@type\":\"ImageObject\",\"inLanguage\":\"en-US\",\"@id\":\"https:\/\/www.amstedmaxion.com.br\/#\/schema\/logo\/image\/\",\"url\":\"https:\/\/www.amstedmaxion.com.br\/wp-content\/uploads\/2023\/11\/amsted.png\",\"contentUrl\":\"https:\/\/www.amstedmaxion.com.br\/wp-content\/uploads\/2023\/11\/amsted.png\",\"width\":500,\"height\":500,\"caption\":\"AMSTEDMAXION\"},\"image\":{\"@id\":\"https:\/\/www.amstedmaxion.com.br\/#\/schema\/logo\/image\/\"},\"sameAs\":[\"https:\/\/www.facebook.com\/AmstedMaxion.Oficial\",\"https:\/\/br.linkedin.com\/company\/amstedmaxion\"]},{\"@type\":\"Person\",\"@id\":\"https:\/\/www.amstedmaxion.com.br\/#\/schema\/person\/140cb65f07d4e66dd5543c8a187bf436\",\"name\":\"Rosane Storto\",\"image\":{\"@type\":\"ImageObject\",\"inLanguage\":\"en-US\",\"@id\":\"https:\/\/www.amstedmaxion.com.br\/#\/schema\/person\/image\/\",\"url\":\"https:\/\/secure.gravatar.com\/avatar\/0e3d021545bbe593cb0eb3ee740544fefa86d59762e63dec1dbe9480a34c98cd?s=96&d=mm&r=g\",\"contentUrl\":\"https:\/\/secure.gravatar.com\/avatar\/0e3d021545bbe593cb0eb3ee740544fefa86d59762e63dec1dbe9480a34c98cd?s=96&d=mm&r=g\",\"caption\":\"Rosane Storto\"}}]}<\/script>\n<!-- \/ Yoast SEO plugin. -->","yoast_head_json":{"title":"Exporta\u00e7\u00e3o de m\u00e1quinas agr\u00edcolas cresce 5,2% em mar\u00e7o ante fevereiro, diz Abimaq - AmstedMaxion","robots":{"index":"index","follow":"follow","max-snippet":"max-snippet:-1","max-image-preview":"max-image-preview:large","max-video-preview":"max-video-preview:-1"},"canonical":"https:\/\/www.amstedmaxion.com.br\/exportacao-de-maquinas-agricolas-cresce-52-em-marco-ante-fevereiro-diz-abimaq\/","og_locale":"en_US","og_type":"article","og_title":"Exporta\u00e7\u00e3o de m\u00e1quinas agr\u00edcolas cresce 5,2% em mar\u00e7o ante fevereiro, diz Abimaq - AmstedMaxion","og_description":"Terra &#8211; As exporta\u00e7\u00f5es de m\u00e1quinas agr\u00edcolas cresceram 5,2% em mar\u00e7o comparativamente a fevereiro, informou nesta quarta-feira, 27, a Associa\u00e7\u00e3o Brasileira da Ind\u00fastria de M\u00e1quinas e Equipamentos (Abimaq). De janeiro a mar\u00e7o, segundo a associa\u00e7\u00e3o, as exporta\u00e7\u00f5es de m\u00e1quinas agr\u00edcolas acumulam um crescimento de 29,5%. No front das importa\u00e7\u00f5es, a Abimaq relata queda de 3,9% [&hellip;]","og_url":"https:\/\/www.amstedmaxion.com.br\/exportacao-de-maquinas-agricolas-cresce-52-em-marco-ante-fevereiro-diz-abimaq\/","og_site_name":"AmstedMaxion","article_publisher":"https:\/\/www.facebook.com\/AmstedMaxion.Oficial","article_published_time":"2022-04-27T20:25:37+00:00","article_modified_time":"2022-04-27T20:48:49+00:00","og_image":[{"width":695,"height":455,"url":"https:\/\/www.amstedmaxion.com.br\/wp-content\/uploads\/2021\/09\/Maquinas_agricolas-Reproducao-COMEX-do-Brasil.jpg","type":"image\/jpeg"}],"author":"Rosane Storto","twitter_card":"summary_large_image","twitter_misc":{"Written by":"Rosane Storto","Est. reading time":"2 minutes"},"schema":{"@context":"https:\/\/schema.org","@graph":[{"@type":"Article","@id":"https:\/\/www.amstedmaxion.com.br\/exportacao-de-maquinas-agricolas-cresce-52-em-marco-ante-fevereiro-diz-abimaq\/#article","isPartOf":{"@id":"https:\/\/www.amstedmaxion.com.br\/exportacao-de-maquinas-agricolas-cresce-52-em-marco-ante-fevereiro-diz-abimaq\/"},"author":{"name":"Rosane Storto","@id":"https:\/\/www.amstedmaxion.com.br\/#\/schema\/person\/140cb65f07d4e66dd5543c8a187bf436"},"headline":"Exporta\u00e7\u00e3o de m\u00e1quinas agr\u00edcolas cresce 5,2% em mar\u00e7o ante fevereiro, diz Abimaq","datePublished":"2022-04-27T20:25:37+00:00","dateModified":"2022-04-27T20:48:49+00:00","mainEntityOfPage":{"@id":"https:\/\/www.amstedmaxion.com.br\/exportacao-de-maquinas-agricolas-cresce-52-em-marco-ante-fevereiro-diz-abimaq\/"},"wordCount":375,"commentCount":0,"publisher":{"@id":"https:\/\/www.amstedmaxion.com.br\/#organization"},"image":{"@id":"https:\/\/www.amstedmaxion.com.br\/exportacao-de-maquinas-agricolas-cresce-52-em-marco-ante-fevereiro-diz-abimaq\/#primaryimage"},"thumbnailUrl":"https:\/\/www.amstedmaxion.com.br\/wp-content\/uploads\/2021\/09\/Maquinas_agricolas-Reproducao-COMEX-do-Brasil.jpg","articleSection":["Newsletter","Not\u00edcias da AmstedMaxion"],"inLanguage":"en-US","potentialAction":[{"@type":"CommentAction","name":"Comment","target":["https:\/\/www.amstedmaxion.com.br\/exportacao-de-maquinas-agricolas-cresce-52-em-marco-ante-fevereiro-diz-abimaq\/#respond"]}]},{"@type":"WebPage","@id":"https:\/\/www.amstedmaxion.com.br\/exportacao-de-maquinas-agricolas-cresce-52-em-marco-ante-fevereiro-diz-abimaq\/","url":"https:\/\/www.amstedmaxion.com.br\/exportacao-de-maquinas-agricolas-cresce-52-em-marco-ante-fevereiro-diz-abimaq\/","name":"Exporta\u00e7\u00e3o de m\u00e1quinas agr\u00edcolas cresce 5,2% em mar\u00e7o ante fevereiro, diz Abimaq - AmstedMaxion","isPartOf":{"@id":"https:\/\/www.amstedmaxion.com.br\/#website"},"primaryImageOfPage":{"@id":"https:\/\/www.amstedmaxion.com.br\/exportacao-de-maquinas-agricolas-cresce-52-em-marco-ante-fevereiro-diz-abimaq\/#primaryimage"},"image":{"@id":"https:\/\/www.amstedmaxion.com.br\/exportacao-de-maquinas-agricolas-cresce-52-em-marco-ante-fevereiro-diz-abimaq\/#primaryimage"},"thumbnailUrl":"https:\/\/www.amstedmaxion.com.br\/wp-content\/uploads\/2021\/09\/Maquinas_agricolas-Reproducao-COMEX-do-Brasil.jpg","datePublished":"2022-04-27T20:25:37+00:00","dateModified":"2022-04-27T20:48:49+00:00","breadcrumb":{"@id":"https:\/\/www.amstedmaxion.com.br\/exportacao-de-maquinas-agricolas-cresce-52-em-marco-ante-fevereiro-diz-abimaq\/#breadcrumb"},"inLanguage":"en-US","potentialAction":[{"@type":"ReadAction","target":["https:\/\/www.amstedmaxion.com.br\/exportacao-de-maquinas-agricolas-cresce-52-em-marco-ante-fevereiro-diz-abimaq\/"]}]},{"@type":"ImageObject","inLanguage":"en-US","@id":"https:\/\/www.amstedmaxion.com.br\/exportacao-de-maquinas-agricolas-cresce-52-em-marco-ante-fevereiro-diz-abimaq\/#primaryimage","url":"https:\/\/www.amstedmaxion.com.br\/wp-content\/uploads\/2021\/09\/Maquinas_agricolas-Reproducao-COMEX-do-Brasil.jpg","contentUrl":"https:\/\/www.amstedmaxion.com.br\/wp-content\/uploads\/2021\/09\/Maquinas_agricolas-Reproducao-COMEX-do-Brasil.jpg","width":695,"height":455},{"@type":"BreadcrumbList","@id":"https:\/\/www.amstedmaxion.com.br\/exportacao-de-maquinas-agricolas-cresce-52-em-marco-ante-fevereiro-diz-abimaq\/#breadcrumb","itemListElement":[{"@type":"ListItem","position":1,"name":"In\u00edcio","item":"https:\/\/www.amstedmaxion.com.br\/"},{"@type":"ListItem","position":2,"name":"Exporta\u00e7\u00e3o de m\u00e1quinas agr\u00edcolas cresce 5,2% em mar\u00e7o ante fevereiro, diz Abimaq"}]},{"@type":"WebSite","@id":"https:\/\/www.amstedmaxion.com.br\/#website","url":"https:\/\/www.amstedmaxion.com.br\/","name":"AmstedMaxion","description":"AmstedMaxion - Fundi\u00e7\u00e3o e Equipamentos Ferrovi\u00e1rios","publisher":{"@id":"https:\/\/www.amstedmaxion.com.br\/#organization"},"alternateName":"AmstedMaxion","potentialAction":[{"@type":"SearchAction","target":{"@type":"EntryPoint","urlTemplate":"https:\/\/www.amstedmaxion.com.br\/?s={search_term_string}"},"query-input":{"@type":"PropertyValueSpecification","valueRequired":true,"valueName":"search_term_string"}}],"inLanguage":"en-US"},{"@type":"Organization","@id":"https:\/\/www.amstedmaxion.com.br\/#organization","name":"AMSTEDMAXION","url":"https:\/\/www.amstedmaxion.com.br\/","logo":{"@type":"ImageObject","inLanguage":"en-US","@id":"https:\/\/www.amstedmaxion.com.br\/#\/schema\/logo\/image\/","url":"https:\/\/www.amstedmaxion.com.br\/wp-content\/uploads\/2023\/11\/amsted.png","contentUrl":"https:\/\/www.amstedmaxion.com.br\/wp-content\/uploads\/2023\/11\/amsted.png","width":500,"height":500,"caption":"AMSTEDMAXION"},"image":{"@id":"https:\/\/www.amstedmaxion.com.br\/#\/schema\/logo\/image\/"},"sameAs":["https:\/\/www.facebook.com\/AmstedMaxion.Oficial","https:\/\/br.linkedin.com\/company\/amstedmaxion"]},{"@type":"Person","@id":"https:\/\/www.amstedmaxion.com.br\/#\/schema\/person\/140cb65f07d4e66dd5543c8a187bf436","name":"Rosane Storto","image":{"@type":"ImageObject","inLanguage":"en-US","@id":"https:\/\/www.amstedmaxion.com.br\/#\/schema\/person\/image\/","url":"https:\/\/secure.gravatar.com\/avatar\/0e3d021545bbe593cb0eb3ee740544fefa86d59762e63dec1dbe9480a34c98cd?s=96&d=mm&r=g","contentUrl":"https:\/\/secure.gravatar.com\/avatar\/0e3d021545bbe593cb0eb3ee740544fefa86d59762e63dec1dbe9480a34c98cd?s=96&d=mm&r=g","caption":"Rosane Storto"}}]}},"_links":{"self":[{"href":"https:\/\/www.amstedmaxion.com.br\/en\/wp-json\/wp\/v2\/posts\/36843","targetHints":{"allow":["GET"]}}],"collection":[{"href":"https:\/\/www.amstedmaxion.com.br\/en\/wp-json\/wp\/v2\/posts"}],"about":[{"href":"https:\/\/www.amstedmaxion.com.br\/en\/wp-json\/wp\/v2\/types\/post"}],"author":[{"embeddable":true,"href":"https:\/\/www.amstedmaxion.com.br\/en\/wp-json\/wp\/v2\/users\/5"}],"replies":[{"embeddable":true,"href":"https:\/\/www.amstedmaxion.com.br\/en\/wp-json\/wp\/v2\/comments?post=36843"}],"version-history":[{"count":1,"href":"https:\/\/www.amstedmaxion.com.br\/en\/wp-json\/wp\/v2\/posts\/36843\/revisions"}],"predecessor-version":[{"id":36844,"href":"https:\/\/www.amstedmaxion.com.br\/en\/wp-json\/wp\/v2\/posts\/36843\/revisions\/36844"}],"wp:featuredmedia":[{"embeddable":true,"href":"https:\/\/www.amstedmaxion.com.br\/en\/wp-json\/wp\/v2\/media\/25830"}],"wp:attachment":[{"href":"https:\/\/www.amstedmaxion.com.br\/en\/wp-json\/wp\/v2\/media?parent=36843"}],"wp:term":[{"taxonomy":"category","embeddable":true,"href":"https:\/\/www.amstedmaxion.com.br\/en\/wp-json\/wp\/v2\/categories?post=36843"},{"taxonomy":"post_tag","embeddable":true,"href":"https:\/\/www.amstedmaxion.com.br\/en\/wp-json\/wp\/v2\/tags?post=36843"}],"curies":[{"name":"wp","href":"https:\/\/api.w.org\/{rel}","templated":true}]}}