{"id":37143,"date":"2022-05-16T16:04:31","date_gmt":"2022-05-16T19:04:31","guid":{"rendered":"https:\/\/www.amstedmaxion.com.br\/?p=37143"},"modified":"2022-05-16T16:04:33","modified_gmt":"2022-05-16T19:04:33","slug":"governo-sanciona-lei-que-destrava-plano-safra-2021-22","status":"publish","type":"post","link":"https:\/\/www.amstedmaxion.com.br\/en\/governo-sanciona-lei-que-destrava-plano-safra-2021-22\/","title":{"rendered":"Governo sanciona lei que destrava Plano Safra 2021\/22"},"content":{"rendered":"\n<p>Medida permitir\u00e1 a reabertura das contrata\u00e7\u00f5es de financiamentos rurais com recursos equaliz\u00e1veis, suspensas desde 7 de fevereiro do Plano Safra 2021\/22<\/p>\n\n\n\n<p>Portal M\u00e1quinas Agr\u00edcolas &#8211; O presidente da Rep\u00fablica, Jair Bolsonaro, sancionou sem vetos a Lei 14.336, de 2022, que abre ao or\u00e7amento da Uni\u00e3o cr\u00e9dito suplementar no valor de R$ 2,57 bilh\u00f5es. Desse total, RS 868,5 milh\u00f5es s\u00e3o para equaliza\u00e7\u00e3o de juros do atual Plano-safra 2021\/22.<\/p>\n\n\n\n<p>A norma \u00e9 derivada do Projeto de Lei (PLN) 1\/2022, aprovado pelo Congresso Nacional em 28 de abril. Os recursos ir\u00e3o atender programas do Minist\u00e9rio da Agricultura, como o Programa Nacional de Fortalecimento da Agricultura Familiar (Pronaf), e opera\u00e7\u00f5es de custeio agropecu\u00e1rio, de comercializa\u00e7\u00e3o de produtos agropecu\u00e1rios e de investimento rural e agroindustrial voltadas ao atendimento do Plano Safra 2021\/2022.<\/p>\n\n\n\n<p>O ministro da Agricultura, Marcos Montes, agradeceu aos parlamentares pela aprova\u00e7\u00e3o da proposta e ao presidente Jair Bolsonaro, pela san\u00e7\u00e3o hoje. \u201cSer\u00e1 de grande utilidade, destravando o Plano Safra 2021\/22 e com indicativo, se Deus quiser, muito fortes para que tenhamos tamb\u00e9m um Plano Safra 2022\/2023 muito robusto. Porque a agricultura, sem d\u00favida alguma, \u00e9 o carro-chefe da nossa economia\u201d, disse o ministro em Marrocos, onde participa de miss\u00e3o para tratar da amplia\u00e7\u00e3o da oferta de fertilizantes ao Brasil.<\/p>\n\n\n\n<p>A medida permitir\u00e1 a reabertura das contrata\u00e7\u00f5es de financiamentos rurais com recursos equaliz\u00e1veis, suspensas desde 7 de fevereiro de 2022, possibilitando que o montante de R$ 24 bilh\u00f5es represados nesse per\u00edodo seja destinado \u00e0 contrata\u00e7\u00e3o e libera\u00e7\u00e3o de novos financiamentos.<\/p>\n\n\n\n<figure class=\"wp-block-image size-large is-resized\"><img loading=\"lazy\" decoding=\"async\" src=\"https:\/\/www.amstedmaxion.com.br\/wp-content\/uploads\/2022\/05\/plano-safra.jpeg\" alt=\"\" class=\"wp-image-37145\" width=\"389\" height=\"259\"\/><figcaption>Foto: reprodu\u00e7\u00e3o Portal M\u00e1quinas Agr\u00edcolas<\/figcaption><\/figure>\n\n\n\n<p>Fonte: Portal M\u00e1quinas Agr\u00edcolas (<a href=\"https:\/\/portalmaquinasagricolas.com.br\/governo-sanciona-lei-que-destrava-plano-safra-2021-22\/\">https:\/\/portalmaquinasagricolas.com.br\/governo-sanciona-lei-que-destrava-plano-safra-2021-22\/<\/a>)<\/p>\n","protected":false},"excerpt":{"rendered":"<p>Medida permitir\u00e1 a reabertura das contrata\u00e7\u00f5es de financiamentos rurais com recursos equaliz\u00e1veis, suspensas desde 7 de fevereiro do Plano Safra 2021\/22 Portal M\u00e1quinas Agr\u00edcolas &#8211; O presidente da Rep\u00fablica, Jair Bolsonaro, sancionou sem vetos a Lei 14.336, de 2022, que abre ao or\u00e7amento da Uni\u00e3o cr\u00e9dito suplementar no valor de R$ 2,57 bilh\u00f5es. Desse total, [&hellip;]<\/p>\n","protected":false},"author":5,"featured_media":0,"comment_status":"open","ping_status":"open","sticky":false,"template":"","format":"standard","meta":{"_acf_changed":false,"footnotes":""},"categories":[148,2],"tags":[],"class_list":["post-37143","post","type-post","status-publish","format-standard","hentry","category-newsletter","category-noticias"],"acf":[],"yoast_head":"<!-- This site is optimized with the Yoast SEO plugin v23.9 - https:\/\/yoast.com\/wordpress\/plugins\/seo\/ -->\n<title>Governo sanciona lei que destrava Plano Safra 2021\/22 - AmstedMaxion<\/title>\n<meta name=\"robots\" content=\"index, follow, max-snippet:-1, max-image-preview:large, max-video-preview:-1\" \/>\n<link rel=\"canonical\" href=\"https:\/\/www.amstedmaxion.com.br\/governo-sanciona-lei-que-destrava-plano-safra-2021-22\/\" \/>\n<meta property=\"og:locale\" content=\"en_US\" \/>\n<meta property=\"og:type\" content=\"article\" \/>\n<meta property=\"og:title\" content=\"Governo sanciona lei que destrava Plano Safra 2021\/22 - AmstedMaxion\" \/>\n<meta property=\"og:description\" content=\"Medida permitir\u00e1 a reabertura das contrata\u00e7\u00f5es de financiamentos rurais com recursos equaliz\u00e1veis, suspensas desde 7 de fevereiro do Plano Safra 2021\/22 Portal M\u00e1quinas Agr\u00edcolas &#8211; O presidente da Rep\u00fablica, Jair Bolsonaro, sancionou sem vetos a Lei 14.336, de 2022, que abre ao or\u00e7amento da Uni\u00e3o cr\u00e9dito suplementar no valor de R$ 2,57 bilh\u00f5es. Desse total, [&hellip;]\" \/>\n<meta property=\"og:url\" content=\"https:\/\/www.amstedmaxion.com.br\/governo-sanciona-lei-que-destrava-plano-safra-2021-22\/\" \/>\n<meta property=\"og:site_name\" content=\"AmstedMaxion\" \/>\n<meta property=\"article:publisher\" content=\"https:\/\/www.facebook.com\/AmstedMaxion.Oficial\" \/>\n<meta property=\"article:published_time\" content=\"2022-05-16T19:04:31+00:00\" \/>\n<meta property=\"article:modified_time\" content=\"2022-05-16T19:04:33+00:00\" \/>\n<meta property=\"og:image\" content=\"https:\/\/www.amstedmaxion.com.br\/wp-content\/uploads\/2022\/05\/plano-safra.jpeg\" \/>\n<meta name=\"author\" content=\"Rosane Storto\" \/>\n<meta name=\"twitter:card\" content=\"summary_large_image\" \/>\n<meta name=\"twitter:label1\" content=\"Written by\" \/>\n\t<meta name=\"twitter:data1\" content=\"Rosane Storto\" \/>\n\t<meta name=\"twitter:label2\" content=\"Est. reading time\" \/>\n\t<meta name=\"twitter:data2\" content=\"2 minutes\" \/>\n<script type=\"application\/ld+json\" class=\"yoast-schema-graph\">{\"@context\":\"https:\/\/schema.org\",\"@graph\":[{\"@type\":\"Article\",\"@id\":\"https:\/\/www.amstedmaxion.com.br\/governo-sanciona-lei-que-destrava-plano-safra-2021-22\/#article\",\"isPartOf\":{\"@id\":\"https:\/\/www.amstedmaxion.com.br\/governo-sanciona-lei-que-destrava-plano-safra-2021-22\/\"},\"author\":{\"name\":\"Rosane Storto\",\"@id\":\"https:\/\/www.amstedmaxion.com.br\/#\/schema\/person\/140cb65f07d4e66dd5543c8a187bf436\"},\"headline\":\"Governo sanciona lei que destrava Plano Safra 2021\/22\",\"datePublished\":\"2022-05-16T19:04:31+00:00\",\"dateModified\":\"2022-05-16T19:04:33+00:00\",\"mainEntityOfPage\":{\"@id\":\"https:\/\/www.amstedmaxion.com.br\/governo-sanciona-lei-que-destrava-plano-safra-2021-22\/\"},\"wordCount\":285,\"commentCount\":0,\"publisher\":{\"@id\":\"https:\/\/www.amstedmaxion.com.br\/#organization\"},\"image\":{\"@id\":\"https:\/\/www.amstedmaxion.com.br\/governo-sanciona-lei-que-destrava-plano-safra-2021-22\/#primaryimage\"},\"thumbnailUrl\":\"https:\/\/www.amstedmaxion.com.br\/wp-content\/uploads\/2022\/05\/plano-safra.jpeg\",\"articleSection\":[\"Newsletter\",\"Not\u00edcias da AmstedMaxion\"],\"inLanguage\":\"en-US\",\"potentialAction\":[{\"@type\":\"CommentAction\",\"name\":\"Comment\",\"target\":[\"https:\/\/www.amstedmaxion.com.br\/governo-sanciona-lei-que-destrava-plano-safra-2021-22\/#respond\"]}]},{\"@type\":\"WebPage\",\"@id\":\"https:\/\/www.amstedmaxion.com.br\/governo-sanciona-lei-que-destrava-plano-safra-2021-22\/\",\"url\":\"https:\/\/www.amstedmaxion.com.br\/governo-sanciona-lei-que-destrava-plano-safra-2021-22\/\",\"name\":\"Governo sanciona lei que destrava Plano Safra 2021\/22 - AmstedMaxion\",\"isPartOf\":{\"@id\":\"https:\/\/www.amstedmaxion.com.br\/#website\"},\"primaryImageOfPage\":{\"@id\":\"https:\/\/www.amstedmaxion.com.br\/governo-sanciona-lei-que-destrava-plano-safra-2021-22\/#primaryimage\"},\"image\":{\"@id\":\"https:\/\/www.amstedmaxion.com.br\/governo-sanciona-lei-que-destrava-plano-safra-2021-22\/#primaryimage\"},\"thumbnailUrl\":\"https:\/\/www.amstedmaxion.com.br\/wp-content\/uploads\/2022\/05\/plano-safra.jpeg\",\"datePublished\":\"2022-05-16T19:04:31+00:00\",\"dateModified\":\"2022-05-16T19:04:33+00:00\",\"breadcrumb\":{\"@id\":\"https:\/\/www.amstedmaxion.com.br\/governo-sanciona-lei-que-destrava-plano-safra-2021-22\/#breadcrumb\"},\"inLanguage\":\"en-US\",\"potentialAction\":[{\"@type\":\"ReadAction\",\"target\":[\"https:\/\/www.amstedmaxion.com.br\/governo-sanciona-lei-que-destrava-plano-safra-2021-22\/\"]}]},{\"@type\":\"ImageObject\",\"inLanguage\":\"en-US\",\"@id\":\"https:\/\/www.amstedmaxion.com.br\/governo-sanciona-lei-que-destrava-plano-safra-2021-22\/#primaryimage\",\"url\":\"https:\/\/www.amstedmaxion.com.br\/wp-content\/uploads\/2022\/05\/plano-safra.jpeg\",\"contentUrl\":\"https:\/\/www.amstedmaxion.com.br\/wp-content\/uploads\/2022\/05\/plano-safra.jpeg\"},{\"@type\":\"BreadcrumbList\",\"@id\":\"https:\/\/www.amstedmaxion.com.br\/governo-sanciona-lei-que-destrava-plano-safra-2021-22\/#breadcrumb\",\"itemListElement\":[{\"@type\":\"ListItem\",\"position\":1,\"name\":\"In\u00edcio\",\"item\":\"https:\/\/www.amstedmaxion.com.br\/\"},{\"@type\":\"ListItem\",\"position\":2,\"name\":\"Governo sanciona lei que destrava Plano Safra 2021\/22\"}]},{\"@type\":\"WebSite\",\"@id\":\"https:\/\/www.amstedmaxion.com.br\/#website\",\"url\":\"https:\/\/www.amstedmaxion.com.br\/\",\"name\":\"AmstedMaxion\",\"description\":\"AmstedMaxion - Fundi\u00e7\u00e3o e Equipamentos Ferrovi\u00e1rios\",\"publisher\":{\"@id\":\"https:\/\/www.amstedmaxion.com.br\/#organization\"},\"alternateName\":\"AmstedMaxion\",\"potentialAction\":[{\"@type\":\"SearchAction\",\"target\":{\"@type\":\"EntryPoint\",\"urlTemplate\":\"https:\/\/www.amstedmaxion.com.br\/?s={search_term_string}\"},\"query-input\":{\"@type\":\"PropertyValueSpecification\",\"valueRequired\":true,\"valueName\":\"search_term_string\"}}],\"inLanguage\":\"en-US\"},{\"@type\":\"Organization\",\"@id\":\"https:\/\/www.amstedmaxion.com.br\/#organization\",\"name\":\"AMSTEDMAXION\",\"url\":\"https:\/\/www.amstedmaxion.com.br\/\",\"logo\":{\"@type\":\"ImageObject\",\"inLanguage\":\"en-US\",\"@id\":\"https:\/\/www.amstedmaxion.com.br\/#\/schema\/logo\/image\/\",\"url\":\"https:\/\/www.amstedmaxion.com.br\/wp-content\/uploads\/2023\/11\/amsted.png\",\"contentUrl\":\"https:\/\/www.amstedmaxion.com.br\/wp-content\/uploads\/2023\/11\/amsted.png\",\"width\":500,\"height\":500,\"caption\":\"AMSTEDMAXION\"},\"image\":{\"@id\":\"https:\/\/www.amstedmaxion.com.br\/#\/schema\/logo\/image\/\"},\"sameAs\":[\"https:\/\/www.facebook.com\/AmstedMaxion.Oficial\",\"https:\/\/br.linkedin.com\/company\/amstedmaxion\"]},{\"@type\":\"Person\",\"@id\":\"https:\/\/www.amstedmaxion.com.br\/#\/schema\/person\/140cb65f07d4e66dd5543c8a187bf436\",\"name\":\"Rosane Storto\",\"image\":{\"@type\":\"ImageObject\",\"inLanguage\":\"en-US\",\"@id\":\"https:\/\/www.amstedmaxion.com.br\/#\/schema\/person\/image\/\",\"url\":\"https:\/\/secure.gravatar.com\/avatar\/0e3d021545bbe593cb0eb3ee740544fefa86d59762e63dec1dbe9480a34c98cd?s=96&d=mm&r=g\",\"contentUrl\":\"https:\/\/secure.gravatar.com\/avatar\/0e3d021545bbe593cb0eb3ee740544fefa86d59762e63dec1dbe9480a34c98cd?s=96&d=mm&r=g\",\"caption\":\"Rosane Storto\"}}]}<\/script>\n<!-- \/ Yoast SEO plugin. -->","yoast_head_json":{"title":"Governo sanciona lei que destrava Plano Safra 2021\/22 - AmstedMaxion","robots":{"index":"index","follow":"follow","max-snippet":"max-snippet:-1","max-image-preview":"max-image-preview:large","max-video-preview":"max-video-preview:-1"},"canonical":"https:\/\/www.amstedmaxion.com.br\/governo-sanciona-lei-que-destrava-plano-safra-2021-22\/","og_locale":"en_US","og_type":"article","og_title":"Governo sanciona lei que destrava Plano Safra 2021\/22 - AmstedMaxion","og_description":"Medida permitir\u00e1 a reabertura das contrata\u00e7\u00f5es de financiamentos rurais com recursos equaliz\u00e1veis, suspensas desde 7 de fevereiro do Plano Safra 2021\/22 Portal M\u00e1quinas Agr\u00edcolas &#8211; O presidente da Rep\u00fablica, Jair Bolsonaro, sancionou sem vetos a Lei 14.336, de 2022, que abre ao or\u00e7amento da Uni\u00e3o cr\u00e9dito suplementar no valor de R$ 2,57 bilh\u00f5es. Desse total, [&hellip;]","og_url":"https:\/\/www.amstedmaxion.com.br\/governo-sanciona-lei-que-destrava-plano-safra-2021-22\/","og_site_name":"AmstedMaxion","article_publisher":"https:\/\/www.facebook.com\/AmstedMaxion.Oficial","article_published_time":"2022-05-16T19:04:31+00:00","article_modified_time":"2022-05-16T19:04:33+00:00","og_image":[{"url":"https:\/\/www.amstedmaxion.com.br\/wp-content\/uploads\/2022\/05\/plano-safra.jpeg"}],"author":"Rosane Storto","twitter_card":"summary_large_image","twitter_misc":{"Written by":"Rosane Storto","Est. reading time":"2 minutes"},"schema":{"@context":"https:\/\/schema.org","@graph":[{"@type":"Article","@id":"https:\/\/www.amstedmaxion.com.br\/governo-sanciona-lei-que-destrava-plano-safra-2021-22\/#article","isPartOf":{"@id":"https:\/\/www.amstedmaxion.com.br\/governo-sanciona-lei-que-destrava-plano-safra-2021-22\/"},"author":{"name":"Rosane Storto","@id":"https:\/\/www.amstedmaxion.com.br\/#\/schema\/person\/140cb65f07d4e66dd5543c8a187bf436"},"headline":"Governo sanciona lei que destrava Plano Safra 2021\/22","datePublished":"2022-05-16T19:04:31+00:00","dateModified":"2022-05-16T19:04:33+00:00","mainEntityOfPage":{"@id":"https:\/\/www.amstedmaxion.com.br\/governo-sanciona-lei-que-destrava-plano-safra-2021-22\/"},"wordCount":285,"commentCount":0,"publisher":{"@id":"https:\/\/www.amstedmaxion.com.br\/#organization"},"image":{"@id":"https:\/\/www.amstedmaxion.com.br\/governo-sanciona-lei-que-destrava-plano-safra-2021-22\/#primaryimage"},"thumbnailUrl":"https:\/\/www.amstedmaxion.com.br\/wp-content\/uploads\/2022\/05\/plano-safra.jpeg","articleSection":["Newsletter","Not\u00edcias da AmstedMaxion"],"inLanguage":"en-US","potentialAction":[{"@type":"CommentAction","name":"Comment","target":["https:\/\/www.amstedmaxion.com.br\/governo-sanciona-lei-que-destrava-plano-safra-2021-22\/#respond"]}]},{"@type":"WebPage","@id":"https:\/\/www.amstedmaxion.com.br\/governo-sanciona-lei-que-destrava-plano-safra-2021-22\/","url":"https:\/\/www.amstedmaxion.com.br\/governo-sanciona-lei-que-destrava-plano-safra-2021-22\/","name":"Governo sanciona lei que destrava Plano Safra 2021\/22 - AmstedMaxion","isPartOf":{"@id":"https:\/\/www.amstedmaxion.com.br\/#website"},"primaryImageOfPage":{"@id":"https:\/\/www.amstedmaxion.com.br\/governo-sanciona-lei-que-destrava-plano-safra-2021-22\/#primaryimage"},"image":{"@id":"https:\/\/www.amstedmaxion.com.br\/governo-sanciona-lei-que-destrava-plano-safra-2021-22\/#primaryimage"},"thumbnailUrl":"https:\/\/www.amstedmaxion.com.br\/wp-content\/uploads\/2022\/05\/plano-safra.jpeg","datePublished":"2022-05-16T19:04:31+00:00","dateModified":"2022-05-16T19:04:33+00:00","breadcrumb":{"@id":"https:\/\/www.amstedmaxion.com.br\/governo-sanciona-lei-que-destrava-plano-safra-2021-22\/#breadcrumb"},"inLanguage":"en-US","potentialAction":[{"@type":"ReadAction","target":["https:\/\/www.amstedmaxion.com.br\/governo-sanciona-lei-que-destrava-plano-safra-2021-22\/"]}]},{"@type":"ImageObject","inLanguage":"en-US","@id":"https:\/\/www.amstedmaxion.com.br\/governo-sanciona-lei-que-destrava-plano-safra-2021-22\/#primaryimage","url":"https:\/\/www.amstedmaxion.com.br\/wp-content\/uploads\/2022\/05\/plano-safra.jpeg","contentUrl":"https:\/\/www.amstedmaxion.com.br\/wp-content\/uploads\/2022\/05\/plano-safra.jpeg"},{"@type":"BreadcrumbList","@id":"https:\/\/www.amstedmaxion.com.br\/governo-sanciona-lei-que-destrava-plano-safra-2021-22\/#breadcrumb","itemListElement":[{"@type":"ListItem","position":1,"name":"In\u00edcio","item":"https:\/\/www.amstedmaxion.com.br\/"},{"@type":"ListItem","position":2,"name":"Governo sanciona lei que destrava Plano Safra 2021\/22"}]},{"@type":"WebSite","@id":"https:\/\/www.amstedmaxion.com.br\/#website","url":"https:\/\/www.amstedmaxion.com.br\/","name":"AmstedMaxion","description":"AmstedMaxion - Fundi\u00e7\u00e3o e Equipamentos Ferrovi\u00e1rios","publisher":{"@id":"https:\/\/www.amstedmaxion.com.br\/#organization"},"alternateName":"AmstedMaxion","potentialAction":[{"@type":"SearchAction","target":{"@type":"EntryPoint","urlTemplate":"https:\/\/www.amstedmaxion.com.br\/?s={search_term_string}"},"query-input":{"@type":"PropertyValueSpecification","valueRequired":true,"valueName":"search_term_string"}}],"inLanguage":"en-US"},{"@type":"Organization","@id":"https:\/\/www.amstedmaxion.com.br\/#organization","name":"AMSTEDMAXION","url":"https:\/\/www.amstedmaxion.com.br\/","logo":{"@type":"ImageObject","inLanguage":"en-US","@id":"https:\/\/www.amstedmaxion.com.br\/#\/schema\/logo\/image\/","url":"https:\/\/www.amstedmaxion.com.br\/wp-content\/uploads\/2023\/11\/amsted.png","contentUrl":"https:\/\/www.amstedmaxion.com.br\/wp-content\/uploads\/2023\/11\/amsted.png","width":500,"height":500,"caption":"AMSTEDMAXION"},"image":{"@id":"https:\/\/www.amstedmaxion.com.br\/#\/schema\/logo\/image\/"},"sameAs":["https:\/\/www.facebook.com\/AmstedMaxion.Oficial","https:\/\/br.linkedin.com\/company\/amstedmaxion"]},{"@type":"Person","@id":"https:\/\/www.amstedmaxion.com.br\/#\/schema\/person\/140cb65f07d4e66dd5543c8a187bf436","name":"Rosane Storto","image":{"@type":"ImageObject","inLanguage":"en-US","@id":"https:\/\/www.amstedmaxion.com.br\/#\/schema\/person\/image\/","url":"https:\/\/secure.gravatar.com\/avatar\/0e3d021545bbe593cb0eb3ee740544fefa86d59762e63dec1dbe9480a34c98cd?s=96&d=mm&r=g","contentUrl":"https:\/\/secure.gravatar.com\/avatar\/0e3d021545bbe593cb0eb3ee740544fefa86d59762e63dec1dbe9480a34c98cd?s=96&d=mm&r=g","caption":"Rosane Storto"}}]}},"_links":{"self":[{"href":"https:\/\/www.amstedmaxion.com.br\/en\/wp-json\/wp\/v2\/posts\/37143","targetHints":{"allow":["GET"]}}],"collection":[{"href":"https:\/\/www.amstedmaxion.com.br\/en\/wp-json\/wp\/v2\/posts"}],"about":[{"href":"https:\/\/www.amstedmaxion.com.br\/en\/wp-json\/wp\/v2\/types\/post"}],"author":[{"embeddable":true,"href":"https:\/\/www.amstedmaxion.com.br\/en\/wp-json\/wp\/v2\/users\/5"}],"replies":[{"embeddable":true,"href":"https:\/\/www.amstedmaxion.com.br\/en\/wp-json\/wp\/v2\/comments?post=37143"}],"version-history":[{"count":1,"href":"https:\/\/www.amstedmaxion.com.br\/en\/wp-json\/wp\/v2\/posts\/37143\/revisions"}],"predecessor-version":[{"id":37146,"href":"https:\/\/www.amstedmaxion.com.br\/en\/wp-json\/wp\/v2\/posts\/37143\/revisions\/37146"}],"wp:attachment":[{"href":"https:\/\/www.amstedmaxion.com.br\/en\/wp-json\/wp\/v2\/media?parent=37143"}],"wp:term":[{"taxonomy":"category","embeddable":true,"href":"https:\/\/www.amstedmaxion.com.br\/en\/wp-json\/wp\/v2\/categories?post=37143"},{"taxonomy":"post_tag","embeddable":true,"href":"https:\/\/www.amstedmaxion.com.br\/en\/wp-json\/wp\/v2\/tags?post=37143"}],"curies":[{"name":"wp","href":"https:\/\/api.w.org\/{rel}","templated":true}]}}