{"id":37296,"date":"2022-05-25T16:07:20","date_gmt":"2022-05-25T19:07:20","guid":{"rendered":"https:\/\/www.amstedmaxion.com.br\/?p=37296"},"modified":"2022-05-25T16:28:17","modified_gmt":"2022-05-25T19:28:17","slug":"valorizacao-dos-graos-aquece-mercado-de-maquinas-agricolas","status":"publish","type":"post","link":"https:\/\/www.amstedmaxion.com.br\/en\/valorizacao-dos-graos-aquece-mercado-de-maquinas-agricolas\/","title":{"rendered":"Valoriza\u00e7\u00e3o dos gr\u00e3os aquece mercado de m\u00e1quinas agr\u00edcolas"},"content":{"rendered":"\n<p>Apesar da recente estiagem, produtor rural est\u00e1 capitalizado e investe em novo maquin\u00e1rio&nbsp;<\/p>\n\n\n\n<p>Jornal do Com\u00e9rcio &#8211; A valoriza\u00e7\u00e3o internacional dos gr\u00e3os continua impulsionando a produ\u00e7\u00e3o de m\u00e1quinas e equipamentos destinados ao campo. Os bons pre\u00e7os no mercado interno e principalmente externo, somado ao d\u00f3lar alto, garantiram capitaliza\u00e7\u00e3o para a maioria dos produtores.<\/p>\n\n\n\n<p>Apesar de o Rio Grande do Sul ter convivido com estiagens &#8211; principalmente na virada de 2021 para 2022, quando o Estado presenciou uma de seus piores secas na hist\u00f3ria recente, que resultou em perdas bilion\u00e1rias dentro e fora da porteira &#8211; o Brasil vive h\u00e1 dois anos safras cheia e colheitas recordes.<br><br>Estes m\u00faltiplos fatores permitiram que os agricultores reinvestissem em suas fazendas, modernizando sua produ\u00e7\u00e3o e renovando frotas de m\u00e1quinas por modelos mais eficientes e tecnol\u00f3gicos.<\/p>\n\n\n\n<p>O resultado foi concreto: somente na \u00e1rea de m\u00e1quinas agr\u00edcolas, durante o primeiro trimestre do ano, houve crescimento de 65,1% nas exporta\u00e7\u00f5es em compara\u00e7\u00e3o ao mesmo per\u00edodo de 2021. A receita l\u00edquida da ind\u00fastria nacional de m\u00e1quinas e equipamentos, entre todos os setores, subiu 21,6% no acumulado dos 12 meses de 2021. As vendas internas e exporta\u00e7\u00f5es ultrapassaram os R$ 222 bilh\u00f5es, segundo a Associa\u00e7\u00e3o Brasileira da Ind\u00fastria de M\u00e1quinas e Equipamentos (Abimaq).<br><br>O avan\u00e7o na tecnologia e na inova\u00e7\u00e3o possibilitam que o desempenho de cada produto seja maior, com cada m\u00e1quina permitindo mais fun\u00e7\u00f5es ou se especializando em fun\u00e7\u00e3o espec\u00edfica, com opera\u00e7\u00f5es precisas que permitem ganho de produtividade.<\/p>\n\n\n\n<p>O Rio Grande do Sul \u00e9 respons\u00e1vel por 65% da produ\u00e7\u00e3o de m\u00e1quinas agr\u00edcolas do Pa\u00eds. Enquanto, cada vez mais, o Brasil se consolida como um dos pa\u00edses mais importantes para a alimenta\u00e7\u00e3o mundial, na mesma propor\u00e7\u00e3o as grandes empresas passam a ter, em territ\u00f3rio ga\u00facho nacional, um ambiente atraente para investimentos.<\/p>\n\n\n\n<p>&#8220;Existem empresas grandes, que s\u00e3o mundiais, e que est\u00e3o aplicando mais tecnologia aqui no Brasil do que no exterior. Que dedicaram mais tempo, mais dinheiro e maior percentual do que iam aplicar em inova\u00e7\u00f5es aqui no Pa\u00eds. N\u00e3o tem como parar o Brasil. Principalmente a soja e o milho v\u00e3o ter muito mercado ainda. Tem algumas coisas que j\u00e1 est\u00e3o saindo daqui para o mundo&#8221;, relata o presidente do Sindicato das Ind\u00fastrias de M\u00e1quinas e Implementos Agr\u00edcolas no Rio Grande do Sul (Simers), Claudio Bier.<\/p>\n\n\n\n<p>Em 2021, as exporta\u00e7\u00f5es do Brasil de m\u00e1quinas e equipamentos agr\u00edcolas apresentaram um crescimento de 41% em rela\u00e7\u00e3o ao ano anterior, tendo atingido um volume de US$1,3 bilh\u00e3o &#8211; maior patamar desde 2017. Com um crescimento de 108% no comparativo de 2021 em rela\u00e7\u00e3o a 2020, o Paraguai foi o principal destino das exporta\u00e7\u00f5es, somando US$266,6 milh\u00f5es, seguido da Argentina que, no per\u00edodo, comprou US$ 161,2 milh\u00f5es, e Estados Unidos que atingiu US$158,8 milh\u00f5es.<\/p>\n\n\n\n<p>Em 2022, a julgar pelos primeiros meses do ano, o sucesso se repetir\u00e1. Entre o primeiro trimestre deste ano e o do ano passado, as exporta\u00e7\u00f5es para a Am\u00e9rica Latina avan\u00e7aram 39,7%, para os Estados Unidos avan\u00e7aram 37,2% e para a Europa o aumento foi de quase 35%. Somente no Mercosul, o crescimento foi de 52,6%.<br>&nbsp;<\/p>\n\n\n\n<figure class=\"wp-block-image size-large\"><img loading=\"lazy\" decoding=\"async\" width=\"914\" height=\"712\" src=\"https:\/\/www.amstedmaxion.com.br\/wp-content\/uploads\/2022\/05\/maquinas-agricolas.png\" alt=\"\" class=\"wp-image-37297\"\/><figcaption>Foto: reprodu\u00e7\u00e3o Jornal do Com\u00e9rcio<\/figcaption><\/figure>\n\n\n\n<p>Fonte:&nbsp;Jornal do Com\u00e9rcio (<a href=\"https:\/\/www.jornaldocomercio.com\/_conteudo\/especiais\/dia_da_industria\/2022\/05\/847977-valorizacao-dos-graos-aquece-mercado-de-maquinas-agricolas.html\">https:\/\/www.jornaldocomercio.com\/_conteudo\/especiais\/dia_da_industria\/2022\/05\/847977-valorizacao-dos-graos-aquece-mercado-de-maquinas-agricolas.html<\/a>)<\/p>\n","protected":false},"excerpt":{"rendered":"<p>Apesar da recente estiagem, produtor rural est\u00e1 capitalizado e investe em novo maquin\u00e1rio&nbsp; Jornal do Com\u00e9rcio &#8211; A valoriza\u00e7\u00e3o internacional dos gr\u00e3os continua impulsionando a produ\u00e7\u00e3o de m\u00e1quinas e equipamentos destinados ao campo. Os bons pre\u00e7os no mercado interno e principalmente externo, somado ao d\u00f3lar alto, garantiram capitaliza\u00e7\u00e3o para a maioria dos produtores. Apesar de [&hellip;]<\/p>\n","protected":false},"author":5,"featured_media":37297,"comment_status":"open","ping_status":"open","sticky":false,"template":"","format":"standard","meta":{"_acf_changed":false,"footnotes":""},"categories":[148],"tags":[],"class_list":["post-37296","post","type-post","status-publish","format-standard","has-post-thumbnail","hentry","category-newsletter"],"acf":[],"yoast_head":"<!-- This site is optimized with the Yoast SEO plugin v23.9 - https:\/\/yoast.com\/wordpress\/plugins\/seo\/ -->\n<title>Valoriza\u00e7\u00e3o dos gr\u00e3os aquece mercado de m\u00e1quinas agr\u00edcolas - AmstedMaxion<\/title>\n<meta name=\"robots\" content=\"index, follow, max-snippet:-1, max-image-preview:large, max-video-preview:-1\" \/>\n<link rel=\"canonical\" href=\"https:\/\/www.amstedmaxion.com.br\/valorizacao-dos-graos-aquece-mercado-de-maquinas-agricolas\/\" \/>\n<meta property=\"og:locale\" content=\"en_US\" \/>\n<meta property=\"og:type\" content=\"article\" \/>\n<meta property=\"og:title\" content=\"Valoriza\u00e7\u00e3o dos gr\u00e3os aquece mercado de m\u00e1quinas agr\u00edcolas - AmstedMaxion\" \/>\n<meta property=\"og:description\" content=\"Apesar da recente estiagem, produtor rural est\u00e1 capitalizado e investe em novo maquin\u00e1rio&nbsp; Jornal do Com\u00e9rcio &#8211; A valoriza\u00e7\u00e3o internacional dos gr\u00e3os continua impulsionando a produ\u00e7\u00e3o de m\u00e1quinas e equipamentos destinados ao campo. Os bons pre\u00e7os no mercado interno e principalmente externo, somado ao d\u00f3lar alto, garantiram capitaliza\u00e7\u00e3o para a maioria dos produtores. Apesar de [&hellip;]\" \/>\n<meta property=\"og:url\" content=\"https:\/\/www.amstedmaxion.com.br\/valorizacao-dos-graos-aquece-mercado-de-maquinas-agricolas\/\" \/>\n<meta property=\"og:site_name\" content=\"AmstedMaxion\" \/>\n<meta property=\"article:publisher\" content=\"https:\/\/www.facebook.com\/AmstedMaxion.Oficial\" \/>\n<meta property=\"article:published_time\" content=\"2022-05-25T19:07:20+00:00\" \/>\n<meta property=\"article:modified_time\" content=\"2022-05-25T19:28:17+00:00\" \/>\n<meta property=\"og:image\" content=\"https:\/\/www.amstedmaxion.com.br\/wp-content\/uploads\/2022\/05\/maquinas-agricolas.png\" \/>\n\t<meta property=\"og:image:width\" content=\"914\" \/>\n\t<meta property=\"og:image:height\" content=\"712\" \/>\n\t<meta property=\"og:image:type\" content=\"image\/png\" \/>\n<meta name=\"author\" content=\"Rosane Storto\" \/>\n<meta name=\"twitter:card\" content=\"summary_large_image\" \/>\n<meta name=\"twitter:label1\" content=\"Written by\" \/>\n\t<meta name=\"twitter:data1\" content=\"Rosane Storto\" \/>\n\t<meta name=\"twitter:label2\" content=\"Est. reading time\" \/>\n\t<meta name=\"twitter:data2\" content=\"3 minutes\" \/>\n<script type=\"application\/ld+json\" class=\"yoast-schema-graph\">{\"@context\":\"https:\/\/schema.org\",\"@graph\":[{\"@type\":\"Article\",\"@id\":\"https:\/\/www.amstedmaxion.com.br\/valorizacao-dos-graos-aquece-mercado-de-maquinas-agricolas\/#article\",\"isPartOf\":{\"@id\":\"https:\/\/www.amstedmaxion.com.br\/valorizacao-dos-graos-aquece-mercado-de-maquinas-agricolas\/\"},\"author\":{\"name\":\"Rosane Storto\",\"@id\":\"https:\/\/www.amstedmaxion.com.br\/#\/schema\/person\/140cb65f07d4e66dd5543c8a187bf436\"},\"headline\":\"Valoriza\u00e7\u00e3o dos gr\u00e3os aquece mercado de m\u00e1quinas agr\u00edcolas\",\"datePublished\":\"2022-05-25T19:07:20+00:00\",\"dateModified\":\"2022-05-25T19:28:17+00:00\",\"mainEntityOfPage\":{\"@id\":\"https:\/\/www.amstedmaxion.com.br\/valorizacao-dos-graos-aquece-mercado-de-maquinas-agricolas\/\"},\"wordCount\":593,\"commentCount\":0,\"publisher\":{\"@id\":\"https:\/\/www.amstedmaxion.com.br\/#organization\"},\"image\":{\"@id\":\"https:\/\/www.amstedmaxion.com.br\/valorizacao-dos-graos-aquece-mercado-de-maquinas-agricolas\/#primaryimage\"},\"thumbnailUrl\":\"https:\/\/www.amstedmaxion.com.br\/wp-content\/uploads\/2022\/05\/maquinas-agricolas.png\",\"articleSection\":[\"Newsletter\"],\"inLanguage\":\"en-US\",\"potentialAction\":[{\"@type\":\"CommentAction\",\"name\":\"Comment\",\"target\":[\"https:\/\/www.amstedmaxion.com.br\/valorizacao-dos-graos-aquece-mercado-de-maquinas-agricolas\/#respond\"]}]},{\"@type\":\"WebPage\",\"@id\":\"https:\/\/www.amstedmaxion.com.br\/valorizacao-dos-graos-aquece-mercado-de-maquinas-agricolas\/\",\"url\":\"https:\/\/www.amstedmaxion.com.br\/valorizacao-dos-graos-aquece-mercado-de-maquinas-agricolas\/\",\"name\":\"Valoriza\u00e7\u00e3o dos gr\u00e3os aquece mercado de m\u00e1quinas agr\u00edcolas - AmstedMaxion\",\"isPartOf\":{\"@id\":\"https:\/\/www.amstedmaxion.com.br\/#website\"},\"primaryImageOfPage\":{\"@id\":\"https:\/\/www.amstedmaxion.com.br\/valorizacao-dos-graos-aquece-mercado-de-maquinas-agricolas\/#primaryimage\"},\"image\":{\"@id\":\"https:\/\/www.amstedmaxion.com.br\/valorizacao-dos-graos-aquece-mercado-de-maquinas-agricolas\/#primaryimage\"},\"thumbnailUrl\":\"https:\/\/www.amstedmaxion.com.br\/wp-content\/uploads\/2022\/05\/maquinas-agricolas.png\",\"datePublished\":\"2022-05-25T19:07:20+00:00\",\"dateModified\":\"2022-05-25T19:28:17+00:00\",\"breadcrumb\":{\"@id\":\"https:\/\/www.amstedmaxion.com.br\/valorizacao-dos-graos-aquece-mercado-de-maquinas-agricolas\/#breadcrumb\"},\"inLanguage\":\"en-US\",\"potentialAction\":[{\"@type\":\"ReadAction\",\"target\":[\"https:\/\/www.amstedmaxion.com.br\/valorizacao-dos-graos-aquece-mercado-de-maquinas-agricolas\/\"]}]},{\"@type\":\"ImageObject\",\"inLanguage\":\"en-US\",\"@id\":\"https:\/\/www.amstedmaxion.com.br\/valorizacao-dos-graos-aquece-mercado-de-maquinas-agricolas\/#primaryimage\",\"url\":\"https:\/\/www.amstedmaxion.com.br\/wp-content\/uploads\/2022\/05\/maquinas-agricolas.png\",\"contentUrl\":\"https:\/\/www.amstedmaxion.com.br\/wp-content\/uploads\/2022\/05\/maquinas-agricolas.png\",\"width\":914,\"height\":712,\"caption\":\"Foto: reprodu\u00e7\u00e3o Jornal do Com\u00e9rcio\"},{\"@type\":\"BreadcrumbList\",\"@id\":\"https:\/\/www.amstedmaxion.com.br\/valorizacao-dos-graos-aquece-mercado-de-maquinas-agricolas\/#breadcrumb\",\"itemListElement\":[{\"@type\":\"ListItem\",\"position\":1,\"name\":\"In\u00edcio\",\"item\":\"https:\/\/www.amstedmaxion.com.br\/\"},{\"@type\":\"ListItem\",\"position\":2,\"name\":\"Valoriza\u00e7\u00e3o dos gr\u00e3os aquece mercado de m\u00e1quinas agr\u00edcolas\"}]},{\"@type\":\"WebSite\",\"@id\":\"https:\/\/www.amstedmaxion.com.br\/#website\",\"url\":\"https:\/\/www.amstedmaxion.com.br\/\",\"name\":\"AmstedMaxion\",\"description\":\"AmstedMaxion - Fundi\u00e7\u00e3o e Equipamentos Ferrovi\u00e1rios\",\"publisher\":{\"@id\":\"https:\/\/www.amstedmaxion.com.br\/#organization\"},\"alternateName\":\"AmstedMaxion\",\"potentialAction\":[{\"@type\":\"SearchAction\",\"target\":{\"@type\":\"EntryPoint\",\"urlTemplate\":\"https:\/\/www.amstedmaxion.com.br\/?s={search_term_string}\"},\"query-input\":{\"@type\":\"PropertyValueSpecification\",\"valueRequired\":true,\"valueName\":\"search_term_string\"}}],\"inLanguage\":\"en-US\"},{\"@type\":\"Organization\",\"@id\":\"https:\/\/www.amstedmaxion.com.br\/#organization\",\"name\":\"AMSTEDMAXION\",\"url\":\"https:\/\/www.amstedmaxion.com.br\/\",\"logo\":{\"@type\":\"ImageObject\",\"inLanguage\":\"en-US\",\"@id\":\"https:\/\/www.amstedmaxion.com.br\/#\/schema\/logo\/image\/\",\"url\":\"https:\/\/www.amstedmaxion.com.br\/wp-content\/uploads\/2023\/11\/amsted.png\",\"contentUrl\":\"https:\/\/www.amstedmaxion.com.br\/wp-content\/uploads\/2023\/11\/amsted.png\",\"width\":500,\"height\":500,\"caption\":\"AMSTEDMAXION\"},\"image\":{\"@id\":\"https:\/\/www.amstedmaxion.com.br\/#\/schema\/logo\/image\/\"},\"sameAs\":[\"https:\/\/www.facebook.com\/AmstedMaxion.Oficial\",\"https:\/\/br.linkedin.com\/company\/amstedmaxion\"]},{\"@type\":\"Person\",\"@id\":\"https:\/\/www.amstedmaxion.com.br\/#\/schema\/person\/140cb65f07d4e66dd5543c8a187bf436\",\"name\":\"Rosane Storto\",\"image\":{\"@type\":\"ImageObject\",\"inLanguage\":\"en-US\",\"@id\":\"https:\/\/www.amstedmaxion.com.br\/#\/schema\/person\/image\/\",\"url\":\"https:\/\/secure.gravatar.com\/avatar\/0e3d021545bbe593cb0eb3ee740544fefa86d59762e63dec1dbe9480a34c98cd?s=96&d=mm&r=g\",\"contentUrl\":\"https:\/\/secure.gravatar.com\/avatar\/0e3d021545bbe593cb0eb3ee740544fefa86d59762e63dec1dbe9480a34c98cd?s=96&d=mm&r=g\",\"caption\":\"Rosane Storto\"}}]}<\/script>\n<!-- \/ Yoast SEO plugin. -->","yoast_head_json":{"title":"Valoriza\u00e7\u00e3o dos gr\u00e3os aquece mercado de m\u00e1quinas agr\u00edcolas - AmstedMaxion","robots":{"index":"index","follow":"follow","max-snippet":"max-snippet:-1","max-image-preview":"max-image-preview:large","max-video-preview":"max-video-preview:-1"},"canonical":"https:\/\/www.amstedmaxion.com.br\/valorizacao-dos-graos-aquece-mercado-de-maquinas-agricolas\/","og_locale":"en_US","og_type":"article","og_title":"Valoriza\u00e7\u00e3o dos gr\u00e3os aquece mercado de m\u00e1quinas agr\u00edcolas - AmstedMaxion","og_description":"Apesar da recente estiagem, produtor rural est\u00e1 capitalizado e investe em novo maquin\u00e1rio&nbsp; Jornal do Com\u00e9rcio &#8211; A valoriza\u00e7\u00e3o internacional dos gr\u00e3os continua impulsionando a produ\u00e7\u00e3o de m\u00e1quinas e equipamentos destinados ao campo. Os bons pre\u00e7os no mercado interno e principalmente externo, somado ao d\u00f3lar alto, garantiram capitaliza\u00e7\u00e3o para a maioria dos produtores. Apesar de [&hellip;]","og_url":"https:\/\/www.amstedmaxion.com.br\/valorizacao-dos-graos-aquece-mercado-de-maquinas-agricolas\/","og_site_name":"AmstedMaxion","article_publisher":"https:\/\/www.facebook.com\/AmstedMaxion.Oficial","article_published_time":"2022-05-25T19:07:20+00:00","article_modified_time":"2022-05-25T19:28:17+00:00","og_image":[{"width":914,"height":712,"url":"https:\/\/www.amstedmaxion.com.br\/wp-content\/uploads\/2022\/05\/maquinas-agricolas.png","type":"image\/png"}],"author":"Rosane Storto","twitter_card":"summary_large_image","twitter_misc":{"Written by":"Rosane Storto","Est. reading time":"3 minutes"},"schema":{"@context":"https:\/\/schema.org","@graph":[{"@type":"Article","@id":"https:\/\/www.amstedmaxion.com.br\/valorizacao-dos-graos-aquece-mercado-de-maquinas-agricolas\/#article","isPartOf":{"@id":"https:\/\/www.amstedmaxion.com.br\/valorizacao-dos-graos-aquece-mercado-de-maquinas-agricolas\/"},"author":{"name":"Rosane Storto","@id":"https:\/\/www.amstedmaxion.com.br\/#\/schema\/person\/140cb65f07d4e66dd5543c8a187bf436"},"headline":"Valoriza\u00e7\u00e3o dos gr\u00e3os aquece mercado de m\u00e1quinas agr\u00edcolas","datePublished":"2022-05-25T19:07:20+00:00","dateModified":"2022-05-25T19:28:17+00:00","mainEntityOfPage":{"@id":"https:\/\/www.amstedmaxion.com.br\/valorizacao-dos-graos-aquece-mercado-de-maquinas-agricolas\/"},"wordCount":593,"commentCount":0,"publisher":{"@id":"https:\/\/www.amstedmaxion.com.br\/#organization"},"image":{"@id":"https:\/\/www.amstedmaxion.com.br\/valorizacao-dos-graos-aquece-mercado-de-maquinas-agricolas\/#primaryimage"},"thumbnailUrl":"https:\/\/www.amstedmaxion.com.br\/wp-content\/uploads\/2022\/05\/maquinas-agricolas.png","articleSection":["Newsletter"],"inLanguage":"en-US","potentialAction":[{"@type":"CommentAction","name":"Comment","target":["https:\/\/www.amstedmaxion.com.br\/valorizacao-dos-graos-aquece-mercado-de-maquinas-agricolas\/#respond"]}]},{"@type":"WebPage","@id":"https:\/\/www.amstedmaxion.com.br\/valorizacao-dos-graos-aquece-mercado-de-maquinas-agricolas\/","url":"https:\/\/www.amstedmaxion.com.br\/valorizacao-dos-graos-aquece-mercado-de-maquinas-agricolas\/","name":"Valoriza\u00e7\u00e3o dos gr\u00e3os aquece mercado de m\u00e1quinas agr\u00edcolas - AmstedMaxion","isPartOf":{"@id":"https:\/\/www.amstedmaxion.com.br\/#website"},"primaryImageOfPage":{"@id":"https:\/\/www.amstedmaxion.com.br\/valorizacao-dos-graos-aquece-mercado-de-maquinas-agricolas\/#primaryimage"},"image":{"@id":"https:\/\/www.amstedmaxion.com.br\/valorizacao-dos-graos-aquece-mercado-de-maquinas-agricolas\/#primaryimage"},"thumbnailUrl":"https:\/\/www.amstedmaxion.com.br\/wp-content\/uploads\/2022\/05\/maquinas-agricolas.png","datePublished":"2022-05-25T19:07:20+00:00","dateModified":"2022-05-25T19:28:17+00:00","breadcrumb":{"@id":"https:\/\/www.amstedmaxion.com.br\/valorizacao-dos-graos-aquece-mercado-de-maquinas-agricolas\/#breadcrumb"},"inLanguage":"en-US","potentialAction":[{"@type":"ReadAction","target":["https:\/\/www.amstedmaxion.com.br\/valorizacao-dos-graos-aquece-mercado-de-maquinas-agricolas\/"]}]},{"@type":"ImageObject","inLanguage":"en-US","@id":"https:\/\/www.amstedmaxion.com.br\/valorizacao-dos-graos-aquece-mercado-de-maquinas-agricolas\/#primaryimage","url":"https:\/\/www.amstedmaxion.com.br\/wp-content\/uploads\/2022\/05\/maquinas-agricolas.png","contentUrl":"https:\/\/www.amstedmaxion.com.br\/wp-content\/uploads\/2022\/05\/maquinas-agricolas.png","width":914,"height":712,"caption":"Foto: reprodu\u00e7\u00e3o Jornal do Com\u00e9rcio"},{"@type":"BreadcrumbList","@id":"https:\/\/www.amstedmaxion.com.br\/valorizacao-dos-graos-aquece-mercado-de-maquinas-agricolas\/#breadcrumb","itemListElement":[{"@type":"ListItem","position":1,"name":"In\u00edcio","item":"https:\/\/www.amstedmaxion.com.br\/"},{"@type":"ListItem","position":2,"name":"Valoriza\u00e7\u00e3o dos gr\u00e3os aquece mercado de m\u00e1quinas agr\u00edcolas"}]},{"@type":"WebSite","@id":"https:\/\/www.amstedmaxion.com.br\/#website","url":"https:\/\/www.amstedmaxion.com.br\/","name":"AmstedMaxion","description":"AmstedMaxion - Fundi\u00e7\u00e3o e Equipamentos Ferrovi\u00e1rios","publisher":{"@id":"https:\/\/www.amstedmaxion.com.br\/#organization"},"alternateName":"AmstedMaxion","potentialAction":[{"@type":"SearchAction","target":{"@type":"EntryPoint","urlTemplate":"https:\/\/www.amstedmaxion.com.br\/?s={search_term_string}"},"query-input":{"@type":"PropertyValueSpecification","valueRequired":true,"valueName":"search_term_string"}}],"inLanguage":"en-US"},{"@type":"Organization","@id":"https:\/\/www.amstedmaxion.com.br\/#organization","name":"AMSTEDMAXION","url":"https:\/\/www.amstedmaxion.com.br\/","logo":{"@type":"ImageObject","inLanguage":"en-US","@id":"https:\/\/www.amstedmaxion.com.br\/#\/schema\/logo\/image\/","url":"https:\/\/www.amstedmaxion.com.br\/wp-content\/uploads\/2023\/11\/amsted.png","contentUrl":"https:\/\/www.amstedmaxion.com.br\/wp-content\/uploads\/2023\/11\/amsted.png","width":500,"height":500,"caption":"AMSTEDMAXION"},"image":{"@id":"https:\/\/www.amstedmaxion.com.br\/#\/schema\/logo\/image\/"},"sameAs":["https:\/\/www.facebook.com\/AmstedMaxion.Oficial","https:\/\/br.linkedin.com\/company\/amstedmaxion"]},{"@type":"Person","@id":"https:\/\/www.amstedmaxion.com.br\/#\/schema\/person\/140cb65f07d4e66dd5543c8a187bf436","name":"Rosane Storto","image":{"@type":"ImageObject","inLanguage":"en-US","@id":"https:\/\/www.amstedmaxion.com.br\/#\/schema\/person\/image\/","url":"https:\/\/secure.gravatar.com\/avatar\/0e3d021545bbe593cb0eb3ee740544fefa86d59762e63dec1dbe9480a34c98cd?s=96&d=mm&r=g","contentUrl":"https:\/\/secure.gravatar.com\/avatar\/0e3d021545bbe593cb0eb3ee740544fefa86d59762e63dec1dbe9480a34c98cd?s=96&d=mm&r=g","caption":"Rosane Storto"}}]}},"_links":{"self":[{"href":"https:\/\/www.amstedmaxion.com.br\/en\/wp-json\/wp\/v2\/posts\/37296","targetHints":{"allow":["GET"]}}],"collection":[{"href":"https:\/\/www.amstedmaxion.com.br\/en\/wp-json\/wp\/v2\/posts"}],"about":[{"href":"https:\/\/www.amstedmaxion.com.br\/en\/wp-json\/wp\/v2\/types\/post"}],"author":[{"embeddable":true,"href":"https:\/\/www.amstedmaxion.com.br\/en\/wp-json\/wp\/v2\/users\/5"}],"replies":[{"embeddable":true,"href":"https:\/\/www.amstedmaxion.com.br\/en\/wp-json\/wp\/v2\/comments?post=37296"}],"version-history":[{"count":2,"href":"https:\/\/www.amstedmaxion.com.br\/en\/wp-json\/wp\/v2\/posts\/37296\/revisions"}],"predecessor-version":[{"id":37302,"href":"https:\/\/www.amstedmaxion.com.br\/en\/wp-json\/wp\/v2\/posts\/37296\/revisions\/37302"}],"wp:featuredmedia":[{"embeddable":true,"href":"https:\/\/www.amstedmaxion.com.br\/en\/wp-json\/wp\/v2\/media\/37297"}],"wp:attachment":[{"href":"https:\/\/www.amstedmaxion.com.br\/en\/wp-json\/wp\/v2\/media?parent=37296"}],"wp:term":[{"taxonomy":"category","embeddable":true,"href":"https:\/\/www.amstedmaxion.com.br\/en\/wp-json\/wp\/v2\/categories?post=37296"},{"taxonomy":"post_tag","embeddable":true,"href":"https:\/\/www.amstedmaxion.com.br\/en\/wp-json\/wp\/v2\/tags?post=37296"}],"curies":[{"name":"wp","href":"https:\/\/api.w.org\/{rel}","templated":true}]}}