{"id":37607,"date":"2022-06-14T16:44:39","date_gmt":"2022-06-14T19:44:39","guid":{"rendered":"https:\/\/www.amstedmaxion.com.br\/?p=37607"},"modified":"2022-06-14T16:44:40","modified_gmt":"2022-06-14T19:44:40","slug":"metalurgicos-da-mwl-fazem-passeata-em-cacapava-em-protesto-contra-demissoes","status":"publish","type":"post","link":"https:\/\/www.amstedmaxion.com.br\/en\/metalurgicos-da-mwl-fazem-passeata-em-cacapava-em-protesto-contra-demissoes\/","title":{"rendered":"Metal\u00fargicos da MWL fazem passeata em Ca\u00e7apava em protesto contra demiss\u00f5es"},"content":{"rendered":"\n<p>G1 &#8211; Trabalhadores est\u00e3o em greve desde o dia 6 de maio por falta do pagamento de seus sal\u00e1rios.<\/p>\n\n\n\n<p>Metal\u00fargicos da MWL protestaram com uma passeata pelas ruas do centro de Ca\u00e7apava na manh\u00e3 desta quarta-feira (8). A categoria protesta contra as demiss\u00f5es que a f\u00e1brica anunciou via telegrama, alegando demiss\u00e3o por abandono de emprego.<\/p>\n\n\n\n<p>Segundo o Sindicato dos Metal\u00fargicos, cerca de 120 pessoas participaram da passeata. Os manifestantes percorreram as ruas do centro da cidade e se concentraram na Pra\u00e7a da Bandeira por cerca de meia hora.<\/p>\n\n\n\n<p>Demiss\u00f5es<\/p>\n\n\n\n<p>Na \u00faltima segunda-feira (6) cerca de 40 funcion\u00e1rios da f\u00e1brica receberam telegramas anunciando suas demiss\u00f5es. O texto do comunicado enviado aos trabalhadores comunica o desligamento por abandono de emprego.<\/p>\n\n\n\n<p>Os metal\u00fargicos est\u00e3o em greve desde o dia 6 de maio por causa do atraso no pagamento de seus sal\u00e1rios. Na ter\u00e7a-feira (7), os funcion\u00e1rios participaram de uma assembleia para discutir a greve, mas nada foi acordado entre as partes envolvidas.<\/p>\n\n\n\n<p>De acordo com o secret\u00e1rio-geral Renato Almeida, a demiss\u00e3o n\u00e3o poderia ser feita porque a Justi\u00e7a do Trabalho est\u00e1 analisando a situa\u00e7\u00e3o dos trabalhadores. Segundo a entidade sindical, a MWL tem cerca de 240 funcion\u00e1rios na planta de Ca\u00e7apava.<\/p>\n\n\n\n<p>Recupera\u00e7\u00e3o judicial<\/p>\n\n\n\n<p>A MWL produz rodas e eixos para o setor ferrovi\u00e1rio e est\u00e1 em recupera\u00e7\u00e3o judicial. Segundo o sindicato, a empresa se comprometeu a pagar os sal\u00e1rios atrasados durante audi\u00eancia no Tribunal Regional do Trabalho (TRT), mas descontou os 25 dias de paralisa\u00e7\u00e3o, o que levou \u00e0 continuidade da greve.<\/p>\n\n\n\n<p>O sindicato relata ainda que empresa atrasa sal\u00e1rios e FGTS e submete os trabalhadores a condi\u00e7\u00f5es insalubres. Desde o in\u00edcio da greve a empresa \u00e9 procurada pelo g1, mas n\u00e3o retorna os contatos da reportagem.<\/p>\n\n\n\n<figure class=\"wp-block-image size-large is-resized\"><img loading=\"lazy\" decoding=\"async\" src=\"https:\/\/www.amstedmaxion.com.br\/wp-content\/uploads\/2022\/06\/MWL-Sindicato.jpg\" alt=\"\" class=\"wp-image-37608\" width=\"385\" height=\"216\"\/><figcaption>Foto: captura de tela SindMetal SJC<\/figcaption><\/figure>\n\n\n\n<p>Fonte: G1 (<a href=\"https:\/\/g1.globo.com\/sp\/vale-do-paraiba-regiao\/noticia\/2022\/06\/08\/metalurgicos-da-mwl-fazem-passeata-em-cacapava-em-protesto-contra-demissoes.ghtml\">https:\/\/g1.globo.com\/sp\/vale-do-paraiba-regiao\/noticia\/2022\/06\/08\/metalurgicos-da-mwl-fazem-passeata-em-cacapava-em-protesto-contra-demissoes.ghtml<\/a>)<\/p>\n","protected":false},"excerpt":{"rendered":"<p>G1 &#8211; Trabalhadores est\u00e3o em greve desde o dia 6 de maio por falta do pagamento de seus sal\u00e1rios. Metal\u00fargicos da MWL protestaram com uma passeata pelas ruas do centro de Ca\u00e7apava na manh\u00e3 desta quarta-feira (8). A categoria protesta contra as demiss\u00f5es que a f\u00e1brica anunciou via telegrama, alegando demiss\u00e3o por abandono de emprego. [&hellip;]<\/p>\n","protected":false},"author":5,"featured_media":37608,"comment_status":"open","ping_status":"open","sticky":false,"template":"","format":"standard","meta":{"_acf_changed":false,"footnotes":""},"categories":[148],"tags":[],"class_list":["post-37607","post","type-post","status-publish","format-standard","has-post-thumbnail","hentry","category-newsletter"],"acf":[],"yoast_head":"<!-- This site is optimized with the Yoast SEO plugin v23.9 - https:\/\/yoast.com\/wordpress\/plugins\/seo\/ -->\n<title>Metal\u00fargicos da MWL fazem passeata em Ca\u00e7apava em protesto contra demiss\u00f5es - AmstedMaxion<\/title>\n<meta name=\"robots\" content=\"index, follow, max-snippet:-1, max-image-preview:large, max-video-preview:-1\" \/>\n<link rel=\"canonical\" href=\"https:\/\/www.amstedmaxion.com.br\/metalurgicos-da-mwl-fazem-passeata-em-cacapava-em-protesto-contra-demissoes\/\" \/>\n<meta property=\"og:locale\" content=\"en_US\" \/>\n<meta property=\"og:type\" content=\"article\" \/>\n<meta property=\"og:title\" content=\"Metal\u00fargicos da MWL fazem passeata em Ca\u00e7apava em protesto contra demiss\u00f5es - AmstedMaxion\" \/>\n<meta property=\"og:description\" content=\"G1 &#8211; Trabalhadores est\u00e3o em greve desde o dia 6 de maio por falta do pagamento de seus sal\u00e1rios. Metal\u00fargicos da MWL protestaram com uma passeata pelas ruas do centro de Ca\u00e7apava na manh\u00e3 desta quarta-feira (8). A categoria protesta contra as demiss\u00f5es que a f\u00e1brica anunciou via telegrama, alegando demiss\u00e3o por abandono de emprego. [&hellip;]\" \/>\n<meta property=\"og:url\" content=\"https:\/\/www.amstedmaxion.com.br\/metalurgicos-da-mwl-fazem-passeata-em-cacapava-em-protesto-contra-demissoes\/\" \/>\n<meta property=\"og:site_name\" content=\"AmstedMaxion\" \/>\n<meta property=\"article:publisher\" content=\"https:\/\/www.facebook.com\/AmstedMaxion.Oficial\" \/>\n<meta property=\"article:published_time\" content=\"2022-06-14T19:44:39+00:00\" \/>\n<meta property=\"article:modified_time\" content=\"2022-06-14T19:44:40+00:00\" \/>\n<meta property=\"og:image\" content=\"https:\/\/www.amstedmaxion.com.br\/wp-content\/uploads\/2022\/06\/MWL-Sindicato.jpg\" \/>\n\t<meta property=\"og:image:width\" content=\"1280\" \/>\n\t<meta property=\"og:image:height\" content=\"720\" \/>\n\t<meta property=\"og:image:type\" content=\"image\/jpeg\" \/>\n<meta name=\"author\" content=\"Rosane Storto\" \/>\n<meta name=\"twitter:card\" content=\"summary_large_image\" \/>\n<meta name=\"twitter:label1\" content=\"Written by\" \/>\n\t<meta name=\"twitter:data1\" content=\"Rosane Storto\" \/>\n\t<meta name=\"twitter:label2\" content=\"Est. reading time\" \/>\n\t<meta name=\"twitter:data2\" content=\"2 minutes\" \/>\n<script type=\"application\/ld+json\" class=\"yoast-schema-graph\">{\"@context\":\"https:\/\/schema.org\",\"@graph\":[{\"@type\":\"Article\",\"@id\":\"https:\/\/www.amstedmaxion.com.br\/metalurgicos-da-mwl-fazem-passeata-em-cacapava-em-protesto-contra-demissoes\/#article\",\"isPartOf\":{\"@id\":\"https:\/\/www.amstedmaxion.com.br\/metalurgicos-da-mwl-fazem-passeata-em-cacapava-em-protesto-contra-demissoes\/\"},\"author\":{\"name\":\"Rosane Storto\",\"@id\":\"https:\/\/www.amstedmaxion.com.br\/#\/schema\/person\/140cb65f07d4e66dd5543c8a187bf436\"},\"headline\":\"Metal\u00fargicos da MWL fazem passeata em Ca\u00e7apava em protesto contra demiss\u00f5es\",\"datePublished\":\"2022-06-14T19:44:39+00:00\",\"dateModified\":\"2022-06-14T19:44:40+00:00\",\"mainEntityOfPage\":{\"@id\":\"https:\/\/www.amstedmaxion.com.br\/metalurgicos-da-mwl-fazem-passeata-em-cacapava-em-protesto-contra-demissoes\/\"},\"wordCount\":339,\"commentCount\":0,\"publisher\":{\"@id\":\"https:\/\/www.amstedmaxion.com.br\/#organization\"},\"image\":{\"@id\":\"https:\/\/www.amstedmaxion.com.br\/metalurgicos-da-mwl-fazem-passeata-em-cacapava-em-protesto-contra-demissoes\/#primaryimage\"},\"thumbnailUrl\":\"https:\/\/www.amstedmaxion.com.br\/wp-content\/uploads\/2022\/06\/MWL-Sindicato.jpg\",\"articleSection\":[\"Newsletter\"],\"inLanguage\":\"en-US\",\"potentialAction\":[{\"@type\":\"CommentAction\",\"name\":\"Comment\",\"target\":[\"https:\/\/www.amstedmaxion.com.br\/metalurgicos-da-mwl-fazem-passeata-em-cacapava-em-protesto-contra-demissoes\/#respond\"]}]},{\"@type\":\"WebPage\",\"@id\":\"https:\/\/www.amstedmaxion.com.br\/metalurgicos-da-mwl-fazem-passeata-em-cacapava-em-protesto-contra-demissoes\/\",\"url\":\"https:\/\/www.amstedmaxion.com.br\/metalurgicos-da-mwl-fazem-passeata-em-cacapava-em-protesto-contra-demissoes\/\",\"name\":\"Metal\u00fargicos da MWL fazem passeata em Ca\u00e7apava em protesto contra demiss\u00f5es - AmstedMaxion\",\"isPartOf\":{\"@id\":\"https:\/\/www.amstedmaxion.com.br\/#website\"},\"primaryImageOfPage\":{\"@id\":\"https:\/\/www.amstedmaxion.com.br\/metalurgicos-da-mwl-fazem-passeata-em-cacapava-em-protesto-contra-demissoes\/#primaryimage\"},\"image\":{\"@id\":\"https:\/\/www.amstedmaxion.com.br\/metalurgicos-da-mwl-fazem-passeata-em-cacapava-em-protesto-contra-demissoes\/#primaryimage\"},\"thumbnailUrl\":\"https:\/\/www.amstedmaxion.com.br\/wp-content\/uploads\/2022\/06\/MWL-Sindicato.jpg\",\"datePublished\":\"2022-06-14T19:44:39+00:00\",\"dateModified\":\"2022-06-14T19:44:40+00:00\",\"breadcrumb\":{\"@id\":\"https:\/\/www.amstedmaxion.com.br\/metalurgicos-da-mwl-fazem-passeata-em-cacapava-em-protesto-contra-demissoes\/#breadcrumb\"},\"inLanguage\":\"en-US\",\"potentialAction\":[{\"@type\":\"ReadAction\",\"target\":[\"https:\/\/www.amstedmaxion.com.br\/metalurgicos-da-mwl-fazem-passeata-em-cacapava-em-protesto-contra-demissoes\/\"]}]},{\"@type\":\"ImageObject\",\"inLanguage\":\"en-US\",\"@id\":\"https:\/\/www.amstedmaxion.com.br\/metalurgicos-da-mwl-fazem-passeata-em-cacapava-em-protesto-contra-demissoes\/#primaryimage\",\"url\":\"https:\/\/www.amstedmaxion.com.br\/wp-content\/uploads\/2022\/06\/MWL-Sindicato.jpg\",\"contentUrl\":\"https:\/\/www.amstedmaxion.com.br\/wp-content\/uploads\/2022\/06\/MWL-Sindicato.jpg\",\"width\":1280,\"height\":720,\"caption\":\"Foto: captura de tela SindMetal SJC\"},{\"@type\":\"BreadcrumbList\",\"@id\":\"https:\/\/www.amstedmaxion.com.br\/metalurgicos-da-mwl-fazem-passeata-em-cacapava-em-protesto-contra-demissoes\/#breadcrumb\",\"itemListElement\":[{\"@type\":\"ListItem\",\"position\":1,\"name\":\"In\u00edcio\",\"item\":\"https:\/\/www.amstedmaxion.com.br\/\"},{\"@type\":\"ListItem\",\"position\":2,\"name\":\"Metal\u00fargicos da MWL fazem passeata em Ca\u00e7apava em protesto contra demiss\u00f5es\"}]},{\"@type\":\"WebSite\",\"@id\":\"https:\/\/www.amstedmaxion.com.br\/#website\",\"url\":\"https:\/\/www.amstedmaxion.com.br\/\",\"name\":\"AmstedMaxion\",\"description\":\"AmstedMaxion - Fundi\u00e7\u00e3o e Equipamentos Ferrovi\u00e1rios\",\"publisher\":{\"@id\":\"https:\/\/www.amstedmaxion.com.br\/#organization\"},\"alternateName\":\"AmstedMaxion\",\"potentialAction\":[{\"@type\":\"SearchAction\",\"target\":{\"@type\":\"EntryPoint\",\"urlTemplate\":\"https:\/\/www.amstedmaxion.com.br\/?s={search_term_string}\"},\"query-input\":{\"@type\":\"PropertyValueSpecification\",\"valueRequired\":true,\"valueName\":\"search_term_string\"}}],\"inLanguage\":\"en-US\"},{\"@type\":\"Organization\",\"@id\":\"https:\/\/www.amstedmaxion.com.br\/#organization\",\"name\":\"AMSTEDMAXION\",\"url\":\"https:\/\/www.amstedmaxion.com.br\/\",\"logo\":{\"@type\":\"ImageObject\",\"inLanguage\":\"en-US\",\"@id\":\"https:\/\/www.amstedmaxion.com.br\/#\/schema\/logo\/image\/\",\"url\":\"https:\/\/www.amstedmaxion.com.br\/wp-content\/uploads\/2023\/11\/amsted.png\",\"contentUrl\":\"https:\/\/www.amstedmaxion.com.br\/wp-content\/uploads\/2023\/11\/amsted.png\",\"width\":500,\"height\":500,\"caption\":\"AMSTEDMAXION\"},\"image\":{\"@id\":\"https:\/\/www.amstedmaxion.com.br\/#\/schema\/logo\/image\/\"},\"sameAs\":[\"https:\/\/www.facebook.com\/AmstedMaxion.Oficial\",\"https:\/\/br.linkedin.com\/company\/amstedmaxion\"]},{\"@type\":\"Person\",\"@id\":\"https:\/\/www.amstedmaxion.com.br\/#\/schema\/person\/140cb65f07d4e66dd5543c8a187bf436\",\"name\":\"Rosane Storto\",\"image\":{\"@type\":\"ImageObject\",\"inLanguage\":\"en-US\",\"@id\":\"https:\/\/www.amstedmaxion.com.br\/#\/schema\/person\/image\/\",\"url\":\"https:\/\/secure.gravatar.com\/avatar\/0e3d021545bbe593cb0eb3ee740544fefa86d59762e63dec1dbe9480a34c98cd?s=96&d=mm&r=g\",\"contentUrl\":\"https:\/\/secure.gravatar.com\/avatar\/0e3d021545bbe593cb0eb3ee740544fefa86d59762e63dec1dbe9480a34c98cd?s=96&d=mm&r=g\",\"caption\":\"Rosane Storto\"}}]}<\/script>\n<!-- \/ Yoast SEO plugin. -->","yoast_head_json":{"title":"Metal\u00fargicos da MWL fazem passeata em Ca\u00e7apava em protesto contra demiss\u00f5es - AmstedMaxion","robots":{"index":"index","follow":"follow","max-snippet":"max-snippet:-1","max-image-preview":"max-image-preview:large","max-video-preview":"max-video-preview:-1"},"canonical":"https:\/\/www.amstedmaxion.com.br\/metalurgicos-da-mwl-fazem-passeata-em-cacapava-em-protesto-contra-demissoes\/","og_locale":"en_US","og_type":"article","og_title":"Metal\u00fargicos da MWL fazem passeata em Ca\u00e7apava em protesto contra demiss\u00f5es - AmstedMaxion","og_description":"G1 &#8211; Trabalhadores est\u00e3o em greve desde o dia 6 de maio por falta do pagamento de seus sal\u00e1rios. Metal\u00fargicos da MWL protestaram com uma passeata pelas ruas do centro de Ca\u00e7apava na manh\u00e3 desta quarta-feira (8). A categoria protesta contra as demiss\u00f5es que a f\u00e1brica anunciou via telegrama, alegando demiss\u00e3o por abandono de emprego. [&hellip;]","og_url":"https:\/\/www.amstedmaxion.com.br\/metalurgicos-da-mwl-fazem-passeata-em-cacapava-em-protesto-contra-demissoes\/","og_site_name":"AmstedMaxion","article_publisher":"https:\/\/www.facebook.com\/AmstedMaxion.Oficial","article_published_time":"2022-06-14T19:44:39+00:00","article_modified_time":"2022-06-14T19:44:40+00:00","og_image":[{"width":1280,"height":720,"url":"https:\/\/www.amstedmaxion.com.br\/wp-content\/uploads\/2022\/06\/MWL-Sindicato.jpg","type":"image\/jpeg"}],"author":"Rosane Storto","twitter_card":"summary_large_image","twitter_misc":{"Written by":"Rosane Storto","Est. reading time":"2 minutes"},"schema":{"@context":"https:\/\/schema.org","@graph":[{"@type":"Article","@id":"https:\/\/www.amstedmaxion.com.br\/metalurgicos-da-mwl-fazem-passeata-em-cacapava-em-protesto-contra-demissoes\/#article","isPartOf":{"@id":"https:\/\/www.amstedmaxion.com.br\/metalurgicos-da-mwl-fazem-passeata-em-cacapava-em-protesto-contra-demissoes\/"},"author":{"name":"Rosane Storto","@id":"https:\/\/www.amstedmaxion.com.br\/#\/schema\/person\/140cb65f07d4e66dd5543c8a187bf436"},"headline":"Metal\u00fargicos da MWL fazem passeata em Ca\u00e7apava em protesto contra demiss\u00f5es","datePublished":"2022-06-14T19:44:39+00:00","dateModified":"2022-06-14T19:44:40+00:00","mainEntityOfPage":{"@id":"https:\/\/www.amstedmaxion.com.br\/metalurgicos-da-mwl-fazem-passeata-em-cacapava-em-protesto-contra-demissoes\/"},"wordCount":339,"commentCount":0,"publisher":{"@id":"https:\/\/www.amstedmaxion.com.br\/#organization"},"image":{"@id":"https:\/\/www.amstedmaxion.com.br\/metalurgicos-da-mwl-fazem-passeata-em-cacapava-em-protesto-contra-demissoes\/#primaryimage"},"thumbnailUrl":"https:\/\/www.amstedmaxion.com.br\/wp-content\/uploads\/2022\/06\/MWL-Sindicato.jpg","articleSection":["Newsletter"],"inLanguage":"en-US","potentialAction":[{"@type":"CommentAction","name":"Comment","target":["https:\/\/www.amstedmaxion.com.br\/metalurgicos-da-mwl-fazem-passeata-em-cacapava-em-protesto-contra-demissoes\/#respond"]}]},{"@type":"WebPage","@id":"https:\/\/www.amstedmaxion.com.br\/metalurgicos-da-mwl-fazem-passeata-em-cacapava-em-protesto-contra-demissoes\/","url":"https:\/\/www.amstedmaxion.com.br\/metalurgicos-da-mwl-fazem-passeata-em-cacapava-em-protesto-contra-demissoes\/","name":"Metal\u00fargicos da MWL fazem passeata em Ca\u00e7apava em protesto contra demiss\u00f5es - AmstedMaxion","isPartOf":{"@id":"https:\/\/www.amstedmaxion.com.br\/#website"},"primaryImageOfPage":{"@id":"https:\/\/www.amstedmaxion.com.br\/metalurgicos-da-mwl-fazem-passeata-em-cacapava-em-protesto-contra-demissoes\/#primaryimage"},"image":{"@id":"https:\/\/www.amstedmaxion.com.br\/metalurgicos-da-mwl-fazem-passeata-em-cacapava-em-protesto-contra-demissoes\/#primaryimage"},"thumbnailUrl":"https:\/\/www.amstedmaxion.com.br\/wp-content\/uploads\/2022\/06\/MWL-Sindicato.jpg","datePublished":"2022-06-14T19:44:39+00:00","dateModified":"2022-06-14T19:44:40+00:00","breadcrumb":{"@id":"https:\/\/www.amstedmaxion.com.br\/metalurgicos-da-mwl-fazem-passeata-em-cacapava-em-protesto-contra-demissoes\/#breadcrumb"},"inLanguage":"en-US","potentialAction":[{"@type":"ReadAction","target":["https:\/\/www.amstedmaxion.com.br\/metalurgicos-da-mwl-fazem-passeata-em-cacapava-em-protesto-contra-demissoes\/"]}]},{"@type":"ImageObject","inLanguage":"en-US","@id":"https:\/\/www.amstedmaxion.com.br\/metalurgicos-da-mwl-fazem-passeata-em-cacapava-em-protesto-contra-demissoes\/#primaryimage","url":"https:\/\/www.amstedmaxion.com.br\/wp-content\/uploads\/2022\/06\/MWL-Sindicato.jpg","contentUrl":"https:\/\/www.amstedmaxion.com.br\/wp-content\/uploads\/2022\/06\/MWL-Sindicato.jpg","width":1280,"height":720,"caption":"Foto: captura de tela SindMetal SJC"},{"@type":"BreadcrumbList","@id":"https:\/\/www.amstedmaxion.com.br\/metalurgicos-da-mwl-fazem-passeata-em-cacapava-em-protesto-contra-demissoes\/#breadcrumb","itemListElement":[{"@type":"ListItem","position":1,"name":"In\u00edcio","item":"https:\/\/www.amstedmaxion.com.br\/"},{"@type":"ListItem","position":2,"name":"Metal\u00fargicos da MWL fazem passeata em Ca\u00e7apava em protesto contra demiss\u00f5es"}]},{"@type":"WebSite","@id":"https:\/\/www.amstedmaxion.com.br\/#website","url":"https:\/\/www.amstedmaxion.com.br\/","name":"AmstedMaxion","description":"AmstedMaxion - Fundi\u00e7\u00e3o e Equipamentos Ferrovi\u00e1rios","publisher":{"@id":"https:\/\/www.amstedmaxion.com.br\/#organization"},"alternateName":"AmstedMaxion","potentialAction":[{"@type":"SearchAction","target":{"@type":"EntryPoint","urlTemplate":"https:\/\/www.amstedmaxion.com.br\/?s={search_term_string}"},"query-input":{"@type":"PropertyValueSpecification","valueRequired":true,"valueName":"search_term_string"}}],"inLanguage":"en-US"},{"@type":"Organization","@id":"https:\/\/www.amstedmaxion.com.br\/#organization","name":"AMSTEDMAXION","url":"https:\/\/www.amstedmaxion.com.br\/","logo":{"@type":"ImageObject","inLanguage":"en-US","@id":"https:\/\/www.amstedmaxion.com.br\/#\/schema\/logo\/image\/","url":"https:\/\/www.amstedmaxion.com.br\/wp-content\/uploads\/2023\/11\/amsted.png","contentUrl":"https:\/\/www.amstedmaxion.com.br\/wp-content\/uploads\/2023\/11\/amsted.png","width":500,"height":500,"caption":"AMSTEDMAXION"},"image":{"@id":"https:\/\/www.amstedmaxion.com.br\/#\/schema\/logo\/image\/"},"sameAs":["https:\/\/www.facebook.com\/AmstedMaxion.Oficial","https:\/\/br.linkedin.com\/company\/amstedmaxion"]},{"@type":"Person","@id":"https:\/\/www.amstedmaxion.com.br\/#\/schema\/person\/140cb65f07d4e66dd5543c8a187bf436","name":"Rosane Storto","image":{"@type":"ImageObject","inLanguage":"en-US","@id":"https:\/\/www.amstedmaxion.com.br\/#\/schema\/person\/image\/","url":"https:\/\/secure.gravatar.com\/avatar\/0e3d021545bbe593cb0eb3ee740544fefa86d59762e63dec1dbe9480a34c98cd?s=96&d=mm&r=g","contentUrl":"https:\/\/secure.gravatar.com\/avatar\/0e3d021545bbe593cb0eb3ee740544fefa86d59762e63dec1dbe9480a34c98cd?s=96&d=mm&r=g","caption":"Rosane Storto"}}]}},"_links":{"self":[{"href":"https:\/\/www.amstedmaxion.com.br\/en\/wp-json\/wp\/v2\/posts\/37607","targetHints":{"allow":["GET"]}}],"collection":[{"href":"https:\/\/www.amstedmaxion.com.br\/en\/wp-json\/wp\/v2\/posts"}],"about":[{"href":"https:\/\/www.amstedmaxion.com.br\/en\/wp-json\/wp\/v2\/types\/post"}],"author":[{"embeddable":true,"href":"https:\/\/www.amstedmaxion.com.br\/en\/wp-json\/wp\/v2\/users\/5"}],"replies":[{"embeddable":true,"href":"https:\/\/www.amstedmaxion.com.br\/en\/wp-json\/wp\/v2\/comments?post=37607"}],"version-history":[{"count":1,"href":"https:\/\/www.amstedmaxion.com.br\/en\/wp-json\/wp\/v2\/posts\/37607\/revisions"}],"predecessor-version":[{"id":37609,"href":"https:\/\/www.amstedmaxion.com.br\/en\/wp-json\/wp\/v2\/posts\/37607\/revisions\/37609"}],"wp:featuredmedia":[{"embeddable":true,"href":"https:\/\/www.amstedmaxion.com.br\/en\/wp-json\/wp\/v2\/media\/37608"}],"wp:attachment":[{"href":"https:\/\/www.amstedmaxion.com.br\/en\/wp-json\/wp\/v2\/media?parent=37607"}],"wp:term":[{"taxonomy":"category","embeddable":true,"href":"https:\/\/www.amstedmaxion.com.br\/en\/wp-json\/wp\/v2\/categories?post=37607"},{"taxonomy":"post_tag","embeddable":true,"href":"https:\/\/www.amstedmaxion.com.br\/en\/wp-json\/wp\/v2\/tags?post=37607"}],"curies":[{"name":"wp","href":"https:\/\/api.w.org\/{rel}","templated":true}]}}